{"id":9349,"date":"2021-03-29T10:03:40","date_gmt":"2021-03-29T10:03:40","guid":{"rendered":"http:\/\/www.muzeusm.ro\/?p=9349"},"modified":"2021-03-29T10:03:40","modified_gmt":"2021-03-29T10:03:40","slug":"vernisajul-expozitiei-mari-fotografi-din-transilvania-secolele-xix-xx-muzeul-orasului-oradea","status":"publish","type":"post","link":"https:\/\/muzeusm.ro\/hu\/vernisajul-expozitiei-mari-fotografi-din-transilvania-secolele-xix-xx-muzeul-orasului-oradea\/","title":{"rendered":"VERNISAJUL EXPOZI\u021aIEI \u201dMARI FOTOGRAFI DIN TRANSILVANIA. SECOLELE XIX-XX\u201d- MUZEUL ORA\u0218ULUI ORADEA"},"content":{"rendered":"<p>Vineri, 26 martie 2021, la Muzeul Ora\u015fului Oradea \u2013 Complex Cultural, \u00een Cetate, s-a deschis expozi\u021bia na\u021bional\u0103 \u201dMari fotografi din Transilvania. Secolele XIX-XX\u201d, organizat\u0103 de Muzeul Ora\u0219ului Oradea \u2013 Complex Cultural, \u00een parteneriat cu Muzeul Jude\u021bean de Istorie \u0219i Arheologie Maramure\u0219, Muzeul de Istorie Sighi\u0219oara, Muzeul Jude\u021bean Satu Mare, Muzeul Na\u021bional Brukenthal, Muzeul Na\u021bional de Istorie a Transilvaniei, Muzeul Na\u021bional al Unirii Alba Iulia \u0219i Muzeul \u201eCasa Mure\u0219enilor\u201d Bra\u0219ov.<!--more--><\/p>\n<p>La deschiderea expozi\u0163iei de la Oradea, dl. dr. Marius C\u00e2mpeanu, coordonatorul proiectului, a prezentat volumul \u2013 catalog \u00a0de studii cu acela\u015fi titlu. Amfitrion al evenimentului a fost directorul Muzeului Ora\u0219ului Oradea &#8211; Complex Cultural, doamna Angela Lup\u0219ea. Aceasta \u0219i-a exprimat bucuria de a vedea finalizat un proiect de amploare \u00een care institu\u021bia muzeal\u0103 or\u0103dean\u0103 a fost \u0219i ea cooptat\u0103, declar\u00e2nd c\u0103 dore\u0219te continuarea \u0219i dezvoltarea de parteneriate cu celelalte muzee participante, precum \u0219i cu altele din \u021bar\u0103 \u0219i str\u0103in\u0103tate, \u00een vederea preg\u0103tirii unor evenimente culturale importante.<\/p>\n<p>Prezent\u0103 la eveniment, doamna dr. Daniela B\u0103lu, director al Muzeului Jude\u021bean Satu Mare, a subliniat importan\u021ba abord\u0103rii din punct de vedere muzeografic a unei astfel de tematici, relief\u00e2nd rolul primilor pionieri din acest domeniu. \u201eFotografii din marile ora\u0219e ale Transilvaniei de la cump\u0103na secolelor XIX-XX, care au pus bazele acestui nou me\u0219te\u0219ug, vor fi urma\u021bi la scurt timp de al\u021bii, care au dus aceast\u0103 profesie p\u00e2n\u0103 la nivel de art\u0103\u201d. Ponderea fotografiilor expuse fac parte din colec\u021biile Muzeului Jude\u021bean Satu Mare, o parte din ele fiind publicate \u0219i \u00een catalogul \u201dUniversul copil\u0103riei \u00een crea\u021bia arti\u0219tilor fotografi Iuliu Pop \u0219i Ioni\u021b\u0103 G. Andron\u201d, autor Diana Kinces, conservator.<\/p>\n<p>Pre\u0219edintele Asocia\u021biei \u201eEuro Foto Art\u201d din Oradea, dl. \u0218tefan Toth, a f\u0103cut la final un scurt bilan\u0163 al evenimentelor pe care le-a desf\u0103\u0219urat \u00een colaborare cu dl. Ionu\u021b Ciorba, director al\u00a0 Muzeului Ora\u0219ului Oradea \u2013 Complex Cultural, pe parcursul anului 2020, activit\u0103\u021bi dedicate \u00eemplinirii a 200 de ani de la na\u0219terea fotografului or\u0103dean Mezey Lajos.<\/p>\n<p>\u00cen expozi\u0163ie sunt prezentate schi\u0163e biografice \u015fi fotografii cu \u015fi despre fotografii transilv\u0103neni: Theodor Glatz, Kamilla \u00c1sb\u00f3th \u0219i Emil Fischer din Sibiu; Dunky K\u00e1lm\u00e1n \u0219i Dunky Ferenc din Cluj-Napoca; Cserni Adalbert din Alba Iulia; Leopold Adler din Bra\u0219ov; Mezey Lajos din Oradea; Ludwig Friedrich Schuller din Sighi\u0219oara; Huszthy M\u00e1ty\u00e1s din Baia Mare; Iosif Schneider, Iuliu Pop \u0219i Ioni\u021b\u0103 G. Andron din Satu Mare.<\/p>\n<p><a href=\"http:\/\/www.muzeusm.ro\/wp-content\/uploads\/2021\/03\/DSC_6356.jpg\"><img loading=\"lazy\" decoding=\"async\" class=\"alignnone size-medium wp-image-9351\" src=\"http:\/\/www.muzeusm.ro\/wp-content\/uploads\/2021\/03\/DSC_6356-300x201.jpg\" alt=\"\" width=\"300\" height=\"201\" \/><\/a> <a href=\"http:\/\/www.muzeusm.ro\/wp-content\/uploads\/2021\/03\/DSC_6359.jpg\"><img loading=\"lazy\" decoding=\"async\" class=\"alignnone size-medium wp-image-9352\" src=\"http:\/\/www.muzeusm.ro\/wp-content\/uploads\/2021\/03\/DSC_6359-300x201.jpg\" alt=\"\" width=\"300\" height=\"201\" \/><\/a> <a href=\"http:\/\/www.muzeusm.ro\/wp-content\/uploads\/2021\/03\/DSC_6364.jpg\"><img loading=\"lazy\" decoding=\"async\" class=\"alignnone size-medium wp-image-9354\" src=\"http:\/\/www.muzeusm.ro\/wp-content\/uploads\/2021\/03\/DSC_6364-300x201.jpg\" alt=\"\" width=\"300\" height=\"201\" \/><\/a> <a href=\"http:\/\/www.muzeusm.ro\/wp-content\/uploads\/2021\/03\/DSC_6365.jpg\"><img loading=\"lazy\" decoding=\"async\" class=\"alignnone size-medium wp-image-9355\" src=\"http:\/\/www.muzeusm.ro\/wp-content\/uploads\/2021\/03\/DSC_6365-300x201.jpg\" alt=\"\" width=\"300\" height=\"201\" \/><\/a> <a href=\"http:\/\/www.muzeusm.ro\/wp-content\/uploads\/2021\/03\/DSC_6351.jpg\"><img loading=\"lazy\" decoding=\"async\" class=\"alignnone size-medium wp-image-9356\" src=\"http:\/\/www.muzeusm.ro\/wp-content\/uploads\/2021\/03\/DSC_6351-300x201.jpg\" alt=\"\" width=\"300\" height=\"201\" \/><\/a><\/p>\n","protected":false},"excerpt":{"rendered":"<p>Vineri, 26 martie 2021, la Muzeul Ora\u015fului Oradea \u2013 Complex Cultural, \u00een Cetate, s-a deschis expozi\u021bia na\u021bional\u0103 \u201dMari fotografi din Transilvania. Secolele XIX-XX\u201d, organizat\u0103 de Muzeul Ora\u0219ului Oradea \u2013 Complex Cultural, \u00een parteneriat cu Muzeul Jude\u021bean de Istorie \u0219i Arheologie Maramure\u0219, Muzeul de Istorie Sighi\u0219oara, Muzeul Jude\u021bean Satu Mare, Muzeul Na\u021bional Brukenthal, Muzeul Na\u021bional de<a class=\"more-link\" href=\"https:\/\/muzeusm.ro\/hu\/vernisajul-expozitiei-mari-fotografi-din-transilvania-secolele-xix-xx-muzeul-orasului-oradea\/\">Continue reading <span class=\"screen-reader-text\">&#8220;VERNISAJUL EXPOZI\u021aIEI \u201dMARI FOTOGRAFI DIN TRANSILVANIA. SECOLELE XIX-XX\u201d- MUZEUL ORA\u0218ULUI ORADEA&#8221;<\/span><\/a><\/p>\n","protected":false},"author":245723484,"featured_media":9350,"comment_status":"open","ping_status":"open","sticky":false,"template":"","format":"standard","meta":{"_coblocks_attr":"","_coblocks_dimensions":"","_coblocks_responsive_height":"","_coblocks_accordion_ie_support":"","advanced_seo_description":"","jetpack_seo_html_title":"","jetpack_seo_noindex":false,"jetpack_post_was_ever_published":false,"_jetpack_newsletter_access":"","_jetpack_dont_email_post_to_subs":false,"_jetpack_newsletter_tier_id":0,"_jetpack_memberships_contains_paywalled_content":false,"_jetpack_memberships_contains_paid_content":false,"footnotes":"","jetpack_publicize_message":"","jetpack_publicize_feature_enabled":true,"jetpack_social_post_already_shared":false,"jetpack_social_options":{"image_generator_settings":{"template":"highway","default_image_id":0,"font":"","enabled":false},"version":2}},"categories":[6498592],"tags":[],"class_list":["post-9349","post","type-post","status-publish","format-standard","has-post-thumbnail","hentry","category-actualitati","entry"],"translation":{"provider":"WPGlobus","version":"3.0.1","language":"hu","enabled_languages":["ro","hu","en"],"languages":{"ro":{"title":true,"content":true,"excerpt":false},"hu":{"title":false,"content":false,"excerpt":false},"en":{"title":false,"content":false,"excerpt":false}}},"jetpack_publicize_connections":[],"jetpack_featured_media_url":"","jetpack_likes_enabled":true,"jetpack-related-posts":[{"id":5979,"url":"https:\/\/muzeusm.ro\/hu\/muzeul-judesean-satu-mare-participa-la-expozitia-mari-fotografi-din-transilvania-secolele-xix-xx-sighisoara-2020\/","url_meta":{"origin":9349,"position":0},"title":"Muzeul Jude\u0163ean Satu Mare particip\u0103 la expozi\u0163ia \u201eMari fotografi din Transilvania, Secolele XIX-XX\u201d &#8211; Sighi\u015foara 2020","author":"Popdan Bradut","date":"23 January 2020","format":false,"excerpt":"Expozi\u021bia temporar\u0103 \u201eMari fotografi din Transilvania, Secolele XIX-XX\u201d 24 ianuarie 2020 \u00cen cadrul manifest\u0103rilor cultural-educative organizate de Municipiul Sighi\u0219oara cu ocazia Zilei Unirii Principatelor Rom\u00e2ne, \u00een data de 24 ianuarie a.c., \u00eencep\u00e2nd cu ora 12.00, la Sala Sander va avea loc vernisajul expozi\u021biei \u201eMari fotografi din Transilvania, Secolele XIX-XX\u201d. Expozi\u021bia\u2026","rel":"","context":"In &quot;actualitati&quot;","block_context":{"text":"actualitati","link":"https:\/\/muzeusm.ro\/hu\/category\/actualitati\/"},"img":{"alt_text":"","src":"https:\/\/i0.wp.com\/www.muzeusm.ro\/wp-content\/uploads\/2020\/01\/sighisoara-212x300.jpg?resize=350%2C200","width":350,"height":200},"classes":[]},{"id":9344,"url":"https:\/\/muzeusm.ro\/hu\/mari-fotografi-din-transilvania-secolele-xix-xx\/","url_meta":{"origin":9349,"position":1},"title":"Mari fotografi din Transilvania. Secolele XIX-XX","author":"Popdan Bradut","date":"26 March 2021","format":false,"excerpt":"Muzeul Ora\u0219ului Oradea \u2013 Complex Cultural \u00een parteneriat cu Muzeul Jude\u021bean de Istorie \u0219i Arheologie Maramure\u0219, Muzeul de Istorie Sighi\u0219oara, Muzeul Jude\u021bean Satu Mare, Muzeul Na\u021bional Brukenthal, Muzeul Na\u021bional de Istorie a Transilvaniei, Muzeul Na\u021bional al Unirii Alba iulia \u0219i Muzeul \u201eCasa Mure\u0219enilor\u201d, Bra\u0219ov\u00a0 va organiza \u00een data de 26\u2026","rel":"","context":"In &quot;actualitati&quot;","block_context":{"text":"actualitati","link":"https:\/\/muzeusm.ro\/hu\/category\/actualitati\/"},"img":{"alt_text":"","src":"","width":0,"height":0},"classes":[]},{"id":9918,"url":"https:\/\/muzeusm.ro\/hu\/expozitia-mari-fotografi-din-transilvania-secolele-xix-xx-la-lugoj\/","url_meta":{"origin":9349,"position":2},"title":"Expozi\u021bia MARI FOTOGRAFI DIN TRANSILVANIA. SECOLELE XIX-XX la Lugoj","author":"Popdan Bradut","date":"9 June 2021","format":false,"excerpt":"Mar\u021bi, 8 iunie 2021, la ora 18.00, la Muzeul de Istorie, Etnografie \u0219i Art\u0103 Plastic\u0103 Lugoj a avut loc vernisajul expozi\u021biei temporare \u201eMari fotografi din Transilvania. Secolele XIX-XX\u201d(edi\u021bia a II-a) \u2013 un proiect cultural de anvergur\u0103 na\u021bional\u0103, organizat de Muzeul Jude\u021bean de Istorie \u0219i Arheologie Maramure\u0219 \u00een parteneriat cu Muzeul\u2026","rel":"","context":"In &quot;actualitati&quot;","block_context":{"text":"actualitati","link":"https:\/\/muzeusm.ro\/hu\/category\/actualitati\/"},"img":{"alt_text":"","src":"https:\/\/i0.wp.com\/www.muzeusm.ro\/wp-content\/uploads\/2021\/06\/lugoj2-300x172.jpg?resize=350%2C200","width":350,"height":200},"classes":[]},{"id":7419,"url":"https:\/\/muzeusm.ro\/hu\/expozitia-mari-fotografi-din-transilvania\/","url_meta":{"origin":9349,"position":3},"title":"Expozi\u021bia: MARI FOTOGRAFI DIN TRANSILVANIA","author":"norbertlorincz","date":"16 July 2020","format":false,"excerpt":"Expozi\u021bia: MARI FOTOGRAFI DIN TRANSILVANIA,\u00a0Iuliu Pop \u0219i Ioni\u021b\u0103 G. Andron la Muzeul \u021a\u0103rii F\u0103g\u0103ra\u0219ului Vineri, 17 iulie 2020, la ora 18.00, la Muzeul \u021a\u0103rii F\u0103g\u0103ra\u0219ului \u201eValer Literat\u201d va avea loc vernisajul expozi\u021biei \u201eMari fotografi din Transilvania. Secolele XIX-XX\u201d (edi\u021bia a II-a) \u0219i lansarea volumului de studii \u201eMari fotografi din Transilvania.\u2026","rel":"","context":"In &quot;actualitati&quot;","block_context":{"text":"actualitati","link":"https:\/\/muzeusm.ro\/hu\/category\/actualitati\/"},"img":{"alt_text":"","src":"https:\/\/i0.wp.com\/www.muzeusm.ro\/wp-content\/uploads\/2020\/07\/afis-1-212x300.jpg?resize=350%2C200","width":350,"height":200},"classes":[]},{"id":8049,"url":"https:\/\/muzeusm.ro\/hu\/ionita-g-andron-si-iuliu-pop-alaturi-de-marii-fotografi-ai-transilvaniei\/","url_meta":{"origin":9349,"position":4},"title":"IONI\u021a\u0102 G. ANDRON \u0218I IULIU POP AL\u0102TURI DE MARII FOTOGRAFI AI TRANSILVANIEI","author":"Popdan Bradut","date":"12 October 2020","format":false,"excerpt":"\u00cen perioada 26 septembrie \u2013 6 octombrie 2020 fotografiile lui Ioni\u021b\u0103 G. Andron \u0219i Iuliu Pop au fost expuse al\u0103turi de fotografiile marilor fotografi ai Transilvaniei, la Turnul Croitorilor Centru de Cultur\u0103 Urban\u0103 Cluj \u2013 Napoca. Fotografiile fac parte din expozi\u021bia itinerant\u0103 ''Mari fotografi din Transilvania. Secolele XI-XX'' aflat\u0103 la\u2026","rel":"","context":"In &quot;actualitati&quot;","block_context":{"text":"actualitati","link":"https:\/\/muzeusm.ro\/hu\/category\/actualitati\/"},"img":{"alt_text":"","src":"https:\/\/i0.wp.com\/www.muzeusm.ro\/wp-content\/uploads\/2020\/10\/IMG_1488-137x300.jpg?resize=350%2C200","width":350,"height":200},"classes":[]},{"id":7431,"url":"https:\/\/muzeusm.ro\/hu\/expozitia-mari-fotografi-din-transilvania-2\/","url_meta":{"origin":9349,"position":5},"title":"Expozi\u021bia: MARI FOTOGRAFI DIN TRANSILVANIA","author":"norbertlorincz","date":"21 July 2020","format":false,"excerpt":"Vineri, 17 iulie 2020, a avut loc la Muzeul \u021a\u0103rii F\u0103g\u0103ra\u0219ului \u201eValer Literat\u201d vernisajul expozi\u021biei \u201eMari fotografi din Transilvania. Secolele XIX-XX\u201d (edi\u021bia a II-a). La evenimentul cultural moderat de dr. Elena B\u0103jenaru, managerul institu\u021biei gazd\u0103, au fost prezen\u021bi patru membri din echipa proiectului expozi\u021bional \u0219i editorial: Delia Voina (de la\u2026","rel":"","context":"In &quot;actualitati&quot;","block_context":{"text":"actualitati","link":"https:\/\/muzeusm.ro\/hu\/category\/actualitati\/"},"img":{"alt_text":"","src":"https:\/\/i0.wp.com\/www.muzeusm.ro\/wp-content\/uploads\/2020\/07\/1-300x225.jpg?resize=350%2C200","width":350,"height":200},"classes":[]}],"jetpack_sharing_enabled":true,"jetpack_shortlink":"https:\/\/wp.me\/pfvnyQ-2qN","_links":{"self":[{"href":"https:\/\/muzeusm.ro\/hu\/wp-json\/wp\/v2\/posts\/9349","targetHints":{"allow":["GET"]}}],"collection":[{"href":"https:\/\/muzeusm.ro\/hu\/wp-json\/wp\/v2\/posts"}],"about":[{"href":"https:\/\/muzeusm.ro\/hu\/wp-json\/wp\/v2\/types\/post"}],"author":[{"embeddable":true,"href":"https:\/\/muzeusm.ro\/hu\/wp-json\/wp\/v2\/users\/245723484"}],"replies":[{"embeddable":true,"href":"https:\/\/muzeusm.ro\/hu\/wp-json\/wp\/v2\/comments?post=9349"}],"version-history":[{"count":0,"href":"https:\/\/muzeusm.ro\/hu\/wp-json\/wp\/v2\/posts\/9349\/revisions"}],"wp:featuredmedia":[{"embeddable":true,"href":"https:\/\/muzeusm.ro\/hu\/wp-json\/"}],"wp:attachment":[{"href":"https:\/\/muzeusm.ro\/hu\/wp-json\/wp\/v2\/media?parent=9349"}],"wp:term":[{"taxonomy":"category","embeddable":true,"href":"https:\/\/muzeusm.ro\/hu\/wp-json\/wp\/v2\/categories?post=9349"},{"taxonomy":"post_tag","embeddable":true,"href":"https:\/\/muzeusm.ro\/hu\/wp-json\/wp\/v2\/tags?post=9349"}],"curies":[{"name":"wp","href":"https:\/\/api.w.org\/{rel}","templated":true}]}}