{"id":9130,"date":"2021-02-11T10:10:05","date_gmt":"2021-02-11T10:10:05","guid":{"rendered":"http:\/\/www.muzeusm.ro\/?p=9130"},"modified":"2021-02-11T10:10:05","modified_gmt":"2021-02-11T10:10:05","slug":"decernarea-premiilor-pentru-concursul-de-arta-vizuala-stapanii-noptii-si-vernisajaz-ejszaka-urai-vizualis-muveszeti-verseny-dijkioszto-es-kiallitasmegnyito","status":"publish","type":"post","link":"https:\/\/muzeusm.ro\/hu\/decernarea-premiilor-pentru-concursul-de-arta-vizuala-stapanii-noptii-si-vernisajaz-ejszaka-urai-vizualis-muveszeti-verseny-dijkioszto-es-kiallitasmegnyito\/","title":{"rendered":"Decernarea premiilor pentru concursul de art\u0103 vizual\u0103  \u201dST\u0102P\u00c2NII NOP\u021aII\u201d \u0219i vernisaj\/\u201eAZ \u00c9JSZAKA URAI\u201d vizu\u00e1lis m\u0171v\u00e9szeti verseny d\u00edjkioszt\u00f3 \u00e9s ki\u00e1ll\u00edt\u00e1smegnyit\u00f3"},"content":{"rendered":"<p>Biroul de Turism Cultural din cadrul Muzeului Jude\u021bean Satu Mare, v\u0103 invit\u0103 la vernisajul lucr\u0103rilor trimise \u00een cadrul concursul online de art\u0103 vizual\u0103 <strong>\u201d<\/strong><strong>St\u0103p\u00e2nii nop\u021bii\u201d <\/strong>\u0219i la decernarea premiilor aferente concursului.<!--more--> Concursul s-a adresat copiilor cu v\u00e2rsta cuprins\u0103 \u00eentre 7-19 ani care vor fi premia\u021bi la dou\u0103 categorii. Tema fiind inspirat\u0103 de expozi\u021bia cuprinz\u0103toare despre lumea liliecilor, cu titlul \u201eLiliecii \u2013 St\u0103p\u00e2nii nop\u021bii\u201d care poate fi vizitat\u0103 \u0219i acum la Muzeul Jude\u021bean Satu Mare. La concurs au sosit peste 100 de lucr\u0103ri din \u021bar\u0103 \u0219i din str\u0103in\u0103tate. Expozi\u021bia \u0219i concursul sunt ocazii perfecte pentru a atrage aten\u021bia asupra protej\u0103rii liliecilor, vulnerabilitatea vie\u021bii s\u0103lbatice \u0219i situa\u021bia de periclitare a habitatelor \u2013 de exemplu a p\u0103durilor \u2013 a liliecilor.<\/p>\n<p>Sponsorul concursului este firma Rewna Prest Srl.<\/p>\n<p>V\u0103 a\u0219tept\u0103m cu drag la acest eveniment vineri, 12 februarie, de la ora 13.00, \u00een incinta Muzeului Jude\u021bean Satu Mare!<\/p>\n<p><a href=\"http:\/\/www.muzeusm.ro\/wp-content\/uploads\/2021\/02\/vernisaj-si-premiere-concrus-HU.png\"><img loading=\"lazy\" decoding=\"async\" class=\"alignnone size-medium wp-image-9131\" src=\"http:\/\/www.muzeusm.ro\/wp-content\/uploads\/2021\/02\/vernisaj-si-premiere-concrus-HU-214x300.png\" alt=\"\" width=\"214\" height=\"300\" \/><\/a><\/p>\n<p>A Szatm\u00e1r Megyei M\u00fazeum keret\u00e9ben m\u0171k\u00f6d\u0151 Kultur\u00e1lis Turisztikai Iroda szeretettel megh\u00edvja \u00d6nt \u201eAZ \u00c9JSZAKA URAI\u201d online vizu\u00e1lis m\u0171v\u00e9szeti verseny d\u00edjkioszt\u00f3 \u00fcnneps\u00e9g\u00e9re \u00e9s a bek\u00fcld\u00f6tt munk\u00e1kb\u00f3l \u00e1ll\u00f3 ki\u00e1ll\u00edt\u00e1s megnyit\u00f3j\u00e1ra. A versenyen 7-19 \u00e9v k\u00f6z\u00f6tti gyerekek \u00e9s fiatalok vettek reszt, akiket k\u00e9t kateg\u00f3ri\u00e1ban d\u00edjaznak. Mivel a verseny t\u00e9m\u00e1j\u00e1t a Szatm\u00e1r Megyei M\u00fazeumban jelenleg is l\u00e1togathat\u00f3 \u201eDenev\u00e9rek \u2013 Az \u00e9jszaka urai\u201d nagyszab\u00e1s\u00fa, interakt\u00edv \u00e9lm\u00e9nyekkel tark\u00edtott ki\u00e1ll\u00edt\u00e1s adta, a versenyre t\u00f6bb mint 100 p\u00e1lyamunka \u00e9rkezett haz\u00e1nkb\u00f3l \u00e9s k\u00fclf\u00f6ldr\u0151l. A ki\u00e1ll\u00edt\u00e1s \u00e9s a verseny egy j\u00f3 alkalom arra, hogy felh\u00edvja a figyelmet a denev\u00e9rek v\u00e9delm\u00e9re, a vadvil\u00e1g s\u00e9r\u00fcl\u00e9kenys\u00e9g\u00e9re \u00e9s a denev\u00e9rek \u00e9l\u0151helyeinek, p\u00e9ld\u00e1ul az erd\u0151knek a vesz\u00e9lyeztetetts\u00e9g\u00e9re!<\/p>\n<p>A verseny t\u00e1mogat\u00f3ja a Rewna Prest Srl.<\/p>\n<p>Szeretettel v\u00e1runk mindenkit p\u00e9nteken, febru\u00e1r 12-\u00e9n, 13.00 \u00f3r\u00e1t\u00f3l a Szatm\u00e1r Megyei M\u00fazeum el\u0151ter\u00e9ben!<\/p>\n","protected":false},"excerpt":{"rendered":"<p>Biroul de Turism Cultural din cadrul Muzeului Jude\u021bean Satu Mare, v\u0103 invit\u0103 la vernisajul lucr\u0103rilor trimise \u00een cadrul concursul online de art\u0103 vizual\u0103 \u201dSt\u0103p\u00e2nii nop\u021bii\u201d \u0219i la decernarea premiilor aferente concursului.<\/p>\n","protected":false},"author":245723484,"featured_media":9133,"comment_status":"open","ping_status":"open","sticky":false,"template":"","format":"standard","meta":{"_coblocks_attr":"","_coblocks_dimensions":"","_coblocks_responsive_height":"","_coblocks_accordion_ie_support":"","advanced_seo_description":"","jetpack_seo_html_title":"","jetpack_seo_noindex":false,"jetpack_post_was_ever_published":false,"_jetpack_newsletter_access":"","_jetpack_dont_email_post_to_subs":false,"_jetpack_newsletter_tier_id":0,"_jetpack_memberships_contains_paywalled_content":false,"_jetpack_memberships_contains_paid_content":false,"footnotes":"","jetpack_publicize_message":"","jetpack_publicize_feature_enabled":true,"jetpack_social_post_already_shared":false,"jetpack_social_options":{"image_generator_settings":{"template":"highway","default_image_id":0,"font":"","enabled":false},"version":2}},"categories":[6498592],"tags":[],"class_list":["post-9130","post","type-post","status-publish","format-standard","has-post-thumbnail","hentry","category-actualitati","entry"],"translation":{"provider":"WPGlobus","version":"3.0.1","language":"hu","enabled_languages":["ro","hu","en"],"languages":{"ro":{"title":true,"content":true,"excerpt":false},"hu":{"title":false,"content":false,"excerpt":false},"en":{"title":false,"content":false,"excerpt":false}}},"jetpack_publicize_connections":[],"jetpack_featured_media_url":"","jetpack_likes_enabled":true,"jetpack-related-posts":[{"id":9137,"url":"https:\/\/muzeusm.ro\/hu\/instantanee-de-la-decernarea-premiilor-concursului-online-de-arta-vizuala-liliecii-stapanii-noptiideneverekrol-szolo-vizualis-muveszeti-versenyt-dijaztak\/","url_meta":{"origin":9130,"position":0},"title":"Instantanee de la decernarea premiilor concursului online de art\u0103 vizual\u0103 \u201eLiliecii St\u0103p\u00e2nii Nop\u021bii\u201d\/Denev\u00e9rekr\u0151l sz\u00f3l\u00f3 vizu\u00e1lis m\u0171v\u00e9szeti versenyt d\u00edjaztak","author":"Popdan Bradut","date":"12 February 2021","format":false,"excerpt":"Vineri, 12 februarie a avut loc decernarea premiilor concursului online de art\u0103 vizual\u0103 \u201dSt\u0103p\u00e2nii nop\u021bii\u201d, organizat de Biroul de Turism Cultural din cadrul Muzeului Jude\u021bean Satu Mare. Concursul s-a adresat copiilor \u0219i tinerilor cu v\u00e2rsta cuprins\u0103 \u00eentre 7-19 ani, tema fiind inspirat\u0103 de expozi\u021bia cu titlul \u201eLiliecii \u2013 St\u0103p\u00e2nii nop\u021bii\u201d\u2026","rel":"","context":"In &quot;actualitati&quot;","block_context":{"text":"actualitati","link":"https:\/\/muzeusm.ro\/hu\/category\/actualitati\/"},"img":{"alt_text":"","src":"https:\/\/i0.wp.com\/www.muzeusm.ro\/wp-content\/uploads\/2021\/02\/2-300x225.jpeg?resize=350%2C200","width":350,"height":200},"classes":[]},{"id":8742,"url":"https:\/\/muzeusm.ro\/hu\/stapanii-noptii-concurs-online-de-arta-vizuala-pentru-copii-si-tineri\/","url_meta":{"origin":9130,"position":1},"title":",,ST\u0102P\u00c2NII NOP\u021aII&#8221;- Concurs online de art\u0103 vizual\u0103 pentru copii \u0219i tineri\/\u201e AZ \u00c9JSZAKA URAI\u201d Online vizu\u00e1lis m\u0171v\u00e9szeti verseny gyerekek \u00e9s fiatalok sz\u00e1m\u00e1ra","author":"Popdan Bradut","date":"21 December 2020","format":false,"excerpt":"O expozi\u021bie cuprinz\u0103toare despre lumea liliecilor, cu titlul \u201eLiliecii - St\u0103p\u00e2nii nop\u021bii\u201d, a sosit la Muzeul Jude\u021bean din Satu Mare cu activit\u0103\u021bi distractive \u0219i interactive! Cu aceast\u0103 ocazie Muzeul organizeaz\u0103 un concurs online de art\u0103 vizual\u0103 dedicat copiilor \u0219i tinerilor! Expozi\u021bia \u0219i concursul sunt ocazii perfecte pentru a atrage aten\u021bia\u2026","rel":"","context":"In &quot;actualitati&quot;","block_context":{"text":"actualitati","link":"https:\/\/muzeusm.ro\/hu\/category\/actualitati\/"},"img":{"alt_text":"","src":"https:\/\/i0.wp.com\/www.muzeusm.ro\/wp-content\/uploads\/2020\/12\/Concurs-lilieci-01-214x300.png?resize=350%2C200","width":350,"height":200},"classes":[]},{"id":8386,"url":"https:\/\/muzeusm.ro\/hu\/noaptea-muzeelor-2020-vernisajul-expozitiei-liliecii-stapanii-noptii\/","url_meta":{"origin":9130,"position":2},"title":"Noaptea Muzeelor 2020-vernisajul expozi\u021biei \u201eLILIECII &#8211; St\u0103p\u00e2nii nop\u021bii\u201d","author":"Popdan Bradut","date":"14 November 2020","format":false,"excerpt":"Ast\u0103zi, \u00een cadrul evenimentului\u00a0 \u201eNoaptea Muzeelor \u201d s-a vernisat expozi\u021bia \u201eLILIECII - St\u0103p\u00e2nii nop\u021bii\u201d. Filarmonica \u201eDinu Lipatti\u201d, a fost din nou al\u0103turi de noi prin doi reprezentan\u021bi foarte tineri \u0219i talenta\u021bi- Ioana Forna \u0219i Francis Gallagher, care au interpretat \u201e Duo pentru vioar\u0103 \u0219i viol\u0103 \u201d de Laszlo Weinar \u0219i\u2026","rel":"","context":"In &quot;actualitati&quot;","block_context":{"text":"actualitati","link":"https:\/\/muzeusm.ro\/hu\/category\/actualitati\/"},"img":{"alt_text":"","src":"https:\/\/i0.wp.com\/www.muzeusm.ro\/wp-content\/uploads\/2020\/11\/0B4A1379-300x200.jpg?resize=350%2C200","width":350,"height":200},"classes":[]},{"id":8365,"url":"https:\/\/muzeusm.ro\/hu\/liliecii-stapanii-noptii\/","url_meta":{"origin":9130,"position":3},"title":"LILIECII- St\u0103p\u00e2nii Nop\u021bii","author":"Popdan Bradut","date":"13 November 2020","format":false,"excerpt":"\u201eLILIECII - St\u0103p\u00e2nii Nop\u021bii\u201d Este o expozi\u021bie despre speciile de lilieci din \u00eentreaga lume \u0219i curiozit\u0103\u021bile legate de ei. Expozi\u021bia este organizat\u0103 ca o c\u0103l\u0103torie ini\u021biatic\u0103 \u00een mediile \u00een care tr\u0103iesc liliecii: o pe\u0219ter\u0103, un castel gotic, apoi o p\u0103dure tropical\u0103 interactiv\u0103. Vizitatorii vor descoperi o scen\u0103 animat\u0103 de lilieci\u2026","rel":"","context":"In &quot;actualitati&quot;","block_context":{"text":"actualitati","link":"https:\/\/muzeusm.ro\/hu\/category\/actualitati\/"},"img":{"alt_text":"","src":"https:\/\/i0.wp.com\/www.muzeusm.ro\/wp-content\/uploads\/2020\/11\/lilieci-afis-01-1-214x300.jpeg?resize=350%2C200","width":350,"height":200},"classes":[]},{"id":8671,"url":"https:\/\/muzeusm.ro\/hu\/comunicat-3\/","url_meta":{"origin":9130,"position":4},"title":"Comunicat","author":"Popdan Bradut","date":"3 December 2020","format":false,"excerpt":"\u00a0 Por\u021bile Muzeului Jude\u021bean Satu Mare s-au redeschis. V\u0103 a\u0219tept\u0103m s\u0103 vizita\u021bi expozi\u021biile ,,Liliecii - St\u0103p\u00e2nii\u00a0 Nop\u021bii\u201d , ,,S\u0103tmarul de alt\u0103dat\u0103 \u00een colec\u021bia de c\u0103r\u021bi po\u0219tale Ioan Pu\u0219ca\u0219\u201d \u0219i expozi\u021biile permanente de la Muzeul de Istorie \u0219i Muzeul de Art\u0103. Vizitarea expozi\u021biilor se realizeaz\u0103 \u00een condi\u021biile respect\u0103rii normelor de siguran\u021b\u0103.\u2026","rel":"","context":"In &quot;actualitati&quot;","block_context":{"text":"actualitati","link":"https:\/\/muzeusm.ro\/hu\/category\/actualitati\/"},"img":{"alt_text":"","src":"https:\/\/i0.wp.com\/www.muzeusm.ro\/wp-content\/uploads\/2020\/12\/afis-1-1-214x300.jpg?resize=350%2C200","width":350,"height":200},"classes":[]},{"id":9504,"url":"https:\/\/muzeusm.ro\/hu\/vernisajul-expozitiei-fereastra-in-lumina-si-decernarea-premiilor-concursului-international-de-arte-plastice-ion-popdan-editia-a-iii-a\/","url_meta":{"origin":9130,"position":5},"title":"Vernisajul expozi\u021biei \u201eFereastr\u0103 \u00een lumin\u0103\u201d \u0219i decernarea premiilor concursului interna\u021bional de arte plastice \u201eIon Popdan\u201d edi\u021bia a III-a","author":"Popdan Bradut","date":"19 April 2021","format":false,"excerpt":"","rel":"","context":"In &quot;actualitati&quot;","block_context":{"text":"actualitati","link":"https:\/\/muzeusm.ro\/hu\/category\/actualitati\/"},"img":{"alt_text":"","src":"https:\/\/i0.wp.com\/www.muzeusm.ro\/wp-content\/uploads\/2021\/04\/0B4A2559-1-300x200.jpg?resize=350%2C200","width":350,"height":200},"classes":[]}],"jetpack_sharing_enabled":true,"jetpack_shortlink":"https:\/\/wp.me\/pfvnyQ-2ng","_links":{"self":[{"href":"https:\/\/muzeusm.ro\/hu\/wp-json\/wp\/v2\/posts\/9130","targetHints":{"allow":["GET"]}}],"collection":[{"href":"https:\/\/muzeusm.ro\/hu\/wp-json\/wp\/v2\/posts"}],"about":[{"href":"https:\/\/muzeusm.ro\/hu\/wp-json\/wp\/v2\/types\/post"}],"author":[{"embeddable":true,"href":"https:\/\/muzeusm.ro\/hu\/wp-json\/wp\/v2\/users\/245723484"}],"replies":[{"embeddable":true,"href":"https:\/\/muzeusm.ro\/hu\/wp-json\/wp\/v2\/comments?post=9130"}],"version-history":[{"count":0,"href":"https:\/\/muzeusm.ro\/hu\/wp-json\/wp\/v2\/posts\/9130\/revisions"}],"wp:featuredmedia":[{"embeddable":true,"href":"https:\/\/muzeusm.ro\/hu\/wp-json\/"}],"wp:attachment":[{"href":"https:\/\/muzeusm.ro\/hu\/wp-json\/wp\/v2\/media?parent=9130"}],"wp:term":[{"taxonomy":"category","embeddable":true,"href":"https:\/\/muzeusm.ro\/hu\/wp-json\/wp\/v2\/categories?post=9130"},{"taxonomy":"post_tag","embeddable":true,"href":"https:\/\/muzeusm.ro\/hu\/wp-json\/wp\/v2\/tags?post=9130"}],"curies":[{"name":"wp","href":"https:\/\/api.w.org\/{rel}","templated":true}]}}