{"id":6530,"date":"2020-04-29T10:07:04","date_gmt":"2020-04-29T10:07:04","guid":{"rendered":"http:\/\/www.muzeusm.ro\/?page_id=6530"},"modified":"2024-03-24T11:47:25","modified_gmt":"2024-03-24T09:47:25","slug":"galerie-foto-14mai","status":"publish","type":"post","link":"https:\/\/muzeusm.ro\/hu\/galerie-foto-14mai\/","title":{"rendered":"Galerie foto"},"content":{"rendered":"<p>Colaj de fotografii<\/p>\n","protected":false},"excerpt":{"rendered":"<p>Colaj de fotografii<\/p>\n","protected":false},"author":243833644,"featured_media":0,"comment_status":"closed","ping_status":"closed","sticky":false,"template":"","format":"standard","meta":{"_coblocks_attr":"","_coblocks_dimensions":"","_coblocks_responsive_height":"","_coblocks_accordion_ie_support":"","advanced_seo_description":"","jetpack_seo_html_title":"","jetpack_seo_noindex":false,"jetpack_post_was_ever_published":false,"_jetpack_newsletter_access":"","_jetpack_dont_email_post_to_subs":false,"_jetpack_newsletter_tier_id":0,"_jetpack_memberships_contains_paywalled_content":false,"_jetpack_memberships_contains_paid_content":false,"footnotes":"","jetpack_publicize_message":"","jetpack_publicize_feature_enabled":true,"jetpack_social_post_already_shared":false,"jetpack_social_options":{"image_generator_settings":{"template":"highway","default_image_id":0,"font":"","enabled":false},"version":2}},"categories":[],"tags":[],"class_list":["post-6530","post","type-post","status-publish","format-standard","hentry","entry"],"translation":{"provider":"WPGlobus","version":"3.0.1","language":"hu","enabled_languages":["ro","hu","en"],"languages":{"ro":{"title":true,"content":true,"excerpt":false},"hu":{"title":false,"content":false,"excerpt":false},"en":{"title":false,"content":false,"excerpt":false}}},"jetpack_publicize_connections":[],"jetpack_featured_media_url":"","jetpack_likes_enabled":true,"jetpack-related-posts":[{"id":4268,"url":"https:\/\/muzeusm.ro\/hu\/vernisajul-expozitiei-de-arta-fotografica-art-archaeology\/","url_meta":{"origin":6530,"position":0},"title":"Vernisajul expozi\u0163iei de art\u0103 fotografic\u0103 &#8220;Art-Archaeology&#8221;","author":"Andrei Mocan Mihai","date":"8 March 2019","format":false,"excerpt":"Joi, 7 martie, \u00eencep\u00e2nd cu ora 17, la Galeria de Arte Plastice a Consiliului Jude\u0163ean Satu Mare, a avut loc vernisajul expozitiei de art\u0103 fotografic\u0103 \"Art-Archaeology\" a artistului fotograf careian dr. Hag\u00f3 Attila N\u00e1ndor. \u00cen cadrul evenimetului au luat cuv\u00e2ntul: Varga Maria - profesoar\u0103 la \u015ecoala de Arte Satu Mare,\u2026","rel":"","context":"In &quot;actualitati&quot;","block_context":{"text":"actualitati","link":"https:\/\/muzeusm.ro\/hu\/category\/actualitati\/"},"img":{"alt_text":"","src":"https:\/\/i0.wp.com\/www.muzeusm.ro\/wp-content\/uploads\/2019\/03\/IMG_0271-300x200.jpg?resize=350%2C200","width":350,"height":200},"classes":[]},{"id":13249,"url":"https:\/\/muzeusm.ro\/hu\/expozitie-de-fotografie-cristina-lucia-potocean-salut-vazaha\/","url_meta":{"origin":6530,"position":1},"title":"Expozi\u021bie de fotografie Cristina Lucia Potocean &#8211; \u201eSALUT VAZAHA\u201d","author":"Popdan Bradut","date":"23 January 2024","format":false,"excerpt":"RO: S\u0103tm\u0103reanc\u0103, Cristina Lucia Potocean tr\u0103ie\u0219te de foarte mul\u021bi ani \u00een Italia, la Milano, unde caut\u0103 s\u0103 dea un sens pasiunii sale pentru fotografia de reportaj, prin abordarea unei estetici umaniste, explor\u00e2nd lumi \u00eendep\u0103rtate \u0219i peisaje \u00eensufle\u021bite de tradi\u021bii culturale locale. Urm\u00e2nd cursurile Institutului Italian de Fotografie din Milano, \u00ee\u0219i\u2026","rel":"","context":"In &quot;actualitati&quot;","block_context":{"text":"actualitati","link":"https:\/\/muzeusm.ro\/hu\/category\/actualitati\/"},"img":{"alt_text":"","src":"","width":0,"height":0},"classes":[]},{"id":11533,"url":"https:\/\/muzeusm.ro\/hu\/semn-mocnit-insemn-mocnit-in-semn-mocnit-mocnit-salon-international-de-arta-plastica-editia-a-ix-a\/","url_meta":{"origin":6530,"position":2},"title":"SEMN MOCNIT \u00ceNSEMN MOCNIT \u00ceN SEMN MOCNIT MOCNIT &#8211; Salon international de art\u0103 plastic\u0103, edi\u021bia a IX-a","author":"Popdan Bradut","date":"28 June 2022","format":false,"excerpt":"SEMN MOCNIT \u00ceNSEMN MOCNIT \u00ceN SEMN MOCNIT MOCNIT - Salon international de art\u0103 plastic\u0103, edi\u021bia a IX-a, 1 iulie - 30 iulie 2022, organizat de UAPR Filiala Satu Mare \u0219i Muzeul Jude\u021bean Satu Mare, Sec\u021bia de Art\u0103. Consemn\u0103m \u00eenc\u0103 nou eveniment, \u00eensemnat, cu focurile din noi! Cu un semn mocnit,\u2026","rel":"","context":"In &quot;actualitati&quot;","block_context":{"text":"actualitati","link":"https:\/\/muzeusm.ro\/hu\/category\/actualitati\/"},"img":{"alt_text":"","src":"","width":0,"height":0},"classes":[]},{"id":2886,"url":"https:\/\/muzeusm.ro\/hu\/expozitie-dedicata-zilei-nationale-a-romaniei-centenar-ionita-g-andron-1917-1989\/","url_meta":{"origin":6530,"position":3},"title":"EXPOZI\u0162IE DEDICAT\u0102 ZILEI NA\u0162IONALE A ROM\u00c2NIEI \u201eCENTENAR IONI\u0162\u0102 G. ANDRON (1917-1989)\u201d","author":"norbertlorincz","date":"24 November 2017","format":false,"excerpt":"\u00cen anul 2017 se aniverseaz\u0103 centenarul Ioni\u0163\u0103 G. Andron, indiscutabil, cel mai mare artist fotograf pe care S\u0103tmarul l-a dat acestei \u021b\u0103ri, un neobosit etnograf \u0219i c\u0103rturar, apreciat de cele mai importante personalit\u0103\u021bi ale istoriei \u0219i etnografiei rom\u00e2ne\u0219ti. N\u0103scut la 20 aprilie 1917 \u00een satul Rac\u0219a, este fiul preotului Ioan\u2026","rel":"","context":"In &quot;actualitati&quot;","block_context":{"text":"actualitati","link":"https:\/\/muzeusm.ro\/hu\/category\/actualitati\/"},"img":{"alt_text":"","src":"https:\/\/i0.wp.com\/www.muzeusm.ro\/wp-content\/uploads\/2017\/11\/andron-232x300.jpg?resize=350%2C200","width":350,"height":200},"classes":[]},{"id":8107,"url":"https:\/\/muzeusm.ro\/hu\/semn-fereastra-insemn-fereastra-in-semn-fereastra-fereastra-insemn-salon-international-de-arta-plastica\/","url_meta":{"origin":6530,"position":4},"title":"SEMN FEREASTR\u0102,  \u00ceNSEMN FEREASTR\u0102, \u00ceN SEMN FEREASTR\u0102, FEREASTR\u0102 \u00ceNSEMN- SALON INTERNA\u021aIONAL DE ART\u0102 PLASTIC\u0102","author":"Popdan Bradut","date":"23 October 2020","format":false,"excerpt":"Aflat la a VII-a edi\u021bie, salonul Semn are ca tem\u0103 FEREASTRA , acum \u00eentr-o perioad\u0103 \u00een care ferestrele noastre s-au \u00eenchis dinspre \u00een afar\u0103 spre \u00eenl\u0103untru, iar r\u0103spunsurile noastre trebuie s\u0103 capete o form\u0103, ea poate s\u0103 fie imaginea unei salv\u0103ri. Aceasta este provocarea la care au r\u0103spuns peste 140\u2026","rel":"","context":"In &quot;actualitati&quot;","block_context":{"text":"actualitati","link":"https:\/\/muzeusm.ro\/hu\/category\/actualitati\/"},"img":{"alt_text":"","src":"","width":0,"height":0},"classes":[]},{"id":9385,"url":"https:\/\/muzeusm.ro\/hu\/expo-foto-fragmentarium-mira-marincas\/","url_meta":{"origin":6530,"position":5},"title":"Expo foto \u201eFRAGMENTARIUM\u201d- Mira Marinca\u0219","author":"Popdan Bradut","date":"31 March 2021","format":false,"excerpt":"\u00centr-o consecvent\u0103 ac\u021biune de promovare a arti\u0219tilor s\u0103tm\u0103reni, pe simezele Sec\u021biei de Art\u0103 a Muzeului Jude\u021bean Satu Mare va fi prezentat\u0103 expozi\u021bia de fotografie artistic\u0103 a Mirei Marinca\u0219. S\u0103tm\u0103reanc\u0103, artista fotograf \u0219i-a \u00eenceput studiile de specialitate la Liceul de Arte Aurel Popp din ora\u0219, la sec\u021bia textile, clasa profesoarei Nyiri\u2026","rel":"","context":"In &quot;actualitati&quot;","block_context":{"text":"actualitati","link":"https:\/\/muzeusm.ro\/hu\/category\/actualitati\/"},"img":{"alt_text":"","src":"","width":0,"height":0},"classes":[]}],"jetpack_sharing_enabled":true,"jetpack_shortlink":"https:\/\/wp.me\/pfvnyQ-1Hk","_links":{"self":[{"href":"https:\/\/muzeusm.ro\/hu\/wp-json\/wp\/v2\/posts\/6530","targetHints":{"allow":["GET"]}}],"collection":[{"href":"https:\/\/muzeusm.ro\/hu\/wp-json\/wp\/v2\/posts"}],"about":[{"href":"https:\/\/muzeusm.ro\/hu\/wp-json\/wp\/v2\/types\/post"}],"author":[{"embeddable":true,"href":"https:\/\/muzeusm.ro\/hu\/wp-json\/wp\/v2\/users\/243833644"}],"replies":[{"embeddable":true,"href":"https:\/\/muzeusm.ro\/hu\/wp-json\/wp\/v2\/comments?post=6530"}],"version-history":[{"count":1,"href":"https:\/\/muzeusm.ro\/hu\/wp-json\/wp\/v2\/posts\/6530\/revisions"}],"predecessor-version":[{"id":13719,"href":"https:\/\/muzeusm.ro\/hu\/wp-json\/wp\/v2\/posts\/6530\/revisions\/13719"}],"wp:attachment":[{"href":"https:\/\/muzeusm.ro\/hu\/wp-json\/wp\/v2\/media?parent=6530"}],"wp:term":[{"taxonomy":"category","embeddable":true,"href":"https:\/\/muzeusm.ro\/hu\/wp-json\/wp\/v2\/categories?post=6530"},{"taxonomy":"post_tag","embeddable":true,"href":"https:\/\/muzeusm.ro\/hu\/wp-json\/wp\/v2\/tags?post=6530"}],"curies":[{"name":"wp","href":"https:\/\/api.w.org\/{rel}","templated":true}]}}