{"id":65,"date":"2013-12-12T11:56:54","date_gmt":"2013-12-12T11:56:54","guid":{"rendered":"http:\/\/www.muzeusm.ro\/?page_id=65"},"modified":"2024-03-24T11:49:13","modified_gmt":"2024-03-24T09:49:13","slug":"casa-memoriala-dr-vasile-lucaciu-apa","status":"publish","type":"post","link":"https:\/\/muzeusm.ro\/hu\/casa-memoriala-dr-vasile-lucaciu-apa\/","title":{"rendered":"Casa memorial\u0103 dr. Vasile Lucaciu \u2013 Apa"},"content":{"rendered":"<p style=\"text-align: left;\"><a href=\"http:\/\/www.muzeusm.ro\/wp-content\/uploads\/2013\/12\/Apa2.jpg\"><img loading=\"lazy\" decoding=\"async\" class=\"size-thumbnail wp-image-537 alignleft\" src=\"http:\/\/www.muzeusm.ro\/wp-content\/uploads\/2013\/12\/Apa2-150x150.jpg\" alt=\"Apa2\" width=\"150\" height=\"150\" \/><\/a><br \/>\n<a href=\"http:\/\/www.muzeusm.ro\/wp-content\/uploads\/2013\/12\/Apa4.jpg\"><img loading=\"lazy\" decoding=\"async\" class=\"size-thumbnail wp-image-538\" src=\"http:\/\/www.muzeusm.ro\/wp-content\/uploads\/2013\/12\/Apa4-150x150.jpg\" alt=\"Apa4\" width=\"150\" height=\"150\" \/><\/a><\/p>\n","protected":false},"excerpt":{"rendered":"","protected":false},"author":245723487,"featured_media":0,"comment_status":"closed","ping_status":"closed","sticky":false,"template":"","format":"standard","meta":{"_coblocks_attr":"","_coblocks_dimensions":"","_coblocks_responsive_height":"","_coblocks_accordion_ie_support":"","advanced_seo_description":"","jetpack_seo_html_title":"","jetpack_seo_noindex":false,"jetpack_post_was_ever_published":false,"_jetpack_newsletter_access":"","_jetpack_dont_email_post_to_subs":false,"_jetpack_newsletter_tier_id":0,"_jetpack_memberships_contains_paywalled_content":false,"_jetpack_memberships_contains_paid_content":false,"footnotes":"","jetpack_publicize_message":"","jetpack_publicize_feature_enabled":true,"jetpack_social_post_already_shared":false,"jetpack_social_options":{"image_generator_settings":{"template":"highway","default_image_id":0,"font":"","enabled":false},"version":2}},"categories":[],"tags":[],"class_list":["post-65","post","type-post","status-publish","format-standard","hentry","entry"],"translation":{"provider":"WPGlobus","version":"3.0.1","language":"hu","enabled_languages":["ro","hu","en"],"languages":{"ro":{"title":true,"content":true,"excerpt":false},"hu":{"title":false,"content":true,"excerpt":false},"en":{"title":false,"content":true,"excerpt":false}}},"jetpack_publicize_connections":[],"jetpack_featured_media_url":"","jetpack_likes_enabled":true,"jetpack-related-posts":[{"id":7263,"url":"https:\/\/muzeusm.ro\/hu\/ziua-eroilor-28-mai-acasa-la-eroul-natiunii-romane-dr-vasile-lucaciu\/","url_meta":{"origin":65,"position":0},"title":"\u201dZiua Eroilor\u201d \u2013 28 mai \u2013 acas\u0103 la Eroul na\u021biunii rom\u00e2ne \u2013 dr. Vasile Lucaciu","author":"Popdan Bradut","date":"25 May 2020","format":false,"excerpt":"\u00cen apropierea \u201dZilei Eroilor\u201d v\u0103 invit\u0103m, dragi s\u0103tm\u0103reni, s\u0103 v\u0103 petrece\u021bi aceast\u0103 zi \u00eentr-o atmosfer\u0103 de relaxare, cultur\u0103 \u0219i istorie, acas\u0103, la marele erou al s\u0103tm\u0103renilor, marele erou na\u021bional dr. Vasile Lucaciu. V\u0103 a\u0219tept\u0103m cu drag s\u0103 vizita\u021bi\u00a0 \u201eCasa Memorial\u0103 dr. Vasile Lucaciu\u201d \u0219i Biserica de lemn din comuna Apa,\u2026","rel":"","context":"In &quot;actualitati&quot;","block_context":{"text":"actualitati","link":"https:\/\/muzeusm.ro\/hu\/category\/actualitati\/"},"img":{"alt_text":"","src":"https:\/\/i0.wp.com\/www.muzeusm.ro\/wp-content\/uploads\/2020\/05\/Promo_casa_Lucaciu_001-212x300.jpg?resize=350%2C200","width":350,"height":200},"classes":[]},{"id":3180,"url":"https:\/\/muzeusm.ro\/hu\/casa-memoriala-dr-vasile-lucaciu\/","url_meta":{"origin":65,"position":1},"title":"Casa memorial\u0103 dr. Vasile Lucaciu","author":"Dobrescu Adela Catalina","date":"2 May 2018","format":false,"excerpt":"","rel":"","context":"In &quot;actualitati&quot;","block_context":{"text":"actualitati","link":"https:\/\/muzeusm.ro\/hu\/category\/actualitati\/"},"img":{"alt_text":"","src":"https:\/\/i0.wp.com\/www.muzeusm.ro\/wp-content\/uploads\/2018\/05\/pdf_PRINT_LUCACIU-1-207x300.jpg?resize=350%2C200","width":350,"height":200},"classes":[]},{"id":2653,"url":"https:\/\/muzeusm.ro\/hu\/despre-noi-2\/","url_meta":{"origin":65,"position":2},"title":"Despre noi","author":"Gordan Csilla","date":"4 July 2017","format":false,"excerpt":"\u00a0 Muzeul Jude\u0163ean Satu Mare este cea mai mare institu\u0163ie de cultur\u0103 din jude\u0163, av\u00e2nd \u00een structura organizatoric\u0103 23 de muzee, case memoriale, gospod\u0103rii \u0163\u0103r\u0103ne\u015fti, situri arheologice. Primele colec\u0163ii muzeale s\u0103tm\u0103rene s-au constituit \u00een cadrul cercului K\u00f6lcsey (1891), \u00een anul 1905 \u00eenfiin\u0163\u00e2ndu-se Muzeul Municipal Satu Mare. Dup\u0103 1918, prin str\u0103daniile\u2026","rel":"","context":"Similar post","block_context":{"text":"Similar post","link":""},"img":{"alt_text":"","src":"","width":0,"height":0},"classes":[]},{"id":13140,"url":"https:\/\/muzeusm.ro\/hu\/dr-vasile-lucaciu-acolo-unde-sunt-eu-acolo-bate-inima-ardealului\/","url_meta":{"origin":65,"position":3},"title":"DR. VASILE LUCACIU \u2013\u201dACOLO UNDE SUNT EU,  ACOLO BATE INIMA ARDEALULUI\u201d","author":"Popdan Bradut","date":"28 November 2023","format":false,"excerpt":"\u00ceN ACESTE ZILE ANIVERSARE, V\u0102 INVIT\u0102M S\u0102 VIZITA\u021aI CASA MEMORIAL\u0102 VASILE LUCACIU DIN COMUNA APA, \u0218I BISERICA DIN LEMN CONSTRUIT\u0102 \u00ceN MEMORIA MARELUI NOSTRU \u201dTRIBUN\u201d, ce a militat \u00eentreaga sa via\u021b\u0103 pentru unitatea \u0219i demnitatea poporului rom\u00e2n, leg\u00e2nd, pentru ve\u0219nicie, istoria s\u0103tm\u0103renilor cu istoria na\u021biunii rom\u00e2ne. Simbioza dintre faptele sale\u2026","rel":"","context":"In &quot;actualitati&quot;","block_context":{"text":"actualitati","link":"https:\/\/muzeusm.ro\/hu\/category\/actualitati\/"},"img":{"alt_text":"","src":"https:\/\/i0.wp.com\/www.muzeusm.ro\/wp-content\/uploads\/2023\/11\/6-225x300.jpeg?resize=350%2C200","width":350,"height":200},"classes":[]},{"id":11811,"url":"https:\/\/muzeusm.ro\/hu\/conferinta-dr-vasile-lucaciu-un-erou-al-natiunii-romane\/","url_meta":{"origin":65,"position":4},"title":"CONFERIN\u0162A \u201eDR. VASILE LUCACIU UN EROU AL NA\u0162IUNII ROM\u00c2NE\u201d","author":"andreeaionetecu","date":"18 November 2022","format":false,"excerpt":"Muzeul Jude\u021bean Satu Mare \u00een parteneriat cu Muzeul Jude\u0163ean de Istorie \u015fi Arheologie Maramure\u015f, v\u0103 invit\u0103 s\u0103 participa\u0163i la conferin\u0163a dedicat\u0103 \u00eemplinirii a 100 de ani de la trecerea \u00een eternitate a marelui lupt\u0103tor pentru drepturile na\u0163ionale ale rom\u00e2nilor din Transilvania, p\u0103rintele dr. Vasile Lucaciu (1852-1922). Personalitatea cea mai proeminent\u0103\u2026","rel":"","context":"In &quot;actualitati&quot;","block_context":{"text":"actualitati","link":"https:\/\/muzeusm.ro\/hu\/category\/actualitati\/"},"img":{"alt_text":"","src":"https:\/\/i0.wp.com\/www.muzeusm.ro\/wp-content\/uploads\/2022\/11\/afis-A3-01-1-212x300.png?resize=350%2C200","width":350,"height":200},"classes":[]},{"id":15156,"url":"https:\/\/muzeusm.ro\/hu\/noaptea-muzeelor-la-sate-2024\/","url_meta":{"origin":65,"position":5},"title":"Noaptea muzeelor la sate 2024","author":"norbertlorincz","date":"27 August 2024","format":false,"excerpt":"Dup\u0103 succesul din 2023 a primei edi\u021bii a proiectului \u201eNoaptea muzeelor la sate\u201d, Re\u021beaua Na\u021bional\u0103 a Muzeelor din Rom\u00e2nia continu\u0103 derularea acestuia \u0219i \u00een anul 2024. Astfel, \u00een data de 31 august, muzee din mediul rural din \u00eentreaga \u021bar\u0103, vor desf\u0103\u0219ura evenimente culturale \u0219i programe educative destinate promov\u0103rii patrimoniului muzeal\u2026","rel":"","context":"In &quot;F\u0103r\u0103 categorie&quot;","block_context":{"text":"F\u0103r\u0103 categorie","link":"https:\/\/muzeusm.ro\/hu\/category\/fara-categorie\/"},"img":{"alt_text":"","src":"https:\/\/i0.wp.com\/muzeusm.ro\/wp-content\/uploads\/2024\/08\/2NMS2_afis_afis-150x150.png?resize=350%2C200&ssl=1","width":350,"height":200,"srcset":"https:\/\/i0.wp.com\/muzeusm.ro\/wp-content\/uploads\/2024\/08\/2NMS2_afis_afis-150x150.png?resize=350%2C200&ssl=1 1x, https:\/\/i0.wp.com\/muzeusm.ro\/wp-content\/uploads\/2024\/08\/2NMS2_afis_afis-150x150.png?resize=525%2C300&ssl=1 1.5x, https:\/\/i0.wp.com\/muzeusm.ro\/wp-content\/uploads\/2024\/08\/2NMS2_afis_afis-150x150.png?resize=700%2C400&ssl=1 2x, https:\/\/i0.wp.com\/muzeusm.ro\/wp-content\/uploads\/2024\/08\/2NMS2_afis_afis-150x150.png?resize=1050%2C600&ssl=1 3x, https:\/\/i0.wp.com\/muzeusm.ro\/wp-content\/uploads\/2024\/08\/2NMS2_afis_afis-150x150.png?resize=1400%2C800&ssl=1 4x"},"classes":[]}],"jetpack_sharing_enabled":true,"jetpack_shortlink":"https:\/\/wp.me\/pfvnyQ-13","_links":{"self":[{"href":"https:\/\/muzeusm.ro\/hu\/wp-json\/wp\/v2\/posts\/65","targetHints":{"allow":["GET"]}}],"collection":[{"href":"https:\/\/muzeusm.ro\/hu\/wp-json\/wp\/v2\/posts"}],"about":[{"href":"https:\/\/muzeusm.ro\/hu\/wp-json\/wp\/v2\/types\/post"}],"author":[{"embeddable":true,"href":"https:\/\/muzeusm.ro\/hu\/wp-json\/wp\/v2\/users\/245723487"}],"replies":[{"embeddable":true,"href":"https:\/\/muzeusm.ro\/hu\/wp-json\/wp\/v2\/comments?post=65"}],"version-history":[{"count":1,"href":"https:\/\/muzeusm.ro\/hu\/wp-json\/wp\/v2\/posts\/65\/revisions"}],"predecessor-version":[{"id":13762,"href":"https:\/\/muzeusm.ro\/hu\/wp-json\/wp\/v2\/posts\/65\/revisions\/13762"}],"wp:attachment":[{"href":"https:\/\/muzeusm.ro\/hu\/wp-json\/wp\/v2\/media?parent=65"}],"wp:term":[{"taxonomy":"category","embeddable":true,"href":"https:\/\/muzeusm.ro\/hu\/wp-json\/wp\/v2\/categories?post=65"},{"taxonomy":"post_tag","embeddable":true,"href":"https:\/\/muzeusm.ro\/hu\/wp-json\/wp\/v2\/tags?post=65"}],"curies":[{"name":"wp","href":"https:\/\/api.w.org\/{rel}","templated":true}]}}