{"id":6299,"date":"2020-02-27T11:03:46","date_gmt":"2020-02-27T11:03:46","guid":{"rendered":"http:\/\/www.muzeusm.ro\/?p=6299"},"modified":"2020-02-27T11:03:46","modified_gmt":"2020-02-27T11:03:46","slug":"atelier-de-pedagogie-muzeala","status":"publish","type":"post","link":"https:\/\/muzeusm.ro\/hu\/atelier-de-pedagogie-muzeala\/","title":{"rendered":"Atelier de pedagogie muzeal\u0103."},"content":{"rendered":"<p>Atelier de pedagogie muzeal\u0103 desf\u0103\u0219urat azi, 27 februarie la sediul Muzeului Jude\u021bean Satu Mare, \u00een parteneriat cu elevii de la Liceul Teoretic German &#8220;Johann Ettinger&#8221; Satu Mare.<\/p>\n<p><a href=\"http:\/\/www.muzeusm.ro\/wp-content\/uploads\/2020\/02\/87370697_2589188704738232_3526393017323749376_n.jpg\"><img loading=\"lazy\" decoding=\"async\" class=\"alignnone size-medium wp-image-6300\" src=\"http:\/\/www.muzeusm.ro\/wp-content\/uploads\/2020\/02\/87370697_2589188704738232_3526393017323749376_n-225x300.jpg\" alt=\"\" width=\"225\" height=\"300\" \/><\/a> <a href=\"http:\/\/www.muzeusm.ro\/wp-content\/uploads\/2020\/02\/87485475_200687904627341_6694423648620511232_n.jpg\"><img loading=\"lazy\" decoding=\"async\" class=\"alignnone size-medium wp-image-6301\" src=\"http:\/\/www.muzeusm.ro\/wp-content\/uploads\/2020\/02\/87485475_200687904627341_6694423648620511232_n-225x300.jpg\" alt=\"\" width=\"225\" height=\"300\" \/><\/a> <a href=\"http:\/\/www.muzeusm.ro\/wp-content\/uploads\/2020\/02\/87506411_806853239820554_1515673450289561600_n.jpg\"><img loading=\"lazy\" decoding=\"async\" class=\"alignnone size-medium wp-image-6302\" src=\"http:\/\/www.muzeusm.ro\/wp-content\/uploads\/2020\/02\/87506411_806853239820554_1515673450289561600_n-225x300.jpg\" alt=\"\" width=\"225\" height=\"300\" \/><\/a> <a href=\"http:\/\/www.muzeusm.ro\/wp-content\/uploads\/2020\/02\/87514706_1036787366693781_8950106602367614976_n.jpg\"><img loading=\"lazy\" decoding=\"async\" class=\"alignnone size-medium wp-image-6303\" src=\"http:\/\/www.muzeusm.ro\/wp-content\/uploads\/2020\/02\/87514706_1036787366693781_8950106602367614976_n-225x300.jpg\" alt=\"\" width=\"225\" height=\"300\" \/><\/a> <a href=\"http:\/\/www.muzeusm.ro\/wp-content\/uploads\/2020\/02\/87572197_203043404269654_1829101927120502784_n.jpg\"><img loading=\"lazy\" decoding=\"async\" class=\"alignnone size-medium wp-image-6304\" src=\"http:\/\/www.muzeusm.ro\/wp-content\/uploads\/2020\/02\/87572197_203043404269654_1829101927120502784_n-225x300.jpg\" alt=\"\" width=\"225\" height=\"300\" \/><\/a> <a href=\"http:\/\/www.muzeusm.ro\/wp-content\/uploads\/2020\/02\/87809739_2631162123873693_2324213765454692352_n.jpg\"><img loading=\"lazy\" decoding=\"async\" class=\"alignnone size-medium wp-image-6305\" src=\"http:\/\/www.muzeusm.ro\/wp-content\/uploads\/2020\/02\/87809739_2631162123873693_2324213765454692352_n-225x300.jpg\" alt=\"\" width=\"225\" height=\"300\" \/><\/a> <a href=\"http:\/\/www.muzeusm.ro\/wp-content\/uploads\/2020\/02\/87860541_1023407561367651_5872186244661772288_n.jpg\"><img loading=\"lazy\" decoding=\"async\" class=\"alignnone size-medium wp-image-6306\" src=\"http:\/\/www.muzeusm.ro\/wp-content\/uploads\/2020\/02\/87860541_1023407561367651_5872186244661772288_n-225x300.jpg\" alt=\"\" width=\"225\" height=\"300\" \/><\/a><\/p>\n","protected":false},"excerpt":{"rendered":"<p>Atelier de pedagogie muzeal\u0103 desf\u0103\u0219urat azi, 27 februarie la sediul Muzeului Jude\u021bean Satu Mare, \u00een parteneriat cu elevii de la Liceul Teoretic German &#8220;Johann Ettinger&#8221; Satu Mare.<\/p>\n","protected":false},"author":245723485,"featured_media":0,"comment_status":"open","ping_status":"open","sticky":false,"template":"","format":"standard","meta":{"_coblocks_attr":"","_coblocks_dimensions":"","_coblocks_responsive_height":"","_coblocks_accordion_ie_support":"","advanced_seo_description":"","jetpack_seo_html_title":"","jetpack_seo_noindex":false,"jetpack_post_was_ever_published":false,"_jetpack_newsletter_access":"","_jetpack_dont_email_post_to_subs":false,"_jetpack_newsletter_tier_id":0,"_jetpack_memberships_contains_paywalled_content":false,"_jetpack_memberships_contains_paid_content":false,"footnotes":"","jetpack_publicize_message":"","jetpack_publicize_feature_enabled":true,"jetpack_social_post_already_shared":false,"jetpack_social_options":{"image_generator_settings":{"template":"highway","default_image_id":0,"font":"","enabled":false},"version":2}},"categories":[6498592],"tags":[],"class_list":["post-6299","post","type-post","status-publish","format-standard","hentry","category-actualitati","entry"],"translation":{"provider":"WPGlobus","version":"3.0.1","language":"hu","enabled_languages":["ro","hu","en"],"languages":{"ro":{"title":true,"content":true,"excerpt":false},"hu":{"title":false,"content":false,"excerpt":false},"en":{"title":false,"content":false,"excerpt":false}}},"jetpack_publicize_connections":[],"jetpack_featured_media_url":"","jetpack_likes_enabled":true,"jetpack-related-posts":[{"id":6344,"url":"https:\/\/muzeusm.ro\/hu\/atelier-de-pedagogie-muzeala-2\/","url_meta":{"origin":6299,"position":0},"title":"Atelier de pedagogie muzeal\u0103.","author":"Andrei Mocan Mihai","date":"2 March 2020","format":false,"excerpt":"Atelier de pedagogie muzeal\u0103 desf\u0103\u0219urat vineri, 28 februarie la sediul Muzeului Jude\u021bean Satu Mare \u00een parteneriat cu elevii de la \u0218coala Gimnazial\u0103 Botiz.","rel":"","context":"In &quot;actualitati&quot;","block_context":{"text":"actualitati","link":"https:\/\/muzeusm.ro\/hu\/category\/actualitati\/"},"img":{"alt_text":"","src":"https:\/\/i0.wp.com\/www.muzeusm.ro\/wp-content\/uploads\/2020\/03\/87951947_195545364989462_4063998944256983040_n-225x300.jpg?resize=350%2C200","width":350,"height":200},"classes":[]},{"id":6281,"url":"https:\/\/muzeusm.ro\/hu\/actiune-de-pedagogie-muzeala-la-muzeul-judetean-satu-mare\/","url_meta":{"origin":6299,"position":1},"title":"Ac\u021biune de pedagogie muzeal\u0103 la Muzeul Jude\u021bean Satu Mare.","author":"Andrei Mocan Mihai","date":"25 February 2020","format":false,"excerpt":"O nou\u0103 ac\u021biune de pedagogie muzeal\u0103 a avut loc azi, 25 februarie 2020 la Muzeul Jude\u021bean Satu Mare, \u00een colaborare cu Liceul de Arte Aurel Popp. \u00cen cadrul activit\u0103\u021bii s-au pictat m\u0103r\u021bi\u0219oare pentru toate doamnele de la Centrul de \u00cengrijire \u0219i Asisten\u021b\u0103 \"\u0218ansa\" Satu Mare.","rel":"","context":"In &quot;actualitati&quot;","block_context":{"text":"actualitati","link":"https:\/\/muzeusm.ro\/hu\/category\/actualitati\/"},"img":{"alt_text":"","src":"https:\/\/i0.wp.com\/www.muzeusm.ro\/wp-content\/uploads\/2020\/02\/87450512_2516836398634711_9133939358779310080_n-225x300.jpg?resize=350%2C200","width":350,"height":200},"classes":[]},{"id":5967,"url":"https:\/\/muzeusm.ro\/hu\/activitatea-de-pedagogie-muzeala-bratara-prieteniei\/","url_meta":{"origin":6299,"position":2},"title":"Activitatea de pedagogie muzeal\u0103 &#8220;Br\u0103\u0163ara Prieteniei&#8221;","author":"Andrei Mocan Mihai","date":"22 January 2020","format":false,"excerpt":"Miercuri, 22 ianuarie 2020, la Muzeul Jude\u0163ean Satu Mare a avut loc ac\u0163iunea de pedagogie muzeal\u0103 \"Br\u0103\u0163ara Prieteniei\", la care a participat un grup de copii de la Gradini\u0163a Guliver din Satu Mare.","rel":"","context":"In &quot;actualitati&quot;","block_context":{"text":"actualitati","link":"https:\/\/muzeusm.ro\/hu\/category\/actualitati\/"},"img":{"alt_text":"","src":"https:\/\/i0.wp.com\/www.muzeusm.ro\/wp-content\/uploads\/2020\/01\/IMG_5789-300x200.jpg?resize=350%2C200","width":350,"height":200},"classes":[]},{"id":1966,"url":"https:\/\/muzeusm.ro\/hu\/manifestari-ziua-nationala-a-romaniei\/","url_meta":{"origin":6299,"position":3},"title":"Manifest\u0103ri Ziua Na\u021bional\u0103 a Rom\u00e2niei","author":"Dobrescu Adela Catalina","date":"24 November 2016","format":false,"excerpt":"Mar\u021bi, 29 decembrie 2016, ora 13.00, la sediul Muzeului Jude\u021bean Satu Mare - Sec\u021bia de Art\u0103, va avea loc vernisajul expozi\u021biei temporare intitulat\u0103 \u201dTransilvania, Bucovina \u0219i Basarabia \u00een perioada Marelui R\u0103zboi\u201d. Proiectul expozi\u021bional este organizat de Muzeul Na\u021bional de Istorie a Rom\u00e2niei-Bucure\u0219ti \u00een colaborare cu Muzeul de Istorie a Moldovei-Chi\u0219in\u0103u,\u2026","rel":"","context":"In &quot;actualitati&quot;","block_context":{"text":"actualitati","link":"https:\/\/muzeusm.ro\/hu\/category\/actualitati\/"},"img":{"alt_text":"afis_expo1 dec","src":"https:\/\/i0.wp.com\/www.muzeusm.ro\/wp-content\/uploads\/2016\/11\/afis_expo1-dec-212x300.jpg?resize=350%2C200","width":350,"height":200},"classes":[]},{"id":12338,"url":"https:\/\/muzeusm.ro\/hu\/scoala-altfel-si-saptamana-verde-2023-program-de-activitatilor-organizate-de-muzeul-judetean-satu-mare\/","url_meta":{"origin":6299,"position":4},"title":"\u201e\u0218COALA ALTFEL \u201d \u0219i \u201eS\u0102PT\u0102M\u00c2NA VERDE\u201d 2023- program de activit\u0103\u021bilor organizate de Muzeul Jude\u021bean Satu Mare","author":"Popdan Bradut","date":"30 March 2023","format":false,"excerpt":"Oferta de activit\u0103\u021bi organizate de Muzeul Jude\u021bean Satu Mare \u00een perioada derul\u0103rii programelor na\u021bionale\u00a0\u201eS\u0103pt\u0103m\u00e2na verde\u201d \u0219i \u00a0\u201e\u0218coala altfel\u201d 27.02 - 16.06.2023 \u00a0 Oferta expozi\u021bional\u0103 pentru vizitare \u00een perioada 27.02 -16.06.2023 Muzeul de Art\u0103- Pia\u0163a Libert\u0103\u0163ii nr.21 Expozi\u0163ia permanent\u0103 \u201eAurel Popp\u201d Atelierul memorial Paul Erd\u00f6s-Pasaj \u201eStefan Ruha\u201d Muzeul Municipal Carei (Castelul\u2026","rel":"","context":"In &quot;actualitati&quot;","block_context":{"text":"actualitati","link":"https:\/\/muzeusm.ro\/hu\/category\/actualitati\/"},"img":{"alt_text":"","src":"","width":0,"height":0},"classes":[]},{"id":1117,"url":"https:\/\/muzeusm.ro\/hu\/sectia-relatii-cu-publicul\/","url_meta":{"origin":6299,"position":5},"title":"Sec\u021bia Rela\u021bii cu publicul","author":"Dobrescu Adela Catalina","date":"5 October 2015","format":false,"excerpt":"Sec\u0163ia de Rela\u0163ii cu Publicul din cadrul Muzelui Jude\u0163ean Satu Mare func\u0163ioneaz\u0103 ca sec\u0163ie separat\u0103 \u00eencep\u00e2nd cu anul 2003. \u00cen prezent, ea are \u00een componen\u0163a sa un \u015fef sec\u0163ie \u015fi 9 posturi de execu\u0163ie (2 muzeografi, 1 bibliotecar, 1 educator muzeal, 2 gestionar custode \u015fi 3 supraveghetori), care cuprind Biblioteca\u2026","rel":"","context":"Similar post","block_context":{"text":"Similar post","link":""},"img":{"alt_text":"","src":"","width":0,"height":0},"classes":[]}],"jetpack_sharing_enabled":true,"jetpack_shortlink":"https:\/\/wp.me\/pfvnyQ-1DB","_links":{"self":[{"href":"https:\/\/muzeusm.ro\/hu\/wp-json\/wp\/v2\/posts\/6299","targetHints":{"allow":["GET"]}}],"collection":[{"href":"https:\/\/muzeusm.ro\/hu\/wp-json\/wp\/v2\/posts"}],"about":[{"href":"https:\/\/muzeusm.ro\/hu\/wp-json\/wp\/v2\/types\/post"}],"author":[{"embeddable":true,"href":"https:\/\/muzeusm.ro\/hu\/wp-json\/wp\/v2\/users\/245723485"}],"replies":[{"embeddable":true,"href":"https:\/\/muzeusm.ro\/hu\/wp-json\/wp\/v2\/comments?post=6299"}],"version-history":[{"count":0,"href":"https:\/\/muzeusm.ro\/hu\/wp-json\/wp\/v2\/posts\/6299\/revisions"}],"wp:attachment":[{"href":"https:\/\/muzeusm.ro\/hu\/wp-json\/wp\/v2\/media?parent=6299"}],"wp:term":[{"taxonomy":"category","embeddable":true,"href":"https:\/\/muzeusm.ro\/hu\/wp-json\/wp\/v2\/categories?post=6299"},{"taxonomy":"post_tag","embeddable":true,"href":"https:\/\/muzeusm.ro\/hu\/wp-json\/wp\/v2\/tags?post=6299"}],"curies":[{"name":"wp","href":"https:\/\/api.w.org\/{rel}","templated":true}]}}