{"id":6209,"date":"2020-02-18T13:27:25","date_gmt":"2020-02-18T13:27:25","guid":{"rendered":"http:\/\/www.muzeusm.ro\/?p=6209"},"modified":"2020-02-18T13:27:25","modified_gmt":"2020-02-18T13:27:25","slug":"o-noua-actiune-din-cadrul-proiectului-vestigii-in-culori-divine","status":"publish","type":"post","link":"https:\/\/muzeusm.ro\/hu\/o-noua-actiune-din-cadrul-proiectului-vestigii-in-culori-divine\/","title":{"rendered":"O nou\u0103 ac\u021biune din cadrul proiectului &#8220;Vestigii \u00een culori divine&#8221;"},"content":{"rendered":"<p>O nou\u0103 ac\u021biune din cadrul proiectului &#8220;&#8221;Vestigii \u00een culori divine&#8221;, s-a desf\u0103\u0219urat azi, 18 februarie 2020 la sediul Muzeului Jude\u021bean Satu Mare. Elevi de la \u0218<span class=\"text_exposed_show\">coala Gimnazial\u0103 &#8220;Ion Creang\u0103&#8221; au preg\u0103tit m\u0103r\u021bi\u0219oare pentru o ac\u021biune caritabil\u0103, care va avea loc la Shopping City Satu Mare. Banii rezulta\u021bi vor fi dona\u021bi la c\u00e2teva case de tip familial.<\/span><\/p>\n<p><a href=\"http:\/\/www.muzeusm.ro\/wp-content\/uploads\/2020\/02\/86721284_2908619609259692_3693662919553187840_n.jpg\"><img loading=\"lazy\" decoding=\"async\" class=\"alignnone size-medium wp-image-6210\" src=\"http:\/\/www.muzeusm.ro\/wp-content\/uploads\/2020\/02\/86721284_2908619609259692_3693662919553187840_n-225x300.jpg\" alt=\"\" width=\"225\" height=\"300\" \/><\/a> <a href=\"http:\/\/www.muzeusm.ro\/wp-content\/uploads\/2020\/02\/86729859_2804033803017951_8705188501789868032_n.jpg\"><img loading=\"lazy\" decoding=\"async\" class=\"alignnone size-medium wp-image-6211\" src=\"http:\/\/www.muzeusm.ro\/wp-content\/uploads\/2020\/02\/86729859_2804033803017951_8705188501789868032_n-145x300.jpg\" alt=\"\" width=\"145\" height=\"300\" \/><\/a> <a href=\"http:\/\/www.muzeusm.ro\/wp-content\/uploads\/2020\/02\/86788709_236699130665739_1982695188895629312_n.jpg\"><img loading=\"lazy\" decoding=\"async\" class=\"alignnone size-medium wp-image-6212\" src=\"http:\/\/www.muzeusm.ro\/wp-content\/uploads\/2020\/02\/86788709_236699130665739_1982695188895629312_n-225x300.jpg\" alt=\"\" width=\"225\" height=\"300\" \/><\/a> <a href=\"http:\/\/www.muzeusm.ro\/wp-content\/uploads\/2020\/02\/86807328_654589661964953_7992141119389433856_n.jpg\"><img loading=\"lazy\" decoding=\"async\" class=\"alignnone size-medium wp-image-6213\" src=\"http:\/\/www.muzeusm.ro\/wp-content\/uploads\/2020\/02\/86807328_654589661964953_7992141119389433856_n-225x300.jpg\" alt=\"\" width=\"225\" height=\"300\" \/><\/a> <a href=\"http:\/\/www.muzeusm.ro\/wp-content\/uploads\/2020\/02\/86822070_1320456234806765_1290221893843943424_n.jpg\"><img loading=\"lazy\" decoding=\"async\" class=\"alignnone size-medium wp-image-6214\" src=\"http:\/\/www.muzeusm.ro\/wp-content\/uploads\/2020\/02\/86822070_1320456234806765_1290221893843943424_n-225x300.jpg\" alt=\"\" width=\"225\" height=\"300\" \/><\/a> <a href=\"http:\/\/www.muzeusm.ro\/wp-content\/uploads\/2020\/02\/86840843_3039513689402280_1303008063023742976_n.jpg\"><img loading=\"lazy\" decoding=\"async\" class=\"alignnone size-medium wp-image-6215\" src=\"http:\/\/www.muzeusm.ro\/wp-content\/uploads\/2020\/02\/86840843_3039513689402280_1303008063023742976_n-225x300.jpg\" alt=\"\" width=\"225\" height=\"300\" \/><\/a> <a href=\"http:\/\/www.muzeusm.ro\/wp-content\/uploads\/2020\/02\/86970953_1280679272141147_8067400650201235456_n.jpg\"><img loading=\"lazy\" decoding=\"async\" class=\"alignnone size-medium wp-image-6216\" src=\"http:\/\/www.muzeusm.ro\/wp-content\/uploads\/2020\/02\/86970953_1280679272141147_8067400650201235456_n-225x300.jpg\" alt=\"\" width=\"225\" height=\"300\" \/><\/a> <a href=\"http:\/\/www.muzeusm.ro\/wp-content\/uploads\/2020\/02\/86974806_719705535464377_1843602896352968704_n.jpg\"><img loading=\"lazy\" decoding=\"async\" class=\"alignnone size-medium wp-image-6217\" src=\"http:\/\/www.muzeusm.ro\/wp-content\/uploads\/2020\/02\/86974806_719705535464377_1843602896352968704_n-225x300.jpg\" alt=\"\" width=\"225\" height=\"300\" \/><\/a> <a href=\"http:\/\/www.muzeusm.ro\/wp-content\/uploads\/2020\/02\/87001438_617755135436729_8854306944513474560_n.jpg\"><img loading=\"lazy\" decoding=\"async\" class=\"alignnone size-medium wp-image-6218\" src=\"http:\/\/www.muzeusm.ro\/wp-content\/uploads\/2020\/02\/87001438_617755135436729_8854306944513474560_n-225x300.jpg\" alt=\"\" width=\"225\" height=\"300\" \/><\/a> <a href=\"http:\/\/www.muzeusm.ro\/wp-content\/uploads\/2020\/02\/87202651_128561381816175_2713627699879870464_n.jpg\"><img loading=\"lazy\" decoding=\"async\" class=\"alignnone size-medium wp-image-6219\" src=\"http:\/\/www.muzeusm.ro\/wp-content\/uploads\/2020\/02\/87202651_128561381816175_2713627699879870464_n-145x300.jpg\" alt=\"\" width=\"145\" height=\"300\" \/><\/a><\/p>\n","protected":false},"excerpt":{"rendered":"<p>O nou\u0103 ac\u021biune din cadrul proiectului &#8220;&#8221;Vestigii \u00een culori divine&#8221;, s-a desf\u0103\u0219urat azi, 18 februarie 2020 la sediul Muzeului Jude\u021bean Satu Mare. Elevi de la \u0218coala Gimnazial\u0103 &#8220;Ion Creang\u0103&#8221; au preg\u0103tit m\u0103r\u021bi\u0219oare pentru o ac\u021biune caritabil\u0103, care va avea loc la Shopping City Satu Mare. Banii rezulta\u021bi vor fi dona\u021bi la c\u00e2teva case de tip<a class=\"more-link\" href=\"https:\/\/muzeusm.ro\/hu\/o-noua-actiune-din-cadrul-proiectului-vestigii-in-culori-divine\/\">Continue reading <span class=\"screen-reader-text\">&#8220;O nou\u0103 ac\u021biune din cadrul proiectului &#8220;Vestigii \u00een culori divine&#8221;&#8221;<\/span><\/a><\/p>\n","protected":false},"author":245723485,"featured_media":0,"comment_status":"open","ping_status":"open","sticky":false,"template":"","format":"standard","meta":{"_coblocks_attr":"","_coblocks_dimensions":"","_coblocks_responsive_height":"","_coblocks_accordion_ie_support":"","advanced_seo_description":"","jetpack_seo_html_title":"","jetpack_seo_noindex":false,"jetpack_post_was_ever_published":false,"_jetpack_newsletter_access":"","_jetpack_dont_email_post_to_subs":false,"_jetpack_newsletter_tier_id":0,"_jetpack_memberships_contains_paywalled_content":false,"_jetpack_memberships_contains_paid_content":false,"footnotes":"","jetpack_publicize_message":"","jetpack_publicize_feature_enabled":true,"jetpack_social_post_already_shared":false,"jetpack_social_options":{"image_generator_settings":{"template":"highway","default_image_id":0,"font":"","enabled":false},"version":2}},"categories":[6498592],"tags":[],"class_list":["post-6209","post","type-post","status-publish","format-standard","hentry","category-actualitati","entry"],"translation":{"provider":"WPGlobus","version":"3.0.1","language":"hu","enabled_languages":["ro","hu","en"],"languages":{"ro":{"title":true,"content":true,"excerpt":false},"hu":{"title":false,"content":false,"excerpt":false},"en":{"title":false,"content":false,"excerpt":false}}},"jetpack_publicize_connections":[],"jetpack_featured_media_url":"","jetpack_likes_enabled":true,"jetpack-related-posts":[{"id":6068,"url":"https:\/\/muzeusm.ro\/hu\/vestigii-in-culori-divine-octombrie-2019-mai-2020\/","url_meta":{"origin":6209,"position":0},"title":"\u201eVESTIGII  \u00ceN CULORI  DIVINE\u201d &#8211; Octombrie 2019 &#8211; Mai 2020","author":"Popdan Bradut","date":"4 February 2020","format":false,"excerpt":"Muzeul Jude\u021bean Satu Mare \u00een parteneriat cu \u0218coala Gimnazial\u0103 \u201eIon Creang\u0103\u201d Satu Mare, Palatul Copiilor Satu Mare \u0219i Biserica Ortodox\u0103 \u201eBunavestire\u201d Satu Mare, deruleaz\u0103 \u00een perioada noiembrie 2019- mai 2020 proiectul :\u201eVESTIGII\u00a0 \u00ceN CULORI\u00a0 DIVINE\u201d. Organizatorii \u00ee\u0219i propun ca prin activit\u0103\u0163ile desf\u0103\u015furate s\u0103 aduc\u0103 \u00een \u00a0via\u021ba copiilor, tradi\u021bia, istoria local\u0103,\u2026","rel":"","context":"In &quot;actualitati&quot;","block_context":{"text":"actualitati","link":"https:\/\/muzeusm.ro\/hu\/category\/actualitati\/"},"img":{"alt_text":"","src":"https:\/\/i0.wp.com\/www.muzeusm.ro\/wp-content\/uploads\/2020\/02\/IMG_20200203_111153-225x300.jpg?resize=350%2C200","width":350,"height":200},"classes":[]},{"id":11073,"url":"https:\/\/muzeusm.ro\/hu\/sfintele-pasti-la-muzeu-vestigii-in-culori-divine-expozitii-de-icoane-pe-sticla\/","url_meta":{"origin":6209,"position":1},"title":"\u201eSfintele Pa\u0219ti la muzeu\u201d &#8211; \u201eVestigii \u00een culori divine\u201d","author":"Popdan Bradut","date":"13 April 2022","format":false,"excerpt":"Muzeul Jude\u021bean Satu Mare are pl\u0103cerea s\u0103 v\u0103 invite joi, 14 aprilie 2022, de la ora 13.00, la vernisajul expozi\u021biilor \u201eSfintele Pa\u0219ti la muzeu\u201d \u0219i \u201eVestigii \u00een culori divine\u201d. Expozi\u021bia cuprinde lucr\u0103ri realizate de elevii unit\u0103\u021bilor de \u00eenv\u0103\u021b\u0103m\u00e2nt partenere, \u00een cadrul atelierelor de crea\u021bie organizate de Alexandra Sima, educator muzeal,\u2026","rel":"","context":"In &quot;actualitati&quot;","block_context":{"text":"actualitati","link":"https:\/\/muzeusm.ro\/hu\/category\/actualitati\/"},"img":{"alt_text":"","src":"https:\/\/i0.wp.com\/www.muzeusm.ro\/wp-content\/uploads\/2022\/04\/VESTIGII-%C3%8EN-CULORI-DIVINE-1-212x300.jpg?resize=350%2C200","width":350,"height":200},"classes":[]},{"id":11080,"url":"https:\/\/muzeusm.ro\/hu\/vernisajul-expozitiei-sfintele-pasti-la-muzeu-instantanee\/","url_meta":{"origin":6209,"position":2},"title":"Vernisajul expozi\u021biei \u201eSfintele Pa\u0219ti la muzeu\u201d- instantanee","author":"Popdan Bradut","date":"14 April 2022","format":false,"excerpt":"Joi, 14 aprilie 2022, la sediul Muzeului Jude\u021bean Satu Mare a avut loc vernisajul expozi\u021biei de icoane \u201eSfintele Pa\u0219ti la muzeu\u201d \u0219i \u201eVestigii \u00een culori divine\u201d. Expozi\u021bia cuprinde lucr\u0103rile realizate de elevii care au participat la atelierele de pictur\u0103 \u00een perioada 2021-2022. \u00a0 \u00a0","rel":"","context":"In &quot;actualitati&quot;","block_context":{"text":"actualitati","link":"https:\/\/muzeusm.ro\/hu\/category\/actualitati\/"},"img":{"alt_text":"","src":"https:\/\/i0.wp.com\/www.muzeusm.ro\/wp-content\/uploads\/2022\/04\/1-1-200x300.jpg?resize=350%2C200","width":350,"height":200},"classes":[]},{"id":9593,"url":"https:\/\/muzeusm.ro\/hu\/vernisajul-expozitiei-de-icoanevestigii-in-culori-divine\/","url_meta":{"origin":6209,"position":3},"title":"Vernisajul expozi\u021biei de icoane\u201eVestigii \u00een culori divine\u201d","author":"Popdan Bradut","date":"26 April 2021","format":false,"excerpt":"","rel":"","context":"In &quot;actualitati&quot;","block_context":{"text":"actualitati","link":"https:\/\/muzeusm.ro\/hu\/category\/actualitati\/"},"img":{"alt_text":"","src":"https:\/\/i0.wp.com\/www.muzeusm.ro\/wp-content\/uploads\/2021\/04\/0B4A2643-1-199x300.jpg?resize=350%2C200","width":350,"height":200},"classes":[]},{"id":4120,"url":"https:\/\/muzeusm.ro\/hu\/proiecte-europene-actuale\/","url_meta":{"origin":6209,"position":4},"title":"Proiecte Europene","author":"norbertlorincz","date":"28 February 2019","format":false,"excerpt":"Descrierea Proiectelor Europene:\u00a0 I. Proiectul, \"Memories of Nations \u2013 Architectural and Social Heritage of Cooperatives\", ID. Proiect: \u00a0 ROHU00530, \u00a0Click pe acronim: MonArchitecture!\u00a0Pentru detalii legate de acest proiect! II. Proiectul \u201eEASYDOOR \u2013 Easing Access to Systemic Discovery of Our Origins and Resources\u201d. Proiect depus de Consiliul Jude\u021bean Satu Mare, \u00een\u2026","rel":"","context":"In &quot;Proiecte&quot;","block_context":{"text":"Proiecte","link":"https:\/\/muzeusm.ro\/hu\/category\/proiecte\/"},"img":{"alt_text":"","src":"","width":0,"height":0},"classes":[]},{"id":6281,"url":"https:\/\/muzeusm.ro\/hu\/actiune-de-pedagogie-muzeala-la-muzeul-judetean-satu-mare\/","url_meta":{"origin":6209,"position":5},"title":"Ac\u021biune de pedagogie muzeal\u0103 la Muzeul Jude\u021bean Satu Mare.","author":"Andrei Mocan Mihai","date":"25 February 2020","format":false,"excerpt":"O nou\u0103 ac\u021biune de pedagogie muzeal\u0103 a avut loc azi, 25 februarie 2020 la Muzeul Jude\u021bean Satu Mare, \u00een colaborare cu Liceul de Arte Aurel Popp. \u00cen cadrul activit\u0103\u021bii s-au pictat m\u0103r\u021bi\u0219oare pentru toate doamnele de la Centrul de \u00cengrijire \u0219i Asisten\u021b\u0103 \"\u0218ansa\" Satu Mare.","rel":"","context":"In &quot;actualitati&quot;","block_context":{"text":"actualitati","link":"https:\/\/muzeusm.ro\/hu\/category\/actualitati\/"},"img":{"alt_text":"","src":"https:\/\/i0.wp.com\/www.muzeusm.ro\/wp-content\/uploads\/2020\/02\/87450512_2516836398634711_9133939358779310080_n-225x300.jpg?resize=350%2C200","width":350,"height":200},"classes":[]}],"jetpack_sharing_enabled":true,"jetpack_shortlink":"https:\/\/wp.me\/pfvnyQ-1C9","_links":{"self":[{"href":"https:\/\/muzeusm.ro\/hu\/wp-json\/wp\/v2\/posts\/6209","targetHints":{"allow":["GET"]}}],"collection":[{"href":"https:\/\/muzeusm.ro\/hu\/wp-json\/wp\/v2\/posts"}],"about":[{"href":"https:\/\/muzeusm.ro\/hu\/wp-json\/wp\/v2\/types\/post"}],"author":[{"embeddable":true,"href":"https:\/\/muzeusm.ro\/hu\/wp-json\/wp\/v2\/users\/245723485"}],"replies":[{"embeddable":true,"href":"https:\/\/muzeusm.ro\/hu\/wp-json\/wp\/v2\/comments?post=6209"}],"version-history":[{"count":0,"href":"https:\/\/muzeusm.ro\/hu\/wp-json\/wp\/v2\/posts\/6209\/revisions"}],"wp:attachment":[{"href":"https:\/\/muzeusm.ro\/hu\/wp-json\/wp\/v2\/media?parent=6209"}],"wp:term":[{"taxonomy":"category","embeddable":true,"href":"https:\/\/muzeusm.ro\/hu\/wp-json\/wp\/v2\/categories?post=6209"},{"taxonomy":"post_tag","embeddable":true,"href":"https:\/\/muzeusm.ro\/hu\/wp-json\/wp\/v2\/tags?post=6209"}],"curies":[{"name":"wp","href":"https:\/\/api.w.org\/{rel}","templated":true}]}}