{"id":6128,"date":"2020-02-11T12:51:20","date_gmt":"2020-02-11T12:51:20","guid":{"rendered":"http:\/\/www.muzeusm.ro\/?p=6128"},"modified":"2020-02-11T12:51:20","modified_gmt":"2020-02-11T12:51:20","slug":"expozitie-itineranta-bienala-carpatica-de-grafica-pentru-copii-si-tineret","status":"publish","type":"post","link":"https:\/\/muzeusm.ro\/hu\/expozitie-itineranta-bienala-carpatica-de-grafica-pentru-copii-si-tineret\/","title":{"rendered":"Expozi\u021bie itinerant\u0103 &#8221;Bienala Carpatic\u0103 de Grafic\u0103 pentru Copii \u0219i Tineret&#8221;"},"content":{"rendered":"<p>Muzeul Jude\u0163ean Satu Mare este partenerul concursului interna\u0163ional &#8220;&#8216;Bienala Carpatic\u0103 de Grafic\u0103 pentru Copii \u015fi Tineret&#8221;&#8216;. Organizatorul principal al acestui<span class=\"text_exposed_show\">\u00a0concurs este Muzeul Arhitecturii \u015fi Civiliza\u0163iei Populare din Ujgorod, \u00eempreun\u0103 cu partenerii: Muzeul Jude\u0163ean Satu Mare (Rom\u00e2nia);Centrul pentru Cultur\u0103 din Przemy\u015bl (Polonia); Centrul pentru ini\u021biative Culturale \u0219i de Art\u0103, Lviv (Ucraina), Muzeul Vygorlat, Humenne (Slovacia); Centrul de Cultur\u0103 \u0219i Art\u0103, Eger (Ungaria).<\/span><\/p>\n<div class=\"text_exposed_show\">\n<p>\u00a0 \u00a0Scopul \u0219i obiectivele proiectului: &#8220;&#8216;Bienala Carpatic\u0103 de Grafic\u0103 pentru Copii \u0219i Tineret&#8221; a fost ini\u021biat\u0103 de Centrul Cultural din Przemy\u015bl \u0219i Centrul de Educa\u021bie Vyhorlat din Humenne (Slovacia), \u00een scopul de a promova \u0219i sus\u021bine arta grafic\u0103 ca form\u0103 \u00een art\u0103, \u00eentre copiii \u0219i tinerii din \u021b\u0103rile concurente care unesc Carpa\u0163ii, sub forma unui concurs interna\u0163ional, precum \u015fi a realiz\u0103rii ale unor ateliere creative de mai multe zile \u015fi expozi\u0163ii. Evenimentele sunt organizate la fiecare doi ani cu participarea partenerilor din Ucraina, Slovacia, Polonia, Ungaria, Rom\u00e2nia.<\/p>\n<p>Proiectul reune\u0219te copiii \u015fi tinerii graficieni, dezvolt\u0103 abilit\u0103\u021bile acestora, le \u00eembog\u0103\u021be\u0219te creativitatea, \u00eei ajut\u0103 reciproc cu ajutorul dialogului cultural interna\u021bional s\u0103 se cunoasc\u0103 mai bine.<\/p>\n<p><a href=\"http:\/\/www.muzeusm.ro\/wp-content\/uploads\/2020\/02\/ujg-liuba.jpg\"><img loading=\"lazy\" decoding=\"async\" class=\"alignnone size-medium wp-image-6129\" src=\"http:\/\/www.muzeusm.ro\/wp-content\/uploads\/2020\/02\/ujg-liuba-212x300.jpg\" alt=\"\" width=\"212\" height=\"300\" \/><\/a><\/p>\n<\/div>\n","protected":false},"excerpt":{"rendered":"<p>Muzeul Jude\u0163ean Satu Mare este partenerul concursului interna\u0163ional &#8220;&#8216;Bienala Carpatic\u0103 de Grafic\u0103 pentru Copii \u015fi Tineret&#8221;&#8216;. Organizatorul principal al acestui\u00a0concurs este Muzeul Arhitecturii \u015fi Civiliza\u0163iei Populare din Ujgorod, \u00eempreun\u0103 cu partenerii: Muzeul Jude\u0163ean Satu Mare (Rom\u00e2nia);Centrul pentru Cultur\u0103 din Przemy\u015bl (Polonia); Centrul pentru ini\u021biative Culturale \u0219i de Art\u0103, Lviv (Ucraina), Muzeul Vygorlat, Humenne (Slovacia); Centrul<a class=\"more-link\" href=\"https:\/\/muzeusm.ro\/hu\/expozitie-itineranta-bienala-carpatica-de-grafica-pentru-copii-si-tineret\/\">Continue reading <span class=\"screen-reader-text\">&#8220;Expozi\u021bie itinerant\u0103 &#8221;Bienala Carpatic\u0103 de Grafic\u0103 pentru Copii \u0219i Tineret&#8221;&#8221;<\/span><\/a><\/p>\n","protected":false},"author":245723485,"featured_media":0,"comment_status":"open","ping_status":"open","sticky":false,"template":"","format":"standard","meta":{"_coblocks_attr":"","_coblocks_dimensions":"","_coblocks_responsive_height":"","_coblocks_accordion_ie_support":"","advanced_seo_description":"","jetpack_seo_html_title":"","jetpack_seo_noindex":false,"jetpack_post_was_ever_published":false,"_jetpack_newsletter_access":"","_jetpack_dont_email_post_to_subs":false,"_jetpack_newsletter_tier_id":0,"_jetpack_memberships_contains_paywalled_content":false,"_jetpack_memberships_contains_paid_content":false,"footnotes":"","jetpack_publicize_message":"","jetpack_publicize_feature_enabled":true,"jetpack_social_post_already_shared":false,"jetpack_social_options":{"image_generator_settings":{"template":"highway","default_image_id":0,"font":"","enabled":false},"version":2}},"categories":[6498592],"tags":[],"class_list":["post-6128","post","type-post","status-publish","format-standard","hentry","category-actualitati","entry"],"translation":{"provider":"WPGlobus","version":"3.0.1","language":"hu","enabled_languages":["ro","hu","en"],"languages":{"ro":{"title":true,"content":true,"excerpt":false},"hu":{"title":false,"content":false,"excerpt":false},"en":{"title":false,"content":false,"excerpt":false}}},"jetpack_publicize_connections":[],"jetpack_featured_media_url":"","jetpack_likes_enabled":true,"jetpack-related-posts":[{"id":13260,"url":"https:\/\/muzeusm.ro\/hu\/a-12-a-bienala-carpatica-de-grafica-gravura-pentru-copii-si-tineret-slovacia-ungaria-romania-polonia-ucrainaa-12-karpati-gyermek-es-ifjusagi-grafikai-metszet-biennale-szlovakia\/","url_meta":{"origin":6128,"position":0},"title":"A 12-a BIENAL\u0102 CARPATIC\u0102 DE GRAFIC\u0102 (GRAVUR\u0102) PENTRU COPII \u015eI TINERET (Slovacia- Ungaria \u2013 Rom\u00e2nia &#8211; Polonia -Ucraina\/A 12. K\u00c1RP\u00c1TI GYERMEK \u00c9S IFJ\u00daS\u00c1GI GRAFIKAI (METSZET) BIENN\u00c1L\u00c9 (Szlov\u00e1kia &#8211; Magyarorsz\u00e1g &#8211; Rom\u00e1nia &#8211; Lengyelorsz\u00e1g &#8211; Ukrajna))\/","author":"Popdan Bradut","date":"30 January 2024","format":false,"excerpt":"RO:Organizator \u00een anul 2023: Muzeul Virholat din Humenne (Slovacia) Co-organizatori: Centru cultural din Przemy\u015bl (Polonia), Muzeul de Arhitectur\u0103 \u0219i Civiliza\u0163ie Popular\u0103 a regiunii Transcarpatia\u00a0 din Ujgorod (Ucraina), Muzeul Jude\u021bean din Satu Mare (Rom\u00e2nia) Bienala Carpatic\u0103 de Grafic\u0103 pentru Copii \u0219i Tineret a devenit o punte de unitate pentru dialogul artistic\u2026","rel":"","context":"In &quot;actualitati&quot;","block_context":{"text":"actualitati","link":"https:\/\/muzeusm.ro\/hu\/category\/actualitati\/"},"img":{"alt_text":"","src":"","width":0,"height":0},"classes":[]},{"id":6159,"url":"https:\/\/muzeusm.ro\/hu\/bienala-carpatica-de-grafica-pentru-copii-si-tineret-vernisaj\/","url_meta":{"origin":6128,"position":1},"title":"\u201dBienala Carpatic\u0103 de Grafic\u0103 pentru Copii \u0219i Tineret\u201d &#8211; Vernisaj","author":"Popdan Bradut","date":"14 February 2020","format":false,"excerpt":"","rel":"","context":"In &quot;actualitati&quot;","block_context":{"text":"actualitati","link":"https:\/\/muzeusm.ro\/hu\/category\/actualitati\/"},"img":{"alt_text":"","src":"https:\/\/i0.wp.com\/www.muzeusm.ro\/wp-content\/uploads\/2020\/02\/MG_7169-300x200.jpg?resize=350%2C200","width":350,"height":200},"classes":[]},{"id":10529,"url":"https:\/\/muzeusm.ro\/hu\/bienala-de-arta-contemporana-albnegru\/","url_meta":{"origin":6128,"position":2},"title":"Bienala de art\u0103 contemporan\u0103  ALB\/NEGRU","author":"Popdan Bradut","date":"25 November 2021","format":false,"excerpt":"Vineri 26 noiembrie 2021, \u00eencep\u00e2nd cu ora 17, Sec\u021bia de Art\u0103 a Muzeului Jude\u021bean Satu Mare \u00eempreun\u0103 cu Casa de Cultur\u0103 G. M. Zamfirescu v\u0103 invit\u0103 la un dublu eveniment: bi \u2013 Bienala Alb Negru, manifestare cultural\u0103 de art\u0103 contemporan\u0103, deja consacrat\u0103. Edi\u021bia 2019, reprogramat\u0103 pentru 2021, cu tema Dup\u0103\u2026","rel":"","context":"In &quot;actualitati&quot;","block_context":{"text":"actualitati","link":"https:\/\/muzeusm.ro\/hu\/category\/actualitati\/"},"img":{"alt_text":"","src":"https:\/\/i0.wp.com\/www.muzeusm.ro\/wp-content\/uploads\/2021\/11\/WhatsApp-Image-2021-11-25-at-08.45.38-212x300.jpeg?resize=350%2C200","width":350,"height":200},"classes":[]},{"id":11066,"url":"https:\/\/muzeusm.ro\/hu\/intre-lumi-expozitie-de-arta-vizuala\/","url_meta":{"origin":6128,"position":3},"title":"\u201e\u00ceNTRE LUMI\u201d &#8211; Expozi\u021bie de art\u0103 vizual\u0103","author":"Popdan Bradut","date":"13 April 2022","format":false,"excerpt":"\u201e\u00ceNTRE LUMI\u201d- expozi\u021bia unei prestigioase familii de arti\u0219ti bra\u0219oveni, fiecare\u00a0 cu\u00a0 viziunea sa despre aceast\u0103 lume sau despre lumi imaginare . Subiectele, temele tratate, sunt diferite \u00eentre membrii familiei, dar\u00a0 preocup\u0103rile-proiectele acelea\u0219i, dovad\u0103 fiind \u201e Bienala albastr\u0103\u201d- bienal\u0103 interna\u021bional\u0103 de Arte Vizuale , ce de dou\u0103 edi\u021bii inund\u0103 spa\u021biile cultural-artistice\u2026","rel":"","context":"In &quot;actualitati&quot;","block_context":{"text":"actualitati","link":"https:\/\/muzeusm.ro\/hu\/category\/actualitati\/"},"img":{"alt_text":"","src":"","width":0,"height":0},"classes":[]},{"id":3725,"url":"https:\/\/muzeusm.ro\/hu\/expo-foto-comorile-romaniei-ilie-tudorel\/","url_meta":{"origin":6128,"position":4},"title":"Expo foto, \u201eCOMORILE  ROM\u00c2NIEI\u201d- Ilie Tudorel","author":"norbertlorincz","date":"27 September 2018","format":false,"excerpt":"Expozi\u0163ia de art\u0103 fotografic\u0103 \u201eComorile Rom\u00e2niei\u201d este o expozi\u0163ie-eveniment dedicat\u0103 Centenarului Marii Uniri de la 1918 \u015fi Anului European al Patrimoniului Cultural, care \u00ee\u015fi propune s\u0103 promoveze \u00een r\u00e2ndul iubitorilor de cultur\u0103 din \u0163ar\u0103 \u015fi din str\u0103in\u0103tate cele mai importante valori ale patrimoniului cultural din Rom\u00e2nia. Turneul na\u0163ional al expozi\u0163iei\u2026","rel":"","context":"In &quot;actualitati&quot;","block_context":{"text":"actualitati","link":"https:\/\/muzeusm.ro\/hu\/category\/actualitati\/"},"img":{"alt_text":"","src":"https:\/\/i0.wp.com\/www.muzeusm.ro\/wp-content\/uploads\/2018\/09\/AFIS-OK-Expozitie-Comorile-Romaniei-SATU-MARE-215x300.jpg?resize=350%2C200","width":350,"height":200},"classes":[]},{"id":16937,"url":"https:\/\/muzeusm.ro\/hu\/un-secol-de-arte-frumoase-la-baia-mare-la-muzeul-de-arta-satu-mare\/","url_meta":{"origin":6128,"position":5},"title":"\u201eA sz\u00e9pm\u0171v\u00e9szet \u00e9vsz\u00e1zada Nagyb\u00e1ny\u00e1n\u201d &#8211; a Szatm\u00e1rn\u00e9meti M\u0171v\u00e9szeti M\u00fazeumban","author":"Kov\u00e1cs Zsolt","date":"13 August 2025","format":false,"excerpt":"{:ro} Expozi\u021bia \u201eUn secol de arte frumoase la Baia Mare\" continu\u0103 s\u0103 \u00eenc\u00e2nte \u0219i va fi itinerat\u0103 la Muzeul de Art\u0103 Satu Mare! Muzeul Jude\u021bean Satu Mare al\u0103turi de Consiliul Jude\u021bean Satu Mare \u0219i Muzeul Jude\u021bean de Art\u0103 \u00abCentrul Artistic Baia Mare\u00bb , institu\u021bie sub egida Consiliului Jude\u021bean Maramure\u0219, v\u0103\u2026","rel":"","context":"In &quot;actualitati&quot;","block_context":{"text":"actualitati","link":"https:\/\/muzeusm.ro\/hu\/category\/actualitati\/"},"img":{"alt_text":"","src":"https:\/\/i0.wp.com\/muzeusm.ro\/wp-content\/uploads\/2025\/08\/532258282_1357738703020595_6890978094626773901_n.jpg?resize=350%2C200&ssl=1","width":350,"height":200,"srcset":"https:\/\/i0.wp.com\/muzeusm.ro\/wp-content\/uploads\/2025\/08\/532258282_1357738703020595_6890978094626773901_n.jpg?resize=350%2C200&ssl=1 1x, https:\/\/i0.wp.com\/muzeusm.ro\/wp-content\/uploads\/2025\/08\/532258282_1357738703020595_6890978094626773901_n.jpg?resize=525%2C300&ssl=1 1.5x, https:\/\/i0.wp.com\/muzeusm.ro\/wp-content\/uploads\/2025\/08\/532258282_1357738703020595_6890978094626773901_n.jpg?resize=700%2C400&ssl=1 2x, https:\/\/i0.wp.com\/muzeusm.ro\/wp-content\/uploads\/2025\/08\/532258282_1357738703020595_6890978094626773901_n.jpg?resize=1050%2C600&ssl=1 3x, https:\/\/i0.wp.com\/muzeusm.ro\/wp-content\/uploads\/2025\/08\/532258282_1357738703020595_6890978094626773901_n.jpg?resize=1400%2C800&ssl=1 4x"},"classes":[]}],"jetpack_sharing_enabled":true,"jetpack_shortlink":"https:\/\/wp.me\/pfvnyQ-1AQ","_links":{"self":[{"href":"https:\/\/muzeusm.ro\/hu\/wp-json\/wp\/v2\/posts\/6128","targetHints":{"allow":["GET"]}}],"collection":[{"href":"https:\/\/muzeusm.ro\/hu\/wp-json\/wp\/v2\/posts"}],"about":[{"href":"https:\/\/muzeusm.ro\/hu\/wp-json\/wp\/v2\/types\/post"}],"author":[{"embeddable":true,"href":"https:\/\/muzeusm.ro\/hu\/wp-json\/wp\/v2\/users\/245723485"}],"replies":[{"embeddable":true,"href":"https:\/\/muzeusm.ro\/hu\/wp-json\/wp\/v2\/comments?post=6128"}],"version-history":[{"count":0,"href":"https:\/\/muzeusm.ro\/hu\/wp-json\/wp\/v2\/posts\/6128\/revisions"}],"wp:attachment":[{"href":"https:\/\/muzeusm.ro\/hu\/wp-json\/wp\/v2\/media?parent=6128"}],"wp:term":[{"taxonomy":"category","embeddable":true,"href":"https:\/\/muzeusm.ro\/hu\/wp-json\/wp\/v2\/categories?post=6128"},{"taxonomy":"post_tag","embeddable":true,"href":"https:\/\/muzeusm.ro\/hu\/wp-json\/wp\/v2\/tags?post=6128"}],"curies":[{"name":"wp","href":"https:\/\/api.w.org\/{rel}","templated":true}]}}