{"id":5825,"date":"2019-12-10T11:16:27","date_gmt":"2019-12-10T11:16:27","guid":{"rendered":"http:\/\/www.muzeusm.ro\/?p=5825"},"modified":"2019-12-10T11:16:27","modified_gmt":"2019-12-10T11:16:27","slug":"eveniment-cm-creation-de-mode-1-year-celebration","status":"publish","type":"post","link":"https:\/\/muzeusm.ro\/hu\/eveniment-cm-creation-de-mode-1-year-celebration\/","title":{"rendered":"Eveniment: &#8220;CM &#8211; cr\u00e9ation de mode&#8221; 1 Year Celebration"},"content":{"rendered":"<p><em>&#8220;CM &#8211; cr\u00e9ation de mode&#8221;, <\/em>\u00een colaborare cu Muzeul Jude\u021bean Satu Mare, are pl\u0103cerea s\u0103 v\u0103 invite \u00een data de mar\u021bi 17 decembrie, ora 19:00 la Muzeul Jude\u021bean Satu Mare, bld. Vasile Lucaciu 21, s\u0103 ne fi\u021bi al\u0103turi la celebrarea primului an de activitate. <!--more-->Este un eveniment de mod\u0103 care este g\u00e2ndit \u0219i destinat at\u00e2t clien\u021bilor, c\u00e2t \u0219i colaboratorilor brandului, \u00eentr-un moment festiv \u0219i \u00eentr-o manier\u0103 inedit\u0103.<\/p>\n<p>V\u0103 a\u0219tept\u0103m cu drag!<\/p>\n<p style=\"text-align: left;\">Intrarea este liber\u0103!<\/p>\n<p style=\"text-align: left;\"><a href=\"http:\/\/www.muzeusm.ro\/wp-content\/uploads\/2019\/12\/first-year-afis.jpg\"><img loading=\"lazy\" decoding=\"async\" class=\"alignnone size-medium wp-image-5826\" src=\"http:\/\/www.muzeusm.ro\/wp-content\/uploads\/2019\/12\/first-year-afis-300x213.jpg\" alt=\"\" width=\"300\" height=\"213\" \/><\/a><\/p>\n","protected":false},"excerpt":{"rendered":"<p>&#8220;CM &#8211; cr\u00e9ation de mode&#8221;, \u00een colaborare cu Muzeul Jude\u021bean Satu Mare, are pl\u0103cerea s\u0103 v\u0103 invite \u00een data de mar\u021bi 17 decembrie, ora 19:00 la Muzeul Jude\u021bean Satu Mare, bld. Vasile Lucaciu 21, s\u0103 ne fi\u021bi al\u0103turi la celebrarea primului an de activitate.<\/p>\n","protected":false},"author":243833644,"featured_media":0,"comment_status":"open","ping_status":"open","sticky":false,"template":"","format":"standard","meta":{"_coblocks_attr":"","_coblocks_dimensions":"","_coblocks_responsive_height":"","_coblocks_accordion_ie_support":"","advanced_seo_description":"","jetpack_seo_html_title":"","jetpack_seo_noindex":false,"jetpack_post_was_ever_published":false,"_jetpack_newsletter_access":"","_jetpack_dont_email_post_to_subs":false,"_jetpack_newsletter_tier_id":0,"_jetpack_memberships_contains_paywalled_content":false,"_jetpack_memberships_contains_paid_content":false,"footnotes":"","jetpack_publicize_message":"","jetpack_publicize_feature_enabled":true,"jetpack_social_post_already_shared":false,"jetpack_social_options":{"image_generator_settings":{"template":"highway","default_image_id":0,"font":"","enabled":false},"version":2}},"categories":[6498592],"tags":[],"class_list":["post-5825","post","type-post","status-publish","format-standard","hentry","category-actualitati","entry"],"translation":{"provider":"WPGlobus","version":"3.0.1","language":"hu","enabled_languages":["ro","hu","en"],"languages":{"ro":{"title":true,"content":true,"excerpt":false},"hu":{"title":false,"content":false,"excerpt":false},"en":{"title":false,"content":false,"excerpt":false}}},"jetpack_publicize_connections":[],"jetpack_featured_media_url":"","jetpack_likes_enabled":true,"jetpack-related-posts":[{"id":3150,"url":"https:\/\/muzeusm.ro\/hu\/sesiunea-de-comunicari-stiintifice-1918-sfarsit-si-inceput-de-drum-transformari-geopolitice-in-europa-centrala-si-de-est\/","url_meta":{"origin":5825,"position":0},"title":"Sesiunea de Comunic\u0103ri \u015etiin\u0163ifice \u201e1918 \u2013 SF\u00c2R\u015eIT \u015eI \u00ceNCEPUT DE DRUM. TRANSFORM\u0102RI GEOPOLITICE \u00ceN EUROPA CENTRAL\u0102 \u015eI DE EST\u201d","author":"Dobrescu Adela Catalina","date":"17 April 2018","format":false,"excerpt":"Sesiunea de Comunic\u0103ri \u015etiin\u0163ifice\u00a0\u201e1918 \u2013 SF\u00c2R\u015eIT \u015eI \u00ceNCEPUT DE DRUM. TRANSFORM\u0102RI GEOPOLITICE \u00ceN EUROPA CENTRAL\u0102 \u015eI DE EST\u201d Muzeul Jude\u0163ean Satu Mare, \u00een cadrul evenimentelor dedicate Anului Centenar, organizeaz\u0103 Sesiunea de comunic\u0103ri \u015ftiin\u0163ifice intitulat\u0103 \u201e1918 \u2013 Sf\u00e2r\u015fit \u015fi \u00eenceput de drum. Transform\u0103ri geopolitice \u00een Europa Central\u0103 \u015fi de Est\u201d, eveniment\u2026","rel":"","context":"In &quot;actualitati&quot;","block_context":{"text":"actualitati","link":"https:\/\/muzeusm.ro\/hu\/category\/actualitati\/"},"img":{"alt_text":"","src":"https:\/\/i0.wp.com\/www.muzeusm.ro\/wp-content\/uploads\/2018\/04\/afis-conf-unire-207x300.jpg?resize=350%2C200","width":350,"height":200},"classes":[]},{"id":1892,"url":"https:\/\/muzeusm.ro\/hu\/1892-2\/","url_meta":{"origin":5825,"position":1},"title":"Muzeul Jude\u0163ean Satu Mare \u00een\u2026","author":"Dobrescu Adela Catalina","date":"5 October 2016","format":false,"excerpt":"Muzeul Jude\u0163ean Satu Mare \u00een colaborare cu Muzeul Na\u0163ional al Literaturii Rom\u00e2ne Bucure\u015fti, v\u0103 invit\u0103 s\u0103 participa\u0163i la vernisajul unei expozi\u0163ii deosebite : \u201eO istorie insolit\u0103 a manuscrisului rom\u0103nesc\u201d Expozi\u0163ia prezentat\u0103 de doamna Eugenia Oprescu - \u015eef Sec\u0163ie Patrimoniu la Muzeul Na\u0163ional al Literaturii Rom\u00e2ne Bucure\u015fti, se va bucura \u015fi\u2026","rel":"","context":"In &quot;actualitati&quot;","block_context":{"text":"actualitati","link":"https:\/\/muzeusm.ro\/hu\/category\/actualitati\/"},"img":{"alt_text":"afis2","src":"https:\/\/i0.wp.com\/www.muzeusm.ro\/wp-content\/uploads\/2016\/10\/afis2-214x300.jpg?resize=350%2C200","width":350,"height":200},"classes":[]},{"id":2388,"url":"https:\/\/muzeusm.ro\/hu\/2388-2\/","url_meta":{"origin":5825,"position":2},"title":"Eveniment","author":"Dobrescu Adela Catalina","date":"30 May 2017","format":false,"excerpt":"Muzeul Jude\u0163ean Satu Mare, are pl\u0103cerea s\u0103 v\u0103 invite s\u0103 participa\u0163i la evenimentele organizate cu prilejul Zilei Interna\u0163ionale a Copilului Miercuri 31 mai 2017, ora 14.00, la Sec\u0163ia de Art\u0103 a Muzeului Jude\u0163ean Satu Mare (P-\u0163a Libert\u0103\u0163ii nr 21), se va desf\u0103\u015fura\u00a0 a III- a edi\u021bie a \u201eGaleriei copiilor\u201d. Vor\u2026","rel":"","context":"In &quot;actualitati&quot;","block_context":{"text":"actualitati","link":"https:\/\/muzeusm.ro\/hu\/category\/actualitati\/"},"img":{"alt_text":"","src":"https:\/\/i0.wp.com\/www.muzeusm.ro\/wp-content\/uploads\/2017\/05\/Lumea-mea-213x300.jpg?resize=350%2C200","width":350,"height":200},"classes":[]},{"id":12390,"url":"https:\/\/muzeusm.ro\/hu\/muzeului-judetean-satu-mare-i-se-confera-medalia-aniversara-centenarul-marii-uniri\/","url_meta":{"origin":5825,"position":3},"title":"Muzeului Jude\u021bean Satu Mare i se confer\u0103 Medalia Aniversar\u0103 \u201eCentenarul Marii Uniri\u201d","author":"Popdan Bradut","date":"26 April 2023","format":false,"excerpt":"\u00cen data de 25.04.2023 Ministrul culturii, domnul Lucian Roma\u0219canu ne-a \u00eenm\u00e2nat medalia aniversar\u0103, Centenarul Marii Uniri, conferit\u0103 de Pre\u0219edin\u021bia Rom\u00e2niei pentru Muzeul Jude\u021bean Satu Mare. Mul\u021bumiri Guvernului Rom\u00e2niei \u0219i Consiliului Jude\u021bean Satu Mare pentru finan\u021bare \u0219i pre\u0219edintelui Pataki Csaba pentru colaborare! Felicit\u0103ri angaja\u021bilor din muzeu pentru activit\u0103\u021bi! Felicit\u0103ri colegilor din\u2026","rel":"","context":"In &quot;actualitati&quot;","block_context":{"text":"actualitati","link":"https:\/\/muzeusm.ro\/hu\/category\/actualitati\/"},"img":{"alt_text":"","src":"","width":0,"height":0},"classes":[]},{"id":3518,"url":"https:\/\/muzeusm.ro\/hu\/expozitia-atelier\/","url_meta":{"origin":5825,"position":4},"title":"Expozi\u021bia \u201eATELIER\u201d","author":"Dobrescu Adela Catalina","date":"28 June 2018","format":false,"excerpt":"Muzeul Jude\u0163ean Satu Mare - Sec\u0163ia de Art\u0103 \u00een colaborare cu Centrul Cultural \u201eG.M.Zamfirescu\u201d v\u0103 invit\u0103 s\u0103 participa\u0163i la vernisajul expozi\u0163iei de art\u0103 plastic\u0103 :\u201eATELIER\u201d. \u00a0 Expozi\u0163ia aflat\u0103 la cea de a VI-a edi\u0163ie, aduce \u00een fa\u0163a iubitorilor de art\u0103 plastic\u0103, ultimele crea\u0163ii ale arti\u015ftilor de la \u201eStudiourile de crea\u0163ie\u2026","rel":"","context":"In &quot;actualitati&quot;","block_context":{"text":"actualitati","link":"https:\/\/muzeusm.ro\/hu\/category\/actualitati\/"},"img":{"alt_text":"","src":"https:\/\/i0.wp.com\/www.muzeusm.ro\/wp-content\/uploads\/2018\/06\/ATELIER2018a-212x300.jpg?resize=350%2C200","width":350,"height":200},"classes":[]},{"id":15546,"url":"https:\/\/muzeusm.ro\/hu\/simpozionul-international-relatii-romano-ucrainene-istorie-si-contemporaneitate-2\/","url_meta":{"origin":5825,"position":5},"title":"Simpozionul interna\u021bional \u201dRela\u021bii rom\u00e2no-ucrainene. Istorie \u0219i contemporaneitate\u201d","author":"Kov\u00e1cs Zsolt","date":"28 October 2024","format":false,"excerpt":"Ajuns la cea de a XII-a edi\u021bie, simpozionul interna\u021bional \u201dRela\u021bii rom\u00e2no-ucrainene. Istorie \u0219i contemporaneitate\u201d, care va avea loc \u00een zilele de 30-31 octombrie 2024, la Muzeul Jude\u021bean Satu Mare, \u00a0este\u00a0 rezultatul colabor\u0103rii \u0219tiin\u021bifice \u00eentre istorici, arheologi, etnologi, lingvi\u0219ti, sociologi politologi, \u00a0speciali\u0219ti \u00een rela\u021biile interna\u021bionale ale Uniunii Ucrainenilor din Rom\u00e2nia \u0219i\u2026","rel":"","context":"In &quot;actualitati&quot;","block_context":{"text":"actualitati","link":"https:\/\/muzeusm.ro\/hu\/category\/actualitati\/"},"img":{"alt_text":"","src":"https:\/\/i0.wp.com\/muzeusm.ro\/wp-content\/uploads\/2024\/10\/Afis-Sesiune-RO-UKR.jpeg?resize=350%2C200&ssl=1","width":350,"height":200,"srcset":"https:\/\/i0.wp.com\/muzeusm.ro\/wp-content\/uploads\/2024\/10\/Afis-Sesiune-RO-UKR.jpeg?resize=350%2C200&ssl=1 1x, https:\/\/i0.wp.com\/muzeusm.ro\/wp-content\/uploads\/2024\/10\/Afis-Sesiune-RO-UKR.jpeg?resize=525%2C300&ssl=1 1.5x, https:\/\/i0.wp.com\/muzeusm.ro\/wp-content\/uploads\/2024\/10\/Afis-Sesiune-RO-UKR.jpeg?resize=700%2C400&ssl=1 2x, https:\/\/i0.wp.com\/muzeusm.ro\/wp-content\/uploads\/2024\/10\/Afis-Sesiune-RO-UKR.jpeg?resize=1050%2C600&ssl=1 3x"},"classes":[]}],"jetpack_sharing_enabled":true,"jetpack_shortlink":"https:\/\/wp.me\/pfvnyQ-1vX","_links":{"self":[{"href":"https:\/\/muzeusm.ro\/hu\/wp-json\/wp\/v2\/posts\/5825","targetHints":{"allow":["GET"]}}],"collection":[{"href":"https:\/\/muzeusm.ro\/hu\/wp-json\/wp\/v2\/posts"}],"about":[{"href":"https:\/\/muzeusm.ro\/hu\/wp-json\/wp\/v2\/types\/post"}],"author":[{"embeddable":true,"href":"https:\/\/muzeusm.ro\/hu\/wp-json\/wp\/v2\/users\/243833644"}],"replies":[{"embeddable":true,"href":"https:\/\/muzeusm.ro\/hu\/wp-json\/wp\/v2\/comments?post=5825"}],"version-history":[{"count":0,"href":"https:\/\/muzeusm.ro\/hu\/wp-json\/wp\/v2\/posts\/5825\/revisions"}],"wp:attachment":[{"href":"https:\/\/muzeusm.ro\/hu\/wp-json\/wp\/v2\/media?parent=5825"}],"wp:term":[{"taxonomy":"category","embeddable":true,"href":"https:\/\/muzeusm.ro\/hu\/wp-json\/wp\/v2\/categories?post=5825"},{"taxonomy":"post_tag","embeddable":true,"href":"https:\/\/muzeusm.ro\/hu\/wp-json\/wp\/v2\/tags?post=5825"}],"curies":[{"name":"wp","href":"https:\/\/api.w.org\/{rel}","templated":true}]}}