{"id":5087,"date":"2019-08-22T08:27:55","date_gmt":"2019-08-22T08:27:55","guid":{"rendered":"http:\/\/www.muzeusm.ro\/?p=5087"},"modified":"2019-08-22T08:27:55","modified_gmt":"2019-08-22T08:27:55","slug":"imagini-ale-defilarilor-din-23-august-in-judetele-satu-mare-si-maramures","status":"publish","type":"post","link":"https:\/\/muzeusm.ro\/hu\/imagini-ale-defilarilor-din-23-august-in-judetele-satu-mare-si-maramures\/","title":{"rendered":"Imagini ale defil\u0103rilor din 23 august, \u00een jude\u021bele Satu Mare \u0219i Maramure\u0219"},"content":{"rendered":"<p>&nbsp;<\/p>\n<ul>\n<li><u>Ziua de\u00a0<\/u><u><a href=\"https:\/\/ro.wikipedia.org\/wiki\/23_august\">23 august<\/a>a fost adoptat\u0103 drept s\u0103rb\u0103toare de stat \u00een anul 1944,<\/u> purt\u00e2nd ini\u021bial numele de <strong>Ziua insurec\u021biei armate antifasciste, \u00eenceputul revolu\u021biei populare \u00een Rom\u00e2nia<\/strong>, marc\u00e2nd ziua \u00een care Rom\u00e2nia a \u00eentors armele \u00eempotriva Germaniei naziste \u015fi s-a al\u0103turat Coali\u0163iei Na\u0163iunilor, dar\u00a0\u0219i arestarea guvernului condus de\u00a0<a href=\"https:\/\/ro.wikipedia.org\/wiki\/Ion_Antonescu\">Ion Antonescu<\/a>.<\/li>\n<li><strong>23 august a fost Ziua na\u021bional\u0103 a Rom\u00e2niei \u00eentre anii 1948 \u2013 1989, <\/strong><strong>ini\u021bial<\/strong> (sub presiunea prezen\u021bei armatei sovietice pe teritoriul Rom\u00e2niei) <strong>s\u0103rb\u0103torindu-se<\/strong> <strong>\u201eziua eliber\u0103rii Rom\u00e2niei de c\u0103tre glorioasa armata sovietic\u0103 \u015fi a dobor\u00e2rii dictaturii fasciste antonesciene de c\u0103tre for\u021bele patriotice <\/strong><strong>conduse de Partidul Comunist&#8221;<\/strong>.<\/li>\n<li>Treptat, \u00een special dup\u0103 ce Nicolae Ceau\u0219escu \u00ee\u0219i consolidase puterea, semnifica\u0163ia zilei s-a pierdut, <strong>&#8220;insurec\u0163ia armat\u0103 antifascist\u0103&#8221;\u00a0 devenind &#8220;revolu\u0163ia de eliberare na\u0163ional\u0103 \u015fi social\u0103, antifascist\u0103 \u015fi antiimperialist\u0103&#8221;<\/strong>, actul istoric de la 23 august fiind prezentat ca o realizare exclusiv\u0103 a Partidului Comunist Rom\u00e2n, iar s\u0103rb\u0103toarea din 23 august fiind acaparat\u0103 \u00een totalitate de comuni\u015fti, pentru a marca cu fast &#8220;prop\u0103\u015firea comunismului&#8221; \u015fi &#8220;idealurile muncitore\u015fti&#8221; ale poporului rom\u00e2n, dar \u015fi pentru a omagia &#8220;conduc\u0103torii iubi\u0163i&#8221;.<\/li>\n<li>Data de 23 august a fost ulterior asociat\u0103 cu <strong>Ziua na\u0163ional\u0103 a Rom\u00e2niei comuniste<\/strong>, fiind organizate an de an manifest\u0103ri sociale de amploare.<\/li>\n<li><strong>Actul de la 23 august 1944\u00a0 a fost \u00eens\u0103 s\u0103rb\u0103torit chiar din anul urm\u0103tor<\/strong>, fapt reflecat \u00een presa vremii, amintind aici ziarul &#8220;Democratul&#8221;, ce prezenta modul de organizare a s\u0103rb\u0103torii: <em>munca c\u00e2mpului, munca din ateliere, magazine, fabrici \u015fi birouri va fi suspendat\u0103. \u00cen fiecare sat, al\u0103turi de steagul Rom\u00e2niei democrate, casele vor fi \u00eempodobite cu steagul ro\u015fu, simbolul libert\u0103\u0163ii. \u00cen toate bisericile se va oficia Te-Deum care va fi urmat de manifesta\u0163ii populare \u015fi petreceri organizate \u00een comun pentru toate neamurile conlocuitoare&#8221;<\/em>.<\/li>\n<li>Observ\u0103m c\u0103 acest \u201dtipar\u201d organizatoric s-a p\u0103strat pe parcursul celor 44 de ani \u00een care s-a s\u0103rb\u0103torit 23 august, dar, a\u0219a cum se \u0219tie, \u00een \u201dEpoca de Aur\u201d s-a transformat tot mai evident \u00eentr-o manifestare de prosl\u0103vire a partidului unic, dar mai ales a cuplului conduc\u0103tor, Nicolae \u0219i Elena Ceau\u0219escu. Din ceremonialul ini\u021bial a fost exclus\u0103 cu des\u0103v\u00e2r\u0219ire Biserica.<\/li>\n<li>Trebuie s\u0103 preciz\u0103m c\u0103<strong> prima aniversare a zilei de 23 august, cea din 1945, a stat sub semnul grevei regale<\/strong>, <strong>Regele Mihai \u015fi prim &#8211; ministrul Petru Groza<\/strong> boicot\u00e2ndu-se reciproc, \u00een condi\u021biile \u00een care Regele ceruse demisia cabinetului, iar Groza refuzase, fapt nemai\u00eent\u00e2lnit p\u00e2n\u0103 atunci \u00een istoria monarhiei rom\u00e2ne.<\/li>\n<li><strong>Revenind la <\/strong><strong>perioada comunismului<\/strong>, \u00een fiecare an, ziua de 23 august a fost marcat\u0103 prin parade fastuoase, demonstra\u0163ii ale Armatei, oamenilor muncii, materiale de propagand\u0103, c\u00e2ntece pioniere\u015fti, mar\u015furi militare sau spectacole omagiale. Preg\u0103tite cu c\u00e2teva luni \u00eenainte, activit\u0103\u0163ile dedicate s\u0103rb\u0103torii s-au transformat \u00eentr-un omagiu adus conduc\u0103torului mult iubit, Nicolae Ceau\u015fescu (vezi \u0219i D\u0103nu\u021b Pop, <em>Cum s\u0103rb\u0103toreau rom\u00e2nii 23 august<\/em><strong> \u00a0<\/strong><em>\u00een comunism<\/em>).<strong><br \/>\n&#8211; <\/strong>Exacerbarea s\u0103rb\u0103torii \u00een<strong> <em>Epoca de aur<\/em> <\/strong>s-a manifestat \u00een special prin defil\u0103rile grandioase ce se organizau anual de c\u0103tre organele de partid \u0219i de stat, la care erau obliga\u021bi s\u0103 participe militarii, g\u0103rzile patriotice, oamenii muncii, sco\u0219i din produc\u021bie,\u00a0 angaja\u021bii din institu\u021bii, arti\u0219ti, instructori culturali,\u00a0 ansambluri folclorice, deta\u0219amentele de elevi PTAP (Preg\u0103tirea Tineretului pentru Ap\u0103rarea Patriei), studen\u021bi, pionieri, \u015foimii patriei.<\/p>\n<p>&#8211; Erau trasate <em>sarcini de partid<\/em> \u00a0pentru realizarea unor adev\u0103rate regii \u0219i scenarii, care alegorice, dansuri tematice, costume, purtate de tineri sau sportivi, coloanele de defilare fiind alc\u0103tuite inclusiv din\u00a0 muncitorii \u00eentreprinderilor din ora\u015f \u0219i angaja\u021bii din diferite sectoare de activitate, purt\u00e2nd tablouri cu portretele \u201dconduc\u0103torilor iubi\u021bi\u201d Nicolae \u015fi Elena Ceau\u015fescu, pancarte cu diferite lozinci, steaguri ro\u015fii \u015fi tricolore, e\u015farfe \u0219i flori.<\/li>\n<li>Lor li se ad\u0103ugau corurilor reunite ale cadrelor din \u00eenv\u0103\u0163\u0103m\u00e2nt, veteranilor de r\u0103zboi, \u00eentreprinderilor din ora\u015f, \u00a0recitalurile grupurilor vocale, soli\u0219ti de muzic\u0103 popular\u0103.<\/li>\n<li><strong>Preg\u0103tirile pentru defilare<\/strong> \u00eencepeau cu multe luni \u00eenainte, \u00eentotdeauna printr-o \u0219edin\u021b\u0103 mare ce avea loc la \u201djude\u021beana de partid\u201d, unde erau convoca\u021bi pre\u0219edin\u021bii BOB (biroul organiza\u021biei de baz\u0103), responsabilii cu probleme de propagand\u0103, primarii, directori de institu\u021bii, ai unit\u0103\u021bilor de \u00eenv\u0103\u021b\u0103m\u00e2nt, secretari UTC etc. Apoi ace\u0219tia transmiteau \u00een teritoriu \u201dsarcinile de partid\u201d, av\u00e2nd obliga\u021bia de a organiza \u00een detaliu \u00eentreaga defilare. Din data de 1 august \u00eencepeau repeti\u021biile, astfel \u00eenc\u00e2t pasul de defilare s\u0103 fie c\u00e2t mai uniform, iar momentul trecerii prin fa\u021ba tribunei oficiale s\u0103 fie perfect! Exista o real\u0103 competi\u021bie \u00eentre \u00eentreprinderile ce defilau, fiecare \u00eencerc\u00e2nd s\u0103 se remarce fie prin costuma\u021bie, fie prin pancartele ce le purtau.<\/li>\n<li><strong>\u00cen mentalul colectiv seminifica\u021bia acestor defil\u0103ri se p\u0103streaz\u0103 \u0219i este valorizat\u0103 \u00een raport cu v\u00e2rsta \u0219i func\u021bia persoanelor implicate. <\/strong>\u00cen marea lor majoritate, cei care au participat la defil\u0103ri, se afl\u0103 azi la v\u00e2rsta senectu\u021bii, deci acei ani sunt privi\u021bi cu nostalgia amintirilor tinere\u021bii pierdute. Iat\u0103 c\u00e2teva m\u0103rturii orale<em>: \u201dera foarte frumos, eram tineri, defilam iar apoi eram liberi \u0219i mergeam la bere \u0219i mici&#8230;\u201d. \u201d<\/em><em>Eram tineri, f\u0103r\u0103 prea multe griji \u015fi \u00eencet-\u00eencet ne-am obi\u015fnuit cu astfel de manifest\u0103ri propagandistice. La un moment dat, chiar \u00eencepuse s\u0103 ne plac\u0103. Era o distrac\u0163ie general\u0103\u201d<\/em>.\u00a0 \u00cen ora\u0219ul Satu Mare, dup\u0103 defilare, oamenii mergeau la \u0218trand, ziua de 23 august transform\u00e2ndu-se \u00eentr-o serbare c\u00e2mpeneasc\u0103, augmentat\u0103 cu bere \u0219i mici.<\/li>\n<li><strong>Cei ce de\u021bineau func\u021bii de conducere \u0219i responsabilitatea preg\u0103tirii oamenilor pentru defilare<\/strong>, aveau mari emo\u021bii <em>pentru ca totul s\u0103 ias\u0103 foarte bine!<\/em> Altfel erau \u00een pericolul de a-\u0219i pierde locul de munc\u0103! <em>\u201dO s\u0103 me cheme la partid \u0219i o s\u0103 m\u0103 de-a afar\u0103\u201d!<\/em><\/li>\n<li><strong>\u00cen 23 august, ora\u0219ul Satu Mare, ca de altfel toate localit\u0103\u021bile din \u021bar\u0103, <\/strong>\u00a0<strong>era \u00een straie de s\u0103rb\u0103toare<\/strong><em>. \u201cToat\u0103 lumea trebuia s\u0103\u00a0 participe cu trup \u015fi suflet la acest manifest\u0103ri\u201d, <\/em>\u00ee\u015fi aminte\u015fte un pensionar, fost activist al Partidului Comunist Rom\u00e2n. Toate str\u0103zile importante din ora\u015f, \u00een special zonele din centru, erau preg\u0103tite cu c\u00e2teva zile \u00eenainte:<em> \u201dsp\u0103late, cur\u0103\u0163ate de gunoaie, se plantau flori proaspete \u00een spa\u0163iile verzi \u015fi se d\u0103deau indica\u0163ii oamenilor din zon\u0103: s\u0103 arboreze steaguri\u201d.<\/em><\/li>\n<\/ul>\n<p>\u00cen sate era obligatoriu ca oamenii s\u0103-\u0219i pun\u0103 steagul Republicii Socialiste Rom\u00e2nia la poart\u0103. Mai sunt \u0219i azi sate \u00een jude\u021bul Satu Mare unde oamenii fac la fel, spun\u00e2nd: <em>\u201da fost mai bine atunci! Era ordine, disciplin\u0103, to\u021bi aveam case \u0219i servici! Azi e debandad\u0103!\u201d<\/em><\/p>\n<ul>\n<li>De la repeti\u0163iile obositoare pentru spectacolele mult \u00eendr\u0103gite de Ceau\u015fescu, nimeni\u00a0 nu lipsea. <em>\u201cNu aveai voie s\u0103 lipse\u015fti pentru c\u0103 imediat erai trecut pe lista \u201cneagr\u0103\u201d. Nu exista nicio scuz\u0103, toat\u0103 lumea trebuia s\u0103 fie prezent\u0103. Defil\u0103rile se preg\u0103teau cu mult\u0103 vreme \u00eenainte, se f\u0103ceau repeti\u0163ii plictisitoare \u015fi, uneori, ajungeam s\u0103 nu ne mai putem \u0163ine pe picioare din cauza c\u0103ldurii\u201d.<\/em><\/li>\n<li><strong>La Satu Mare defilarea \u00eencepea chiar din fa\u021ba \u00centreprinderii 23 august<\/strong>, dar coloanele \u0219i carele alogorice se \u00eencolonau \u00een fa\u021ba g\u0103rii, pe o distan\u021b\u0103 de cca. 1km. <strong>Tribuna oficial\u0103 era amenajat\u0103 \u00een centrul ora\u0219ului, \u00een fa\u021ba hotelului Dacia (simbolul arhitectural al ora\u0219ului, construit \u00een stil secession \u00eentre anii 1901 \u2013 1902)<\/strong>. Responsabilul cu munca organizatoric\u0103 \u00eentocmea ordinea \u00een care urmau s\u0103 defileze cei prezen\u021bi, iar fiecare secretar de partid din fabric\u0103 sau institu\u021bie se ocupa de a\u0219ezarea propriului grup \u00een coloan\u0103.<\/li>\n<li>De la tribuna oficial\u0103, la megafon, erau citite numele fabricilor, institu\u021biilor, ansamblurilor etc. care defilau \u00een dreptul oficialit\u0103\u021bilor, scand\u00e2nd lozinci.<\/li>\n<li><strong>Fotografiile pe care le prezent\u0103m sunt documente istorice, imagini ale defil\u0103rile din anii 1983, 1984 <\/strong>(an \u00een care s-a s\u0103rb\u0103torit<strong> cea de-a <em>\u00a040 aniversare a revolu\u021biei antifasciste<\/em><\/strong><em>, <\/em>fapt reflectat \u0219i \u00een textele \u00eenscrise pe panourile \u0219i pancartele de propagand\u0103 ce apar \u00een fotografii).<\/li>\n<\/ul>\n<p>\u00cen tribuna oficial\u0103, \u00een centru, se afla tovar\u0103\u0219ul <strong>Ioan Fori\u0219 &#8211; prim secretar al Comitetului Jude\u021bean Satu Mare al Partidului Comunist Rom\u00e2n, <\/strong>al\u0103turi de membri ai Comitetului Central al PCR, \u201dtrimi\u0219i \u00een teritoriu\u201d de la Bucure\u0219ti, \u0219i de numero\u0219i al\u021bi activi\u0219ti de partid ce de\u021bineau diferite func\u021bii la nivel local sau jude\u021bean.<\/p>\n<ul>\n<li><strong>Dintre \u00eentreprinderile care au defilat, imaginile surprind:<\/strong><\/li>\n<li><strong>\u00centreprinderea 23 August <\/strong>( fosta fabric\u0103 <em>Princz, <\/em>numit\u0103 dup\u0103 1990 <em>\u00a0SAMUS<\/em>, azi <em>Electrolux <\/em>\u2013 celebr\u0103 nu doar prin aparatele de g\u0103tit pe care le produce, ci \u0219i prin numeroasele greve organizate recent de c\u0103tre muncitorii nemul\u021bumi\u021bi de salarizare \u0219i condi\u021biile de munc\u0103!).<\/li>\n<li><strong>\u00centreprinderea de vagoane, construc\u021bii de ma\u0219ini \u0219i utilaje metalurgice UNIO (<\/strong>cea mai mare \u00eentreprindere s\u0103tm\u0103rean\u0103 din anii comunismului, ce avea sec\u021bii \u0219i \u00een jud. Maramure\u0219, la Baia Mare).<\/li>\n<\/ul>\n<p><strong>-IPL \u2013 \u00centreprinderea de prelucrare a lemnului<\/strong><\/p>\n<p><strong>-Fabrica de confec\u021bii <em>Mondiala<\/em><\/strong><\/p>\n<p><strong>-\u00centreprinderea <\/strong><strong><em>Tricotex<\/em><\/strong><\/p>\n<p><strong>-Fabrica <em>Solidaritatea<\/em><\/strong><\/p>\n<p><strong>-IMPP \u2013 \u00centreprinderea de mor\u0103rit \u0219i panifica\u021bie Satu Mare<\/strong><\/p>\n<p><strong>-IPSUIC Satu Mare \u2013 \u00centreprinderea de piese de schimb \u0219i utilaje pentru industria chimic\u0103<\/strong><\/p>\n<p><strong>-IIL \u2013 \u00centreprinderea de industrializare a laptelui Satu Mare<\/strong><\/p>\n<p><strong>-\u00centreprinderea de bere <\/strong><\/p>\n<p><strong>-IJPIPS (\u00centreprinderea de Produc\u0163ie Industrial\u0103 \u015fi Prest\u0103ri Servicii)<\/strong><\/p>\n<p><strong>-\u00centreprinderea de <\/strong><strong>piele <em>Drum nou <\/em>Satu Mare<\/strong><\/p>\n<p><strong>-\u00centreprinderea Textil\u0103 <em>Ardeleana<\/em><\/strong><\/p>\n<p><strong>-\u00centreprinderea <em>Integrata<\/em> de in \u0219i c\u00e2nep\u0103 Negre\u0219ti<\/strong><\/p>\n<p><strong>-Filatura de bumbac din Carei<\/strong><\/p>\n<p><strong>-\u00centreprinderea <em>Ardealul <\/em>din Carei, producea uleiuri comestibile<\/strong><\/p>\n<p><strong>-\u00centreprinderea de sticl\u0103rie <em>Victoria Muncii <\/em>din Poiana Codrului.<\/strong><\/p>\n<p><strong>\u00a0<\/strong><\/p>\n<p><strong>LOZINCI inscrip\u021bionate pe pancarte \u0219i panouri de propagand\u0103:<\/strong><\/p>\n<ul>\n<li><strong><em>Tr\u0103iasc\u0103 23 august \u2013 ziua eliber\u0103rii patriei de sub jugul fascist!<\/em><\/strong><\/li>\n<li><strong><em>Tr\u0103iasc\u0103 23 august- s\u0103rb\u0103toarea na\u021bional\u0103 a poporului rom\u00e2n<\/em><\/strong><\/li>\n<li><strong><em>Tr\u0103iasc\u0103 Partidul Comunist Rom\u00e2n \u00een frunte cu secretarul s\u0103u general, tovar\u0103\u0219ul Nicolae Ceau\u0219escu!<\/em><\/strong><\/li>\n<li><strong><em>Stima noastr\u0103 \u0219i m\u00e2ndria, Ceau\u0219escu \u2013 Rom\u00e2nia!<\/em><\/strong><\/li>\n<li><strong><em>S\u0103 triumfe cauza socialismului, a progresului, independen\u021bei \u0219i p\u0103cii \u00een \u00eentreaga lume!<\/em><\/strong><\/li>\n<li><strong><em>Poporul, Ceau\u0219escu, Rom\u00e2nia!<\/em><\/strong><\/li>\n<li><strong><em>Tot \u00eenainte! \u2013 <\/em><\/strong>deviza pionierilor.<\/li>\n<\/ul>\n<p><strong>\u00a0<\/strong><\/p>\n<ul>\n<li>Al\u0103turi de imaginile defil\u0103rilor din ora\u0219ul Satu Mare prezent\u0103m \u0219i c\u00e2teva fotografii de la defil\u0103rile din Baia Mare, realizate de celebrul artist \u2013 fotograf <strong>Ioni\u021b\u0103 G. Andron, \u00een anul 1960.<\/strong><\/li>\n<li>Fotografiile defil\u0103rilor din anii 1983, 1984 au fost f\u0103cute de fostul nostru coleg <strong>Mircea Zelea.<\/strong><\/li>\n<\/ul>\n<p><strong>&#8211; Toate imaginile fac parte din colec\u021biile Muzeului Jude\u021bean Satu Mare.<\/strong><\/p>\n<p>&#8211; Cu certitudine exist\u0103 multe persoane care au luat parte la defil\u0103rile din ziua de 23 august, \u00een anii comunismului, \u0219i care vor putea \u00eentregi tabloul s\u0103rb\u0103torii cu alte informa\u021bii sau fotografii.<\/p>\n<p>Articol realizat de dr. Daniela B\u0103lu \u0219i Diana Kinces, prezentat \u00een cadrul conferin\u021bei cu tema \u201dActul de la 23 august. Mit \u0219i adev\u0103r\u201d, organizat\u0103 de Academia Rom\u00e2n\u0103, Institutul Na\u021bional pentru Studierea Totalitatarismului \u015fi Muzeul Maramure\u015fean.<\/p>\n<p>.<a href=\"http:\/\/www.muzeusm.ro\/wp-content\/uploads\/2019\/08\/1.jpg\"><img loading=\"lazy\" decoding=\"async\" class=\"alignnone size-medium wp-image-5088\" src=\"http:\/\/www.muzeusm.ro\/wp-content\/uploads\/2019\/08\/1-300x232.jpg\" alt=\"\" width=\"300\" height=\"232\" \/><\/a> <a href=\"http:\/\/www.muzeusm.ro\/wp-content\/uploads\/2019\/08\/2.jpg\"><img loading=\"lazy\" decoding=\"async\" class=\"alignnone size-medium wp-image-5089\" src=\"http:\/\/www.muzeusm.ro\/wp-content\/uploads\/2019\/08\/2-300x207.jpg\" alt=\"\" width=\"300\" height=\"207\" \/><\/a> <a href=\"http:\/\/www.muzeusm.ro\/wp-content\/uploads\/2019\/08\/3.jpg\"><img loading=\"lazy\" decoding=\"async\" class=\"alignnone size-medium wp-image-5090\" src=\"http:\/\/www.muzeusm.ro\/wp-content\/uploads\/2019\/08\/3-300x216.jpg\" alt=\"\" width=\"300\" height=\"216\" \/><\/a> <a href=\"http:\/\/www.muzeusm.ro\/wp-content\/uploads\/2019\/08\/4.jpg\"><img loading=\"lazy\" decoding=\"async\" class=\"alignnone size-medium wp-image-5091\" src=\"http:\/\/www.muzeusm.ro\/wp-content\/uploads\/2019\/08\/4-300x243.jpg\" alt=\"\" width=\"300\" height=\"243\" \/><\/a> <a href=\"http:\/\/www.muzeusm.ro\/wp-content\/uploads\/2019\/08\/5.jpg\"><img loading=\"lazy\" decoding=\"async\" class=\"alignnone size-medium wp-image-5092\" src=\"http:\/\/www.muzeusm.ro\/wp-content\/uploads\/2019\/08\/5-300x293.jpg\" alt=\"\" width=\"300\" height=\"293\" \/><\/a> <a href=\"http:\/\/www.muzeusm.ro\/wp-content\/uploads\/2019\/08\/6.jpg\"><img loading=\"lazy\" decoding=\"async\" class=\"alignnone size-medium wp-image-5093\" src=\"http:\/\/www.muzeusm.ro\/wp-content\/uploads\/2019\/08\/6-298x300.jpg\" alt=\"\" width=\"298\" height=\"300\" \/><\/a> <a href=\"http:\/\/www.muzeusm.ro\/wp-content\/uploads\/2019\/08\/7.jpg\"><img loading=\"lazy\" decoding=\"async\" class=\"alignnone size-medium wp-image-5094\" src=\"http:\/\/www.muzeusm.ro\/wp-content\/uploads\/2019\/08\/7-300x300.jpg\" alt=\"\" width=\"300\" height=\"300\" \/><\/a> <a href=\"http:\/\/www.muzeusm.ro\/wp-content\/uploads\/2019\/08\/8.jpg\"><img loading=\"lazy\" decoding=\"async\" class=\"alignnone size-medium wp-image-5095\" src=\"http:\/\/www.muzeusm.ro\/wp-content\/uploads\/2019\/08\/8-294x300.jpg\" alt=\"\" width=\"294\" height=\"300\" \/><\/a> <a href=\"http:\/\/www.muzeusm.ro\/wp-content\/uploads\/2019\/08\/9.jpg\"><img loading=\"lazy\" decoding=\"async\" class=\"alignnone size-medium wp-image-5096\" src=\"http:\/\/www.muzeusm.ro\/wp-content\/uploads\/2019\/08\/9-300x155.jpg\" alt=\"\" width=\"300\" height=\"155\" \/><\/a> <a href=\"http:\/\/www.muzeusm.ro\/wp-content\/uploads\/2019\/08\/10.jpg\"><img loading=\"lazy\" decoding=\"async\" class=\"alignnone size-medium wp-image-5097\" src=\"http:\/\/www.muzeusm.ro\/wp-content\/uploads\/2019\/08\/10-300x234.jpg\" alt=\"\" width=\"300\" height=\"234\" \/><\/a> <a href=\"http:\/\/www.muzeusm.ro\/wp-content\/uploads\/2019\/08\/11.jpg\"><img loading=\"lazy\" decoding=\"async\" class=\"alignnone size-medium wp-image-5098\" src=\"http:\/\/www.muzeusm.ro\/wp-content\/uploads\/2019\/08\/11-300x197.jpg\" alt=\"\" width=\"300\" height=\"197\" \/><\/a> <a href=\"http:\/\/www.muzeusm.ro\/wp-content\/uploads\/2019\/08\/12.jpg\"><img loading=\"lazy\" decoding=\"async\" class=\"alignnone size-medium wp-image-5099\" src=\"http:\/\/www.muzeusm.ro\/wp-content\/uploads\/2019\/08\/12-300x248.jpg\" alt=\"\" width=\"300\" height=\"248\" \/><\/a> <a href=\"http:\/\/www.muzeusm.ro\/wp-content\/uploads\/2019\/08\/13.jpg\"><img loading=\"lazy\" decoding=\"async\" class=\"alignnone size-medium wp-image-5100\" src=\"http:\/\/www.muzeusm.ro\/wp-content\/uploads\/2019\/08\/13-300x185.jpg\" alt=\"\" width=\"300\" height=\"185\" \/><\/a> <a href=\"http:\/\/www.muzeusm.ro\/wp-content\/uploads\/2019\/08\/14.jpg\"><img loading=\"lazy\" decoding=\"async\" class=\"alignnone size-medium wp-image-5101\" src=\"http:\/\/www.muzeusm.ro\/wp-content\/uploads\/2019\/08\/14-300x234.jpg\" alt=\"\" width=\"300\" height=\"234\" \/><\/a> <a href=\"http:\/\/www.muzeusm.ro\/wp-content\/uploads\/2019\/08\/15.jpg\"><img loading=\"lazy\" decoding=\"async\" class=\"alignnone size-medium wp-image-5102\" src=\"http:\/\/www.muzeusm.ro\/wp-content\/uploads\/2019\/08\/15-300x199.jpg\" alt=\"\" width=\"300\" height=\"199\" \/><\/a> <a href=\"http:\/\/www.muzeusm.ro\/wp-content\/uploads\/2019\/08\/17.jpg\"><img loading=\"lazy\" decoding=\"async\" class=\"alignnone size-medium wp-image-5103\" src=\"http:\/\/www.muzeusm.ro\/wp-content\/uploads\/2019\/08\/17-300x197.jpg\" alt=\"\" width=\"300\" height=\"197\" \/><\/a> <a href=\"http:\/\/www.muzeusm.ro\/wp-content\/uploads\/2019\/08\/18.jpg\"><img loading=\"lazy\" decoding=\"async\" class=\"alignnone size-medium wp-image-5104\" src=\"http:\/\/www.muzeusm.ro\/wp-content\/uploads\/2019\/08\/18-298x300.jpg\" alt=\"\" width=\"298\" height=\"300\" \/><\/a> <a href=\"http:\/\/www.muzeusm.ro\/wp-content\/uploads\/2019\/08\/26.jpg\"><img loading=\"lazy\" decoding=\"async\" class=\"alignnone size-medium wp-image-5109\" src=\"http:\/\/www.muzeusm.ro\/wp-content\/uploads\/2019\/08\/26-300x294.jpg\" alt=\"\" width=\"300\" height=\"294\" \/><\/a> <a href=\"http:\/\/www.muzeusm.ro\/wp-content\/uploads\/2019\/08\/25.jpg\"><img loading=\"lazy\" decoding=\"async\" class=\"alignnone size-medium wp-image-5108\" src=\"http:\/\/www.muzeusm.ro\/wp-content\/uploads\/2019\/08\/25-300x208.jpg\" alt=\"\" width=\"300\" height=\"208\" \/><\/a> <a href=\"http:\/\/www.muzeusm.ro\/wp-content\/uploads\/2019\/08\/24.jpg\"><img loading=\"lazy\" decoding=\"async\" class=\"alignnone size-medium wp-image-5107\" src=\"http:\/\/www.muzeusm.ro\/wp-content\/uploads\/2019\/08\/24-300x277.jpg\" alt=\"\" width=\"300\" height=\"277\" \/><\/a> <a href=\"http:\/\/www.muzeusm.ro\/wp-content\/uploads\/2019\/08\/22.jpg\"><img loading=\"lazy\" decoding=\"async\" class=\"alignnone size-medium wp-image-5106\" src=\"http:\/\/www.muzeusm.ro\/wp-content\/uploads\/2019\/08\/22-300x201.jpg\" alt=\"\" width=\"300\" height=\"201\" \/><\/a> <a href=\"http:\/\/www.muzeusm.ro\/wp-content\/uploads\/2019\/08\/21.jpg\"><img loading=\"lazy\" decoding=\"async\" class=\"alignnone size-medium wp-image-5105\" src=\"http:\/\/www.muzeusm.ro\/wp-content\/uploads\/2019\/08\/21-300x274.jpg\" alt=\"\" width=\"300\" height=\"274\" \/><\/a> <a href=\"http:\/\/www.muzeusm.ro\/wp-content\/uploads\/2019\/08\/27.jpg\"><img loading=\"lazy\" decoding=\"async\" class=\"alignnone size-medium wp-image-5110\" src=\"http:\/\/www.muzeusm.ro\/wp-content\/uploads\/2019\/08\/27-300x189.jpg\" alt=\"\" width=\"300\" height=\"189\" \/><\/a> <a href=\"http:\/\/www.muzeusm.ro\/wp-content\/uploads\/2019\/08\/28.jpg\"><img loading=\"lazy\" decoding=\"async\" class=\"alignnone size-medium wp-image-5111\" src=\"http:\/\/www.muzeusm.ro\/wp-content\/uploads\/2019\/08\/28-300x185.jpg\" alt=\"\" width=\"300\" height=\"185\" \/><\/a> <a href=\"http:\/\/www.muzeusm.ro\/wp-content\/uploads\/2019\/08\/29.jpg\"><img loading=\"lazy\" decoding=\"async\" class=\"alignnone size-medium wp-image-5112\" src=\"http:\/\/www.muzeusm.ro\/wp-content\/uploads\/2019\/08\/29-300x246.jpg\" alt=\"\" width=\"300\" height=\"246\" \/><\/a> <a href=\"http:\/\/www.muzeusm.ro\/wp-content\/uploads\/2019\/08\/30.jpg\"><img loading=\"lazy\" decoding=\"async\" class=\"alignnone size-medium wp-image-5113\" src=\"http:\/\/www.muzeusm.ro\/wp-content\/uploads\/2019\/08\/30-298x300.jpg\" alt=\"\" width=\"298\" height=\"300\" \/><\/a> <a href=\"http:\/\/www.muzeusm.ro\/wp-content\/uploads\/2019\/08\/31.jpg\"><img loading=\"lazy\" decoding=\"async\" class=\"alignnone size-medium wp-image-5114\" src=\"http:\/\/www.muzeusm.ro\/wp-content\/uploads\/2019\/08\/31-300x184.jpg\" alt=\"\" width=\"300\" height=\"184\" \/><\/a> <a href=\"http:\/\/www.muzeusm.ro\/wp-content\/uploads\/2019\/08\/33.jpg\"><img loading=\"lazy\" decoding=\"async\" class=\"alignnone size-medium wp-image-5115\" src=\"http:\/\/www.muzeusm.ro\/wp-content\/uploads\/2019\/08\/33-300x294.jpg\" alt=\"\" width=\"300\" height=\"294\" \/><\/a> <a href=\"http:\/\/www.muzeusm.ro\/wp-content\/uploads\/2019\/08\/34.jpg\"><img loading=\"lazy\" decoding=\"async\" class=\"alignnone size-medium wp-image-5116\" src=\"http:\/\/www.muzeusm.ro\/wp-content\/uploads\/2019\/08\/34-298x300.jpg\" alt=\"\" width=\"298\" height=\"300\" \/><\/a> <a href=\"http:\/\/www.muzeusm.ro\/wp-content\/uploads\/2019\/08\/35.jpg\"><img loading=\"lazy\" decoding=\"async\" class=\"alignnone size-medium wp-image-5117\" src=\"http:\/\/www.muzeusm.ro\/wp-content\/uploads\/2019\/08\/35-300x300.jpg\" alt=\"\" width=\"300\" height=\"300\" \/><\/a> <a href=\"http:\/\/www.muzeusm.ro\/wp-content\/uploads\/2019\/08\/39.jpg\"><img loading=\"lazy\" decoding=\"async\" class=\"alignnone size-medium wp-image-5118\" src=\"http:\/\/www.muzeusm.ro\/wp-content\/uploads\/2019\/08\/39-300x202.jpg\" alt=\"\" width=\"300\" height=\"202\" \/><\/a> <a href=\"http:\/\/www.muzeusm.ro\/wp-content\/uploads\/2019\/08\/40.jpg\"><img loading=\"lazy\" decoding=\"async\" class=\"alignnone size-medium wp-image-5119\" src=\"http:\/\/www.muzeusm.ro\/wp-content\/uploads\/2019\/08\/40-300x227.jpg\" alt=\"\" width=\"300\" height=\"227\" \/><\/a> <a href=\"http:\/\/www.muzeusm.ro\/wp-content\/uploads\/2019\/08\/41.jpg\"><img loading=\"lazy\" decoding=\"async\" class=\"alignnone size-medium wp-image-5120\" src=\"http:\/\/www.muzeusm.ro\/wp-content\/uploads\/2019\/08\/41-300x222.jpg\" alt=\"\" width=\"300\" height=\"222\" \/><\/a> <a href=\"http:\/\/www.muzeusm.ro\/wp-content\/uploads\/2019\/08\/1960_08_23_leica_0242_003.tif\"><img loading=\"lazy\" decoding=\"async\" class=\"alignnone size-medium wp-image-5125\" src=\"http:\/\/www.muzeusm.ro\/wp-content\/uploads\/2019\/08\/1960_08_23_leica_0242_003.tif\" alt=\"\" width=\"1\" height=\"1\" \/><\/a> <a href=\"http:\/\/www.muzeusm.ro\/wp-content\/uploads\/2019\/08\/1960_08_23_leica_0242_004.tif\"><img loading=\"lazy\" decoding=\"async\" class=\"alignnone size-medium wp-image-5126\" src=\"http:\/\/www.muzeusm.ro\/wp-content\/uploads\/2019\/08\/1960_08_23_leica_0242_004.tif\" alt=\"\" width=\"1\" height=\"1\" \/><\/a> <a href=\"http:\/\/www.muzeusm.ro\/wp-content\/uploads\/2019\/08\/1960_08_23_leica_0242_005.tif\"><img loading=\"lazy\" decoding=\"async\" class=\"alignnone size-medium wp-image-5127\" src=\"http:\/\/www.muzeusm.ro\/wp-content\/uploads\/2019\/08\/1960_08_23_leica_0242_005.tif\" alt=\"\" width=\"1\" height=\"1\" \/><\/a> <a href=\"http:\/\/www.muzeusm.ro\/wp-content\/uploads\/2019\/08\/1960_08_23_leica_0242_006.tif\"><img loading=\"lazy\" decoding=\"async\" class=\"alignnone size-medium wp-image-5128\" src=\"http:\/\/www.muzeusm.ro\/wp-content\/uploads\/2019\/08\/1960_08_23_leica_0242_006.tif\" alt=\"\" width=\"1\" height=\"1\" \/><\/a> <a href=\"http:\/\/www.muzeusm.ro\/wp-content\/uploads\/2019\/08\/1960_08_23_leica_0242_007.tif\"><img loading=\"lazy\" decoding=\"async\" class=\"alignnone size-medium wp-image-5129\" src=\"http:\/\/www.muzeusm.ro\/wp-content\/uploads\/2019\/08\/1960_08_23_leica_0242_007.tif\" alt=\"\" width=\"1\" height=\"1\" \/><\/a> <a href=\"http:\/\/www.muzeusm.ro\/wp-content\/uploads\/2019\/08\/1960_08_23_leica_0242_008.tif\"><img loading=\"lazy\" decoding=\"async\" class=\"alignnone size-medium wp-image-5130\" src=\"http:\/\/www.muzeusm.ro\/wp-content\/uploads\/2019\/08\/1960_08_23_leica_0242_008.tif\" alt=\"\" width=\"1\" height=\"1\" \/><\/a> <a href=\"http:\/\/www.muzeusm.ro\/wp-content\/uploads\/2019\/08\/1960_08_23_leica_0242_009.tif\"><img loading=\"lazy\" decoding=\"async\" class=\"alignnone size-medium wp-image-5131\" src=\"http:\/\/www.muzeusm.ro\/wp-content\/uploads\/2019\/08\/1960_08_23_leica_0242_009.tif\" alt=\"\" width=\"1\" height=\"1\" \/><\/a> <a href=\"http:\/\/www.muzeusm.ro\/wp-content\/uploads\/2019\/08\/1960_08_23_leica_0242_010.tif\"><img loading=\"lazy\" decoding=\"async\" class=\"alignnone size-medium wp-image-5132\" src=\"http:\/\/www.muzeusm.ro\/wp-content\/uploads\/2019\/08\/1960_08_23_leica_0242_010.tif\" alt=\"\" width=\"1\" height=\"1\" \/><\/a> <a href=\"http:\/\/www.muzeusm.ro\/wp-content\/uploads\/2019\/08\/1960_08_23_leica_0242_011.tif\"><img loading=\"lazy\" decoding=\"async\" class=\"alignnone size-medium wp-image-5133\" src=\"http:\/\/www.muzeusm.ro\/wp-content\/uploads\/2019\/08\/1960_08_23_leica_0242_011.tif\" alt=\"\" width=\"1\" height=\"1\" \/><\/a> <a href=\"http:\/\/www.muzeusm.ro\/wp-content\/uploads\/2019\/08\/1960_08_23_leica_0242_012.tif\"><img loading=\"lazy\" decoding=\"async\" class=\"alignnone size-medium wp-image-5134\" src=\"http:\/\/www.muzeusm.ro\/wp-content\/uploads\/2019\/08\/1960_08_23_leica_0242_012.tif\" alt=\"\" width=\"1\" height=\"1\" \/><\/a> <a href=\"http:\/\/www.muzeusm.ro\/wp-content\/uploads\/2019\/08\/1960_08_23_leica_0242_013.tif\"><img loading=\"lazy\" decoding=\"async\" class=\"alignnone size-medium wp-image-5135\" src=\"http:\/\/www.muzeusm.ro\/wp-content\/uploads\/2019\/08\/1960_08_23_leica_0242_013.tif\" alt=\"\" width=\"1\" height=\"1\" \/><\/a> <a href=\"http:\/\/www.muzeusm.ro\/wp-content\/uploads\/2019\/08\/1960_08_23_leica_0242_014.tif\"><img loading=\"lazy\" decoding=\"async\" class=\"alignnone size-medium wp-image-5136\" src=\"http:\/\/www.muzeusm.ro\/wp-content\/uploads\/2019\/08\/1960_08_23_leica_0242_014.tif\" alt=\"\" width=\"1\" height=\"1\" \/><\/a> <a href=\"http:\/\/www.muzeusm.ro\/wp-content\/uploads\/2019\/08\/1960_08_23_leica_0242_015.tif\"><img loading=\"lazy\" decoding=\"async\" class=\"alignnone size-medium wp-image-5137\" src=\"http:\/\/www.muzeusm.ro\/wp-content\/uploads\/2019\/08\/1960_08_23_leica_0242_015.tif\" alt=\"\" width=\"1\" height=\"1\" \/><\/a> <a href=\"http:\/\/www.muzeusm.ro\/wp-content\/uploads\/2019\/08\/1960_08_23_leica_0242_017.tif\"><img loading=\"lazy\" decoding=\"async\" class=\"alignnone size-medium wp-image-5138\" src=\"http:\/\/www.muzeusm.ro\/wp-content\/uploads\/2019\/08\/1960_08_23_leica_0242_017.tif\" alt=\"\" width=\"1\" height=\"1\" \/><\/a> <a href=\"http:\/\/www.muzeusm.ro\/wp-content\/uploads\/2019\/08\/1960_08_23_leica_0242_018.tif\"><img loading=\"lazy\" decoding=\"async\" class=\"alignnone size-medium wp-image-5139\" src=\"http:\/\/www.muzeusm.ro\/wp-content\/uploads\/2019\/08\/1960_08_23_leica_0242_018.tif\" alt=\"\" width=\"1\" height=\"1\" \/><\/a> <a href=\"http:\/\/www.muzeusm.ro\/wp-content\/uploads\/2019\/08\/1960_08_23_leica_0242_019.tif\"><img loading=\"lazy\" decoding=\"async\" class=\"alignnone size-medium wp-image-5140\" src=\"http:\/\/www.muzeusm.ro\/wp-content\/uploads\/2019\/08\/1960_08_23_leica_0242_019.tif\" alt=\"\" width=\"1\" height=\"1\" \/><\/a> <a href=\"http:\/\/www.muzeusm.ro\/wp-content\/uploads\/2019\/08\/1960_08_23_leica_0242_020.tif\"><img loading=\"lazy\" decoding=\"async\" class=\"alignnone size-medium wp-image-5141\" src=\"http:\/\/www.muzeusm.ro\/wp-content\/uploads\/2019\/08\/1960_08_23_leica_0242_020.tif\" alt=\"\" width=\"1\" height=\"1\" \/><\/a> <a href=\"http:\/\/www.muzeusm.ro\/wp-content\/uploads\/2019\/08\/1960_08_23_leica_0242_021.tif\"><img loading=\"lazy\" decoding=\"async\" class=\"alignnone size-medium wp-image-5142\" src=\"http:\/\/www.muzeusm.ro\/wp-content\/uploads\/2019\/08\/1960_08_23_leica_0242_021.tif\" alt=\"\" width=\"1\" height=\"1\" \/><\/a> <a href=\"http:\/\/www.muzeusm.ro\/wp-content\/uploads\/2019\/08\/1960_08_23_leica_0242_022.tif\"><img loading=\"lazy\" decoding=\"async\" class=\"alignnone size-medium wp-image-5143\" src=\"http:\/\/www.muzeusm.ro\/wp-content\/uploads\/2019\/08\/1960_08_23_leica_0242_022.tif\" alt=\"\" width=\"1\" height=\"1\" \/><\/a><a href=\"http:\/\/www.muzeusm.ro\/wp-content\/uploads\/2019\/08\/1960_08_23_leica_0242_022-copy.jpg\"><img loading=\"lazy\" decoding=\"async\" class=\"alignnone size-medium wp-image-5164\" src=\"http:\/\/www.muzeusm.ro\/wp-content\/uploads\/2019\/08\/1960_08_23_leica_0242_022-copy-190x300.jpg\" alt=\"\" width=\"190\" height=\"300\" \/><\/a><a href=\"http:\/\/www.muzeusm.ro\/wp-content\/uploads\/2019\/08\/1960_08_23_leica_0242_021-copy.jpg\"><img loading=\"lazy\" decoding=\"async\" class=\"alignnone size-medium wp-image-5163\" src=\"http:\/\/www.muzeusm.ro\/wp-content\/uploads\/2019\/08\/1960_08_23_leica_0242_021-copy-300x188.jpg\" alt=\"\" width=\"300\" height=\"188\" \/><\/a><a href=\"http:\/\/www.muzeusm.ro\/wp-content\/uploads\/2019\/08\/1960_08_23_leica_0242_020-copy.jpg\"><img loading=\"lazy\" decoding=\"async\" class=\"alignnone size-medium wp-image-5162\" src=\"http:\/\/www.muzeusm.ro\/wp-content\/uploads\/2019\/08\/1960_08_23_leica_0242_020-copy-300x188.jpg\" alt=\"\" width=\"300\" height=\"188\" \/><\/a><a href=\"http:\/\/www.muzeusm.ro\/wp-content\/uploads\/2019\/08\/1960_08_23_leica_0242_019-copy.jpg\"><img loading=\"lazy\" decoding=\"async\" class=\"alignnone size-medium wp-image-5161\" src=\"http:\/\/www.muzeusm.ro\/wp-content\/uploads\/2019\/08\/1960_08_23_leica_0242_019-copy-188x300.jpg\" alt=\"\" width=\"188\" height=\"300\" \/><\/a><a href=\"http:\/\/www.muzeusm.ro\/wp-content\/uploads\/2019\/08\/1960_08_23_leica_0242_018-copy.jpg\"><img loading=\"lazy\" decoding=\"async\" class=\"alignnone size-medium wp-image-5160\" src=\"http:\/\/www.muzeusm.ro\/wp-content\/uploads\/2019\/08\/1960_08_23_leica_0242_018-copy-199x300.jpg\" alt=\"\" width=\"199\" height=\"300\" \/><\/a><a href=\"http:\/\/www.muzeusm.ro\/wp-content\/uploads\/2019\/08\/1960_08_23_leica_0242_012-copy.jpg\"><img loading=\"lazy\" decoding=\"async\" class=\"alignnone size-medium wp-image-5155\" src=\"http:\/\/www.muzeusm.ro\/wp-content\/uploads\/2019\/08\/1960_08_23_leica_0242_012-copy-300x189.jpg\" alt=\"\" width=\"300\" height=\"189\" \/><\/a><a href=\"http:\/\/www.muzeusm.ro\/wp-content\/uploads\/2019\/08\/1960_08_23_leica_0242_013-copy.jpg\"><img loading=\"lazy\" decoding=\"async\" class=\"alignnone size-medium wp-image-5156\" src=\"http:\/\/www.muzeusm.ro\/wp-content\/uploads\/2019\/08\/1960_08_23_leica_0242_013-copy-194x300.jpg\" alt=\"\" width=\"194\" height=\"300\" \/><\/a><a href=\"http:\/\/www.muzeusm.ro\/wp-content\/uploads\/2019\/08\/1960_08_23_leica_0242_014-copy.jpg\"><img loading=\"lazy\" decoding=\"async\" class=\"alignnone size-medium wp-image-5157\" src=\"http:\/\/www.muzeusm.ro\/wp-content\/uploads\/2019\/08\/1960_08_23_leica_0242_014-copy-194x300.jpg\" alt=\"\" width=\"194\" height=\"300\" \/><\/a><a href=\"http:\/\/www.muzeusm.ro\/wp-content\/uploads\/2019\/08\/1960_08_23_leica_0242_015-copy.jpg\"><img loading=\"lazy\" decoding=\"async\" class=\"alignnone size-medium wp-image-5158\" src=\"http:\/\/www.muzeusm.ro\/wp-content\/uploads\/2019\/08\/1960_08_23_leica_0242_015-copy-300x194.jpg\" alt=\"\" width=\"300\" height=\"194\" \/><\/a><a href=\"http:\/\/www.muzeusm.ro\/wp-content\/uploads\/2019\/08\/1960_08_23_leica_0242_017-copy.jpg\"><img loading=\"lazy\" decoding=\"async\" class=\"alignnone size-medium wp-image-5159\" src=\"http:\/\/www.muzeusm.ro\/wp-content\/uploads\/2019\/08\/1960_08_23_leica_0242_017-copy-300x193.jpg\" alt=\"\" width=\"300\" height=\"193\" \/><\/a><a href=\"http:\/\/www.muzeusm.ro\/wp-content\/uploads\/2019\/08\/1960_08_23_leica_0242_003-copy.jpg\"><img loading=\"lazy\" decoding=\"async\" class=\"alignnone size-medium wp-image-5146\" src=\"http:\/\/www.muzeusm.ro\/wp-content\/uploads\/2019\/08\/1960_08_23_leica_0242_003-copy-193x300.jpg\" alt=\"\" width=\"193\" height=\"300\" \/><\/a><a href=\"http:\/\/www.muzeusm.ro\/wp-content\/uploads\/2019\/08\/1960_08_23_leica_0242_004-copy.jpg\"><img loading=\"lazy\" decoding=\"async\" class=\"alignnone size-medium wp-image-5147\" src=\"http:\/\/www.muzeusm.ro\/wp-content\/uploads\/2019\/08\/1960_08_23_leica_0242_004-copy-300x192.jpg\" alt=\"\" width=\"300\" height=\"192\" \/><\/a><a href=\"http:\/\/www.muzeusm.ro\/wp-content\/uploads\/2019\/08\/1960_08_23_leica_0242_005-copy.jpg\"><img loading=\"lazy\" decoding=\"async\" class=\"alignnone size-medium wp-image-5148\" src=\"http:\/\/www.muzeusm.ro\/wp-content\/uploads\/2019\/08\/1960_08_23_leica_0242_005-copy-192x300.jpg\" alt=\"\" width=\"192\" height=\"300\" \/><\/a><a href=\"http:\/\/www.muzeusm.ro\/wp-content\/uploads\/2019\/08\/1960_08_23_leica_0242_006-copy.jpg\"><img loading=\"lazy\" decoding=\"async\" class=\"alignnone size-medium wp-image-5149\" src=\"http:\/\/www.muzeusm.ro\/wp-content\/uploads\/2019\/08\/1960_08_23_leica_0242_006-copy-193x300.jpg\" alt=\"\" width=\"193\" height=\"300\" \/><\/a><a href=\"http:\/\/www.muzeusm.ro\/wp-content\/uploads\/2019\/08\/1960_08_23_leica_0242_011-copy.jpg\"><img loading=\"lazy\" decoding=\"async\" class=\"alignnone size-medium wp-image-5154\" src=\"http:\/\/www.muzeusm.ro\/wp-content\/uploads\/2019\/08\/1960_08_23_leica_0242_011-copy-300x189.jpg\" alt=\"\" width=\"300\" height=\"189\" \/><\/a><a href=\"http:\/\/www.muzeusm.ro\/wp-content\/uploads\/2019\/08\/1960_08_23_leica_0242_010-copy.jpg\"><img loading=\"lazy\" decoding=\"async\" class=\"alignnone size-medium wp-image-5153\" src=\"http:\/\/www.muzeusm.ro\/wp-content\/uploads\/2019\/08\/1960_08_23_leica_0242_010-copy-300x189.jpg\" alt=\"\" width=\"300\" height=\"189\" \/><\/a><a href=\"http:\/\/www.muzeusm.ro\/wp-content\/uploads\/2019\/08\/1960_08_23_leica_0242_009-copy.jpg\"><img loading=\"lazy\" decoding=\"async\" class=\"alignnone size-medium wp-image-5152\" src=\"http:\/\/www.muzeusm.ro\/wp-content\/uploads\/2019\/08\/1960_08_23_leica_0242_009-copy-300x189.jpg\" alt=\"\" width=\"300\" height=\"189\" \/><\/a><a href=\"http:\/\/www.muzeusm.ro\/wp-content\/uploads\/2019\/08\/1960_08_23_leica_0242_008-copy.jpg\"><img loading=\"lazy\" decoding=\"async\" class=\"alignnone size-medium wp-image-5151\" src=\"http:\/\/www.muzeusm.ro\/wp-content\/uploads\/2019\/08\/1960_08_23_leica_0242_008-copy-300x188.jpg\" alt=\"\" width=\"300\" height=\"188\" \/><\/a><a href=\"http:\/\/www.muzeusm.ro\/wp-content\/uploads\/2019\/08\/1960_08_23_leica_0242_007-copy.jpg\"><img loading=\"lazy\" decoding=\"async\" class=\"alignnone size-medium wp-image-5150\" src=\"http:\/\/www.muzeusm.ro\/wp-content\/uploads\/2019\/08\/1960_08_23_leica_0242_007-copy-300x189.jpg\" alt=\"\" width=\"300\" height=\"189\" \/><\/a><\/p>\n<p>&nbsp;<\/p>\n","protected":false},"excerpt":{"rendered":"<p>&nbsp; Ziua de\u00a023 augusta fost adoptat\u0103 drept s\u0103rb\u0103toare de stat \u00een anul 1944, purt\u00e2nd ini\u021bial numele de Ziua insurec\u021biei armate antifasciste, \u00eenceputul revolu\u021biei populare \u00een Rom\u00e2nia, marc\u00e2nd ziua \u00een care Rom\u00e2nia a \u00eentors armele \u00eempotriva Germaniei naziste \u015fi s-a al\u0103turat Coali\u0163iei Na\u0163iunilor, dar\u00a0\u0219i arestarea guvernului condus de\u00a0Ion Antonescu. 23 august a fost Ziua na\u021bional\u0103 a<a class=\"more-link\" href=\"https:\/\/muzeusm.ro\/hu\/imagini-ale-defilarilor-din-23-august-in-judetele-satu-mare-si-maramures\/\">Continue reading <span class=\"screen-reader-text\">&#8220;Imagini ale defil\u0103rilor din 23 august, \u00een jude\u021bele Satu Mare \u0219i Maramure\u0219&#8221;<\/span><\/a><\/p>\n","protected":false},"author":245723485,"featured_media":0,"comment_status":"open","ping_status":"open","sticky":false,"template":"","format":"standard","meta":{"_coblocks_attr":"","_coblocks_dimensions":"","_coblocks_responsive_height":"","_coblocks_accordion_ie_support":"","advanced_seo_description":"","jetpack_seo_html_title":"","jetpack_seo_noindex":false,"jetpack_post_was_ever_published":false,"_jetpack_newsletter_access":"","_jetpack_dont_email_post_to_subs":false,"_jetpack_newsletter_tier_id":0,"_jetpack_memberships_contains_paywalled_content":false,"_jetpack_memberships_contains_paid_content":false,"footnotes":"","jetpack_publicize_message":"","jetpack_publicize_feature_enabled":true,"jetpack_social_post_already_shared":false,"jetpack_social_options":{"image_generator_settings":{"template":"highway","default_image_id":0,"font":"","enabled":false},"version":2}},"categories":[6498592],"tags":[],"class_list":["post-5087","post","type-post","status-publish","format-standard","hentry","category-actualitati","entry"],"translation":{"provider":"WPGlobus","version":"3.0.1","language":"hu","enabled_languages":["ro","hu","en"],"languages":{"ro":{"title":true,"content":true,"excerpt":false},"hu":{"title":false,"content":false,"excerpt":false},"en":{"title":false,"content":false,"excerpt":false}}},"jetpack_publicize_connections":[],"jetpack_featured_media_url":"","jetpack_likes_enabled":true,"jetpack-related-posts":[{"id":15035,"url":"https:\/\/muzeusm.ro\/hu\/23-august-1944-80-de-ani\/","url_meta":{"origin":5087,"position":0},"title":"23 August 1944 &#8211; 80 de ani","author":"norbertlorincz","date":"23 August 2024","format":false,"excerpt":"23 AUGUST 1944 \u2013 23 AUGUST 2024 \u2013 80 DE ANI Imagini ale defil\u0103rilor din jude\u021bele Satu Mare \u0219i Maramure\u0219 - ZIUA DE 23 AUGUST A FOST ADOPTAT\u0102 DREPT S\u0102RB\u0102TOARE DE STAT \u00ceN ANUL 1944, PURT\u00c2ND INI\u021aIAL NUMELE DE \u201dZIUA INSUREC\u021aIEI ARMATE ANTIFASCISTE\u201d, \u201d\u00ceNCEPUTUL REVOLU\u021aIEI POPULARE din ROM\u00c2NIA\u201d, marc\u00e2nd ziua\u2026","rel":"","context":"In &quot;F\u0103r\u0103 categorie&quot;","block_context":{"text":"F\u0103r\u0103 categorie","link":"https:\/\/muzeusm.ro\/hu\/category\/fara-categorie\/"},"img":{"alt_text":"","src":"https:\/\/i0.wp.com\/muzeusm.ro\/wp-content\/uploads\/2024\/08\/4-150x150.jpg?resize=350%2C200&ssl=1","width":350,"height":200,"srcset":"https:\/\/i0.wp.com\/muzeusm.ro\/wp-content\/uploads\/2024\/08\/4-150x150.jpg?resize=350%2C200&ssl=1 1x, https:\/\/i0.wp.com\/muzeusm.ro\/wp-content\/uploads\/2024\/08\/4-150x150.jpg?resize=525%2C300&ssl=1 1.5x, https:\/\/i0.wp.com\/muzeusm.ro\/wp-content\/uploads\/2024\/08\/4-150x150.jpg?resize=700%2C400&ssl=1 2x, https:\/\/i0.wp.com\/muzeusm.ro\/wp-content\/uploads\/2024\/08\/4-150x150.jpg?resize=1050%2C600&ssl=1 3x, https:\/\/i0.wp.com\/muzeusm.ro\/wp-content\/uploads\/2024\/08\/4-150x150.jpg?resize=1400%2C800&ssl=1 4x"},"classes":[]},{"id":15428,"url":"https:\/\/muzeusm.ro\/hu\/armata-romana-in-campania-din-vest\/","url_meta":{"origin":5087,"position":1},"title":"Armata Rom\u00e2n\u0103 \u00een Campania de Vest","author":"Popdan Bradut","date":"21 October 2024","format":false,"excerpt":"{:ro} 80 de ani de la luptele din Transilvania, Ungaria \u0219i Cehoslovacia (1944-1945) Muzeul Militar Na\u021bional \u201eRegele Ferdinand I\u201d \u0219i Muzeul Jude\u021bean Satu Mare organizeaz\u0103 o expozi\u021bie dedicat\u0103 \u00eemplinirii a 80 de ani de la campania Armatei rom\u00e2ne din Vest \u00een timpul celui de-al Doilea R\u0103zboi Mondial (1944 \u2013 1945).\u2026","rel":"","context":"In &quot;actualitati&quot;","block_context":{"text":"actualitati","link":"https:\/\/muzeusm.ro\/hu\/category\/actualitati\/"},"img":{"alt_text":"","src":"https:\/\/i0.wp.com\/muzeusm.ro\/wp-content\/uploads\/2024\/10\/AFIS-CAREI-A4-cu-vernisaj-300dpi-scaled.jpg?resize=350%2C200&ssl=1","width":350,"height":200,"srcset":"https:\/\/i0.wp.com\/muzeusm.ro\/wp-content\/uploads\/2024\/10\/AFIS-CAREI-A4-cu-vernisaj-300dpi-scaled.jpg?resize=350%2C200&ssl=1 1x, https:\/\/i0.wp.com\/muzeusm.ro\/wp-content\/uploads\/2024\/10\/AFIS-CAREI-A4-cu-vernisaj-300dpi-scaled.jpg?resize=525%2C300&ssl=1 1.5x, https:\/\/i0.wp.com\/muzeusm.ro\/wp-content\/uploads\/2024\/10\/AFIS-CAREI-A4-cu-vernisaj-300dpi-scaled.jpg?resize=700%2C400&ssl=1 2x, https:\/\/i0.wp.com\/muzeusm.ro\/wp-content\/uploads\/2024\/10\/AFIS-CAREI-A4-cu-vernisaj-300dpi-scaled.jpg?resize=1050%2C600&ssl=1 3x, https:\/\/i0.wp.com\/muzeusm.ro\/wp-content\/uploads\/2024\/10\/AFIS-CAREI-A4-cu-vernisaj-300dpi-scaled.jpg?resize=1400%2C800&ssl=1 4x"},"classes":[]},{"id":5486,"url":"https:\/\/muzeusm.ro\/hu\/simpozion-eliberarea-ultimei-brazde-de-pamant-romanesc-75-de-ani\/","url_meta":{"origin":5087,"position":2},"title":"Simpozion &#8220;Eliberarea ultimei brazde de p\u0103m\u00e2nt rom\u00e2nesc&#8221; &#8211; 75 de ani","author":"Popdan Bradut","date":"23 October 2019","format":false,"excerpt":"25 octombrie este o zi cu semnifica\u021bie deosebit\u0103 pentru istoria Rom\u00e2niei. \u00cen anul 1944, \u00een acea zi, a fost eliberat\u0103 ultima regiune din Transilvania, regiunea Careiului, aflat\u0103 sub domina\u021bie fascist\u0103. Drept recuno\u0219tin\u021b\u0103 fa\u021b\u0103 de sacrificiul solda\u021bilor care au luat parte la aceast\u0103 ac\u021biune, \u00a025 octombrie este \u0219i Ziua Armatei Rom\u00e2ne.Pentru\u2026","rel":"","context":"In &quot;actualitati&quot;","block_context":{"text":"actualitati","link":"https:\/\/muzeusm.ro\/hu\/category\/actualitati\/"},"img":{"alt_text":"","src":"https:\/\/i0.wp.com\/www.muzeusm.ro\/wp-content\/uploads\/2019\/10\/DSCN0008-300x225.jpg?resize=350%2C200","width":350,"height":200},"classes":[]},{"id":12363,"url":"https:\/\/muzeusm.ro\/hu\/debutul-programului-multianual-de-comemorare-a-eroilor-neamului-din-judetul-satu-mare-in-anul-2023-hodod-si-lelei\/","url_meta":{"origin":5087,"position":3},"title":"Debutul programului  multianual de comemorare a Eroilor neamului din jude\u021bul Satu Mare \u00een anul 2023. Hodod \u0219i Lelei.","author":"Popdan Bradut","date":"21 April 2023","format":false,"excerpt":"\u00cen perioada imediat urm\u0103toare actului Marii Uniri, rom\u00e2nii s\u0103tm\u0103reni, \u00een cadrul organelor politice liber alese \u2013 consiliile na\u021bionale locale, trec la o serie de m\u0103suri organizatorice pe linia prelu\u0103rii vechii administra\u021bii, rezolv\u0103rii problemelor economico-sociale curente, a problemelor culturale \u0219i \u0219colare aferente noului statut conferit de hot\u0103r\u00e2rile de la Alba Iulia.\u2026","rel":"","context":"In &quot;actualitati&quot;","block_context":{"text":"actualitati","link":"https:\/\/muzeusm.ro\/hu\/category\/actualitati\/"},"img":{"alt_text":"","src":"https:\/\/i0.wp.com\/www.muzeusm.ro\/wp-content\/uploads\/2023\/04\/WhatsApp-Image-2023-04-21-at-13.21.10-224x300.jpeg?resize=350%2C200","width":350,"height":200},"classes":[]},{"id":11629,"url":"https:\/\/muzeusm.ro\/hu\/ziua-imnului-national-al-romaniei\/","url_meta":{"origin":5087,"position":4},"title":"ZIUA IMNULUI NA\u021aIONAL AL ROM\u00c2NIEI","author":"Popdan Bradut","date":"29 July 2022","format":false,"excerpt":"Potrivit Legii nr. 99 din anul 1998, data de 29 iulie a fost decretat\u0103 \u201dZiua Imnului Na\u021bional al Rom\u00e2niei\u201d \u00a0- \u201dDe\u0219teapt\u0103-te rom\u00e2ne!\u201d Azi, \u00een zi de s\u0103rb\u0103toare, v\u0103 invit s\u0103 facem \u00eempreun\u0103 o scurt\u0103 incursiune \u00een istoria imnului Rom\u00e2niei, care a avut 6 IMNURI DE STAT. Simbolurile na\u021bionale ale poporului\u2026","rel":"","context":"In &quot;actualitati&quot;","block_context":{"text":"actualitati","link":"https:\/\/muzeusm.ro\/hu\/category\/actualitati\/"},"img":{"alt_text":"","src":"","width":0,"height":0},"classes":[]},{"id":11801,"url":"https:\/\/muzeusm.ro\/hu\/25-octombrie-1944-reconstituirea-memoriei\/","url_meta":{"origin":5087,"position":5},"title":"25 OCTOMBRIE 1944. RECONSTITUIREA MEMORIEI","author":"Popdan Bradut","date":"18 October 2022","format":false,"excerpt":"\u00a0 Ac\u0163iunea RECONSTITUIREA MEMORIEI, derulat\u0103 \u00een perioada 20-21 octombrie 2022, este un eveniment muzeal menit s\u0103 asigure popularizarea \u00een r\u00e2ndul tinerilor s\u0103tm\u0103rene a Zilei Armatei Romane. Expozi\u021bia \u0219i reconstituirile istorice organizate de Muzeul Jude\u0163ean Satu Mare \u00een colaborare cu Asocia\u0163ia \u201eTRANSYLVANIAN DIGGERS\u201d \u015fi cu sprijunul Batalionul 52 Geniu \u201eTisa\u201d Satu\u2026","rel":"","context":"In &quot;actualitati&quot;","block_context":{"text":"actualitati","link":"https:\/\/muzeusm.ro\/hu\/category\/actualitati\/"},"img":{"alt_text":"","src":"https:\/\/i0.wp.com\/www.muzeusm.ro\/wp-content\/uploads\/2022\/10\/25-oct-243x300.jpg?resize=350%2C200","width":350,"height":200},"classes":[]}],"jetpack_sharing_enabled":true,"jetpack_shortlink":"https:\/\/wp.me\/pfvnyQ-1k3","_links":{"self":[{"href":"https:\/\/muzeusm.ro\/hu\/wp-json\/wp\/v2\/posts\/5087","targetHints":{"allow":["GET"]}}],"collection":[{"href":"https:\/\/muzeusm.ro\/hu\/wp-json\/wp\/v2\/posts"}],"about":[{"href":"https:\/\/muzeusm.ro\/hu\/wp-json\/wp\/v2\/types\/post"}],"author":[{"embeddable":true,"href":"https:\/\/muzeusm.ro\/hu\/wp-json\/wp\/v2\/users\/245723485"}],"replies":[{"embeddable":true,"href":"https:\/\/muzeusm.ro\/hu\/wp-json\/wp\/v2\/comments?post=5087"}],"version-history":[{"count":0,"href":"https:\/\/muzeusm.ro\/hu\/wp-json\/wp\/v2\/posts\/5087\/revisions"}],"wp:attachment":[{"href":"https:\/\/muzeusm.ro\/hu\/wp-json\/wp\/v2\/media?parent=5087"}],"wp:term":[{"taxonomy":"category","embeddable":true,"href":"https:\/\/muzeusm.ro\/hu\/wp-json\/wp\/v2\/categories?post=5087"},{"taxonomy":"post_tag","embeddable":true,"href":"https:\/\/muzeusm.ro\/hu\/wp-json\/wp\/v2\/tags?post=5087"}],"curies":[{"name":"wp","href":"https:\/\/api.w.org\/{rel}","templated":true}]}}