{"id":5015,"date":"2019-07-18T10:43:37","date_gmt":"2019-07-18T10:43:37","guid":{"rendered":"http:\/\/www.muzeusm.ro\/?p=5015"},"modified":"2019-07-18T10:43:37","modified_gmt":"2019-07-18T10:43:37","slug":"expozitie-destinul-istoric-al-tasnadului-primii-agricultori-de-pe-meleagurile-tasnadului","status":"publish","type":"post","link":"https:\/\/muzeusm.ro\/hu\/expozitie-destinul-istoric-al-tasnadului-primii-agricultori-de-pe-meleagurile-tasnadului\/","title":{"rendered":"Expozi\u021bie \u201dDestinul istoric al T\u0103\u0219nadului. Primii agricultori de pe meleagurile T\u0103\u0219nadului\u201d"},"content":{"rendered":"<p><a href=\"http:\/\/www.muzeusm.ro\/wp-content\/uploads\/2019\/07\/roll-up-1.jpg\"><img loading=\"lazy\" decoding=\"async\" class=\"alignnone size-medium wp-image-5016\" src=\"http:\/\/www.muzeusm.ro\/wp-content\/uploads\/2019\/07\/roll-up-1-131x300.jpg\" alt=\"\" width=\"131\" height=\"300\" \/><\/a><\/p>\n<p>Pe data de 20 iulie 2019, ora 17.30, cu ocazia Zilei Ora\u0219ului, la Muzeul Or\u0103\u0219enesc T\u0103\u0219nad (sala de expozi\u021bii temporare) va fi inaugurat\u0103 o expozi\u021bie menit\u0103 s\u0103 reflecte \u00eenceputurile \u00eendep\u0103rtate ale destinului istoric al T\u0103\u0219nadului<!--more-->. Anul acesta se \u00eemplinesc trei decenii de la primele cercet\u0103ri arheologice din situl neolitic de la T\u0103\u0219nad, realizate de regretatul Ne\u021ba Ierco\u0219an, muzeograf la Muzeul Municipal Carei. Expozi\u021bia ilustreaz\u0103 a\u0219adar rezultatele a trei decenii de cercet\u0103ri arheologice la T\u0103\u0219nad, cercet\u0103ri care au modificat radical imaginea noastr\u0103 despre istoria veche a T\u0103\u0219nadului. Toate descoperirile se concentreaz\u0103 \u00een zona \u0219trandului termal unde, datorit\u0103 numeroaselor lucr\u0103ri edilitare prilejuite de dezvoltarea sta\u021biunii termale, au fost efectuate s\u0103p\u0103turi arheologice de salvare de mare amploare \u00eencep\u00e2nd cu anul 2001. Cele mai vechi urme de locuire de pe teritoriul T\u0103\u0219nadului dateaz\u0103 din neoliticul timpuriu, \u00eentre 5300-5000 ani \u00eenainte de Hristos, a\u0219adar cu peste 7000 de ani \u00een urm\u0103. Locuirea continu\u0103 \u00eens\u0103, cu \u00eentreruperi, \u00een neoliticul mijlociu, epoca cuprului, epoca t\u00e2rzie a bronzului, epoca roman\u0103 \u0219i cea medieval\u0103 timpurie. Faima interna\u021bional\u0103 a sitului arheologic de la T\u0103\u0219nad se datoreaz\u0103 \u00eens\u0103 a\u0219ez\u0103rii din neoliticul timpuriu, c\u00e2nd, pe la 5300 \u00ee.Hr., popula\u021bii cunoscute sub numele conven\u021bional de cultura Starcevo-Cri\u0219, aduc \u00een nord-vestul Rom\u00e2niei de azi: cultivarea plantelor, cre\u0219terea animalelor, ceramica, piatra \u0219lefuit\u0103, locuin\u021bele solide \u0219i trainice, a\u0219ez\u0103rile sedentare. Importantele descoperiri din neoliticul timpuriu f\u0103cute de-a lungul anilor \u00een urma s\u0103p\u0103turilor de salvare au determinat o echip\u0103 de la Universitatea din Londra, Marea Britanie, coordonat\u0103 de profesoara Ulrike Sommer, s\u0103 demareze noi cercet\u0103ri aprofundate \u00een sit \u00eencep\u00e2nd cu anul 2012. Cele opt campanii de s\u0103p\u0103turi comune rom\u00e2no-britanice (2012-2019) au dus la noi descoperiri extrem de interesante pentru \u00een\u021belegerea vie\u021bii primilor agricultori din zon\u0103, descoperiri prezentate \u00een premier\u0103 cu ocazia prezentei expozi\u021bii.<\/p>\n<p>&nbsp;<\/p>\n","protected":false},"excerpt":{"rendered":"<p>Pe data de 20 iulie 2019, ora 17.30, cu ocazia Zilei Ora\u0219ului, la Muzeul Or\u0103\u0219enesc T\u0103\u0219nad (sala de expozi\u021bii temporare) va fi inaugurat\u0103 o expozi\u021bie menit\u0103 s\u0103 reflecte \u00eenceputurile \u00eendep\u0103rtate ale destinului istoric al T\u0103\u0219nadului<\/p>\n","protected":false},"author":245723484,"featured_media":0,"comment_status":"open","ping_status":"open","sticky":false,"template":"","format":"standard","meta":{"_coblocks_attr":"","_coblocks_dimensions":"","_coblocks_responsive_height":"","_coblocks_accordion_ie_support":"","advanced_seo_description":"","jetpack_seo_html_title":"","jetpack_seo_noindex":false,"jetpack_post_was_ever_published":false,"_jetpack_newsletter_access":"","_jetpack_dont_email_post_to_subs":false,"_jetpack_newsletter_tier_id":0,"_jetpack_memberships_contains_paywalled_content":false,"_jetpack_memberships_contains_paid_content":false,"footnotes":"","jetpack_publicize_message":"","jetpack_publicize_feature_enabled":true,"jetpack_social_post_already_shared":false,"jetpack_social_options":{"image_generator_settings":{"template":"highway","default_image_id":0,"font":"","enabled":false},"version":2}},"categories":[6498592],"tags":[],"class_list":["post-5015","post","type-post","status-publish","format-standard","hentry","category-actualitati","entry"],"translation":{"provider":"WPGlobus","version":"3.0.1","language":"hu","enabled_languages":["ro","hu","en"],"languages":{"ro":{"title":true,"content":true,"excerpt":false},"hu":{"title":false,"content":false,"excerpt":false},"en":{"title":false,"content":false,"excerpt":false}}},"jetpack_publicize_connections":[],"jetpack_featured_media_url":"","jetpack_likes_enabled":true,"jetpack-related-posts":[{"id":5757,"url":"https:\/\/muzeusm.ro\/hu\/expozitie-drumul-sarii-drumul-tarii-tasnad-1-decembrie-2019\/","url_meta":{"origin":5015,"position":0},"title":"Expozi\u0163ie &#8220;Drumul S\u0103rii-Drumul \u0162\u0103rii&#8221; &#8211; T\u0103\u015fnad 1 Decembrie 2019","author":"Popdan Bradut","date":"29 November 2019","format":false,"excerpt":"Drumul S\u0103rii \u2013 Drumul \u0162\u0103rii Pornind de la perspectiva nou\u0103, aceea a istoriei de lung\u0103 durat\u0103, conceptualizat\u0103 de Fernand Braudel, prezenta expozi\u021bie are ca scop reliefarea schimburilor economice \u00eentr-un mediu cultural-istoric ce pare, la prima vedere, cu mult mai pu\u021bin favorabil dec\u00e2t acela magistral redat de marele istoric francez. Contextul\u2026","rel":"","context":"In &quot;actualitati&quot;","block_context":{"text":"actualitati","link":"https:\/\/muzeusm.ro\/hu\/category\/actualitati\/"},"img":{"alt_text":"","src":"https:\/\/i0.wp.com\/www.muzeusm.ro\/wp-content\/uploads\/2019\/11\/RO-Afis-1-206x300.jpg?resize=350%2C200","width":350,"height":200},"classes":[]},{"id":13673,"url":"https:\/\/muzeusm.ro\/hu\/tasnad\/","url_meta":{"origin":5015,"position":1},"title":"Muzeul Or\u0103\u015fenesc T\u0103\u015fnad &#8211; Tasn\u00e1di V\u00e1rosi M\u00fazeum &#8211; T\u0103\u015fnad City Museum","author":"Gordan Csilla","date":"12 December 2013","format":false,"excerpt":"{:ro}\u00cen cadrul Muzeului Or\u0103\u015fenesc T\u0103\u015fnad sunt organizate dou\u0103 obiective muzeale cu expozi\u0163ii permanente: sediul central al muzeului, g\u0103zduit de conacul nobiliar din centrul ora\u015fului, organizat pe dou\u0103 sec\u0163iuni: arheologie-istorie local\u0103 \u015fi etnografie; casa-muzeu din \u015etrandul T\u0103\u015fnad, o cas\u0103 \u0163\u0103r\u0103neasc\u0103 specific\u0103 zonei s\u0103tm\u0103rene de c\u00e2mpie \u015fi codru, compus\u0103 din tind\u0103, camera\u2026","rel":"","context":"In &quot;Expozitiidebaza&quot;","block_context":{"text":"Expozitiidebaza","link":"https:\/\/muzeusm.ro\/hu\/category\/expozitiidebaza\/"},"img":{"alt_text":"","src":"","width":0,"height":0},"classes":[]},{"id":13686,"url":"https:\/\/muzeusm.ro\/hu\/muzeele-carei-si-tasnad\/","url_meta":{"origin":5015,"position":2},"title":"Sec\u0163ia Carei \u015fi T\u0103\u015fnad","author":"Gordan Csilla","date":"12 December 2013","format":false,"excerpt":"Sec\u021bia Carei- T\u0103\u0219nad cuprinde urm\u0103toarele obiective muzeale: Muzeul Municipal Carei,Muzeul Or\u0103\u015fenesc T\u0103\u015fnad, Complexul Muzeal Ady Endre, Muzeul Maghiar Sipos Laszlo de la Bogdand \u0219i Casa \u021b\u0103r\u0103neasc\u0103 de la Andrid. Muzeul Municipal Carei. S-a \u00eenfiin\u021bat sub numele de Muzeu Raional \u00een anul 1958. Devine muzeu or\u0103\u0219enesc \u00een 1985 \u0219i intr\u0103 \u00een\u2026","rel":"","context":"Similar post","block_context":{"text":"Similar post","link":""},"img":{"alt_text":"","src":"","width":0,"height":0},"classes":[]},{"id":16661,"url":"https:\/\/muzeusm.ro\/hu\/lansare-de-carte-la-tasnad-in-memoria-comunitatii-evreiesti\/","url_meta":{"origin":5015,"position":3},"title":"Lansare de carte la T\u0103\u0219nad \u2013 \u00cen memoria comunit\u0103\u021bii evreie\u0219ti","author":"Kov\u00e1cs Zsolt","date":"19 May 2025","format":false,"excerpt":"\u201eT\u0103\u0219nad. O monografie istoric\u0103 \u00een memoria comunit\u0103\u021bii evreie\u0219ti din T\u0103\u0219nad\u201d, autor Abraham Fuchs, evreu originar din T\u0103\u0219nad, publicat\u0103 acum pentru prima dat\u0103 \u00een limba rom\u00e2n\u0103, \u00eentr-o edi\u021bie \u00eengrijit\u0103 de Diana Kinces, conservator la Muzeul Jude\u021bean Satu Mare. Evenimentul va fi marcat de: Dezvelirea unei pl\u0103ci comemorative Expozi\u021bie dedicat\u0103 comunit\u0103\u021bii evreie\u0219ti\u2026","rel":"","context":"In &quot;Evenimente&quot;","block_context":{"text":"Evenimente","link":"https:\/\/muzeusm.ro\/hu\/category\/evenimente\/"},"img":{"alt_text":"","src":"https:\/\/i0.wp.com\/muzeusm.ro\/wp-content\/uploads\/2025\/05\/fcd5bfa6-bd41-4b26-b337-1a41ffccc0cc.jpg?resize=350%2C200&ssl=1","width":350,"height":200,"srcset":"https:\/\/i0.wp.com\/muzeusm.ro\/wp-content\/uploads\/2025\/05\/fcd5bfa6-bd41-4b26-b337-1a41ffccc0cc.jpg?resize=350%2C200&ssl=1 1x, https:\/\/i0.wp.com\/muzeusm.ro\/wp-content\/uploads\/2025\/05\/fcd5bfa6-bd41-4b26-b337-1a41ffccc0cc.jpg?resize=525%2C300&ssl=1 1.5x, https:\/\/i0.wp.com\/muzeusm.ro\/wp-content\/uploads\/2025\/05\/fcd5bfa6-bd41-4b26-b337-1a41ffccc0cc.jpg?resize=700%2C400&ssl=1 2x, https:\/\/i0.wp.com\/muzeusm.ro\/wp-content\/uploads\/2025\/05\/fcd5bfa6-bd41-4b26-b337-1a41ffccc0cc.jpg?resize=1050%2C600&ssl=1 3x"},"classes":[]},{"id":1059,"url":"https:\/\/muzeusm.ro\/hu\/expozitia-impreuna-fara-frontiere\/","url_meta":{"origin":5015,"position":4},"title":"Expozi\u021bia  \u201d\u00cempreun\u0103 f\u0103r\u0103 frontiere\u201d","author":"Dobrescu Adela Catalina","date":"1 October 2015","format":false,"excerpt":"Expozi\u021bia de fotografii este parte a proiectului european \u201dCooperare institu\u021bional\u0103 interactiv\u0103. Istorie, tradi\u021bii \u0219i cultur\u0103 f\u0103r\u0103 frontiere\u201d (HUSKROUA\/1101\/140) \u0219i este rezultatul cercet\u0103rilor efectuate \u00een jude\u021bul Satu Mare \u0219i Regiunea Transcarpatia. Fotografiile surprind imagini din urm\u0103toarele localit\u0103\u021bi: T\u0103\u0219nad, Micula, Certeze, Ap\u0219a de Jos, Slatina \u0219i Biserica Alb\u0103. Fotografiile au fost expuse\u2026","rel":"","context":"In &quot;actualitati&quot;","block_context":{"text":"actualitati","link":"https:\/\/muzeusm.ro\/hu\/category\/actualitati\/"},"img":{"alt_text":"apsa 2","src":"https:\/\/i0.wp.com\/www.muzeusm.ro\/wp-content\/uploads\/2015\/10\/apsa-2-119x300.jpg?resize=350%2C200","width":350,"height":200},"classes":[]},{"id":12338,"url":"https:\/\/muzeusm.ro\/hu\/scoala-altfel-si-saptamana-verde-2023-program-de-activitatilor-organizate-de-muzeul-judetean-satu-mare\/","url_meta":{"origin":5015,"position":5},"title":"\u201e\u0218COALA ALTFEL \u201d \u0219i \u201eS\u0102PT\u0102M\u00c2NA VERDE\u201d 2023- program de activit\u0103\u021bilor organizate de Muzeul Jude\u021bean Satu Mare","author":"Popdan Bradut","date":"30 March 2023","format":false,"excerpt":"Oferta de activit\u0103\u021bi organizate de Muzeul Jude\u021bean Satu Mare \u00een perioada derul\u0103rii programelor na\u021bionale\u00a0\u201eS\u0103pt\u0103m\u00e2na verde\u201d \u0219i \u00a0\u201e\u0218coala altfel\u201d 27.02 - 16.06.2023 \u00a0 Oferta expozi\u021bional\u0103 pentru vizitare \u00een perioada 27.02 -16.06.2023 Muzeul de Art\u0103- Pia\u0163a Libert\u0103\u0163ii nr.21 Expozi\u0163ia permanent\u0103 \u201eAurel Popp\u201d Atelierul memorial Paul Erd\u00f6s-Pasaj \u201eStefan Ruha\u201d Muzeul Municipal Carei (Castelul\u2026","rel":"","context":"In &quot;actualitati&quot;","block_context":{"text":"actualitati","link":"https:\/\/muzeusm.ro\/hu\/category\/actualitati\/"},"img":{"alt_text":"","src":"","width":0,"height":0},"classes":[]}],"jetpack_sharing_enabled":true,"jetpack_shortlink":"https:\/\/wp.me\/pfvnyQ-1iT","_links":{"self":[{"href":"https:\/\/muzeusm.ro\/hu\/wp-json\/wp\/v2\/posts\/5015","targetHints":{"allow":["GET"]}}],"collection":[{"href":"https:\/\/muzeusm.ro\/hu\/wp-json\/wp\/v2\/posts"}],"about":[{"href":"https:\/\/muzeusm.ro\/hu\/wp-json\/wp\/v2\/types\/post"}],"author":[{"embeddable":true,"href":"https:\/\/muzeusm.ro\/hu\/wp-json\/wp\/v2\/users\/245723484"}],"replies":[{"embeddable":true,"href":"https:\/\/muzeusm.ro\/hu\/wp-json\/wp\/v2\/comments?post=5015"}],"version-history":[{"count":0,"href":"https:\/\/muzeusm.ro\/hu\/wp-json\/wp\/v2\/posts\/5015\/revisions"}],"wp:attachment":[{"href":"https:\/\/muzeusm.ro\/hu\/wp-json\/wp\/v2\/media?parent=5015"}],"wp:term":[{"taxonomy":"category","embeddable":true,"href":"https:\/\/muzeusm.ro\/hu\/wp-json\/wp\/v2\/categories?post=5015"},{"taxonomy":"post_tag","embeddable":true,"href":"https:\/\/muzeusm.ro\/hu\/wp-json\/wp\/v2\/tags?post=5015"}],"curies":[{"name":"wp","href":"https:\/\/api.w.org\/{rel}","templated":true}]}}