{"id":4268,"date":"2019-03-08T08:14:37","date_gmt":"2019-03-08T08:14:37","guid":{"rendered":"http:\/\/www.muzeusm.ro\/?p=4268"},"modified":"2019-03-08T08:14:37","modified_gmt":"2019-03-08T08:14:37","slug":"vernisajul-expozitiei-de-arta-fotografica-art-archaeology","status":"publish","type":"post","link":"https:\/\/muzeusm.ro\/hu\/vernisajul-expozitiei-de-arta-fotografica-art-archaeology\/","title":{"rendered":"Vernisajul expozi\u0163iei de art\u0103 fotografic\u0103 &#8220;Art-Archaeology&#8221;"},"content":{"rendered":"<p>Joi, 7 martie, \u00eencep\u00e2nd cu ora 17, la Galeria de Arte Plastice a Consiliului Jude\u0163ean Satu Mare, a avut loc vernisajul expozitiei de art\u0103 fotografic\u0103 &#8220;Art-Archaeology&#8221; a artistului fotograf careian dr. Hag\u00f3 Attila N\u00e1ndor. \u00cen cadrul evenimetului au luat cuv\u00e2ntul: Varga Maria &#8211; profesoar\u0103 la \u015ecoala de Arte Satu Mare, dr. Liviu Marta &#8211; managerul Muzeului Jude\u0163ean Satu Mare, expozantul Hag\u00f3 Attila N\u00e1ndor, Dragos Georgescu- membru fondator al Fotoclubului &#8220;Vasile V\u00e9nig Laszl\u00f3&#8221; din Carei, \u015fi Monica Keresztesi &#8211; vicepre\u015fedinte al Asocia\u0163iei Arti\u015ftilor Plastici Satu Mare. Programul cultural a fost sus\u0163inut la pian de c\u0103tre Szil\u00e1gyi Tam\u00e1s, elev al \u015ecolii de Arte Satu Mare.\u00a0 Expozi\u0163ia poate fi vizitat\u0103 de c\u0103tre public \u00een perioada 7 martie-10 aprilie 2019, conform programului Galeriei de Arte Plastice a Consiliului Jude\u0163ean Satu Mare<\/p>\n<p>. <a href=\"http:\/\/www.muzeusm.ro\/wp-content\/uploads\/2019\/03\/IMG_0271.jpg\"><img loading=\"lazy\" decoding=\"async\" data-attachment-id=\"4275\" data-permalink=\"https:\/\/muzeusm.ro\/hu\/img_0271\/\" data-orig-file=\"https:\/\/muzeusm.ro\/wp-content\/uploads\/2019\/03\/IMG_0271.jpg\" data-orig-size=\"2449,1632\" data-comments-opened=\"1\" data-image-meta=\"{&quot;aperture&quot;:&quot;0&quot;,&quot;credit&quot;:&quot;&quot;,&quot;camera&quot;:&quot;&quot;,&quot;caption&quot;:&quot;&quot;,&quot;created_timestamp&quot;:&quot;1551980416&quot;,&quot;copyright&quot;:&quot;&quot;,&quot;focal_length&quot;:&quot;0&quot;,&quot;iso&quot;:&quot;0&quot;,&quot;shutter_speed&quot;:&quot;0&quot;,&quot;title&quot;:&quot;&quot;,&quot;orientation&quot;:&quot;1&quot;}\" data-image-title=\"IMG_0271\" data-image-description=\"\" data-image-caption=\"\" data-medium-file=\"https:\/\/muzeusm.ro\/wp-content\/uploads\/2019\/03\/IMG_0271-300x200.jpg\" data-large-file=\"https:\/\/muzeusm.ro\/wp-content\/uploads\/2019\/03\/IMG_0271-1024x682.jpg\" class=\"alignnone size-medium wp-image-4275\" src=\"http:\/\/www.muzeusm.ro\/wp-content\/uploads\/2019\/03\/IMG_0271-300x200.jpg\" alt=\"\" width=\"300\" height=\"200\" srcset=\"https:\/\/muzeusm.ro\/wp-content\/uploads\/2019\/03\/IMG_0271-300x200.jpg 300w, https:\/\/muzeusm.ro\/wp-content\/uploads\/2019\/03\/IMG_0271-1024x682.jpg 1024w, https:\/\/muzeusm.ro\/wp-content\/uploads\/2019\/03\/IMG_0271-768x512.jpg 768w, https:\/\/muzeusm.ro\/wp-content\/uploads\/2019\/03\/IMG_0271-1536x1024.jpg 1536w, https:\/\/muzeusm.ro\/wp-content\/uploads\/2019\/03\/IMG_0271-2048x1365.jpg 2048w, https:\/\/muzeusm.ro\/wp-content\/uploads\/2019\/03\/IMG_0271-1568x1045.jpg 1568w\" sizes=\"auto, (max-width: 300px) 100vw, 300px\" \/><\/a> <a href=\"http:\/\/www.muzeusm.ro\/wp-content\/uploads\/2019\/03\/IMG_0267.jpg\"><img loading=\"lazy\" decoding=\"async\" data-attachment-id=\"4273\" data-permalink=\"https:\/\/muzeusm.ro\/hu\/img_0267\/\" data-orig-file=\"https:\/\/muzeusm.ro\/wp-content\/uploads\/2019\/03\/IMG_0267.jpg\" data-orig-size=\"2449,1632\" data-comments-opened=\"1\" data-image-meta=\"{&quot;aperture&quot;:&quot;0&quot;,&quot;credit&quot;:&quot;&quot;,&quot;camera&quot;:&quot;&quot;,&quot;caption&quot;:&quot;&quot;,&quot;created_timestamp&quot;:&quot;1551980181&quot;,&quot;copyright&quot;:&quot;&quot;,&quot;focal_length&quot;:&quot;0&quot;,&quot;iso&quot;:&quot;0&quot;,&quot;shutter_speed&quot;:&quot;0&quot;,&quot;title&quot;:&quot;&quot;,&quot;orientation&quot;:&quot;1&quot;}\" data-image-title=\"IMG_0267\" data-image-description=\"\" data-image-caption=\"\" data-medium-file=\"https:\/\/muzeusm.ro\/wp-content\/uploads\/2019\/03\/IMG_0267-300x200.jpg\" data-large-file=\"https:\/\/muzeusm.ro\/wp-content\/uploads\/2019\/03\/IMG_0267-1024x682.jpg\" class=\"alignnone size-medium wp-image-4273\" src=\"http:\/\/www.muzeusm.ro\/wp-content\/uploads\/2019\/03\/IMG_0267-300x200.jpg\" alt=\"\" width=\"300\" height=\"200\" srcset=\"https:\/\/muzeusm.ro\/wp-content\/uploads\/2019\/03\/IMG_0267-300x200.jpg 300w, https:\/\/muzeusm.ro\/wp-content\/uploads\/2019\/03\/IMG_0267-1024x682.jpg 1024w, https:\/\/muzeusm.ro\/wp-content\/uploads\/2019\/03\/IMG_0267-768x512.jpg 768w, https:\/\/muzeusm.ro\/wp-content\/uploads\/2019\/03\/IMG_0267-1536x1024.jpg 1536w, https:\/\/muzeusm.ro\/wp-content\/uploads\/2019\/03\/IMG_0267-2048x1365.jpg 2048w, https:\/\/muzeusm.ro\/wp-content\/uploads\/2019\/03\/IMG_0267-1568x1045.jpg 1568w\" sizes=\"auto, (max-width: 300px) 100vw, 300px\" \/><\/a><a href=\"http:\/\/www.muzeusm.ro\/wp-content\/uploads\/2019\/03\/IMG_0268.jpg\"><img loading=\"lazy\" decoding=\"async\" data-attachment-id=\"4274\" data-permalink=\"https:\/\/muzeusm.ro\/hu\/img_0268\/\" data-orig-file=\"https:\/\/muzeusm.ro\/wp-content\/uploads\/2019\/03\/IMG_0268.jpg\" data-orig-size=\"2449,1632\" data-comments-opened=\"1\" data-image-meta=\"{&quot;aperture&quot;:&quot;0&quot;,&quot;credit&quot;:&quot;&quot;,&quot;camera&quot;:&quot;&quot;,&quot;caption&quot;:&quot;&quot;,&quot;created_timestamp&quot;:&quot;1551980294&quot;,&quot;copyright&quot;:&quot;&quot;,&quot;focal_length&quot;:&quot;0&quot;,&quot;iso&quot;:&quot;0&quot;,&quot;shutter_speed&quot;:&quot;0&quot;,&quot;title&quot;:&quot;&quot;,&quot;orientation&quot;:&quot;1&quot;}\" data-image-title=\"IMG_0268\" data-image-description=\"\" data-image-caption=\"\" data-medium-file=\"https:\/\/muzeusm.ro\/wp-content\/uploads\/2019\/03\/IMG_0268-300x200.jpg\" data-large-file=\"https:\/\/muzeusm.ro\/wp-content\/uploads\/2019\/03\/IMG_0268-1024x682.jpg\" class=\"alignnone size-medium wp-image-4274\" src=\"http:\/\/www.muzeusm.ro\/wp-content\/uploads\/2019\/03\/IMG_0268-300x200.jpg\" alt=\"\" width=\"300\" height=\"200\" srcset=\"https:\/\/muzeusm.ro\/wp-content\/uploads\/2019\/03\/IMG_0268-300x200.jpg 300w, https:\/\/muzeusm.ro\/wp-content\/uploads\/2019\/03\/IMG_0268-1024x682.jpg 1024w, https:\/\/muzeusm.ro\/wp-content\/uploads\/2019\/03\/IMG_0268-768x512.jpg 768w, https:\/\/muzeusm.ro\/wp-content\/uploads\/2019\/03\/IMG_0268-1536x1024.jpg 1536w, https:\/\/muzeusm.ro\/wp-content\/uploads\/2019\/03\/IMG_0268-2048x1365.jpg 2048w, https:\/\/muzeusm.ro\/wp-content\/uploads\/2019\/03\/IMG_0268-1568x1045.jpg 1568w\" sizes=\"auto, (max-width: 300px) 100vw, 300px\" \/><\/a><a href=\"http:\/\/www.muzeusm.ro\/wp-content\/uploads\/2019\/03\/IMG_0263.jpg\"><img loading=\"lazy\" decoding=\"async\" data-attachment-id=\"4272\" data-permalink=\"https:\/\/muzeusm.ro\/hu\/img_0263\/\" data-orig-file=\"https:\/\/muzeusm.ro\/wp-content\/uploads\/2019\/03\/IMG_0263.jpg\" data-orig-size=\"2449,1632\" data-comments-opened=\"1\" data-image-meta=\"{&quot;aperture&quot;:&quot;0&quot;,&quot;credit&quot;:&quot;&quot;,&quot;camera&quot;:&quot;&quot;,&quot;caption&quot;:&quot;&quot;,&quot;created_timestamp&quot;:&quot;1551978587&quot;,&quot;copyright&quot;:&quot;&quot;,&quot;focal_length&quot;:&quot;0&quot;,&quot;iso&quot;:&quot;0&quot;,&quot;shutter_speed&quot;:&quot;0&quot;,&quot;title&quot;:&quot;&quot;,&quot;orientation&quot;:&quot;1&quot;}\" data-image-title=\"IMG_0263\" data-image-description=\"\" data-image-caption=\"\" data-medium-file=\"https:\/\/muzeusm.ro\/wp-content\/uploads\/2019\/03\/IMG_0263-300x200.jpg\" data-large-file=\"https:\/\/muzeusm.ro\/wp-content\/uploads\/2019\/03\/IMG_0263-1024x682.jpg\" class=\"alignnone size-medium wp-image-4272\" src=\"http:\/\/www.muzeusm.ro\/wp-content\/uploads\/2019\/03\/IMG_0263-300x200.jpg\" alt=\"\" width=\"300\" height=\"200\" srcset=\"https:\/\/muzeusm.ro\/wp-content\/uploads\/2019\/03\/IMG_0263-300x200.jpg 300w, https:\/\/muzeusm.ro\/wp-content\/uploads\/2019\/03\/IMG_0263-1024x682.jpg 1024w, https:\/\/muzeusm.ro\/wp-content\/uploads\/2019\/03\/IMG_0263-768x512.jpg 768w, https:\/\/muzeusm.ro\/wp-content\/uploads\/2019\/03\/IMG_0263-1536x1024.jpg 1536w, https:\/\/muzeusm.ro\/wp-content\/uploads\/2019\/03\/IMG_0263-2048x1365.jpg 2048w, https:\/\/muzeusm.ro\/wp-content\/uploads\/2019\/03\/IMG_0263-1568x1045.jpg 1568w\" sizes=\"auto, (max-width: 300px) 100vw, 300px\" \/><\/a> <a href=\"http:\/\/www.muzeusm.ro\/wp-content\/uploads\/2019\/03\/IMG_0252.jpg\"><img loading=\"lazy\" decoding=\"async\" data-attachment-id=\"4271\" data-permalink=\"https:\/\/muzeusm.ro\/hu\/img_0252\/\" data-orig-file=\"https:\/\/muzeusm.ro\/wp-content\/uploads\/2019\/03\/IMG_0252.jpg\" data-orig-size=\"2449,1632\" data-comments-opened=\"1\" data-image-meta=\"{&quot;aperture&quot;:&quot;0&quot;,&quot;credit&quot;:&quot;&quot;,&quot;camera&quot;:&quot;&quot;,&quot;caption&quot;:&quot;&quot;,&quot;created_timestamp&quot;:&quot;1551977673&quot;,&quot;copyright&quot;:&quot;&quot;,&quot;focal_length&quot;:&quot;0&quot;,&quot;iso&quot;:&quot;0&quot;,&quot;shutter_speed&quot;:&quot;0&quot;,&quot;title&quot;:&quot;&quot;,&quot;orientation&quot;:&quot;1&quot;}\" data-image-title=\"IMG_0252\" data-image-description=\"\" data-image-caption=\"\" data-medium-file=\"https:\/\/muzeusm.ro\/wp-content\/uploads\/2019\/03\/IMG_0252-300x200.jpg\" data-large-file=\"https:\/\/muzeusm.ro\/wp-content\/uploads\/2019\/03\/IMG_0252-1024x682.jpg\" class=\"alignnone size-medium wp-image-4271\" src=\"http:\/\/www.muzeusm.ro\/wp-content\/uploads\/2019\/03\/IMG_0252-300x200.jpg\" alt=\"\" width=\"300\" height=\"200\" srcset=\"https:\/\/muzeusm.ro\/wp-content\/uploads\/2019\/03\/IMG_0252-300x200.jpg 300w, https:\/\/muzeusm.ro\/wp-content\/uploads\/2019\/03\/IMG_0252-1024x682.jpg 1024w, https:\/\/muzeusm.ro\/wp-content\/uploads\/2019\/03\/IMG_0252-768x512.jpg 768w, https:\/\/muzeusm.ro\/wp-content\/uploads\/2019\/03\/IMG_0252-1536x1024.jpg 1536w, https:\/\/muzeusm.ro\/wp-content\/uploads\/2019\/03\/IMG_0252-2048x1365.jpg 2048w, https:\/\/muzeusm.ro\/wp-content\/uploads\/2019\/03\/IMG_0252-1568x1045.jpg 1568w\" sizes=\"auto, (max-width: 300px) 100vw, 300px\" \/><\/a> <a href=\"http:\/\/www.muzeusm.ro\/wp-content\/uploads\/2019\/03\/IMG_0250.jpg\"><img loading=\"lazy\" decoding=\"async\" data-attachment-id=\"4269\" data-permalink=\"https:\/\/muzeusm.ro\/hu\/img_0250\/\" data-orig-file=\"https:\/\/muzeusm.ro\/wp-content\/uploads\/2019\/03\/IMG_0250.jpg\" data-orig-size=\"2449,1632\" data-comments-opened=\"1\" data-image-meta=\"{&quot;aperture&quot;:&quot;0&quot;,&quot;credit&quot;:&quot;&quot;,&quot;camera&quot;:&quot;&quot;,&quot;caption&quot;:&quot;&quot;,&quot;created_timestamp&quot;:&quot;1551977652&quot;,&quot;copyright&quot;:&quot;&quot;,&quot;focal_length&quot;:&quot;0&quot;,&quot;iso&quot;:&quot;0&quot;,&quot;shutter_speed&quot;:&quot;0&quot;,&quot;title&quot;:&quot;&quot;,&quot;orientation&quot;:&quot;1&quot;}\" data-image-title=\"IMG_0250\" data-image-description=\"\" data-image-caption=\"\" data-medium-file=\"https:\/\/muzeusm.ro\/wp-content\/uploads\/2019\/03\/IMG_0250-300x200.jpg\" data-large-file=\"https:\/\/muzeusm.ro\/wp-content\/uploads\/2019\/03\/IMG_0250-1024x682.jpg\" class=\"alignnone size-medium wp-image-4269\" src=\"http:\/\/www.muzeusm.ro\/wp-content\/uploads\/2019\/03\/IMG_0250-300x200.jpg\" alt=\"\" width=\"300\" height=\"200\" srcset=\"https:\/\/muzeusm.ro\/wp-content\/uploads\/2019\/03\/IMG_0250-300x200.jpg 300w, https:\/\/muzeusm.ro\/wp-content\/uploads\/2019\/03\/IMG_0250-1024x682.jpg 1024w, https:\/\/muzeusm.ro\/wp-content\/uploads\/2019\/03\/IMG_0250-768x512.jpg 768w, https:\/\/muzeusm.ro\/wp-content\/uploads\/2019\/03\/IMG_0250-1536x1024.jpg 1536w, https:\/\/muzeusm.ro\/wp-content\/uploads\/2019\/03\/IMG_0250-2048x1365.jpg 2048w, https:\/\/muzeusm.ro\/wp-content\/uploads\/2019\/03\/IMG_0250-1568x1045.jpg 1568w\" sizes=\"auto, (max-width: 300px) 100vw, 300px\" \/><\/a> <a href=\"http:\/\/www.muzeusm.ro\/wp-content\/uploads\/2019\/03\/IMG_0251.jpg\"><img loading=\"lazy\" decoding=\"async\" data-attachment-id=\"4270\" data-permalink=\"https:\/\/muzeusm.ro\/hu\/img_0251\/\" data-orig-file=\"https:\/\/muzeusm.ro\/wp-content\/uploads\/2019\/03\/IMG_0251.jpg\" data-orig-size=\"2449,1632\" data-comments-opened=\"1\" data-image-meta=\"{&quot;aperture&quot;:&quot;0&quot;,&quot;credit&quot;:&quot;&quot;,&quot;camera&quot;:&quot;&quot;,&quot;caption&quot;:&quot;&quot;,&quot;created_timestamp&quot;:&quot;1551977665&quot;,&quot;copyright&quot;:&quot;&quot;,&quot;focal_length&quot;:&quot;0&quot;,&quot;iso&quot;:&quot;0&quot;,&quot;shutter_speed&quot;:&quot;0&quot;,&quot;title&quot;:&quot;&quot;,&quot;orientation&quot;:&quot;1&quot;}\" data-image-title=\"IMG_0251\" data-image-description=\"\" data-image-caption=\"\" data-medium-file=\"https:\/\/muzeusm.ro\/wp-content\/uploads\/2019\/03\/IMG_0251-300x200.jpg\" data-large-file=\"https:\/\/muzeusm.ro\/wp-content\/uploads\/2019\/03\/IMG_0251-1024x682.jpg\" class=\"alignnone size-medium wp-image-4270\" src=\"http:\/\/www.muzeusm.ro\/wp-content\/uploads\/2019\/03\/IMG_0251-300x200.jpg\" alt=\"\" width=\"300\" height=\"200\" srcset=\"https:\/\/muzeusm.ro\/wp-content\/uploads\/2019\/03\/IMG_0251-300x200.jpg 300w, https:\/\/muzeusm.ro\/wp-content\/uploads\/2019\/03\/IMG_0251-1024x682.jpg 1024w, https:\/\/muzeusm.ro\/wp-content\/uploads\/2019\/03\/IMG_0251-768x512.jpg 768w, https:\/\/muzeusm.ro\/wp-content\/uploads\/2019\/03\/IMG_0251-1536x1024.jpg 1536w, https:\/\/muzeusm.ro\/wp-content\/uploads\/2019\/03\/IMG_0251-2048x1365.jpg 2048w, https:\/\/muzeusm.ro\/wp-content\/uploads\/2019\/03\/IMG_0251-1568x1045.jpg 1568w\" sizes=\"auto, (max-width: 300px) 100vw, 300px\" \/><\/a><\/p>\n","protected":false},"excerpt":{"rendered":"<p>Joi, 7 martie, \u00eencep\u00e2nd cu ora 17, la Galeria de Arte Plastice a Consiliului Jude\u0163ean Satu Mare, a avut loc vernisajul expozitiei de art\u0103 fotografic\u0103 &#8220;Art-Archaeology&#8221; a artistului fotograf careian dr. Hag\u00f3 Attila N\u00e1ndor. \u00cen cadrul evenimetului au luat cuv\u00e2ntul: Varga Maria &#8211; profesoar\u0103 la \u015ecoala de Arte Satu Mare, dr. Liviu Marta &#8211; managerul<a class=\"more-link\" href=\"https:\/\/muzeusm.ro\/hu\/vernisajul-expozitiei-de-arta-fotografica-art-archaeology\/\">Continue reading <span class=\"screen-reader-text\">&#8220;Vernisajul expozi\u0163iei de art\u0103 fotografic\u0103 &#8220;Art-Archaeology&#8221;&#8221;<\/span><\/a><\/p>\n","protected":false},"author":245723485,"featured_media":0,"comment_status":"open","ping_status":"open","sticky":false,"template":"","format":"standard","meta":{"_coblocks_attr":"","_coblocks_dimensions":"","_coblocks_responsive_height":"","_coblocks_accordion_ie_support":"","advanced_seo_description":"","jetpack_seo_html_title":"","jetpack_seo_noindex":false,"jetpack_post_was_ever_published":false,"_jetpack_newsletter_access":"","_jetpack_dont_email_post_to_subs":false,"_jetpack_newsletter_tier_id":0,"_jetpack_memberships_contains_paywalled_content":false,"_jetpack_memberships_contains_paid_content":false,"footnotes":"","jetpack_publicize_message":"","jetpack_publicize_feature_enabled":true,"jetpack_social_post_already_shared":false,"jetpack_social_options":{"image_generator_settings":{"template":"highway","default_image_id":0,"font":"","enabled":false},"version":2}},"categories":[6498592],"tags":[],"class_list":["post-4268","post","type-post","status-publish","format-standard","hentry","category-actualitati","entry"],"translation":{"provider":"WPGlobus","version":"3.0.1","language":"hu","enabled_languages":["ro","hu","en"],"languages":{"ro":{"title":true,"content":true,"excerpt":false},"hu":{"title":false,"content":false,"excerpt":false},"en":{"title":false,"content":false,"excerpt":false}}},"jetpack_publicize_connections":[],"jetpack_featured_media_url":"","jetpack_likes_enabled":true,"jetpack-related-posts":[{"id":13182,"url":"https:\/\/muzeusm.ro\/hu\/expozitie-de-arta-fotografica-point-of-views-puncte-de-vederefotomuveszeti-kiallitas-point-of-views-nezopontok\/","url_meta":{"origin":4268,"position":0},"title":"Expozi\u021bie de art\u0103 fotografic\u0103 \u201ePoint of views\u201d (Puncte de vedere)\/Fot\u00f3m\u0171v\u00e9szeti ki\u00e1ll\u00edt\u00e1s  \u201ePoint of views\u201d (N\u00e9z\u0151pontok)","author":"Popdan Bradut","date":"8 January 2024","format":false,"excerpt":"RO: Anul Nou 2024 \u00eencepe la Muzeul de Art\u0103 din Satu Mare cu vernisajul expozi\u021biei de art\u0103 fotografic\u0103 \u201ePoint of views\u201d (Puncte de vedere), a fotoclubului \u201eVasile V\u00e9nig L\u00e1szl\u00f3\u201d din Carei.\u00a0 Cu ocazia anivers\u0103rii a 10 ani de la \u00eenfiin\u021barea fotoclubului dorim s\u0103 prezent\u0103m lucr\u0103rile impresionante ale membrilor clubului de\u2026","rel":"","context":"In &quot;actualitati&quot;","block_context":{"text":"actualitati","link":"https:\/\/muzeusm.ro\/hu\/category\/actualitati\/"},"img":{"alt_text":"","src":"","width":0,"height":0},"classes":[]},{"id":3124,"url":"https:\/\/muzeusm.ro\/hu\/expozitie-de-pictura-reverie-octavian-bufan\/","url_meta":{"origin":4268,"position":1},"title":"Expozi\u021bie de pictur\u0103 \u201e Reverie \u201d &#8211; Octavian Bufan","author":"Dobrescu Adela Catalina","date":"2 April 2018","format":false,"excerpt":"Muzeul Jude\u0163ean Satu Mare \u2013 Sec\u0163ia de Art\u0103, invit\u0103 publicul s\u0103tm\u0103rean la vernisajul expozi\u0163iei de pictur\u0103: \u201eReverie\u201d, semnat\u0103 Octavian Bufan. Artistul s-a n\u0103scut la 30 decembrie 1964 \u00een ora\u015ful Sighetul Marma\u0163iei.A absolvit Sec\u0163ia de Arte Plastice a Universit\u0103\u0163ii Tehnice Cluj Napoca, Centrul Universitar Nord - Baia Mare, \u00een prezent fiind\u2026","rel":"","context":"In &quot;actualitati&quot;","block_context":{"text":"actualitati","link":"https:\/\/muzeusm.ro\/hu\/category\/actualitati\/"},"img":{"alt_text":"","src":"https:\/\/i0.wp.com\/www.muzeusm.ro\/wp-content\/uploads\/2018\/04\/Afis-bun-Octavian-Bufan-212x300.jpg?resize=350%2C200","width":350,"height":200},"classes":[]},{"id":1638,"url":"https:\/\/muzeusm.ro\/hu\/expozitia-jurnal-de-calatorie\/","url_meta":{"origin":4268,"position":2},"title":"Expozi\u021bia \u201eJurnal de c\u0103l\u0103torie&#8230;\u201d","author":"Dobrescu Adela Catalina","date":"23 March 2016","format":false,"excerpt":"Muzeul Jude\u021bean Satu Mare \u2013 Sec\u021bia Art\u0103, P-\u021ba Libert\u0103\u021bii, nr. 21, \u00eempreun\u0103 cu Institutul Polonez Bucure\u0219ti v\u0103 invit\u0103 miercuri 30 martie 2016, ora 17:00, la expozi\u0163ia de art\u0103 din Polonia intitulat\u0103 \u201eJurnal de c\u0103l\u0103torie...\u201d\u00a0semnat\u0103 de arti\u015ftii: Serge VASILENDIUC\u00a0\u015fi\u00a0Mariusz DROHOMIRECKI. Serge Vasilendiuc s-a n\u0103scut \u00een anul 1972 \u00een ora\u015ful B\u0103l\u0163i,Republica Moldova.\u2026","rel":"","context":"In &quot;actualitati&quot;","block_context":{"text":"actualitati","link":"https:\/\/muzeusm.ro\/hu\/category\/actualitati\/"},"img":{"alt_text":"poster_A3","src":"https:\/\/i0.wp.com\/www.muzeusm.ro\/wp-content\/uploads\/2016\/03\/poster_A3-300x209.jpg?resize=350%2C200","width":350,"height":200},"classes":[]},{"id":16672,"url":"https:\/\/muzeusm.ro\/hu\/liviu-suhar-ipostasuri-picturale\/","url_meta":{"origin":4268,"position":3},"title":"LIVIU SUHAR &#8211; IPOSTASURI PICTURALE","author":"Popdan Bradut","date":"28 May 2025","format":false,"excerpt":"Expozi\u021bie de pictur\u0103 \u201eIPOSTASURI PICTURALE\u201d semnat\u0103 Liviu Suhar Avem bucuria de a v\u0103 invita s\u0103 participa\u021bi la vernisajul unei expozi\u021bii eveniment: \u201eIPOSTASURI PICTURALE\u201d semnat\u0103 LIVIU SUHAR. Expozi\u021bia al c\u0103rui vernisaj \u00a0va avea loc duminic\u0103 1 iunie 2025, ora 17.00 la sediul Muzeului Jude\u021bean Satu Mare, Bulevardul Vasile Lucaciu nr. 21,\u2026","rel":"","context":"In &quot;actualitati&quot;","block_context":{"text":"actualitati","link":"https:\/\/muzeusm.ro\/hu\/category\/actualitati\/"},"img":{"alt_text":"","src":"https:\/\/i0.wp.com\/muzeusm.ro\/wp-content\/uploads\/2025\/05\/Afis-expo-1.jpeg?resize=350%2C200&ssl=1","width":350,"height":200,"srcset":"https:\/\/i0.wp.com\/muzeusm.ro\/wp-content\/uploads\/2025\/05\/Afis-expo-1.jpeg?resize=350%2C200&ssl=1 1x, https:\/\/i0.wp.com\/muzeusm.ro\/wp-content\/uploads\/2025\/05\/Afis-expo-1.jpeg?resize=525%2C300&ssl=1 1.5x, https:\/\/i0.wp.com\/muzeusm.ro\/wp-content\/uploads\/2025\/05\/Afis-expo-1.jpeg?resize=700%2C400&ssl=1 2x, https:\/\/i0.wp.com\/muzeusm.ro\/wp-content\/uploads\/2025\/05\/Afis-expo-1.jpeg?resize=1050%2C600&ssl=1 3x"},"classes":[]},{"id":4695,"url":"https:\/\/muzeusm.ro\/hu\/noaptea-muzeelor-castelul-karolyi-din-carei-vernisajul-expozitiei-100-de-ani-de-la-vizita-regelui-ferdinand-si-a-reginei-maria-in-judetul-satu-mare-carei-25-mai-1919\/","url_meta":{"origin":4268,"position":4},"title":"Noaptea Muzeelor &#8211; Castelul K\u00e1rolyi  din Carei &#8211; Vernisajul expozi\u021biei  &#8220;100 DE ANI DE LA VIZITA REGELUI FERDINAND \u0218I A REGINEI  MARIA \u00ceN JUDE\u021aUL SATU MARE &#8211; CAREI \u2013 25 MAI 1919&#8221;","author":"norbertlorincz","date":"20 May 2019","format":false,"excerpt":"Noaptea Muzeelor \u2013 Expozi\u021bie eveniment: \u201d100 de ani de la vizita Regelui Ferdinand \u0219i a Reginei Maria \u00een jude\u021bul Satu Mare \u2013 Carei \u2013 25 mai 1919\u201d Noaptea Muzeelor la Castelul K\u00e1rolyi din Carei a debutat cu \u00a0vernisajul expozi\u021biei foto-documentare organizat\u0103 de Muzeul Jude\u021bean Satu Mare, pentru omagierea unui eveniment\u2026","rel":"","context":"In &quot;actualitati&quot;","block_context":{"text":"actualitati","link":"https:\/\/muzeusm.ro\/hu\/category\/actualitati\/"},"img":{"alt_text":"","src":"https:\/\/i0.wp.com\/www.muzeusm.ro\/wp-content\/uploads\/2019\/05\/IMG-20190519-WA0005-300x225.jpg?resize=350%2C200","width":350,"height":200},"classes":[]},{"id":1614,"url":"https:\/\/muzeusm.ro\/hu\/comunicat-de-presa-2\/","url_meta":{"origin":4268,"position":5},"title":"Comunicat de pres\u0103","author":"Dobrescu Adela Catalina","date":"14 March 2016","format":false,"excerpt":"Muzeul Jude\u021bean Satu Mare \u2013 Sec\u021bia Art\u0103 v\u0103 invit\u0103 mar\u021bi 15 martie 2016, ora 17:30, la vernisajul expozi\u0163iei de \u00a0pictur\u0103 \u201eASCENSIUNI\u201d a artistului Dan Ion C\u00eerjoi. Artistul s-a n\u0103scut \u00een anul 1962 la Re\u0219i\u021ba, este membru al Uniunii Arti\u0219tilor Plastici din Rom\u00e2nia \u0219i este profesor de educa\u021bie plastic\u0103 la Liceul\u2026","rel":"","context":"In &quot;actualitati&quot;","block_context":{"text":"actualitati","link":"https:\/\/muzeusm.ro\/hu\/category\/actualitati\/"},"img":{"alt_text":"afis bun","src":"https:\/\/i0.wp.com\/www.muzeusm.ro\/wp-content\/uploads\/2016\/03\/afis-bun-212x300.jpg?resize=350%2C200","width":350,"height":200},"classes":[]}],"jetpack_sharing_enabled":true,"jetpack_shortlink":"https:\/\/wp.me\/pfvnyQ-16Q","_links":{"self":[{"href":"https:\/\/muzeusm.ro\/hu\/wp-json\/wp\/v2\/posts\/4268","targetHints":{"allow":["GET"]}}],"collection":[{"href":"https:\/\/muzeusm.ro\/hu\/wp-json\/wp\/v2\/posts"}],"about":[{"href":"https:\/\/muzeusm.ro\/hu\/wp-json\/wp\/v2\/types\/post"}],"author":[{"embeddable":true,"href":"https:\/\/muzeusm.ro\/hu\/wp-json\/wp\/v2\/users\/245723485"}],"replies":[{"embeddable":true,"href":"https:\/\/muzeusm.ro\/hu\/wp-json\/wp\/v2\/comments?post=4268"}],"version-history":[{"count":0,"href":"https:\/\/muzeusm.ro\/hu\/wp-json\/wp\/v2\/posts\/4268\/revisions"}],"wp:attachment":[{"href":"https:\/\/muzeusm.ro\/hu\/wp-json\/wp\/v2\/media?parent=4268"}],"wp:term":[{"taxonomy":"category","embeddable":true,"href":"https:\/\/muzeusm.ro\/hu\/wp-json\/wp\/v2\/categories?post=4268"},{"taxonomy":"post_tag","embeddable":true,"href":"https:\/\/muzeusm.ro\/hu\/wp-json\/wp\/v2\/tags?post=4268"}],"curies":[{"name":"wp","href":"https:\/\/api.w.org\/{rel}","templated":true}]}}