{"id":3000,"date":"2018-01-31T11:22:57","date_gmt":"2018-01-31T11:22:57","guid":{"rendered":"http:\/\/www.muzeusm.ro\/?p=3000"},"modified":"2018-01-31T11:22:57","modified_gmt":"2018-01-31T11:22:57","slug":"vernisaj-expo-foto-vasile-octavian-pop","status":"publish","type":"post","link":"https:\/\/muzeusm.ro\/hu\/vernisaj-expo-foto-vasile-octavian-pop\/","title":{"rendered":"Vernisaj Expo Foto: Vasile Octavian Pop"},"content":{"rendered":"<p><!--more--><\/p>\n<p>Vernisaj Expo Foto: Vasile Octavian Pop<\/p>\n<p><a href=\"http:\/\/www.muzeusm.ro\/wp-content\/uploads\/2018\/01\/MG_1167.jpg\"><img loading=\"lazy\" decoding=\"async\" data-attachment-id=\"3009\" data-permalink=\"https:\/\/muzeusm.ro\/hu\/_mg_1167\/\" data-orig-file=\"https:\/\/muzeusm.ro\/wp-content\/uploads\/2018\/01\/MG_1167.jpg\" data-orig-size=\"1024,683\" data-comments-opened=\"1\" data-image-meta=\"{&quot;aperture&quot;:&quot;5&quot;,&quot;credit&quot;:&quot;&quot;,&quot;camera&quot;:&quot;Canon EOS 500D&quot;,&quot;caption&quot;:&quot;&quot;,&quot;created_timestamp&quot;:&quot;1517329699&quot;,&quot;copyright&quot;:&quot;&quot;,&quot;focal_length&quot;:&quot;53&quot;,&quot;iso&quot;:&quot;1600&quot;,&quot;shutter_speed&quot;:&quot;0.02&quot;,&quot;title&quot;:&quot;&quot;,&quot;orientation&quot;:&quot;1&quot;}\" data-image-title=\"_MG_1167\" data-image-description=\"\" data-image-caption=\"\" data-medium-file=\"https:\/\/muzeusm.ro\/wp-content\/uploads\/2018\/01\/MG_1167-300x200.jpg\" data-large-file=\"https:\/\/muzeusm.ro\/wp-content\/uploads\/2018\/01\/MG_1167.jpg\" class=\"alignnone size-medium wp-image-3009\" src=\"http:\/\/www.muzeusm.ro\/wp-content\/uploads\/2018\/01\/MG_1167-300x200.jpg\" alt=\"\" width=\"300\" height=\"200\" srcset=\"https:\/\/muzeusm.ro\/wp-content\/uploads\/2018\/01\/MG_1167-300x200.jpg 300w, https:\/\/muzeusm.ro\/wp-content\/uploads\/2018\/01\/MG_1167-768x512.jpg 768w, https:\/\/muzeusm.ro\/wp-content\/uploads\/2018\/01\/MG_1167.jpg 1024w\" sizes=\"auto, (max-width: 300px) 100vw, 300px\" \/><\/a> <a href=\"http:\/\/www.muzeusm.ro\/wp-content\/uploads\/2018\/01\/MG_1166.jpg\"><img loading=\"lazy\" decoding=\"async\" data-attachment-id=\"3008\" data-permalink=\"https:\/\/muzeusm.ro\/hu\/_mg_1166\/\" data-orig-file=\"https:\/\/muzeusm.ro\/wp-content\/uploads\/2018\/01\/MG_1166.jpg\" data-orig-size=\"1024,683\" data-comments-opened=\"1\" data-image-meta=\"{&quot;aperture&quot;:&quot;4&quot;,&quot;credit&quot;:&quot;&quot;,&quot;camera&quot;:&quot;Canon EOS 500D&quot;,&quot;caption&quot;:&quot;&quot;,&quot;created_timestamp&quot;:&quot;1517329624&quot;,&quot;copyright&quot;:&quot;&quot;,&quot;focal_length&quot;:&quot;28&quot;,&quot;iso&quot;:&quot;1600&quot;,&quot;shutter_speed&quot;:&quot;0.02&quot;,&quot;title&quot;:&quot;&quot;,&quot;orientation&quot;:&quot;1&quot;}\" data-image-title=\"_MG_1166\" data-image-description=\"\" data-image-caption=\"\" data-medium-file=\"https:\/\/muzeusm.ro\/wp-content\/uploads\/2018\/01\/MG_1166-300x200.jpg\" data-large-file=\"https:\/\/muzeusm.ro\/wp-content\/uploads\/2018\/01\/MG_1166.jpg\" class=\"alignnone size-medium wp-image-3008\" src=\"http:\/\/www.muzeusm.ro\/wp-content\/uploads\/2018\/01\/MG_1166-300x200.jpg\" alt=\"\" width=\"300\" height=\"200\" srcset=\"https:\/\/muzeusm.ro\/wp-content\/uploads\/2018\/01\/MG_1166-300x200.jpg 300w, https:\/\/muzeusm.ro\/wp-content\/uploads\/2018\/01\/MG_1166-768x512.jpg 768w, https:\/\/muzeusm.ro\/wp-content\/uploads\/2018\/01\/MG_1166.jpg 1024w\" sizes=\"auto, (max-width: 300px) 100vw, 300px\" \/><\/a> <a href=\"http:\/\/www.muzeusm.ro\/wp-content\/uploads\/2018\/01\/MG_1159.jpg\"><img loading=\"lazy\" decoding=\"async\" data-attachment-id=\"3006\" data-permalink=\"https:\/\/muzeusm.ro\/hu\/_mg_1159\/\" data-orig-file=\"https:\/\/muzeusm.ro\/wp-content\/uploads\/2018\/01\/MG_1159.jpg\" data-orig-size=\"1024,683\" data-comments-opened=\"1\" data-image-meta=\"{&quot;aperture&quot;:&quot;4&quot;,&quot;credit&quot;:&quot;&quot;,&quot;camera&quot;:&quot;Canon EOS 500D&quot;,&quot;caption&quot;:&quot;&quot;,&quot;created_timestamp&quot;:&quot;1517328557&quot;,&quot;copyright&quot;:&quot;&quot;,&quot;focal_length&quot;:&quot;28&quot;,&quot;iso&quot;:&quot;1600&quot;,&quot;shutter_speed&quot;:&quot;0.01&quot;,&quot;title&quot;:&quot;&quot;,&quot;orientation&quot;:&quot;1&quot;}\" data-image-title=\"_MG_1159\" data-image-description=\"\" data-image-caption=\"\" data-medium-file=\"https:\/\/muzeusm.ro\/wp-content\/uploads\/2018\/01\/MG_1159-300x200.jpg\" data-large-file=\"https:\/\/muzeusm.ro\/wp-content\/uploads\/2018\/01\/MG_1159.jpg\" class=\"alignnone size-medium wp-image-3006\" src=\"http:\/\/www.muzeusm.ro\/wp-content\/uploads\/2018\/01\/MG_1159-300x200.jpg\" alt=\"\" width=\"300\" height=\"200\" srcset=\"https:\/\/muzeusm.ro\/wp-content\/uploads\/2018\/01\/MG_1159-300x200.jpg 300w, https:\/\/muzeusm.ro\/wp-content\/uploads\/2018\/01\/MG_1159-768x512.jpg 768w, https:\/\/muzeusm.ro\/wp-content\/uploads\/2018\/01\/MG_1159.jpg 1024w\" sizes=\"auto, (max-width: 300px) 100vw, 300px\" \/><\/a> <a href=\"http:\/\/www.muzeusm.ro\/wp-content\/uploads\/2018\/01\/MG_1149.jpg\"><img loading=\"lazy\" decoding=\"async\" data-attachment-id=\"3005\" data-permalink=\"https:\/\/muzeusm.ro\/hu\/_mg_1149\/\" data-orig-file=\"https:\/\/muzeusm.ro\/wp-content\/uploads\/2018\/01\/MG_1149.jpg\" data-orig-size=\"1024,683\" data-comments-opened=\"1\" data-image-meta=\"{&quot;aperture&quot;:&quot;4&quot;,&quot;credit&quot;:&quot;&quot;,&quot;camera&quot;:&quot;Canon EOS 500D&quot;,&quot;caption&quot;:&quot;&quot;,&quot;created_timestamp&quot;:&quot;1517327734&quot;,&quot;copyright&quot;:&quot;&quot;,&quot;focal_length&quot;:&quot;28&quot;,&quot;iso&quot;:&quot;1600&quot;,&quot;shutter_speed&quot;:&quot;0.02&quot;,&quot;title&quot;:&quot;&quot;,&quot;orientation&quot;:&quot;1&quot;}\" data-image-title=\"_MG_1149\" data-image-description=\"\" data-image-caption=\"\" data-medium-file=\"https:\/\/muzeusm.ro\/wp-content\/uploads\/2018\/01\/MG_1149-300x200.jpg\" data-large-file=\"https:\/\/muzeusm.ro\/wp-content\/uploads\/2018\/01\/MG_1149.jpg\" class=\"alignnone size-medium wp-image-3005\" src=\"http:\/\/www.muzeusm.ro\/wp-content\/uploads\/2018\/01\/MG_1149-300x200.jpg\" alt=\"\" width=\"300\" height=\"200\" srcset=\"https:\/\/muzeusm.ro\/wp-content\/uploads\/2018\/01\/MG_1149-300x200.jpg 300w, https:\/\/muzeusm.ro\/wp-content\/uploads\/2018\/01\/MG_1149-768x512.jpg 768w, https:\/\/muzeusm.ro\/wp-content\/uploads\/2018\/01\/MG_1149.jpg 1024w\" sizes=\"auto, (max-width: 300px) 100vw, 300px\" \/><\/a><a href=\"http:\/\/www.muzeusm.ro\/wp-content\/uploads\/2018\/01\/MG_1165.jpg\"><img loading=\"lazy\" decoding=\"async\" data-attachment-id=\"3007\" data-permalink=\"https:\/\/muzeusm.ro\/hu\/_mg_1165\/\" data-orig-file=\"https:\/\/muzeusm.ro\/wp-content\/uploads\/2018\/01\/MG_1165.jpg\" data-orig-size=\"683,1024\" data-comments-opened=\"1\" data-image-meta=\"{&quot;aperture&quot;:&quot;4&quot;,&quot;credit&quot;:&quot;&quot;,&quot;camera&quot;:&quot;Canon EOS 500D&quot;,&quot;caption&quot;:&quot;&quot;,&quot;created_timestamp&quot;:&quot;1517329204&quot;,&quot;copyright&quot;:&quot;&quot;,&quot;focal_length&quot;:&quot;28&quot;,&quot;iso&quot;:&quot;1600&quot;,&quot;shutter_speed&quot;:&quot;0.05&quot;,&quot;title&quot;:&quot;&quot;,&quot;orientation&quot;:&quot;1&quot;}\" data-image-title=\"_MG_1165\" data-image-description=\"\" data-image-caption=\"\" data-medium-file=\"https:\/\/muzeusm.ro\/wp-content\/uploads\/2018\/01\/MG_1165-200x300.jpg\" data-large-file=\"https:\/\/muzeusm.ro\/wp-content\/uploads\/2018\/01\/MG_1165.jpg\" class=\"alignnone size-medium wp-image-3007\" src=\"http:\/\/www.muzeusm.ro\/wp-content\/uploads\/2018\/01\/MG_1165-200x300.jpg\" alt=\"\" width=\"200\" height=\"300\" srcset=\"https:\/\/muzeusm.ro\/wp-content\/uploads\/2018\/01\/MG_1165-200x300.jpg 200w, https:\/\/muzeusm.ro\/wp-content\/uploads\/2018\/01\/MG_1165.jpg 683w\" sizes=\"auto, (max-width: 200px) 100vw, 200px\" \/><\/a> <a href=\"http:\/\/www.muzeusm.ro\/wp-content\/uploads\/2018\/01\/MG_1147.jpg\"><img loading=\"lazy\" decoding=\"async\" data-attachment-id=\"3004\" data-permalink=\"https:\/\/muzeusm.ro\/hu\/_mg_1147\/\" data-orig-file=\"https:\/\/muzeusm.ro\/wp-content\/uploads\/2018\/01\/MG_1147.jpg\" data-orig-size=\"1024,683\" data-comments-opened=\"1\" data-image-meta=\"{&quot;aperture&quot;:&quot;4&quot;,&quot;credit&quot;:&quot;&quot;,&quot;camera&quot;:&quot;Canon EOS 500D&quot;,&quot;caption&quot;:&quot;&quot;,&quot;created_timestamp&quot;:&quot;1517327701&quot;,&quot;copyright&quot;:&quot;&quot;,&quot;focal_length&quot;:&quot;28&quot;,&quot;iso&quot;:&quot;1600&quot;,&quot;shutter_speed&quot;:&quot;0.005&quot;,&quot;title&quot;:&quot;&quot;,&quot;orientation&quot;:&quot;1&quot;}\" data-image-title=\"_MG_1147\" data-image-description=\"\" data-image-caption=\"\" data-medium-file=\"https:\/\/muzeusm.ro\/wp-content\/uploads\/2018\/01\/MG_1147-300x200.jpg\" data-large-file=\"https:\/\/muzeusm.ro\/wp-content\/uploads\/2018\/01\/MG_1147.jpg\" class=\"alignnone size-medium wp-image-3004\" src=\"http:\/\/www.muzeusm.ro\/wp-content\/uploads\/2018\/01\/MG_1147-300x200.jpg\" alt=\"\" width=\"300\" height=\"200\" srcset=\"https:\/\/muzeusm.ro\/wp-content\/uploads\/2018\/01\/MG_1147-300x200.jpg 300w, https:\/\/muzeusm.ro\/wp-content\/uploads\/2018\/01\/MG_1147-768x512.jpg 768w, https:\/\/muzeusm.ro\/wp-content\/uploads\/2018\/01\/MG_1147.jpg 1024w\" sizes=\"auto, (max-width: 300px) 100vw, 300px\" \/><\/a> <a href=\"http:\/\/www.muzeusm.ro\/wp-content\/uploads\/2018\/01\/MG_1143.jpg\"><img loading=\"lazy\" decoding=\"async\" data-attachment-id=\"3003\" data-permalink=\"https:\/\/muzeusm.ro\/hu\/_mg_1143\/\" data-orig-file=\"https:\/\/muzeusm.ro\/wp-content\/uploads\/2018\/01\/MG_1143.jpg\" data-orig-size=\"1024,741\" data-comments-opened=\"1\" data-image-meta=\"{&quot;aperture&quot;:&quot;4&quot;,&quot;credit&quot;:&quot;&quot;,&quot;camera&quot;:&quot;Canon EOS 500D&quot;,&quot;caption&quot;:&quot;&quot;,&quot;created_timestamp&quot;:&quot;1517326766&quot;,&quot;copyright&quot;:&quot;&quot;,&quot;focal_length&quot;:&quot;38&quot;,&quot;iso&quot;:&quot;3200&quot;,&quot;shutter_speed&quot;:&quot;0.016666666666667&quot;,&quot;title&quot;:&quot;&quot;,&quot;orientation&quot;:&quot;1&quot;}\" data-image-title=\"_MG_1143\" data-image-description=\"\" data-image-caption=\"\" data-medium-file=\"https:\/\/muzeusm.ro\/wp-content\/uploads\/2018\/01\/MG_1143-300x217.jpg\" data-large-file=\"https:\/\/muzeusm.ro\/wp-content\/uploads\/2018\/01\/MG_1143.jpg\" class=\"alignnone size-medium wp-image-3003\" src=\"http:\/\/www.muzeusm.ro\/wp-content\/uploads\/2018\/01\/MG_1143-300x217.jpg\" alt=\"\" width=\"300\" height=\"217\" srcset=\"https:\/\/muzeusm.ro\/wp-content\/uploads\/2018\/01\/MG_1143-300x217.jpg 300w, https:\/\/muzeusm.ro\/wp-content\/uploads\/2018\/01\/MG_1143-768x556.jpg 768w, https:\/\/muzeusm.ro\/wp-content\/uploads\/2018\/01\/MG_1143.jpg 1024w\" sizes=\"auto, (max-width: 300px) 100vw, 300px\" \/><\/a> <a href=\"http:\/\/www.muzeusm.ro\/wp-content\/uploads\/2018\/01\/MG_1137.jpg\"><img loading=\"lazy\" decoding=\"async\" data-attachment-id=\"3002\" data-permalink=\"https:\/\/muzeusm.ro\/hu\/_mg_1137\/\" data-orig-file=\"https:\/\/muzeusm.ro\/wp-content\/uploads\/2018\/01\/MG_1137.jpg\" data-orig-size=\"638,1024\" data-comments-opened=\"1\" data-image-meta=\"{&quot;aperture&quot;:&quot;4&quot;,&quot;credit&quot;:&quot;&quot;,&quot;camera&quot;:&quot;Canon EOS 500D&quot;,&quot;caption&quot;:&quot;&quot;,&quot;created_timestamp&quot;:&quot;1517326254&quot;,&quot;copyright&quot;:&quot;&quot;,&quot;focal_length&quot;:&quot;35&quot;,&quot;iso&quot;:&quot;1600&quot;,&quot;shutter_speed&quot;:&quot;0.05&quot;,&quot;title&quot;:&quot;&quot;,&quot;orientation&quot;:&quot;1&quot;}\" data-image-title=\"_MG_1137\" data-image-description=\"\" data-image-caption=\"\" data-medium-file=\"https:\/\/muzeusm.ro\/wp-content\/uploads\/2018\/01\/MG_1137-187x300.jpg\" data-large-file=\"https:\/\/muzeusm.ro\/wp-content\/uploads\/2018\/01\/MG_1137.jpg\" class=\"alignnone size-medium wp-image-3002\" src=\"http:\/\/www.muzeusm.ro\/wp-content\/uploads\/2018\/01\/MG_1137-187x300.jpg\" alt=\"\" width=\"187\" height=\"300\" srcset=\"https:\/\/muzeusm.ro\/wp-content\/uploads\/2018\/01\/MG_1137-187x300.jpg 187w, https:\/\/muzeusm.ro\/wp-content\/uploads\/2018\/01\/MG_1137.jpg 638w\" sizes=\"auto, (max-width: 187px) 100vw, 187px\" \/><\/a> <a href=\"http:\/\/www.muzeusm.ro\/wp-content\/uploads\/2018\/01\/MG_1135.jpg\"><img loading=\"lazy\" decoding=\"async\" data-attachment-id=\"3001\" data-permalink=\"https:\/\/muzeusm.ro\/hu\/_mg_1135\/\" data-orig-file=\"https:\/\/muzeusm.ro\/wp-content\/uploads\/2018\/01\/MG_1135.jpg\" data-orig-size=\"1024,683\" data-comments-opened=\"1\" data-image-meta=\"{&quot;aperture&quot;:&quot;4&quot;,&quot;credit&quot;:&quot;&quot;,&quot;camera&quot;:&quot;Canon EOS 500D&quot;,&quot;caption&quot;:&quot;&quot;,&quot;created_timestamp&quot;:&quot;1517326177&quot;,&quot;copyright&quot;:&quot;&quot;,&quot;focal_length&quot;:&quot;28&quot;,&quot;iso&quot;:&quot;1600&quot;,&quot;shutter_speed&quot;:&quot;0.02&quot;,&quot;title&quot;:&quot;&quot;,&quot;orientation&quot;:&quot;1&quot;}\" data-image-title=\"_MG_1135\" data-image-description=\"\" data-image-caption=\"\" data-medium-file=\"https:\/\/muzeusm.ro\/wp-content\/uploads\/2018\/01\/MG_1135-300x200.jpg\" data-large-file=\"https:\/\/muzeusm.ro\/wp-content\/uploads\/2018\/01\/MG_1135.jpg\" class=\"alignnone size-medium wp-image-3001\" src=\"http:\/\/www.muzeusm.ro\/wp-content\/uploads\/2018\/01\/MG_1135-300x200.jpg\" alt=\"\" width=\"300\" height=\"200\" srcset=\"https:\/\/muzeusm.ro\/wp-content\/uploads\/2018\/01\/MG_1135-300x200.jpg 300w, https:\/\/muzeusm.ro\/wp-content\/uploads\/2018\/01\/MG_1135-768x512.jpg 768w, https:\/\/muzeusm.ro\/wp-content\/uploads\/2018\/01\/MG_1135.jpg 1024w\" sizes=\"auto, (max-width: 300px) 100vw, 300px\" \/><\/a><\/p>\n","protected":false},"excerpt":{"rendered":"","protected":false},"author":243833644,"featured_media":0,"comment_status":"open","ping_status":"open","sticky":false,"template":"","format":"standard","meta":{"_coblocks_attr":"","_coblocks_dimensions":"","_coblocks_responsive_height":"","_coblocks_accordion_ie_support":"","advanced_seo_description":"","jetpack_seo_html_title":"","jetpack_seo_noindex":false,"jetpack_post_was_ever_published":false,"_jetpack_newsletter_access":"","_jetpack_dont_email_post_to_subs":false,"_jetpack_newsletter_tier_id":0,"_jetpack_memberships_contains_paywalled_content":false,"_jetpack_memberships_contains_paid_content":false,"footnotes":"","jetpack_publicize_message":"","jetpack_publicize_feature_enabled":true,"jetpack_social_post_already_shared":false,"jetpack_social_options":{"image_generator_settings":{"template":"highway","default_image_id":0,"font":"","enabled":false},"version":2}},"categories":[6498592],"tags":[],"class_list":["post-3000","post","type-post","status-publish","format-standard","hentry","category-actualitati","entry"],"translation":{"provider":"WPGlobus","version":"3.0.1","language":"hu","enabled_languages":["ro","hu","en"],"languages":{"ro":{"title":true,"content":true,"excerpt":false},"hu":{"title":false,"content":false,"excerpt":false},"en":{"title":false,"content":false,"excerpt":false}}},"jetpack_publicize_connections":[],"jetpack_featured_media_url":"","jetpack_likes_enabled":true,"jetpack-related-posts":[{"id":5411,"url":"https:\/\/muzeusm.ro\/hu\/expo-foto-delta-dunarii\/","url_meta":{"origin":3000,"position":0},"title":"Expo foto &#8221; Delta Dun\u0103rii &#8220;","author":"Popdan Bradut","date":"11 October 2019","format":false,"excerpt":"Muzeul Jude\u0163ean Satu Mare v\u0103 invit\u0103 la vernisajul expozi\u0163iei de fotografii \u201cDelta Dun\u0103rii\u201d, expozi\u0163ie realizat\u0103 de arti\u015ftii fotografi tulceni Daniel Petrescu, Iliu\u0163\u0103 Goean, Valeriu Leonov \u015fi Mihai Baciu. Simezele Muzeului s\u0103tm\u0103rean vor g\u0103zdui instantanee reprezent\u00e2nd caracteristicile geografice, istorice, spirituale \u015fi etnice ce fac din pitoreasca Dobroge cel mai atractiv \u015fi\u2026","rel":"","context":"In &quot;actualitati&quot;","block_context":{"text":"actualitati","link":"https:\/\/muzeusm.ro\/hu\/category\/actualitati\/"},"img":{"alt_text":"","src":"https:\/\/i0.wp.com\/www.muzeusm.ro\/wp-content\/uploads\/2019\/10\/delta-afis-214x300.jpg?resize=350%2C200","width":350,"height":200},"classes":[]},{"id":3701,"url":"https:\/\/muzeusm.ro\/hu\/vernisaj-expo-foto-documentare-centenarul-in-ipostaze-identitare\/","url_meta":{"origin":3000,"position":1},"title":"Vernisaj, Expo foto-documentare: Centenarul \u00een ipostaze identitare.","author":"norbertlorincz","date":"20 September 2018","format":false,"excerpt":"Muzeul Jude\u021bean Satu Mare duce \u00een Ungaria s\u0103rb\u0103toarea Centenarului La invita\u021bia Consulatului General al Rom\u00e2niei la Gyula, Muzeul Jude\u021bean Satu Mare organizeaz\u0103 la sediul Uniunii Culturale a Rom\u00e2nilor din Ungaria, \u00een 22 septembrie ora 18, \u00a0un amplu program dedicat Centenarului Marii Uniri: Vernisajul Expozi\u021bie foto - documentare: Centenarul \u00een ipostaze\u2026","rel":"","context":"In &quot;actualitati&quot;","block_context":{"text":"actualitati","link":"https:\/\/muzeusm.ro\/hu\/category\/actualitati\/"},"img":{"alt_text":"","src":"https:\/\/i0.wp.com\/www.muzeusm.ro\/wp-content\/uploads\/2018\/09\/afis-finalizat-a3-212x300.jpg?resize=350%2C200","width":350,"height":200},"classes":[]},{"id":7566,"url":"https:\/\/muzeusm.ro\/hu\/vernisaj-expo-foto-o-nunta-doua-nunti-selectiuni\/","url_meta":{"origin":3000,"position":2},"title":"Vernisaj expo foto \u201d O nunt\u0103.Dou\u0103 nun\u021bi \u201d &#8211; selec\u021biuni","author":"Popdan Bradut","date":"18 August 2020","format":false,"excerpt":"","rel":"","context":"In &quot;actualitati&quot;","block_context":{"text":"actualitati","link":"https:\/\/muzeusm.ro\/hu\/category\/actualitati\/"},"img":{"alt_text":"","src":"","width":0,"height":0},"classes":[]},{"id":3569,"url":"https:\/\/muzeusm.ro\/hu\/vernisajul-expozitiei-retrospective-vasile-pop-negresteanu\/","url_meta":{"origin":3000,"position":3},"title":"Vernisajul expozi\u021biei retrospective Vasile Pop Negre\u0219teanu","author":"Dobrescu Adela Catalina","date":"16 July 2018","format":false,"excerpt":"","rel":"","context":"In &quot;actualitati&quot;","block_context":{"text":"actualitati","link":"https:\/\/muzeusm.ro\/hu\/category\/actualitati\/"},"img":{"alt_text":"","src":"https:\/\/i0.wp.com\/www.muzeusm.ro\/wp-content\/uploads\/2018\/07\/MG_3100-200x300.jpg?resize=350%2C200","width":350,"height":200},"classes":[]},{"id":4646,"url":"https:\/\/muzeusm.ro\/hu\/noaptea-muzeelor-18-mai-2019-program\/","url_meta":{"origin":3000,"position":4},"title":"NOAPTEA MUZEELOR 18 Mai 2019 &#8211; Program","author":"norbertlorincz","date":"16 May 2019","format":false,"excerpt":"NOAPTEA MUZEELOR 18 Mai 2019 Program de vizitare: 17.00 \u2013 24.00 Muzeul de Istorie \u2013 B-dul Vasile Lucaciu nr.21 Expozi\u0163ie de costume \u015fi prezentare de mod\u0103 : \u201eSatu Mare un centru al modei rom\u00e2ne\u015fti \u201d Vernisaj: ora 19.00 Expo foto-documentar\u0103 \u201e100 de ani de la instaurarea administra\u0163iei rom\u00e2ne\u015fti la Satu\u2026","rel":"","context":"In &quot;actualitati&quot;","block_context":{"text":"actualitati","link":"https:\/\/muzeusm.ro\/hu\/category\/actualitati\/"},"img":{"alt_text":"","src":"https:\/\/i0.wp.com\/www.muzeusm.ro\/wp-content\/uploads\/2019\/05\/banner-muz1-1-83x300.jpg?resize=350%2C200","width":350,"height":200},"classes":[]},{"id":3365,"url":"https:\/\/muzeusm.ro\/hu\/noaptea-alba-a-muzeelor-1920-mai-2018\/","url_meta":{"origin":3000,"position":5},"title":"NOAPTEA  ALB\u0102 A MUZEELOR 19\/20 mai 2018","author":"Dobrescu Adela Catalina","date":"16 May 2018","format":false,"excerpt":"NOAPTEA ALB\u0102 A MUZEELOR 19\/20 mai 2018 Muzeul de Istorie \u2013 B-dul Vasile Lucaciu nr.21 Expozi\u0163ii: Expozi\u0163ia permanent\u0103 de Arheologie \u015fi Etno-Istorie Expozi\u021bie de pictur\u0103 GEORG HALLER - organizatori: Forumul Democrat German - Satu Mare, Muzeul \u0218vabilor Dun\u0103reni \u2013 Ulm (Germania) Expozi\u0163ia de Cactu\u015fi \u015fi plante suculente- organizator: Asocia\u0163ia Aztekium\u2026","rel":"","context":"In &quot;actualitati&quot;","block_context":{"text":"actualitati","link":"https:\/\/muzeusm.ro\/hu\/category\/actualitati\/"},"img":{"alt_text":"","src":"https:\/\/i0.wp.com\/www.muzeusm.ro\/wp-content\/uploads\/2018\/05\/NOAPTEA-ALBA-A-MUZEELOR2018-1-214x300.jpg?resize=350%2C200","width":350,"height":200},"classes":[]}],"jetpack_sharing_enabled":true,"jetpack_shortlink":"https:\/\/wp.me\/pfvnyQ-Mo","_links":{"self":[{"href":"https:\/\/muzeusm.ro\/hu\/wp-json\/wp\/v2\/posts\/3000","targetHints":{"allow":["GET"]}}],"collection":[{"href":"https:\/\/muzeusm.ro\/hu\/wp-json\/wp\/v2\/posts"}],"about":[{"href":"https:\/\/muzeusm.ro\/hu\/wp-json\/wp\/v2\/types\/post"}],"author":[{"embeddable":true,"href":"https:\/\/muzeusm.ro\/hu\/wp-json\/wp\/v2\/users\/243833644"}],"replies":[{"embeddable":true,"href":"https:\/\/muzeusm.ro\/hu\/wp-json\/wp\/v2\/comments?post=3000"}],"version-history":[{"count":0,"href":"https:\/\/muzeusm.ro\/hu\/wp-json\/wp\/v2\/posts\/3000\/revisions"}],"wp:attachment":[{"href":"https:\/\/muzeusm.ro\/hu\/wp-json\/wp\/v2\/media?parent=3000"}],"wp:term":[{"taxonomy":"category","embeddable":true,"href":"https:\/\/muzeusm.ro\/hu\/wp-json\/wp\/v2\/categories?post=3000"},{"taxonomy":"post_tag","embeddable":true,"href":"https:\/\/muzeusm.ro\/hu\/wp-json\/wp\/v2\/tags?post=3000"}],"curies":[{"name":"wp","href":"https:\/\/api.w.org\/{rel}","templated":true}]}}