{"id":2735,"date":"2017-08-01T09:14:35","date_gmt":"2017-08-01T09:14:35","guid":{"rendered":"http:\/\/www.muzeusm.ro\/?p=2735"},"modified":"2017-08-01T09:14:35","modified_gmt":"2017-08-01T09:14:35","slug":"comunicat-expozitia-itinerar-spiritual-33","status":"publish","type":"post","link":"https:\/\/muzeusm.ro\/hu\/comunicat-expozitia-itinerar-spiritual-33\/","title":{"rendered":"Comunicat &#8211; Expozi\u021bia &#8211; Itinerar spiritual 33"},"content":{"rendered":"<p><a href=\"http:\/\/www.muzeusm.ro\/wp-content\/uploads\/2017\/08\/Afis-expo-2017-A3.jpg\"><img loading=\"lazy\" decoding=\"async\" data-attachment-id=\"2736\" data-permalink=\"https:\/\/muzeusm.ro\/hu\/afis-expo-2017-a3\/\" data-orig-file=\"https:\/\/muzeusm.ro\/wp-content\/uploads\/2017\/08\/Afis-expo-2017-A3-scaled.jpg\" data-orig-size=\"1760,2560\" data-comments-opened=\"1\" data-image-meta=\"{&quot;aperture&quot;:&quot;0&quot;,&quot;credit&quot;:&quot;User&quot;,&quot;camera&quot;:&quot;&quot;,&quot;caption&quot;:&quot;&quot;,&quot;created_timestamp&quot;:&quot;1501161356&quot;,&quot;copyright&quot;:&quot;&quot;,&quot;focal_length&quot;:&quot;0&quot;,&quot;iso&quot;:&quot;0&quot;,&quot;shutter_speed&quot;:&quot;0&quot;,&quot;title&quot;:&quot;&quot;,&quot;orientation&quot;:&quot;0&quot;}\" data-image-title=\"Afis expo 2017-A3\" data-image-description=\"\" data-image-caption=\"\" data-medium-file=\"https:\/\/muzeusm.ro\/wp-content\/uploads\/2017\/08\/Afis-expo-2017-A3-206x300.jpg\" data-large-file=\"https:\/\/muzeusm.ro\/wp-content\/uploads\/2017\/08\/Afis-expo-2017-A3-704x1024.jpg\" class=\"alignnone size-medium wp-image-2736\" src=\"http:\/\/www.muzeusm.ro\/wp-content\/uploads\/2017\/08\/Afis-expo-2017-A3-206x300.jpg\" alt=\"\" width=\"206\" height=\"300\" srcset=\"https:\/\/muzeusm.ro\/wp-content\/uploads\/2017\/08\/Afis-expo-2017-A3-206x300.jpg 206w, https:\/\/muzeusm.ro\/wp-content\/uploads\/2017\/08\/Afis-expo-2017-A3-704x1024.jpg 704w, https:\/\/muzeusm.ro\/wp-content\/uploads\/2017\/08\/Afis-expo-2017-A3-768x1117.jpg 768w, https:\/\/muzeusm.ro\/wp-content\/uploads\/2017\/08\/Afis-expo-2017-A3-1056x1536.jpg 1056w, https:\/\/muzeusm.ro\/wp-content\/uploads\/2017\/08\/Afis-expo-2017-A3-1408x2048.jpg 1408w, https:\/\/muzeusm.ro\/wp-content\/uploads\/2017\/08\/Afis-expo-2017-A3-1568x2281.jpg 1568w, https:\/\/muzeusm.ro\/wp-content\/uploads\/2017\/08\/Afis-expo-2017-A3-scaled.jpg 1760w\" sizes=\"auto, (max-width: 206px) 100vw, 206px\" \/><\/a> <a href=\"http:\/\/www.muzeusm.ro\/wp-content\/uploads\/2017\/08\/Afis-expo-2017-A3-hu.jpg\"><img loading=\"lazy\" decoding=\"async\" data-attachment-id=\"2737\" data-permalink=\"https:\/\/muzeusm.ro\/hu\/afis-expo-2017-a3-hu\/\" data-orig-file=\"https:\/\/muzeusm.ro\/wp-content\/uploads\/2017\/08\/Afis-expo-2017-A3-hu-scaled.jpg\" data-orig-size=\"1776,2560\" data-comments-opened=\"1\" data-image-meta=\"{&quot;aperture&quot;:&quot;0&quot;,&quot;credit&quot;:&quot;User&quot;,&quot;camera&quot;:&quot;&quot;,&quot;caption&quot;:&quot;&quot;,&quot;created_timestamp&quot;:&quot;1501161356&quot;,&quot;copyright&quot;:&quot;&quot;,&quot;focal_length&quot;:&quot;0&quot;,&quot;iso&quot;:&quot;0&quot;,&quot;shutter_speed&quot;:&quot;0&quot;,&quot;title&quot;:&quot;&quot;,&quot;orientation&quot;:&quot;0&quot;}\" data-image-title=\"Afis expo 2017-A3-hu\" data-image-description=\"\" data-image-caption=\"\" data-medium-file=\"https:\/\/muzeusm.ro\/wp-content\/uploads\/2017\/08\/Afis-expo-2017-A3-hu-208x300.jpg\" data-large-file=\"https:\/\/muzeusm.ro\/wp-content\/uploads\/2017\/08\/Afis-expo-2017-A3-hu-710x1024.jpg\" class=\"alignnone size-medium wp-image-2737\" src=\"http:\/\/www.muzeusm.ro\/wp-content\/uploads\/2017\/08\/Afis-expo-2017-A3-hu-208x300.jpg\" alt=\"\" width=\"208\" height=\"300\" srcset=\"https:\/\/muzeusm.ro\/wp-content\/uploads\/2017\/08\/Afis-expo-2017-A3-hu-208x300.jpg 208w, https:\/\/muzeusm.ro\/wp-content\/uploads\/2017\/08\/Afis-expo-2017-A3-hu-710x1024.jpg 710w, https:\/\/muzeusm.ro\/wp-content\/uploads\/2017\/08\/Afis-expo-2017-A3-hu-768x1107.jpg 768w, https:\/\/muzeusm.ro\/wp-content\/uploads\/2017\/08\/Afis-expo-2017-A3-hu-1066x1536.jpg 1066w, https:\/\/muzeusm.ro\/wp-content\/uploads\/2017\/08\/Afis-expo-2017-A3-hu-1421x2048.jpg 1421w, https:\/\/muzeusm.ro\/wp-content\/uploads\/2017\/08\/Afis-expo-2017-A3-hu-1568x2260.jpg 1568w, https:\/\/muzeusm.ro\/wp-content\/uploads\/2017\/08\/Afis-expo-2017-A3-hu-scaled.jpg 1776w\" sizes=\"auto, (max-width: 208px) 100vw, 208px\" \/><\/a><\/p>\n<p>Joi 3 august 2017 ora 17, la Sec\u0163ia de Art\u0103 a Muzeului Jude\u0163ean Satu Mare &#8211; P-\u0163a Libert\u0103\u0163ii nr.21 &#8211; se va vernisa expozi\u021bia : Itinerar spiritual 33, semnat\u0103 Cristina Sab\u0103u Trifu.<!--more--><\/p>\n<p>Absolvent\u0103 a Sec\u021biei de Textile a Academiei de Arte Ion Andreescu din Cluj Napoca, artista a avut bucuria de a \u00eempleti de-a lungul a peste trei decenii de activitate, pasiunea profesiei \u00een care s-a specializat, cu bog\u0103\u021bia spiritual\u0103 a credin\u021bei romano-catolice, cultivat\u0103 \u00eenc\u0103 din copil\u0103rie. La \u0219ansa pe care \u0219i-a contruit-o cu mult\u0103 munca \u0219i perseveren\u021b\u0103 se adaug\u0103 o sensibilitate artistic\u0103 de un mare rafinament, precum \u0219i o erudi\u021bie neb\u0103nuit\u0103 a personalit\u0103\u021bii ei at\u00e2t de discrete.<\/p>\n<p>\u00cen expozi\u021bie vor fi prezentate amenaj\u0103ri interioare de sanctuare catolice, icoane de altar, picturi religioase precum \u0219i vestimenta\u021bie liturgic\u0103. Lucr\u0103rile Cristinei Sab\u0103u Trifu sunt prezente \u00een multe din bisericile din Rom\u00e2nia dar \u0219i din str\u0103in\u0103tate. Ornamenta\u021bia parietal\u0103 precum \u0219i noble\u021bea vestimenta\u021biei preo\u021be\u0219ti create de artist\u0103, au \u00eenso\u021bit g\u00e2ndul de \u00eenal\u021bare spritual\u0103 a mii \u0219i mii de credincio\u0219i \u00een timpul oficierii liturghiei.<br \/>\nDr. Felicia Grigorescu \u0219i dr. Kiss Imola &#8211; istorici de art\u0103,vor prezenta artista \u015fi expozi\u0163ia, iar baritonul Kincses M\u00e1rk \u0219i pianistul Balask\u00f3 Bal\u00e1zs sunt invita\u021bi s\u0103 sus\u021bin\u0103 un moment muzical.<\/p>\n<p>V\u0103 a\u015ftept\u0103m!<\/p>\n","protected":false},"excerpt":{"rendered":"<p>Joi 3 august 2017 ora 17, la Sec\u0163ia de Art\u0103 a Muzeului Jude\u0163ean Satu Mare &#8211; P-\u0163a Libert\u0103\u0163ii nr.21 &#8211; se va vernisa expozi\u021bia : Itinerar spiritual 33, semnat\u0103 Cristina Sab\u0103u Trifu.<\/p>\n","protected":false},"author":243833644,"featured_media":0,"comment_status":"open","ping_status":"open","sticky":false,"template":"","format":"standard","meta":{"_coblocks_attr":"","_coblocks_dimensions":"","_coblocks_responsive_height":"","_coblocks_accordion_ie_support":"","advanced_seo_description":"","jetpack_seo_html_title":"","jetpack_seo_noindex":false,"jetpack_post_was_ever_published":false,"_jetpack_newsletter_access":"","_jetpack_dont_email_post_to_subs":false,"_jetpack_newsletter_tier_id":0,"_jetpack_memberships_contains_paywalled_content":false,"_jetpack_memberships_contains_paid_content":false,"footnotes":"","jetpack_publicize_message":"","jetpack_publicize_feature_enabled":true,"jetpack_social_post_already_shared":false,"jetpack_social_options":{"image_generator_settings":{"template":"highway","default_image_id":0,"font":"","enabled":false},"version":2}},"categories":[6498592],"tags":[],"class_list":["post-2735","post","type-post","status-publish","format-standard","hentry","category-actualitati","entry"],"translation":{"provider":"WPGlobus","version":"3.0.1","language":"hu","enabled_languages":["ro","hu","en"],"languages":{"ro":{"title":true,"content":true,"excerpt":false},"hu":{"title":false,"content":false,"excerpt":false},"en":{"title":false,"content":false,"excerpt":false}}},"jetpack_publicize_connections":[],"jetpack_featured_media_url":"","jetpack_likes_enabled":true,"jetpack-related-posts":[{"id":8598,"url":"https:\/\/muzeusm.ro\/hu\/muzeul-judetean-satu-mare-sectia-de-arta-participa-la-expozitia-online-venetia-si-laguna-venetiana-in-viziunea-artistilor-romani-ai-secolului-xx-venezia-e-la-sua-laguna-lo-sgua\/","url_meta":{"origin":2735,"position":0},"title":"Muzeul Jude\u021bean Satu Mare &#8211; Sec\u021bia de Art\u0103 \u2013 particip\u0103 la expozi\u021bia online \u201dVene\u021bia \u0219i laguna vene\u021bian\u0103 \u00een viziunea arti\u0219tilor rom\u00e2ni ai secolului XX \/ Venezia e la sua laguna: lo sguardo degli artisti romeni del lungo Novecento\u201d.","author":"Popdan Bradut","date":"23 November 2020","format":false,"excerpt":"Muzeul nostru a primit o\u00a0 propunere onorant\u0103 de parteneriat din partea Institutului Rom\u00e2n de Cultur\u0103 \u015fi Cercetare Umanistic\u0103 de la Vene\u0163ia - Istituto Romeno di Cultura e Ricerca Umanistica di Venezia. Prin implicarea domnului prof. univ. dr. Cristian Luca, director adjunct, \u00a0ICR Vene\u021bia \u00a0aduce \u00een aten\u021bia publicului - printr-o expozi\u021bie\u2026","rel":"","context":"In &quot;actualitati&quot;","block_context":{"text":"actualitati","link":"https:\/\/muzeusm.ro\/hu\/category\/actualitati\/"},"img":{"alt_text":"","src":"https:\/\/i0.wp.com\/www.muzeusm.ro\/wp-content\/uploads\/2020\/11\/Corneliu-Baba-300x240.jpg?resize=350%2C200","width":350,"height":200},"classes":[]},{"id":3384,"url":"https:\/\/muzeusm.ro\/hu\/expozitie-omagiu-mainii\/","url_meta":{"origin":2735,"position":1},"title":"Expozi\u021bie \u201dOmagiu m\u00e2inii\u201d","author":"Dobrescu Adela Catalina","date":"4 June 2018","format":false,"excerpt":"Muzeul Jude\u021bean Satu Mare- Sec\u021bia de Art\u0103, v\u0103 invit\u0103 la vernisajul expozi\u021biei de art\u0103 plastic\u0103 : \u201d Omagiu m\u00e2inii \u201d, semnat\u0103 Greti Adrienne Papiu. Artista se na\u0219te \u00een ora\u0219ul Baia Mare, jude\u021bul Maramure\u0219. Dup\u0103 terminarea studiilor liceale, urmeaz\u0103 cursurile Facult\u0103\u021bii de Arte Plastice din cadrul Universit\u0103\u021bii de Vest din Timi\u0219oara\u2026","rel":"","context":"In &quot;actualitati&quot;","block_context":{"text":"actualitati","link":"https:\/\/muzeusm.ro\/hu\/category\/actualitati\/"},"img":{"alt_text":"","src":"https:\/\/i0.wp.com\/www.muzeusm.ro\/wp-content\/uploads\/2018\/06\/afis-bun-212x300.jpg?resize=350%2C200","width":350,"height":200},"classes":[]},{"id":3124,"url":"https:\/\/muzeusm.ro\/hu\/expozitie-de-pictura-reverie-octavian-bufan\/","url_meta":{"origin":2735,"position":2},"title":"Expozi\u021bie de pictur\u0103 \u201e Reverie \u201d &#8211; Octavian Bufan","author":"Dobrescu Adela Catalina","date":"2 April 2018","format":false,"excerpt":"Muzeul Jude\u0163ean Satu Mare \u2013 Sec\u0163ia de Art\u0103, invit\u0103 publicul s\u0103tm\u0103rean la vernisajul expozi\u0163iei de pictur\u0103: \u201eReverie\u201d, semnat\u0103 Octavian Bufan. Artistul s-a n\u0103scut la 30 decembrie 1964 \u00een ora\u015ful Sighetul Marma\u0163iei.A absolvit Sec\u0163ia de Arte Plastice a Universit\u0103\u0163ii Tehnice Cluj Napoca, Centrul Universitar Nord - Baia Mare, \u00een prezent fiind\u2026","rel":"","context":"In &quot;actualitati&quot;","block_context":{"text":"actualitati","link":"https:\/\/muzeusm.ro\/hu\/category\/actualitati\/"},"img":{"alt_text":"","src":"https:\/\/i0.wp.com\/www.muzeusm.ro\/wp-content\/uploads\/2018\/04\/Afis-bun-Octavian-Bufan-212x300.jpg?resize=350%2C200","width":350,"height":200},"classes":[]},{"id":5022,"url":"https:\/\/muzeusm.ro\/hu\/expozitie-de-pictura-szekely-i-tunde\/","url_meta":{"origin":2735,"position":3},"title":"Expozi\u0163ie de pictur\u0103 Szekely I. Tunde","author":"Popdan Bradut","date":"30 July 2019","format":false,"excerpt":"Expozi\u0163ie de pictur\u0103 \u2013 Sz\u00e9kely I. T\u00fcnde \u00a0 Joi, 1 august 2019 ora 17, la Sec\u0163ia de Art\u0103 a Muzeului Jude\u0163ean Satu Mare, se va vernisa expozi\u0163ia personal\u0103 a pictori\u0163ei Sz\u00e9kely I. T\u00fcnde.N\u0103scut\u0103 la Baia Mare, artista este dublu licen\u0163iat\u0103, fiind absolvent\u0103 a Facult\u0103\u0163ii de Matematic\u0103 a Universit\u0103\u0163ii Babe\u015f-Bolyai din\u2026","rel":"","context":"In &quot;actualitati&quot;","block_context":{"text":"actualitati","link":"https:\/\/muzeusm.ro\/hu\/category\/actualitati\/"},"img":{"alt_text":"","src":"https:\/\/i0.wp.com\/www.muzeusm.ro\/wp-content\/uploads\/2019\/07\/S-T-a_001-212x300.jpg?resize=350%2C200","width":350,"height":200},"classes":[]},{"id":13343,"url":"https:\/\/muzeusm.ro\/hu\/expozitia-artisti-plastici-satmareni-litteczky-endre-1880-1953\/","url_meta":{"origin":2735,"position":4},"title":"Expozi\u021bia \u201dArti\u0219ti plastici s\u0103tm\u0103reni: LITTECZKY ENDRE (1880 &#8211; 1953)\u201d","author":"Gordan Csilla","date":"8 September 2015","format":false,"excerpt":"Muzeul Jude\u021bean Satu Mare - Sec\u021bia Art\u0103, verniseaz\u0103 mar\u021bi 8 septembrie 2015, ora 15:30, expozi\u021bia din seria Arti\u0219ti plastici s\u0103tm\u0103reni: LITTECZKY ENDRE (1880 - 1953). Artistul s-a n\u0103scut la Carei \u00een anul 1880, fiind fiul tipografului Litteczky Endre. \u00cen lucr\u0103rile sale, Litteczky Endre a fost preocupat de via\u021ba celor s\u0103raci,\u2026","rel":"","context":"In &quot;actualitati&quot;","block_context":{"text":"actualitati","link":"https:\/\/muzeusm.ro\/hu\/category\/actualitati\/"},"img":{"alt_text":"","src":"","width":0,"height":0},"classes":[]},{"id":7824,"url":"https:\/\/muzeusm.ro\/hu\/reamenajarea-expozitiei-la-muzeul-motilor-din-scarisoara-noua\/","url_meta":{"origin":2735,"position":5},"title":"Reamenajarea expozi\u021biei la Muzeul Mo\u021bilor din Sc\u0103ri\u0219oara Nou\u0103","author":"Popdan Bradut","date":"29 September 2020","format":false,"excerpt":"Muzeul Mo\u021bilor din localitatea Sc\u0103ri\u015foara Nou\u0103 (comuna Pi\u0219colt) a fost reorganizat \u00een anul 1994 de c\u0103tre speciali\u015ftii Muzeului Jude\u0163ean Satu Mare, \u015fi este rodul str\u0103daniilor unui inimos fiu al satului, domnul Ioan B\u00e2tea, care a adunat pe parcursul a mai bine de 50 ani o colec\u021bie impresionant\u0103 de obiecte, at\u00e2t\u2026","rel":"","context":"In &quot;actualitati&quot;","block_context":{"text":"actualitati","link":"https:\/\/muzeusm.ro\/hu\/category\/actualitati\/"},"img":{"alt_text":"","src":"https:\/\/i0.wp.com\/www.muzeusm.ro\/wp-content\/uploads\/2020\/09\/IMG_0933-200x300.jpg?resize=350%2C200","width":350,"height":200},"classes":[]}],"jetpack_sharing_enabled":true,"jetpack_shortlink":"https:\/\/wp.me\/pfvnyQ-I7","_links":{"self":[{"href":"https:\/\/muzeusm.ro\/hu\/wp-json\/wp\/v2\/posts\/2735","targetHints":{"allow":["GET"]}}],"collection":[{"href":"https:\/\/muzeusm.ro\/hu\/wp-json\/wp\/v2\/posts"}],"about":[{"href":"https:\/\/muzeusm.ro\/hu\/wp-json\/wp\/v2\/types\/post"}],"author":[{"embeddable":true,"href":"https:\/\/muzeusm.ro\/hu\/wp-json\/wp\/v2\/users\/243833644"}],"replies":[{"embeddable":true,"href":"https:\/\/muzeusm.ro\/hu\/wp-json\/wp\/v2\/comments?post=2735"}],"version-history":[{"count":0,"href":"https:\/\/muzeusm.ro\/hu\/wp-json\/wp\/v2\/posts\/2735\/revisions"}],"wp:attachment":[{"href":"https:\/\/muzeusm.ro\/hu\/wp-json\/wp\/v2\/media?parent=2735"}],"wp:term":[{"taxonomy":"category","embeddable":true,"href":"https:\/\/muzeusm.ro\/hu\/wp-json\/wp\/v2\/categories?post=2735"},{"taxonomy":"post_tag","embeddable":true,"href":"https:\/\/muzeusm.ro\/hu\/wp-json\/wp\/v2\/tags?post=2735"}],"curies":[{"name":"wp","href":"https:\/\/api.w.org\/{rel}","templated":true}]}}