{"id":1928,"date":"2016-10-31T05:47:20","date_gmt":"2016-10-31T05:47:20","guid":{"rendered":"http:\/\/www.muzeusm.ro\/?p=1928"},"modified":"2016-10-31T05:47:20","modified_gmt":"2016-10-31T05:47:20","slug":"vernisajul-expozitiei-pe-urmele-lui-marte-razboinici-si-artizani-de-prestigiu-in-lumea-antica","status":"publish","type":"post","link":"https:\/\/muzeusm.ro\/hu\/vernisajul-expozitiei-pe-urmele-lui-marte-razboinici-si-artizani-de-prestigiu-in-lumea-antica\/","title":{"rendered":"Vernisajul expozi\u021biei \u201ePe urmele lui Marte. R\u0103zboinici \u015fi artizani de prestigiu \u00een lumea antic\u0103\u201d"},"content":{"rendered":"<p><a href=\"http:\/\/www.muzeusm.ro\/wp-content\/uploads\/2016\/10\/Afis-sm.jpg\"><img loading=\"lazy\" decoding=\"async\" data-attachment-id=\"1930\" data-permalink=\"https:\/\/muzeusm.ro\/hu\/afis-sm\/\" data-orig-file=\"https:\/\/muzeusm.ro\/wp-content\/uploads\/2016\/10\/Afis-sm.jpg\" data-orig-size=\"668,945\" data-comments-opened=\"1\" data-image-meta=\"{&quot;aperture&quot;:&quot;0&quot;,&quot;credit&quot;:&quot;&quot;,&quot;camera&quot;:&quot;&quot;,&quot;caption&quot;:&quot;&quot;,&quot;created_timestamp&quot;:&quot;0&quot;,&quot;copyright&quot;:&quot;&quot;,&quot;focal_length&quot;:&quot;0&quot;,&quot;iso&quot;:&quot;0&quot;,&quot;shutter_speed&quot;:&quot;0&quot;,&quot;title&quot;:&quot;&quot;,&quot;orientation&quot;:&quot;1&quot;}\" data-image-title=\"Afis sm\" data-image-description=\"\" data-image-caption=\"\" data-medium-file=\"https:\/\/muzeusm.ro\/wp-content\/uploads\/2016\/10\/Afis-sm-212x300.jpg\" data-large-file=\"https:\/\/muzeusm.ro\/wp-content\/uploads\/2016\/10\/Afis-sm.jpg\" class=\"size-medium wp-image-1930 alignleft\" src=\"http:\/\/www.muzeusm.ro\/wp-content\/uploads\/2016\/10\/Afis-sm-212x300.jpg\" alt=\"Afis sm\" width=\"212\" height=\"300\" srcset=\"https:\/\/muzeusm.ro\/wp-content\/uploads\/2016\/10\/Afis-sm-212x300.jpg 212w, https:\/\/muzeusm.ro\/wp-content\/uploads\/2016\/10\/Afis-sm.jpg 668w\" sizes=\"auto, (max-width: 212px) 100vw, 212px\" \/><\/a>Consiliul Jude\u0163ean Satu Mare, Muzeul Jude\u021bean Satu Mare \u015fi Muzeul Jude\u0163ean de Istorie \u015fi Arheologie Maramure\u015f v\u0103 invit\u0103 \u00een data de 01 noiembrie, de la orele 13,00, la vernisajul expozi\u0163iei \u201e<em>Pe urmele lui Marte. R\u0103zboinici \u015fi artizani de prestigiu \u00een lumea antic\u0103<\/em>\u201d. <!--more--><\/p>\n<p>Expozi\u0163ia face parte din proiectul cultural cu acela\u015fi nume, proiect cofinan\u0163at de Administra\u0163ia Fondului Cultural Na\u0163ional \u015fi derulat de Muzeul Jude\u0163ean de Istorie \u015fi Arheologie Maramure\u015f \u00een parteneriat cu Muzeul Jude\u0163ean Satu Mare, Muzeul Jude\u0163ean de Istorie \u015fi Art\u0103 Zal\u0103u, Muzeul Na\u0163ional de Istorie a Transilvaniei \u015fi Complexul Muzeal Bistri\u0163a-N\u0103s\u0103ud, Asocia\u0163ia Cultural\u0103 Omnis Barbaria, Asocia\u0163ia HistArch, Colegiul Tehnic \u201eC. D. Neni\u0163escu\u201d Baia Mare, \u015ecoala Gimnazial\u0103 \u201eLucian Blaga\u201d Baia Mare \u015fi Colegiul Tehnic \u201eTransilvania\u201d Baia Mare.<\/p>\n<p>Proiectul \u00ee\u015fi propune o incursiune \u00een lumea impresionant\u0103 a unor tipuri de r\u0103zboinici existen\u0163i \u00een lumea antic\u0103 (grec, celtic \u015fi germanic), a armelor, armurilor \u015fi a tehnicii de realizare a acestora prin prezentarea, \u00een cadrul unei expozi\u0163ii itinerante, a unor piese de echipament militar ce apar\u0163in patrimoniului arheologic al muzeului b\u0103im\u0103rean \u015fi al partenerilor muzeali ai acestuia.<\/p>\n<p>Evenimentul va avea loc la sediul Muzeului Jude\u0163ean Satu Mare, B-dul. V. Lucaciu, nr. 21.<\/p>\n<p>\u00cen cadrul expozi\u0163iei, \u00een data de 01 noiembrie 2016, dup\u0103 vernisaj, vor avea loc mai multe ateliere de lucru cu elevi. Dup\u0103 un ghidaj de specialitate \u015fi o prezentare de costume militare antice (grecesc, celtic \u015fi germanic timpuriu), \u00een holul Muzeului vor avea loc ateliere de confec\u0163ionat armuri din zale \u015fi solzi din fier \u015fi un atelier de fier\u0103rie. Atelierele vor fi coordonate de angaja\u0163i ai Muzeului implica\u0163i \u00een proiect \u015fi membri ai Asocia\u0163iei Culturale Omnis Barbaria.<\/p>\n<p>V\u0103 a\u015ftept\u0103m cu drag!<\/p>\n<p>&nbsp;<\/p>\n","protected":false},"excerpt":{"rendered":"<p>Consiliul Jude\u0163ean Satu Mare, Muzeul Jude\u021bean Satu Mare \u015fi Muzeul Jude\u0163ean de Istorie \u015fi Arheologie Maramure\u015f v\u0103 invit\u0103 \u00een data de 01 noiembrie, de la orele 13,00, la vernisajul expozi\u0163iei \u201ePe urmele lui Marte. R\u0103zboinici \u015fi artizani de prestigiu \u00een lumea antic\u0103\u201d.<\/p>\n","protected":false},"author":245723486,"featured_media":0,"comment_status":"open","ping_status":"open","sticky":false,"template":"","format":"standard","meta":{"_coblocks_attr":"","_coblocks_dimensions":"","_coblocks_responsive_height":"","_coblocks_accordion_ie_support":"","advanced_seo_description":"","jetpack_seo_html_title":"","jetpack_seo_noindex":false,"jetpack_post_was_ever_published":false,"_jetpack_newsletter_access":"","_jetpack_dont_email_post_to_subs":false,"_jetpack_newsletter_tier_id":0,"_jetpack_memberships_contains_paywalled_content":false,"_jetpack_memberships_contains_paid_content":false,"footnotes":"","jetpack_publicize_message":"","jetpack_publicize_feature_enabled":true,"jetpack_social_post_already_shared":false,"jetpack_social_options":{"image_generator_settings":{"template":"highway","default_image_id":0,"font":"","enabled":false},"version":2}},"categories":[6498592,6498593],"tags":[],"class_list":["post-1928","post","type-post","status-publish","format-standard","hentry","category-actualitati","category-uncategorized","entry"],"translation":{"provider":"WPGlobus","version":"3.0.1","language":"hu","enabled_languages":["ro","hu","en"],"languages":{"ro":{"title":true,"content":true,"excerpt":false},"hu":{"title":false,"content":false,"excerpt":false},"en":{"title":false,"content":false,"excerpt":false}}},"jetpack_publicize_connections":[],"jetpack_featured_media_url":"","jetpack_likes_enabled":true,"jetpack-related-posts":[{"id":9918,"url":"https:\/\/muzeusm.ro\/hu\/expozitia-mari-fotografi-din-transilvania-secolele-xix-xx-la-lugoj\/","url_meta":{"origin":1928,"position":0},"title":"Expozi\u021bia MARI FOTOGRAFI DIN TRANSILVANIA. SECOLELE XIX-XX la Lugoj","author":"Popdan Bradut","date":"9 June 2021","format":false,"excerpt":"Mar\u021bi, 8 iunie 2021, la ora 18.00, la Muzeul de Istorie, Etnografie \u0219i Art\u0103 Plastic\u0103 Lugoj a avut loc vernisajul expozi\u021biei temporare \u201eMari fotografi din Transilvania. Secolele XIX-XX\u201d(edi\u021bia a II-a) \u2013 un proiect cultural de anvergur\u0103 na\u021bional\u0103, organizat de Muzeul Jude\u021bean de Istorie \u0219i Arheologie Maramure\u0219 \u00een parteneriat cu Muzeul\u2026","rel":"","context":"In &quot;actualitati&quot;","block_context":{"text":"actualitati","link":"https:\/\/muzeusm.ro\/hu\/category\/actualitati\/"},"img":{"alt_text":"","src":"https:\/\/i0.wp.com\/www.muzeusm.ro\/wp-content\/uploads\/2021\/06\/lugoj2-300x172.jpg?resize=350%2C200","width":350,"height":200},"classes":[]},{"id":5979,"url":"https:\/\/muzeusm.ro\/hu\/muzeul-judesean-satu-mare-participa-la-expozitia-mari-fotografi-din-transilvania-secolele-xix-xx-sighisoara-2020\/","url_meta":{"origin":1928,"position":1},"title":"Muzeul Jude\u0163ean Satu Mare particip\u0103 la expozi\u0163ia \u201eMari fotografi din Transilvania, Secolele XIX-XX\u201d &#8211; Sighi\u015foara 2020","author":"Popdan Bradut","date":"23 January 2020","format":false,"excerpt":"Expozi\u021bia temporar\u0103 \u201eMari fotografi din Transilvania, Secolele XIX-XX\u201d 24 ianuarie 2020 \u00cen cadrul manifest\u0103rilor cultural-educative organizate de Municipiul Sighi\u0219oara cu ocazia Zilei Unirii Principatelor Rom\u00e2ne, \u00een data de 24 ianuarie a.c., \u00eencep\u00e2nd cu ora 12.00, la Sala Sander va avea loc vernisajul expozi\u021biei \u201eMari fotografi din Transilvania, Secolele XIX-XX\u201d. Expozi\u021bia\u2026","rel":"","context":"In &quot;actualitati&quot;","block_context":{"text":"actualitati","link":"https:\/\/muzeusm.ro\/hu\/category\/actualitati\/"},"img":{"alt_text":"","src":"https:\/\/i0.wp.com\/www.muzeusm.ro\/wp-content\/uploads\/2020\/01\/sighisoara-212x300.jpg?resize=350%2C200","width":350,"height":200},"classes":[]},{"id":9349,"url":"https:\/\/muzeusm.ro\/hu\/vernisajul-expozitiei-mari-fotografi-din-transilvania-secolele-xix-xx-muzeul-orasului-oradea\/","url_meta":{"origin":1928,"position":2},"title":"VERNISAJUL EXPOZI\u021aIEI \u201dMARI FOTOGRAFI DIN TRANSILVANIA. SECOLELE XIX-XX\u201d- MUZEUL ORA\u0218ULUI ORADEA","author":"Popdan Bradut","date":"29 March 2021","format":false,"excerpt":"Vineri, 26 martie 2021, la Muzeul Ora\u015fului Oradea \u2013 Complex Cultural, \u00een Cetate, s-a deschis expozi\u021bia na\u021bional\u0103 \u201dMari fotografi din Transilvania. Secolele XIX-XX\u201d, organizat\u0103 de Muzeul Ora\u0219ului Oradea \u2013 Complex Cultural, \u00een parteneriat cu Muzeul Jude\u021bean de Istorie \u0219i Arheologie Maramure\u0219, Muzeul de Istorie Sighi\u0219oara, Muzeul Jude\u021bean Satu Mare, Muzeul\u2026","rel":"","context":"In &quot;actualitati&quot;","block_context":{"text":"actualitati","link":"https:\/\/muzeusm.ro\/hu\/category\/actualitati\/"},"img":{"alt_text":"","src":"https:\/\/i0.wp.com\/www.muzeusm.ro\/wp-content\/uploads\/2021\/03\/DSC_6356-300x201.jpg?resize=350%2C200","width":350,"height":200},"classes":[]},{"id":11625,"url":"https:\/\/muzeusm.ro\/hu\/dr-vasile-lucaciu-si-mostenirea-sa-culturala-adrian-demian-si-reuniunea-romana-de-cantari-si-muzica-%cb%82%cb%82vasile-lucaciu%cb%83%cb%83-din-satu-mare\/","url_meta":{"origin":1928,"position":3},"title":"\u201eDr. Vasile Lucaciu \u0219i mo\u0219tenirea sa cultural\u0103. Adrian Demian \u0219i Reuniunea Rom\u00e2n\u0103 de C\u00e2nt\u0103ri \u0219i Muzic\u0103 \u02c2\u02c2Vasile Lucaciu\u02c3\u02c3 din Satu Mare\u201d.","author":"Popdan Bradut","date":"26 July 2022","format":false,"excerpt":"Joi, 28 iulie 2022, \u00eencep\u00e2nd cu ora 12.00, la sediul Muzeului Jude\u021bean de Istorie \u0219i Arheologie Maramure\u0219 din Baia Mare, str. Monet\u0103riei nr. 1-3, va avea loc vernisajul expozi\u021biei temporare \u201eDr. Vasile Lucaciu \u0219i mo\u0219tenirea sa cultural\u0103. Adrian Demian \u0219i Reuniunea Rom\u00e2n\u0103 de C\u00e2nt\u0103ri \u0219i Muzic\u0103 \u02c2\u02c2Vasile Lucaciu\u02c3\u02c3 din Satu\u2026","rel":"","context":"In &quot;actualitati&quot;","block_context":{"text":"actualitati","link":"https:\/\/muzeusm.ro\/hu\/category\/actualitati\/"},"img":{"alt_text":"","src":"","width":0,"height":0},"classes":[]},{"id":3446,"url":"https:\/\/muzeusm.ro\/hu\/proiectul-centenarul-in-ipostaze-identitare\/","url_meta":{"origin":1928,"position":4},"title":"Proiectul &#8220;Centenarul \u00een ipostaze identitare&#8221;","author":"Dobrescu Adela Catalina","date":"8 June 2018","format":false,"excerpt":"MUZEUL JUDE\u021aEAN SATU MARE particip\u0103 la un proiect de excep\u021bie dedicat Centenarului Marii Uniri, ce va avea loc la Viena, \u00een perioada 16 \u2013 17 iunie. Evenimentul din data de 16 iunie, Rom\u00e2nia salut\u0103 Viena! este organizat de Asocia\u0163ia \u201eMihai Eminescu\u201c din Viena, \u00een inima capitalei austriece, \u00eentr-un loc cu\u2026","rel":"","context":"In &quot;actualitati&quot;","block_context":{"text":"actualitati","link":"https:\/\/muzeusm.ro\/hu\/category\/actualitati\/"},"img":{"alt_text":"","src":"https:\/\/i0.wp.com\/www.muzeusm.ro\/wp-content\/uploads\/2018\/06\/invitatie_PROGRAM-300x212.jpg?resize=350%2C200","width":350,"height":200},"classes":[]},{"id":11180,"url":"https:\/\/muzeusm.ro\/hu\/deschiderea-expozitiei-jandarmeria-romana-1850-2020-la-muzeul-judetean-satu-mare\/","url_meta":{"origin":1928,"position":5},"title":"Deschiderea expozi\u021biei \u201eJandarmeria Rom\u00e2n\u0103 1850 &#8211; 2020\u201d  la Muzeul Jude\u021bean Satu Mare","author":"Popdan Bradut","date":"4 May 2022","format":false,"excerpt":"Muzeul Na\u021bional de Istorie a Rom\u00e2niei, \u00een parteneriat cu Complexul Na\u021bional Muzeal ASTRA din Sibiu, Inspectoratul General al Jandarmeriei Rom\u00e2ne \u0219i Consiliul Jude\u021bean Satu Mare, anun\u021b\u0103 deschiderea expozi\u021biei itinerante \u201eJandarmeria Rom\u00e2n\u0103 1850 - 2020\u201d la sediul Muzeului Jude\u021bean Satu Mare, situat pe bulevardul Vasile Lucaciu, nr. 21 din municipiul Satu\u2026","rel":"","context":"In &quot;actualitati&quot;","block_context":{"text":"actualitati","link":"https:\/\/muzeusm.ro\/hu\/category\/actualitati\/"},"img":{"alt_text":"","src":"","width":0,"height":0},"classes":[]}],"jetpack_sharing_enabled":true,"jetpack_shortlink":"https:\/\/wp.me\/pfvnyQ-v6","_links":{"self":[{"href":"https:\/\/muzeusm.ro\/hu\/wp-json\/wp\/v2\/posts\/1928","targetHints":{"allow":["GET"]}}],"collection":[{"href":"https:\/\/muzeusm.ro\/hu\/wp-json\/wp\/v2\/posts"}],"about":[{"href":"https:\/\/muzeusm.ro\/hu\/wp-json\/wp\/v2\/types\/post"}],"author":[{"embeddable":true,"href":"https:\/\/muzeusm.ro\/hu\/wp-json\/wp\/v2\/users\/245723486"}],"replies":[{"embeddable":true,"href":"https:\/\/muzeusm.ro\/hu\/wp-json\/wp\/v2\/comments?post=1928"}],"version-history":[{"count":0,"href":"https:\/\/muzeusm.ro\/hu\/wp-json\/wp\/v2\/posts\/1928\/revisions"}],"wp:attachment":[{"href":"https:\/\/muzeusm.ro\/hu\/wp-json\/wp\/v2\/media?parent=1928"}],"wp:term":[{"taxonomy":"category","embeddable":true,"href":"https:\/\/muzeusm.ro\/hu\/wp-json\/wp\/v2\/categories?post=1928"},{"taxonomy":"post_tag","embeddable":true,"href":"https:\/\/muzeusm.ro\/hu\/wp-json\/wp\/v2\/tags?post=1928"}],"curies":[{"name":"wp","href":"https:\/\/api.w.org\/{rel}","templated":true}]}}