{"id":1881,"date":"2016-09-14T09:43:29","date_gmt":"2016-09-14T09:43:29","guid":{"rendered":"http:\/\/www.muzeusm.ro\/?p=1881"},"modified":"2016-09-14T09:43:29","modified_gmt":"2016-09-14T09:43:29","slug":"vernisajul-expozitiei-internationale-de-arta-contemporana","status":"publish","type":"post","link":"https:\/\/muzeusm.ro\/hu\/vernisajul-expozitiei-internationale-de-arta-contemporana\/","title":{"rendered":"Vernisajul Expozi\u021biei Interna\u021bionale de Art\u0103 Contemporan\u0103"},"content":{"rendered":"<p><a href=\"http:\/\/www.muzeusm.ro\/wp-content\/uploads\/2016\/09\/expo-muzeul-de-arta-satu-maare.jpg\"><img loading=\"lazy\" decoding=\"async\" data-attachment-id=\"1882\" data-permalink=\"https:\/\/muzeusm.ro\/hu\/expo-muzeul-de-arta-satu-maare\/\" data-orig-file=\"https:\/\/muzeusm.ro\/wp-content\/uploads\/2016\/09\/expo-muzeul-de-arta-satu-maare.jpg\" data-orig-size=\"668,945\" data-comments-opened=\"1\" data-image-meta=\"{&quot;aperture&quot;:&quot;0&quot;,&quot;credit&quot;:&quot;&quot;,&quot;camera&quot;:&quot;&quot;,&quot;caption&quot;:&quot;&quot;,&quot;created_timestamp&quot;:&quot;0&quot;,&quot;copyright&quot;:&quot;&quot;,&quot;focal_length&quot;:&quot;0&quot;,&quot;iso&quot;:&quot;0&quot;,&quot;shutter_speed&quot;:&quot;0&quot;,&quot;title&quot;:&quot;&quot;,&quot;orientation&quot;:&quot;1&quot;}\" data-image-title=\"expo muzeul de arta satu maare\" data-image-description=\"\" data-image-caption=\"\" data-medium-file=\"https:\/\/muzeusm.ro\/wp-content\/uploads\/2016\/09\/expo-muzeul-de-arta-satu-maare-212x300.jpg\" data-large-file=\"https:\/\/muzeusm.ro\/wp-content\/uploads\/2016\/09\/expo-muzeul-de-arta-satu-maare.jpg\" class=\"size-medium wp-image-1882 alignright\" src=\"http:\/\/www.muzeusm.ro\/wp-content\/uploads\/2016\/09\/expo-muzeul-de-arta-satu-maare-212x300.jpg\" alt=\"expo muzeul de arta satu maare\" width=\"212\" height=\"300\" srcset=\"https:\/\/muzeusm.ro\/wp-content\/uploads\/2016\/09\/expo-muzeul-de-arta-satu-maare-212x300.jpg 212w, https:\/\/muzeusm.ro\/wp-content\/uploads\/2016\/09\/expo-muzeul-de-arta-satu-maare.jpg 668w\" sizes=\"auto, (max-width: 212px) 100vw, 212px\" \/><\/a> <a href=\"http:\/\/www.muzeusm.ro\/wp-content\/uploads\/2016\/09\/expo-muzeul-de-arta-satu-mare.jpg\"><img loading=\"lazy\" decoding=\"async\" data-attachment-id=\"1883\" data-permalink=\"https:\/\/muzeusm.ro\/hu\/expo-muzeul-de-arta-satu-mare\/\" data-orig-file=\"https:\/\/muzeusm.ro\/wp-content\/uploads\/2016\/09\/expo-muzeul-de-arta-satu-mare.jpg\" data-orig-size=\"1336,945\" data-comments-opened=\"1\" data-image-meta=\"{&quot;aperture&quot;:&quot;0&quot;,&quot;credit&quot;:&quot;&quot;,&quot;camera&quot;:&quot;&quot;,&quot;caption&quot;:&quot;&quot;,&quot;created_timestamp&quot;:&quot;0&quot;,&quot;copyright&quot;:&quot;&quot;,&quot;focal_length&quot;:&quot;0&quot;,&quot;iso&quot;:&quot;0&quot;,&quot;shutter_speed&quot;:&quot;0&quot;,&quot;title&quot;:&quot;&quot;,&quot;orientation&quot;:&quot;1&quot;}\" data-image-title=\"expo muzeul de arta satu mare\" data-image-description=\"\" data-image-caption=\"\" data-medium-file=\"https:\/\/muzeusm.ro\/wp-content\/uploads\/2016\/09\/expo-muzeul-de-arta-satu-mare-300x212.jpg\" data-large-file=\"https:\/\/muzeusm.ro\/wp-content\/uploads\/2016\/09\/expo-muzeul-de-arta-satu-mare-1024x724.jpg\" class=\"size-medium wp-image-1883 alignnone\" src=\"http:\/\/www.muzeusm.ro\/wp-content\/uploads\/2016\/09\/expo-muzeul-de-arta-satu-mare-300x212.jpg\" alt=\"expo muzeul de arta satu mare\" width=\"300\" height=\"212\" srcset=\"https:\/\/muzeusm.ro\/wp-content\/uploads\/2016\/09\/expo-muzeul-de-arta-satu-mare-300x212.jpg 300w, https:\/\/muzeusm.ro\/wp-content\/uploads\/2016\/09\/expo-muzeul-de-arta-satu-mare-1024x724.jpg 1024w, https:\/\/muzeusm.ro\/wp-content\/uploads\/2016\/09\/expo-muzeul-de-arta-satu-mare-768x543.jpg 768w, https:\/\/muzeusm.ro\/wp-content\/uploads\/2016\/09\/expo-muzeul-de-arta-satu-mare.jpg 1336w\" sizes=\"auto, (max-width: 300px) 100vw, 300px\" \/><\/a><\/p>\n","protected":false},"excerpt":{"rendered":"","protected":false},"author":245723486,"featured_media":0,"comment_status":"open","ping_status":"open","sticky":false,"template":"","format":"standard","meta":{"_coblocks_attr":"","_coblocks_dimensions":"","_coblocks_responsive_height":"","_coblocks_accordion_ie_support":"","advanced_seo_description":"","jetpack_seo_html_title":"","jetpack_seo_noindex":false,"jetpack_post_was_ever_published":false,"_jetpack_newsletter_access":"","_jetpack_dont_email_post_to_subs":false,"_jetpack_newsletter_tier_id":0,"_jetpack_memberships_contains_paywalled_content":false,"_jetpack_memberships_contains_paid_content":false,"footnotes":"","jetpack_publicize_message":"","jetpack_publicize_feature_enabled":true,"jetpack_social_post_already_shared":false,"jetpack_social_options":{"image_generator_settings":{"template":"highway","default_image_id":0,"font":"","enabled":false},"version":2}},"categories":[6498592],"tags":[],"class_list":["post-1881","post","type-post","status-publish","format-standard","hentry","category-actualitati","entry"],"translation":{"provider":"WPGlobus","version":"3.0.1","language":"hu","enabled_languages":["ro","hu","en"],"languages":{"ro":{"title":true,"content":true,"excerpt":false},"hu":{"title":false,"content":false,"excerpt":false},"en":{"title":false,"content":false,"excerpt":false}}},"jetpack_publicize_connections":[],"jetpack_featured_media_url":"","jetpack_likes_enabled":true,"jetpack-related-posts":[{"id":5284,"url":"https:\/\/muzeusm.ro\/hu\/vernisajul-expozitiei-simbolul-crucii-in-arta-traditionala-si-contemporana-din-satmar\/","url_meta":{"origin":1881,"position":0},"title":"Vernisajul expozi\u0163iei &#8220;Simbolul crucii \u00een arta tradi\u0163ional\u0103 \u015fi contemporan\u0103 din S\u0103tmar&#8221;.","author":"Andrei Mocan Mihai","date":"13 September 2019","format":false,"excerpt":"Azi, 13 septembrie de la ora 13 la sediul Muzeului Jude\u0163ean Satu Mare, a fost vernisat\u0103 expozi\u0163ia \u201eSimbolul crucii \u00een arta tradi\u0163ional\u0103 \u015fi contemporan\u0103 din S\u0103tmar\u201d. Evenimentul a fost deschis de interpre\u0163ii Petre \u015fi Petric\u0103 Zele care au interpretat o priceasn\u0103. Dr. Liviu Marta managerul Muzeului Jude\u0163ean Satu Mare a\u2026","rel":"","context":"In &quot;actualitati&quot;","block_context":{"text":"actualitati","link":"https:\/\/muzeusm.ro\/hu\/category\/actualitati\/"},"img":{"alt_text":"","src":"https:\/\/i0.wp.com\/www.muzeusm.ro\/wp-content\/uploads\/2019\/09\/IMG_4475-300x200.jpg?resize=350%2C200","width":350,"height":200},"classes":[]},{"id":1296,"url":"https:\/\/muzeusm.ro\/hu\/bienala-alb-negru\/","url_meta":{"origin":1881,"position":1},"title":"Bienala Alb Negru Black White Biennal","author":"Dobrescu Adela Catalina","date":"11 December 2015","format":false,"excerpt":"Muzeul Jude\u0163ean Satu Mare cu sprijinul Consiliului Jude\u0163ean, organizeaz\u0103 a IV-a edi\u0163ie a Bienalei Alb negru, eveniment \u00een cadrul c\u0103ruia se va organiza o expozi\u0163ie de art\u0103 contemporan\u0103 \u015fi va avea loc un simpozion \u015ftiin\u0163ific cu tema \u201eLimitele libert\u0103\u0163ii\u201d. Fa\u0163\u0103 de edi\u0163iile anterioare, au fost invita\u0163i s\u0103 expun\u0103 un num\u0103r\u2026","rel":"","context":"In &quot;actualitati&quot;","block_context":{"text":"actualitati","link":"https:\/\/muzeusm.ro\/hu\/category\/actualitati\/"},"img":{"alt_text":"afis fiNAL 3","src":"https:\/\/i0.wp.com\/www.muzeusm.ro\/wp-content\/uploads\/2015\/12\/afis-fiNAL-3-212x300.jpg?resize=350%2C200","width":350,"height":200},"classes":[]},{"id":1697,"url":"https:\/\/muzeusm.ro\/hu\/expozitie-de-arta-plastica-contemporana-atelier\/","url_meta":{"origin":1881,"position":2},"title":"Expozi\u0163ie de art\u0103 plastic\u0103 contemporan\u0103 \u201eAtelier\u201d","author":"Dobrescu Adela Catalina","date":"11 May 2016","format":false,"excerpt":"Muzeul Jude\u0163ean Satu Mare- Sec\u0163ia de Art\u0103, are pl\u0103cerea s\u0103 v\u0103 invite la vernisajul expozi\u0163iei de art\u0103 plastic\u0103 contemporan\u0103: \u201eAtelier\u201d. Manifestarea ajuns\u0103 la a 5-a edi\u0163ie, reune\u015fte \u00een acest an 11 arti\u015fti vizuali, care prezint\u0103 publicului s\u0103tm\u0103rean ultimele lor lucr\u0103ri, realizate \u00een spa\u0163iile de crea\u0163ie de pe strada \u015etrandului nr.\u2026","rel":"","context":"In &quot;actualitati&quot;","block_context":{"text":"actualitati","link":"https:\/\/muzeusm.ro\/hu\/category\/actualitati\/"},"img":{"alt_text":"afisatelier2 copy","src":"https:\/\/i0.wp.com\/www.muzeusm.ro\/wp-content\/uploads\/2016\/05\/afisatelier2-copy-300x225.jpg?resize=350%2C200","width":350,"height":200},"classes":[]},{"id":10258,"url":"https:\/\/muzeusm.ro\/hu\/vernisajul-expozitiei-internationale-surprinzatorul-dali\/","url_meta":{"origin":1881,"position":3},"title":"VERNISAJUL EXPOZI\u021aIEI INTERNA\u021aIONALE \u201dSURPRINZ\u0102TORUL DALI\u201d","author":"andreeaionetecu","date":"17 August 2021","format":false,"excerpt":"VERNISAJUL EXPOZI\u021aIEI INTERNA\u021aIONALE \u201dSURPRINZ\u0102TORUL DALI\u201d, MUZEUL DE ART\u0102 SATU MARE, 16 AUGUST 2021 \u2013 ORGANIZATORI ART EXPO SIA \u0218I MUZEUL JUDE\u021aEAN SATU MARE Adres\u0103m mul\u021bumiri tuturor participan\u021bilor, \u0219i recuno\u0219tin\u021b\u0103 prietenilor care ne-au acordat sprijinul la realizarea evenimentului: prof. Muhy S\u00e1ndor, Carol Erd\u00f6s, Stela Danciu, Corina S\u0103vian, Graz Denisa Cristina \u0219i\u2026","rel":"","context":"In &quot;actualitati&quot;","block_context":{"text":"actualitati","link":"https:\/\/muzeusm.ro\/hu\/category\/actualitati\/"},"img":{"alt_text":"","src":"https:\/\/i0.wp.com\/www.muzeusm.ro\/wp-content\/uploads\/2021\/08\/0B4A4681-300x200.jpg?resize=350%2C200","width":350,"height":200},"classes":[]},{"id":11321,"url":"https:\/\/muzeusm.ro\/hu\/saudade-expozitie-de-arta-plastica-contemporana\/","url_meta":{"origin":1881,"position":4},"title":"\u201eSAUDADE\u201d &#8211; Expozi\u021bie de art\u0103 plastic\u0103 contemporan\u0103","author":"Popdan Bradut","date":"19 May 2022","format":false,"excerpt":"Vineri 20 mai 2022, ora 17.00, \u00een s\u0103lile mici ale Muzeului de Art\u0103 va avea loc vernisajul expozi\u021biei de art\u0103 contemporan\u0103 SAUDADE. Expozi\u021bia este realizat\u0103 la ini\u021biativa artistului or\u0103dean Horea S\u0103l\u0103gean, al\u0103turi de care vor expune \u0219i: Alexandra Brezeanu, Daniela Brezeanu, Liana Corb, Cristina Gloria Opri\u0219a, Gretty Papiu, Liviu Scripor,\u2026","rel":"","context":"In &quot;actualitati&quot;","block_context":{"text":"actualitati","link":"https:\/\/muzeusm.ro\/hu\/category\/actualitati\/"},"img":{"alt_text":"","src":"","width":0,"height":0},"classes":[]},{"id":1842,"url":"https:\/\/muzeusm.ro\/hu\/vernisaj-natura-in-pastel\/","url_meta":{"origin":1881,"position":5},"title":"Vernisaj \u201eNatura \u00een pastel\u201d","author":"Dobrescu Adela Catalina","date":"23 June 2016","format":false,"excerpt":"Muzeul Jude\u021bean Satu Mare, Sec\u021bia Art\u0103 v\u0103 invit\u0103 s\u00e2mb\u0103t\u0103 25 iunie 2016, ora 17:00, la vernisajul expozi\u021biei \u201eNatura \u00een pastel\u201d a artistei MICA SASU. Artista este absolvent\u0103 a Institutului Pedagogic, Facultatea de Art\u0103 Plastic\u0103 Cluj, promo\u021bia 1965 \u0219i a activat ca profesor de desen la \u0218coala General\u0103 nr. 4 Satu\u2026","rel":"","context":"In &quot;actualitati&quot;","block_context":{"text":"actualitati","link":"https:\/\/muzeusm.ro\/hu\/category\/actualitati\/"},"img":{"alt_text":"mamaafis","src":"https:\/\/i0.wp.com\/www.muzeusm.ro\/wp-content\/uploads\/2016\/06\/mamaafis-200x300.jpg?resize=350%2C200","width":350,"height":200},"classes":[]}],"jetpack_sharing_enabled":true,"jetpack_shortlink":"https:\/\/wp.me\/pfvnyQ-ul","_links":{"self":[{"href":"https:\/\/muzeusm.ro\/hu\/wp-json\/wp\/v2\/posts\/1881","targetHints":{"allow":["GET"]}}],"collection":[{"href":"https:\/\/muzeusm.ro\/hu\/wp-json\/wp\/v2\/posts"}],"about":[{"href":"https:\/\/muzeusm.ro\/hu\/wp-json\/wp\/v2\/types\/post"}],"author":[{"embeddable":true,"href":"https:\/\/muzeusm.ro\/hu\/wp-json\/wp\/v2\/users\/245723486"}],"replies":[{"embeddable":true,"href":"https:\/\/muzeusm.ro\/hu\/wp-json\/wp\/v2\/comments?post=1881"}],"version-history":[{"count":0,"href":"https:\/\/muzeusm.ro\/hu\/wp-json\/wp\/v2\/posts\/1881\/revisions"}],"wp:attachment":[{"href":"https:\/\/muzeusm.ro\/hu\/wp-json\/wp\/v2\/media?parent=1881"}],"wp:term":[{"taxonomy":"category","embeddable":true,"href":"https:\/\/muzeusm.ro\/hu\/wp-json\/wp\/v2\/categories?post=1881"},{"taxonomy":"post_tag","embeddable":true,"href":"https:\/\/muzeusm.ro\/hu\/wp-json\/wp\/v2\/tags?post=1881"}],"curies":[{"name":"wp","href":"https:\/\/api.w.org\/{rel}","templated":true}]}}