{"id":1866,"date":"2016-08-10T10:08:58","date_gmt":"2016-08-10T10:08:58","guid":{"rendered":"http:\/\/www.muzeusm.ro\/?p=1866"},"modified":"2016-08-10T10:08:58","modified_gmt":"2016-08-10T10:08:58","slug":"vernisajul-expozitiei-sfintele-icoane","status":"publish","type":"post","link":"https:\/\/muzeusm.ro\/hu\/vernisajul-expozitiei-sfintele-icoane\/","title":{"rendered":"Vernisajul expozi\u021biei \u201dSfintele icoane\u201d"},"content":{"rendered":"<p>&nbsp;<\/p>\n<p><a href=\"http:\/\/www.muzeusm.ro\/wp-content\/uploads\/2016\/08\/Afis-fara-titlu-3.jpg\"><img loading=\"lazy\" decoding=\"async\" data-attachment-id=\"1867\" data-permalink=\"https:\/\/muzeusm.ro\/hu\/afis-fara-titlu-3\/\" data-orig-file=\"https:\/\/muzeusm.ro\/wp-content\/uploads\/2016\/08\/Afis-fara-titlu-3.jpg\" data-orig-size=\"668,945\" data-comments-opened=\"1\" data-image-meta=\"{&quot;aperture&quot;:&quot;0&quot;,&quot;credit&quot;:&quot;&quot;,&quot;camera&quot;:&quot;&quot;,&quot;caption&quot;:&quot;&quot;,&quot;created_timestamp&quot;:&quot;0&quot;,&quot;copyright&quot;:&quot;&quot;,&quot;focal_length&quot;:&quot;0&quot;,&quot;iso&quot;:&quot;0&quot;,&quot;shutter_speed&quot;:&quot;0&quot;,&quot;title&quot;:&quot;&quot;,&quot;orientation&quot;:&quot;1&quot;}\" data-image-title=\"Afis fara titlu 3\" data-image-description=\"\" data-image-caption=\"\" data-medium-file=\"https:\/\/muzeusm.ro\/wp-content\/uploads\/2016\/08\/Afis-fara-titlu-3-212x300.jpg\" data-large-file=\"https:\/\/muzeusm.ro\/wp-content\/uploads\/2016\/08\/Afis-fara-titlu-3.jpg\" class=\" wp-image-1867 alignleft\" src=\"http:\/\/www.muzeusm.ro\/wp-content\/uploads\/2016\/08\/Afis-fara-titlu-3-212x300.jpg\" alt=\"Afis fara titlu 3\" width=\"196\" height=\"277\" srcset=\"https:\/\/muzeusm.ro\/wp-content\/uploads\/2016\/08\/Afis-fara-titlu-3-212x300.jpg 212w, https:\/\/muzeusm.ro\/wp-content\/uploads\/2016\/08\/Afis-fara-titlu-3.jpg 668w\" sizes=\"auto, (max-width: 196px) 100vw, 196px\" \/><\/a><\/p>\n<p>Expozi\u021bia de icoane pe sticl\u0103 \u0219i lemn, apar\u021bin\u00e2nd artistului plastic\u00a0Mihail Gagea va fi vernisat\u0103 \u00een data de 16.08.2016, la Sec\u021bia de Art\u0103 a Muzeului Jude\u021bean Satu Mare, Pia\u021ba Libert\u0103\u021bii, 21.<!--more--><\/p>\n<p>Iubitorii de art\u0103, dar \u0219i invita\u021bii vor putea vizita expozi\u021bia, unde artistul plastic sibian\u00a0reuse\u0219te s\u0103 atrag\u0103 aten\u021bia nu at\u00e2t asupra cadrului evanghelic c\u00e2t mai ales asupra simbolurilor iconice, demers sus\u021binut prin minu\u021biozitatea prim-cadrelor dar \u0219i gro-planurilor. Pictorul surprinde personajele biblice at\u00e2t la registrul portretistic c\u00e2t \u0219i \u00een dreptul registrului gesticii. Se poate observa dorin\u021ba artistului de a reactualiza sentimentul miracolului, crezul \u00een for\u021ba divin\u0103, expresii devoalate \u00een nota cre\u0219tinismului laic tradi\u021bional rom\u00e2nesc.<\/p>\n<p>Artistul plastic\u00a0Mihail Gagea este membru al U.N.P.R.<\/p>\n","protected":false},"excerpt":{"rendered":"<p>&nbsp; Expozi\u021bia de icoane pe sticl\u0103 \u0219i lemn, apar\u021bin\u00e2nd artistului plastic\u00a0Mihail Gagea va fi vernisat\u0103 \u00een data de 16.08.2016, la Sec\u021bia de Art\u0103 a Muzeului Jude\u021bean Satu Mare, Pia\u021ba Libert\u0103\u021bii, 21.<\/p>\n","protected":false},"author":245723486,"featured_media":0,"comment_status":"open","ping_status":"open","sticky":false,"template":"","format":"standard","meta":{"_coblocks_attr":"","_coblocks_dimensions":"","_coblocks_responsive_height":"","_coblocks_accordion_ie_support":"","advanced_seo_description":"","jetpack_seo_html_title":"","jetpack_seo_noindex":false,"jetpack_post_was_ever_published":false,"_jetpack_newsletter_access":"","_jetpack_dont_email_post_to_subs":false,"_jetpack_newsletter_tier_id":0,"_jetpack_memberships_contains_paywalled_content":false,"_jetpack_memberships_contains_paid_content":false,"footnotes":"","jetpack_publicize_message":"","jetpack_publicize_feature_enabled":true,"jetpack_social_post_already_shared":false,"jetpack_social_options":{"image_generator_settings":{"template":"highway","default_image_id":0,"font":"","enabled":false},"version":2}},"categories":[6498592,6498593],"tags":[],"class_list":["post-1866","post","type-post","status-publish","format-standard","hentry","category-actualitati","category-uncategorized","entry"],"translation":{"provider":"WPGlobus","version":"3.0.1","language":"hu","enabled_languages":["ro","hu","en"],"languages":{"ro":{"title":true,"content":true,"excerpt":false},"hu":{"title":false,"content":false,"excerpt":false},"en":{"title":false,"content":false,"excerpt":false}}},"jetpack_publicize_connections":[],"jetpack_featured_media_url":"","jetpack_likes_enabled":true,"jetpack-related-posts":[{"id":13343,"url":"https:\/\/muzeusm.ro\/hu\/expozitia-artisti-plastici-satmareni-litteczky-endre-1880-1953\/","url_meta":{"origin":1866,"position":0},"title":"Expozi\u021bia \u201dArti\u0219ti plastici s\u0103tm\u0103reni: LITTECZKY ENDRE (1880 &#8211; 1953)\u201d","author":"Gordan Csilla","date":"8 September 2015","format":false,"excerpt":"Muzeul Jude\u021bean Satu Mare - Sec\u021bia Art\u0103, verniseaz\u0103 mar\u021bi 8 septembrie 2015, ora 15:30, expozi\u021bia din seria Arti\u0219ti plastici s\u0103tm\u0103reni: LITTECZKY ENDRE (1880 - 1953). Artistul s-a n\u0103scut la Carei \u00een anul 1880, fiind fiul tipografului Litteczky Endre. \u00cen lucr\u0103rile sale, Litteczky Endre a fost preocupat de via\u021ba celor s\u0103raci,\u2026","rel":"","context":"In &quot;actualitati&quot;","block_context":{"text":"actualitati","link":"https:\/\/muzeusm.ro\/hu\/category\/actualitati\/"},"img":{"alt_text":"","src":"","width":0,"height":0},"classes":[]},{"id":3124,"url":"https:\/\/muzeusm.ro\/hu\/expozitie-de-pictura-reverie-octavian-bufan\/","url_meta":{"origin":1866,"position":1},"title":"Expozi\u021bie de pictur\u0103 \u201e Reverie \u201d &#8211; Octavian Bufan","author":"Dobrescu Adela Catalina","date":"2 April 2018","format":false,"excerpt":"Muzeul Jude\u0163ean Satu Mare \u2013 Sec\u0163ia de Art\u0103, invit\u0103 publicul s\u0103tm\u0103rean la vernisajul expozi\u0163iei de pictur\u0103: \u201eReverie\u201d, semnat\u0103 Octavian Bufan. Artistul s-a n\u0103scut la 30 decembrie 1964 \u00een ora\u015ful Sighetul Marma\u0163iei.A absolvit Sec\u0163ia de Arte Plastice a Universit\u0103\u0163ii Tehnice Cluj Napoca, Centrul Universitar Nord - Baia Mare, \u00een prezent fiind\u2026","rel":"","context":"In &quot;actualitati&quot;","block_context":{"text":"actualitati","link":"https:\/\/muzeusm.ro\/hu\/category\/actualitati\/"},"img":{"alt_text":"","src":"https:\/\/i0.wp.com\/www.muzeusm.ro\/wp-content\/uploads\/2018\/04\/Afis-bun-Octavian-Bufan-212x300.jpg?resize=350%2C200","width":350,"height":200},"classes":[]},{"id":3460,"url":"https:\/\/muzeusm.ro\/hu\/expozitia-intre-sacru-si-profan-interferente\/","url_meta":{"origin":1866,"position":2},"title":"Expozi\u0163ia \u201d \u00centre sacru \u0219i profan &#8211; Interferen\u021be \u201d","author":"Dobrescu Adela Catalina","date":"13 June 2018","format":false,"excerpt":"Muzeul Jude\u021bean Satu Mare-Sec\u021bia de Art\u0103, v\u0103 invit\u0103 s\u0103 participa\u021bi la vernisajul expozi\u021biei de pictur\u0103 : \u201d \u00centre sacru \u0219i profan - Interferen\u021be \u201d, semnat\u0103 Nicolae Ca\u021bavei. Artistul s-a n\u0103scut \u00een anul 1946 la F\u0103g\u0103ra\u0219, jude\u021bul Bra\u0219ov.\u00cen anul 1984 absolv\u0103 Facultatea de Electromecanic\u0103 din cadrul Universit\u0103\u021bii de Nord din Baia\u2026","rel":"","context":"In &quot;actualitati&quot;","block_context":{"text":"actualitati","link":"https:\/\/muzeusm.ro\/hu\/category\/actualitati\/"},"img":{"alt_text":"","src":"https:\/\/i0.wp.com\/www.muzeusm.ro\/wp-content\/uploads\/2018\/06\/Montaj-poster-Satu-Mare-baza-definitiv-212x300.jpg?resize=350%2C200","width":350,"height":200},"classes":[]},{"id":12264,"url":"https:\/\/muzeusm.ro\/hu\/expozitie-de-arta-plastica-dincolo-de-timp-cristian-rudareanu\/","url_meta":{"origin":1866,"position":3},"title":"Expozi\u021bie de art\u0103 plastic\u0103 \u201eDincolo de timp\u201d &#8211; Cristian Rud\u0103reanu","author":"Popdan Bradut","date":"20 March 2023","format":false,"excerpt":"Mar\u021bi, 21 martie, \u00eencep\u00e2nd cu \u00a0ora 17, MUZEUL JUDE\u021aEAN SATU MARE \u2013 SEC\u021aIA DE ART\u0102, v\u0103 invit\u0103 \u201dDINCOLO DE TIMP\u201d,\u00a0 o c\u0103l\u0103torie artistic\u0103 plin\u0103 de mister \u0219i sensibilitate, oferit\u0103 de CRISTIAN RUD\u0102REANU, regizor tehnic la Teatrul de Nord din Satu Mare. CRISTIAN RUD\u0102REANU este un artist polivalent, pictor, sculptor, grafician,\u2026","rel":"","context":"In &quot;actualitati&quot;","block_context":{"text":"actualitati","link":"https:\/\/muzeusm.ro\/hu\/category\/actualitati\/"},"img":{"alt_text":"","src":"","width":0,"height":0},"classes":[]},{"id":5625,"url":"https:\/\/muzeusm.ro\/hu\/expozitie-de-arta-plastica-lights-shadows-horea-t-salagean-si-contre-jour-liana-corb\/","url_meta":{"origin":1866,"position":4},"title":"Expozi\u0163ie de Art\u0103 plastic\u0103 : Lights &#038; Shadows -Horea T. S\u0103l\u0103gean \u015fi Contre Jour-Liana Corb","author":"Popdan Bradut","date":"12 November 2019","format":false,"excerpt":"Vineri 15 noiembrie 2019,ora 16.00, la Sec\u0163ia de Art\u0103 a Muzeului Jude\u0163ean Satu Mare se vor vernisa \u00eengem\u0103nate, expozi\u0163iile personale ale arti\u015ftilor \u00a0plastici or\u0103deni Horea T. S\u0103l\u0103gean - Lights & Shadows \u015fi Liana Corb - Contre Jour. Cei doi arti\u015fti au expus frecvent \u00eempreun\u0103 la Cluj Napoca \u015fi Oradea. Reprezentan\u0163i\u2026","rel":"","context":"In &quot;actualitati&quot;","block_context":{"text":"actualitati","link":"https:\/\/muzeusm.ro\/hu\/category\/actualitati\/"},"img":{"alt_text":"","src":"https:\/\/i0.wp.com\/www.muzeusm.ro\/wp-content\/uploads\/2019\/11\/felicia-1-200x300.jpg?resize=350%2C200","width":350,"height":200},"classes":[]},{"id":4865,"url":"https:\/\/muzeusm.ro\/hu\/expozitie-de-arta-plastica-de-grup-obiceiuri-artisti-sezatoare\/","url_meta":{"origin":1866,"position":5},"title":"Expozi\u0163ie de art\u0103 plastic\u0103 &#8220;Obiceiuri-Arti\u015fti-\u015eez\u0103toare &#8220;","author":"Popdan Bradut","date":"7 June 2019","format":false,"excerpt":"Obiceiuri Arti\u015fti \u015eez\u0103toare Muzeul Jude\u0163ean Satu Mare - Sec\u0163ia de Art\u0103, v\u0103 invit\u0103 s\u0103 participa\u0163i la o \u201c \u015fez\u0103toare \u201d \u00a0de art\u0103 plastic\u0103 (pictur\u0103, grafic\u0103, fotografie). Simezele muzeului s\u0103tm\u0103rean g\u0103zduiesc crea\u0163ile a 10 arti\u015fti membrii ai UAP din filialele din \u0163ar\u0103 - Victoria Galbenu \u021a\u0103roi \u2013Bra\u0219ov, Sever Moldovan \u2013 Bistri\u021ba,\u2026","rel":"","context":"In &quot;actualitati&quot;","block_context":{"text":"actualitati","link":"https:\/\/muzeusm.ro\/hu\/category\/actualitati\/"},"img":{"alt_text":"","src":"https:\/\/i0.wp.com\/www.muzeusm.ro\/wp-content\/uploads\/2019\/06\/61857261_310001396612085_1634018405092687872_n-214x300.jpg?resize=350%2C200","width":350,"height":200},"classes":[]}],"jetpack_sharing_enabled":true,"jetpack_shortlink":"https:\/\/wp.me\/pfvnyQ-u6","_links":{"self":[{"href":"https:\/\/muzeusm.ro\/hu\/wp-json\/wp\/v2\/posts\/1866","targetHints":{"allow":["GET"]}}],"collection":[{"href":"https:\/\/muzeusm.ro\/hu\/wp-json\/wp\/v2\/posts"}],"about":[{"href":"https:\/\/muzeusm.ro\/hu\/wp-json\/wp\/v2\/types\/post"}],"author":[{"embeddable":true,"href":"https:\/\/muzeusm.ro\/hu\/wp-json\/wp\/v2\/users\/245723486"}],"replies":[{"embeddable":true,"href":"https:\/\/muzeusm.ro\/hu\/wp-json\/wp\/v2\/comments?post=1866"}],"version-history":[{"count":0,"href":"https:\/\/muzeusm.ro\/hu\/wp-json\/wp\/v2\/posts\/1866\/revisions"}],"wp:attachment":[{"href":"https:\/\/muzeusm.ro\/hu\/wp-json\/wp\/v2\/media?parent=1866"}],"wp:term":[{"taxonomy":"category","embeddable":true,"href":"https:\/\/muzeusm.ro\/hu\/wp-json\/wp\/v2\/categories?post=1866"},{"taxonomy":"post_tag","embeddable":true,"href":"https:\/\/muzeusm.ro\/hu\/wp-json\/wp\/v2\/tags?post=1866"}],"curies":[{"name":"wp","href":"https:\/\/api.w.org\/{rel}","templated":true}]}}