{"id":1855,"date":"2016-07-05T07:33:36","date_gmt":"2016-07-05T07:33:36","guid":{"rendered":"http:\/\/www.muzeusm.ro\/?p=1855"},"modified":"2016-07-05T07:33:36","modified_gmt":"2016-07-05T07:33:36","slug":"lansare-de-carte","status":"publish","type":"post","link":"https:\/\/muzeusm.ro\/hu\/lansare-de-carte\/","title":{"rendered":"Lansare de carte"},"content":{"rendered":"<p><a href=\"http:\/\/www.muzeusm.ro\/wp-content\/uploads\/2016\/07\/afis-1.jpg\"><img loading=\"lazy\" decoding=\"async\" data-attachment-id=\"1856\" data-permalink=\"https:\/\/muzeusm.ro\/hu\/afis-1-2-2\/\" data-orig-file=\"https:\/\/muzeusm.ro\/wp-content\/uploads\/2016\/07\/afis-1.jpg\" data-orig-size=\"668,945\" data-comments-opened=\"1\" data-image-meta=\"{&quot;aperture&quot;:&quot;0&quot;,&quot;credit&quot;:&quot;&quot;,&quot;camera&quot;:&quot;&quot;,&quot;caption&quot;:&quot;&quot;,&quot;created_timestamp&quot;:&quot;0&quot;,&quot;copyright&quot;:&quot;&quot;,&quot;focal_length&quot;:&quot;0&quot;,&quot;iso&quot;:&quot;0&quot;,&quot;shutter_speed&quot;:&quot;0&quot;,&quot;title&quot;:&quot;&quot;,&quot;orientation&quot;:&quot;1&quot;}\" data-image-title=\"afis (1)\" data-image-description=\"\" data-image-caption=\"\" data-medium-file=\"https:\/\/muzeusm.ro\/wp-content\/uploads\/2016\/07\/afis-1-212x300.jpg\" data-large-file=\"https:\/\/muzeusm.ro\/wp-content\/uploads\/2016\/07\/afis-1.jpg\" class=\"size-medium wp-image-1856 alignleft\" alt=\"afis (1)\" src=\"http:\/\/www.muzeusm.ro\/wp-content\/uploads\/2016\/07\/afis-1-212x300.jpg\" width=\"212\" height=\"300\" srcset=\"https:\/\/muzeusm.ro\/wp-content\/uploads\/2016\/07\/afis-1-212x300.jpg 212w, https:\/\/muzeusm.ro\/wp-content\/uploads\/2016\/07\/afis-1.jpg 668w\" sizes=\"auto, (max-width: 212px) 100vw, 212px\" \/><\/a><\/p>\n","protected":false},"excerpt":{"rendered":"","protected":false},"author":245723486,"featured_media":0,"comment_status":"open","ping_status":"open","sticky":false,"template":"","format":"standard","meta":{"_coblocks_attr":"","_coblocks_dimensions":"","_coblocks_responsive_height":"","_coblocks_accordion_ie_support":"","advanced_seo_description":"","jetpack_seo_html_title":"","jetpack_seo_noindex":false,"jetpack_post_was_ever_published":false,"_jetpack_newsletter_access":"","_jetpack_dont_email_post_to_subs":false,"_jetpack_newsletter_tier_id":0,"_jetpack_memberships_contains_paywalled_content":false,"_jetpack_memberships_contains_paid_content":false,"footnotes":"","jetpack_publicize_message":"","jetpack_publicize_feature_enabled":true,"jetpack_social_post_already_shared":false,"jetpack_social_options":{"image_generator_settings":{"template":"highway","default_image_id":0,"font":"","enabled":false},"version":2}},"categories":[6498592,6498593],"tags":[],"class_list":["post-1855","post","type-post","status-publish","format-standard","hentry","category-actualitati","category-uncategorized","entry"],"translation":{"provider":"WPGlobus","version":"3.0.1","language":"hu","enabled_languages":["ro","hu","en"],"languages":{"ro":{"title":true,"content":true,"excerpt":false},"hu":{"title":false,"content":false,"excerpt":false},"en":{"title":false,"content":false,"excerpt":false}}},"jetpack_publicize_connections":[],"jetpack_featured_media_url":"","jetpack_likes_enabled":true,"jetpack-related-posts":[{"id":5723,"url":"https:\/\/muzeusm.ro\/hu\/lansare-de-carte-la-sediul-muzeului-judetean-satu-mare\/","url_meta":{"origin":1855,"position":0},"title":"Lansare de carte la sediul Muzeului Jude\u0163ean Satu Mare.","author":"Andrei Mocan Mihai","date":"25 November 2019","format":false,"excerpt":"Mar\u0163i, 26 noiembrie 2019, de la ora 13, la sediul Muzeului Jude\u0163ean Satu Mare, are loc o dubl\u0103 lansare de carte: \"Contribu\u0163ii la istoria \u00eenv\u0103\u0163\u0103m\u00e2ntului s\u0103tm\u0103rean, de la \u00eenceputuri p\u00e2n\u0103 \u00een 1940\", autor, prof.dr. Ioan Viman; \"O istorie a \u00eenv\u0103\u0163\u0103m\u00e2ntului s\u0103tm\u0103rean postbelic\", autori, prof. Radu David \u015fi prof. Daniela Govor.","rel":"","context":"In &quot;actualitati&quot;","block_context":{"text":"actualitati","link":"https:\/\/muzeusm.ro\/hu\/category\/actualitati\/"},"img":{"alt_text":"","src":"https:\/\/i0.wp.com\/www.muzeusm.ro\/wp-content\/uploads\/2019\/11\/afis-lansare-carte-211x300.jpg?resize=350%2C200","width":350,"height":200},"classes":[]},{"id":5928,"url":"https:\/\/muzeusm.ro\/hu\/vernisajul-expozitiei-reabilitarea-monumentelor-satmarene-grija-pentru-patrimoniul-cultural-lansare-de-carte-morminte-si-opere-comemorative-de-razboi-din-judetul-satu-mare\/","url_meta":{"origin":1855,"position":1},"title":"Vernisajul expozi\u021biei &#8220;Reabilitarea monumentelor s\u0103tm\u0103rene. Grija pentru patrimoniul cultural&#8221;. Lansare de carte &#8220;Morminte \u0219i opere comemorative de r\u0103zboi din jude\u021bul Satu Mare&#8221;.","author":"Andrei Mocan Mihai","date":"15 January 2020","format":false,"excerpt":"","rel":"","context":"In &quot;actualitati&quot;","block_context":{"text":"actualitati","link":"https:\/\/muzeusm.ro\/hu\/category\/actualitati\/"},"img":{"alt_text":"","src":"https:\/\/i0.wp.com\/www.muzeusm.ro\/wp-content\/uploads\/2020\/01\/IMG_5754-300x200.jpg?resize=350%2C200","width":350,"height":200},"classes":[]},{"id":5729,"url":"https:\/\/muzeusm.ro\/hu\/lansare-de-carte-contributii-la-istoria-invatamantului-satmarean-de-la-inceputuri-pana-in-1940-autor-prof-dr-ioan-viman-o-istorie-a-invatamantului-satmarean-postbelic-autori-prof-radu\/","url_meta":{"origin":1855,"position":2},"title":"Lansare de carte: &#8220;Contribu\u0163ii la istoria \u00eenv\u0103\u0163\u0103m\u00e2ntului s\u0103tm\u0103rean, de la \u00eenceputuri p\u00e2n\u0103 \u00een 1940&#8221;, autor, prof.dr. Ioan Viman; &#8220;O istorie a \u00eenv\u0103\u0163\u0103m\u00e2ntului s\u0103tm\u0103rean postbelic&#8221;, autori, prof. Radu David \u015fi prof. Daniela Govor.","author":"Andrei Mocan Mihai","date":"26 November 2019","format":false,"excerpt":"","rel":"","context":"In &quot;actualitati&quot;","block_context":{"text":"actualitati","link":"https:\/\/muzeusm.ro\/hu\/category\/actualitati\/"},"img":{"alt_text":"","src":"https:\/\/i0.wp.com\/www.muzeusm.ro\/wp-content\/uploads\/2019\/11\/IMG_5445-300x200.jpg?resize=350%2C200","width":350,"height":200},"classes":[]},{"id":15211,"url":"https:\/\/muzeusm.ro\/hu\/lansare-carte-de-la-munte-pe-hamoaca-100-de-ani-de-la-colonizarea-motilor\/","url_meta":{"origin":1855,"position":3},"title":"Lansare carte: \u201eDe la munte pe h\u0103moac\u0103. 100 de ani de la colonizarea mo\u021bilor\u201d","author":"Kov\u00e1cs Zsolt","date":"23 September 2024","format":false,"excerpt":"Sala festiv\u0103 a Muzeului Jude\u021bean Satu\u00a0 Mare, va g\u0103zdui\u00a0 miercuri 25 septembrie 2024, ora 18.00, prezentarea volumului \u201eDe la munte pe h\u0103moac\u0103. 100 de ani de la colonizarea mo\u021bilor\u201d, al c\u0103rei autor este R\u0103zvan Ro\u0219u. Cei prezen\u021bi sunt invita\u021bi s\u0103 participe \u0219i la o discu\u021bie legat\u0103 de ceea ce a\u2026","rel":"","context":"In &quot;actualitati&quot;","block_context":{"text":"actualitati","link":"https:\/\/muzeusm.ro\/hu\/category\/actualitati\/"},"img":{"alt_text":"","src":"https:\/\/i0.wp.com\/muzeusm.ro\/wp-content\/uploads\/2024\/09\/Afis-digital-01.png?resize=350%2C200&ssl=1","width":350,"height":200,"srcset":"https:\/\/i0.wp.com\/muzeusm.ro\/wp-content\/uploads\/2024\/09\/Afis-digital-01.png?resize=350%2C200&ssl=1 1x, https:\/\/i0.wp.com\/muzeusm.ro\/wp-content\/uploads\/2024\/09\/Afis-digital-01.png?resize=525%2C300&ssl=1 1.5x, https:\/\/i0.wp.com\/muzeusm.ro\/wp-content\/uploads\/2024\/09\/Afis-digital-01.png?resize=700%2C400&ssl=1 2x, https:\/\/i0.wp.com\/muzeusm.ro\/wp-content\/uploads\/2024\/09\/Afis-digital-01.png?resize=1050%2C600&ssl=1 3x, https:\/\/i0.wp.com\/muzeusm.ro\/wp-content\/uploads\/2024\/09\/Afis-digital-01.png?resize=1400%2C800&ssl=1 4x"},"classes":[]},{"id":2856,"url":"https:\/\/muzeusm.ro\/hu\/lansare-de-carte-povestiri-din-dreapta-tisei-vasile-iovdi\/","url_meta":{"origin":1855,"position":4},"title":"Lansare de Carte: \u201ePovestiri din dreapta Tisei\u201d &#8211; Vasile Iovdi.","author":"norbertlorincz","date":"7 November 2017","format":false,"excerpt":"Muzeul Jude\u0163ean Satu Mare, Centrul Jude\u0163ean pentru Conservarea \u015fi Promovarea Culturii Tradi\u0163ionale Satu Mare \u015fi Asocia\u0163ia Cultural\u0103 \u201eS\u0103tm\u0103renii\u201d, are pl\u0103cerea s\u0103 v\u0103 invite la un eveniment deosebit: lansarea c\u0103r\u0163ii \u201e Povestiri din dreapta Tisei \u201d semnat\u0103 Vasile Iovdi. Vasile Iovdi s-a n\u0103scut la 17 aprilie 1949 \u00een comuna Ap\u015fa de\u2026","rel":"","context":"In &quot;actualitati&quot;","block_context":{"text":"actualitati","link":"https:\/\/muzeusm.ro\/hu\/category\/actualitati\/"},"img":{"alt_text":"","src":"https:\/\/i0.wp.com\/www.muzeusm.ro\/wp-content\/uploads\/2017\/11\/afis-214x300.jpg?resize=350%2C200","width":350,"height":200},"classes":[]},{"id":11646,"url":"https:\/\/muzeusm.ro\/hu\/lansarea-cartii-monografice-obiceiuri-si-datini-intr-un-sat-de-odinioara-camarzana-in-tara-oasului-lenuta-bura-pop\/","url_meta":{"origin":1855,"position":5},"title":"Lansarea c\u0103r\u021bii monografice \u201dObiceiuri \u0219i datini \u00eentr-un sat de odinioar\u0103\u2013 C\u0103m\u0103rzana, \u00een \u021aara Oa\u0219ului\u201d (Lenu\u021ba Bura Pop)","author":"Popdan Bradut","date":"11 August 2022","format":false,"excerpt":"Evenimentul editorial care va avea loc \u00een data de 15 august, la Ciuperca de Dan\u021b din C\u0103m\u0103rzana, nu coincide \u00eent\u00e2mpl\u0103tor cu o mare s\u0103rb\u0103toare din calendarul sacru al satului tradi\u021bional: Sf\u00e2nt\u0103 M\u0103rie Mare. Lansarea c\u0103r\u021bii monografice \u201dObiceiuri \u0219i datini \u00eentr-un sat de odinioar\u0103\u2013 C\u0103m\u0103rzana, \u00een \u021aara Oa\u0219ului\u201d, constituie o s\u0103rb\u0103toare\u2026","rel":"","context":"In &quot;actualitati&quot;","block_context":{"text":"actualitati","link":"https:\/\/muzeusm.ro\/hu\/category\/actualitati\/"},"img":{"alt_text":"","src":"","width":0,"height":0},"classes":[]}],"jetpack_sharing_enabled":true,"jetpack_shortlink":"https:\/\/wp.me\/pfvnyQ-tV","_links":{"self":[{"href":"https:\/\/muzeusm.ro\/hu\/wp-json\/wp\/v2\/posts\/1855","targetHints":{"allow":["GET"]}}],"collection":[{"href":"https:\/\/muzeusm.ro\/hu\/wp-json\/wp\/v2\/posts"}],"about":[{"href":"https:\/\/muzeusm.ro\/hu\/wp-json\/wp\/v2\/types\/post"}],"author":[{"embeddable":true,"href":"https:\/\/muzeusm.ro\/hu\/wp-json\/wp\/v2\/users\/245723486"}],"replies":[{"embeddable":true,"href":"https:\/\/muzeusm.ro\/hu\/wp-json\/wp\/v2\/comments?post=1855"}],"version-history":[{"count":0,"href":"https:\/\/muzeusm.ro\/hu\/wp-json\/wp\/v2\/posts\/1855\/revisions"}],"wp:attachment":[{"href":"https:\/\/muzeusm.ro\/hu\/wp-json\/wp\/v2\/media?parent=1855"}],"wp:term":[{"taxonomy":"category","embeddable":true,"href":"https:\/\/muzeusm.ro\/hu\/wp-json\/wp\/v2\/categories?post=1855"},{"taxonomy":"post_tag","embeddable":true,"href":"https:\/\/muzeusm.ro\/hu\/wp-json\/wp\/v2\/tags?post=1855"}],"curies":[{"name":"wp","href":"https:\/\/api.w.org\/{rel}","templated":true}]}}