{"id":1842,"date":"2016-06-23T06:48:59","date_gmt":"2016-06-23T06:48:59","guid":{"rendered":"http:\/\/www.muzeusm.ro\/?p=1842"},"modified":"2016-06-23T06:48:59","modified_gmt":"2016-06-23T06:48:59","slug":"vernisaj-natura-in-pastel","status":"publish","type":"post","link":"https:\/\/muzeusm.ro\/hu\/vernisaj-natura-in-pastel\/","title":{"rendered":"Vernisaj \u201eNatura \u00een pastel\u201d"},"content":{"rendered":"<p><a href=\"http:\/\/www.muzeusm.ro\/wp-content\/uploads\/2016\/06\/mamaafis.jpg\"><img loading=\"lazy\" decoding=\"async\" data-attachment-id=\"1843\" data-permalink=\"https:\/\/muzeusm.ro\/hu\/mamaafis\/\" data-orig-file=\"https:\/\/muzeusm.ro\/wp-content\/uploads\/2016\/06\/mamaafis.jpg\" data-orig-size=\"630,945\" data-comments-opened=\"1\" data-image-meta=\"{&quot;aperture&quot;:&quot;0&quot;,&quot;credit&quot;:&quot;&quot;,&quot;camera&quot;:&quot;&quot;,&quot;caption&quot;:&quot;&quot;,&quot;created_timestamp&quot;:&quot;0&quot;,&quot;copyright&quot;:&quot;&quot;,&quot;focal_length&quot;:&quot;0&quot;,&quot;iso&quot;:&quot;0&quot;,&quot;shutter_speed&quot;:&quot;0&quot;,&quot;title&quot;:&quot;&quot;,&quot;orientation&quot;:&quot;1&quot;}\" data-image-title=\"mamaafis\" data-image-description=\"\" data-image-caption=\"\" data-medium-file=\"https:\/\/muzeusm.ro\/wp-content\/uploads\/2016\/06\/mamaafis-200x300.jpg\" data-large-file=\"https:\/\/muzeusm.ro\/wp-content\/uploads\/2016\/06\/mamaafis.jpg\" class=\"size-medium wp-image-1843 alignleft\" alt=\"mamaafis\" src=\"http:\/\/www.muzeusm.ro\/wp-content\/uploads\/2016\/06\/mamaafis-200x300.jpg\" width=\"200\" height=\"300\" srcset=\"https:\/\/muzeusm.ro\/wp-content\/uploads\/2016\/06\/mamaafis-200x300.jpg 200w, https:\/\/muzeusm.ro\/wp-content\/uploads\/2016\/06\/mamaafis.jpg 630w\" sizes=\"auto, (max-width: 200px) 100vw, 200px\" \/><\/a>Muzeul Jude\u021bean Satu Mare, Sec\u021bia Art\u0103 v\u0103 invit\u0103 s\u00e2mb\u0103t\u0103 25 iunie 2016, ora 17:00, la vernisajul expozi\u021biei \u201eNatura \u00een pastel\u201d a artistei MICA SASU.<\/p>\n","protected":false},"excerpt":{"rendered":"<p>Muzeul Jude\u021bean Satu Mare, Sec\u021bia Art\u0103 v\u0103 invit\u0103 s\u00e2mb\u0103t\u0103 25 iunie 2016, ora 17:00, la vernisajul expozi\u021biei \u201eNatura \u00een pastel\u201d a artistei MICA SASU.<\/p>\n","protected":false},"author":245723486,"featured_media":0,"comment_status":"open","ping_status":"open","sticky":false,"template":"","format":"standard","meta":{"_coblocks_attr":"","_coblocks_dimensions":"","_coblocks_responsive_height":"","_coblocks_accordion_ie_support":"","advanced_seo_description":"","jetpack_seo_html_title":"","jetpack_seo_noindex":false,"jetpack_post_was_ever_published":false,"_jetpack_newsletter_access":"","_jetpack_dont_email_post_to_subs":false,"_jetpack_newsletter_tier_id":0,"_jetpack_memberships_contains_paywalled_content":false,"_jetpack_memberships_contains_paid_content":false,"footnotes":"","jetpack_publicize_message":"","jetpack_publicize_feature_enabled":true,"jetpack_social_post_already_shared":false,"jetpack_social_options":{"image_generator_settings":{"template":"highway","default_image_id":0,"font":"","enabled":false},"version":2}},"categories":[6498592,6498593],"tags":[],"class_list":["post-1842","post","type-post","status-publish","format-standard","hentry","category-actualitati","category-uncategorized","entry"],"translation":{"provider":"WPGlobus","version":"3.0.1","language":"hu","enabled_languages":["ro","hu","en"],"languages":{"ro":{"title":true,"content":true,"excerpt":false},"hu":{"title":false,"content":false,"excerpt":false},"en":{"title":false,"content":false,"excerpt":false}}},"jetpack_publicize_connections":[],"jetpack_featured_media_url":"","jetpack_likes_enabled":true,"jetpack-related-posts":[{"id":2862,"url":"https:\/\/muzeusm.ro\/hu\/vernisaj-expozitie-griuri-colorate-virginia-piscoran\/","url_meta":{"origin":1842,"position":0},"title":"Vernisaj Expozi\u021bie -\u201eGriuri colorate\u201d- Virginia Pi\u015fcoran","author":"norbertlorincz","date":"8 November 2017","format":false,"excerpt":"Muzeul Jude\u0163ean Satu Mare - Sec\u0163ia de Art\u0103, v\u0103 invit\u0103 vineri 10 noiembrie 2017,ora 17.00, la vernisajul expozi\u0163iei de art\u0103 plastic\u0103 \u201eGriuri colorate\u201d- Virginia Pi\u015fcoran. Artista s-a n\u0103scut \u00een anul 1958 la Micula.A studiat la Liceul de Art\u0103 din Satu Mare, iar apoi a urmat cursurile Facult\u0103\u0163ii de Psihologie \u015fi\u2026","rel":"","context":"In &quot;actualitati&quot;","block_context":{"text":"actualitati","link":"https:\/\/muzeusm.ro\/hu\/category\/actualitati\/"},"img":{"alt_text":"","src":"https:\/\/i0.wp.com\/www.muzeusm.ro\/wp-content\/uploads\/2017\/11\/ROD3-212x300.jpg?resize=350%2C200","width":350,"height":200},"classes":[]},{"id":3124,"url":"https:\/\/muzeusm.ro\/hu\/expozitie-de-pictura-reverie-octavian-bufan\/","url_meta":{"origin":1842,"position":1},"title":"Expozi\u021bie de pictur\u0103 \u201e Reverie \u201d &#8211; Octavian Bufan","author":"Dobrescu Adela Catalina","date":"2 April 2018","format":false,"excerpt":"Muzeul Jude\u0163ean Satu Mare \u2013 Sec\u0163ia de Art\u0103, invit\u0103 publicul s\u0103tm\u0103rean la vernisajul expozi\u0163iei de pictur\u0103: \u201eReverie\u201d, semnat\u0103 Octavian Bufan. Artistul s-a n\u0103scut la 30 decembrie 1964 \u00een ora\u015ful Sighetul Marma\u0163iei.A absolvit Sec\u0163ia de Arte Plastice a Universit\u0103\u0163ii Tehnice Cluj Napoca, Centrul Universitar Nord - Baia Mare, \u00een prezent fiind\u2026","rel":"","context":"In &quot;actualitati&quot;","block_context":{"text":"actualitati","link":"https:\/\/muzeusm.ro\/hu\/category\/actualitati\/"},"img":{"alt_text":"","src":"https:\/\/i0.wp.com\/www.muzeusm.ro\/wp-content\/uploads\/2018\/04\/Afis-bun-Octavian-Bufan-212x300.jpg?resize=350%2C200","width":350,"height":200},"classes":[]},{"id":4268,"url":"https:\/\/muzeusm.ro\/hu\/vernisajul-expozitiei-de-arta-fotografica-art-archaeology\/","url_meta":{"origin":1842,"position":2},"title":"Vernisajul expozi\u0163iei de art\u0103 fotografic\u0103 &#8220;Art-Archaeology&#8221;","author":"Andrei Mocan Mihai","date":"8 March 2019","format":false,"excerpt":"Joi, 7 martie, \u00eencep\u00e2nd cu ora 17, la Galeria de Arte Plastice a Consiliului Jude\u0163ean Satu Mare, a avut loc vernisajul expozitiei de art\u0103 fotografic\u0103 \"Art-Archaeology\" a artistului fotograf careian dr. Hag\u00f3 Attila N\u00e1ndor. \u00cen cadrul evenimetului au luat cuv\u00e2ntul: Varga Maria - profesoar\u0103 la \u015ecoala de Arte Satu Mare,\u2026","rel":"","context":"In &quot;actualitati&quot;","block_context":{"text":"actualitati","link":"https:\/\/muzeusm.ro\/hu\/category\/actualitati\/"},"img":{"alt_text":"","src":"https:\/\/i0.wp.com\/www.muzeusm.ro\/wp-content\/uploads\/2019\/03\/IMG_0271-300x200.jpg?resize=350%2C200","width":350,"height":200},"classes":[]},{"id":10164,"url":"https:\/\/muzeusm.ro\/hu\/vernisajul-expozitieartisti-plastici-din-patrimoniul-sectiei-de-arta-a-muzeului-judetean-satu-mare\/","url_meta":{"origin":1842,"position":3},"title":"Vernisajul expozi\u021biei\u201eArti\u0219ti plastici din patrimoniul Sec\u021biei de Art\u0103 a Muzeului Jude\u021bean Satu Mare\u201d","author":"Popdan Bradut","date":"2 July 2021","format":false,"excerpt":"","rel":"","context":"In &quot;actualitati&quot;","block_context":{"text":"actualitati","link":"https:\/\/muzeusm.ro\/hu\/category\/actualitati\/"},"img":{"alt_text":"","src":"https:\/\/i0.wp.com\/www.muzeusm.ro\/wp-content\/uploads\/2021\/07\/2-300x200.jpg?resize=350%2C200","width":350,"height":200},"classes":[]},{"id":3460,"url":"https:\/\/muzeusm.ro\/hu\/expozitia-intre-sacru-si-profan-interferente\/","url_meta":{"origin":1842,"position":4},"title":"Expozi\u0163ia \u201d \u00centre sacru \u0219i profan &#8211; Interferen\u021be \u201d","author":"Dobrescu Adela Catalina","date":"13 June 2018","format":false,"excerpt":"Muzeul Jude\u021bean Satu Mare-Sec\u021bia de Art\u0103, v\u0103 invit\u0103 s\u0103 participa\u021bi la vernisajul expozi\u021biei de pictur\u0103 : \u201d \u00centre sacru \u0219i profan - Interferen\u021be \u201d, semnat\u0103 Nicolae Ca\u021bavei. Artistul s-a n\u0103scut \u00een anul 1946 la F\u0103g\u0103ra\u0219, jude\u021bul Bra\u0219ov.\u00cen anul 1984 absolv\u0103 Facultatea de Electromecanic\u0103 din cadrul Universit\u0103\u021bii de Nord din Baia\u2026","rel":"","context":"In &quot;actualitati&quot;","block_context":{"text":"actualitati","link":"https:\/\/muzeusm.ro\/hu\/category\/actualitati\/"},"img":{"alt_text":"","src":"https:\/\/i0.wp.com\/www.muzeusm.ro\/wp-content\/uploads\/2018\/06\/Montaj-poster-Satu-Mare-baza-definitiv-212x300.jpg?resize=350%2C200","width":350,"height":200},"classes":[]},{"id":4538,"url":"https:\/\/muzeusm.ro\/hu\/expozitie-de-pictura-si-desene-calator-prin-burguri-transilvane-sever-moldovan\/","url_meta":{"origin":1842,"position":5},"title":"Expozi\u0163ie de pictur\u0103 \u015fi desen &#8220;C\u0102L\u0102TOR PRIN BURGURI TRANSILVANE &#8221; &#8211; Sever Moldovan","author":"Popdan Bradut","date":"25 April 2019","format":false,"excerpt":"Muzeul Jude\u0163ean Satu Mare-Sec\u0163ia de Art\u0103, are pl\u0103cerea s\u0103 v\u0103 invite s\u0103 participa\u0163i la vernisajul expozi\u0163iei de pictur\u0103 \u015fi desen : \u201e C\u0103l\u0103tor prin burguri transilvane \u201d, semnat\u0103 Sever Moldovan. Artistul s-a n\u0103scut la 22 ianuarie 1958, \u00een comuna Telciu, jude\u0163ul Bistri\u0163a N\u0103s\u0103ud. \u00cen perioada 1973-1977 urmeaz\u0103 cursurile Liceului de\u2026","rel":"","context":"In &quot;actualitati&quot;","block_context":{"text":"actualitati","link":"https:\/\/muzeusm.ro\/hu\/category\/actualitati\/"},"img":{"alt_text":"","src":"https:\/\/i0.wp.com\/www.muzeusm.ro\/wp-content\/uploads\/2019\/04\/moldovan-sever-204x300.jpg?resize=350%2C200","width":350,"height":200},"classes":[]}],"jetpack_sharing_enabled":true,"jetpack_shortlink":"https:\/\/wp.me\/pfvnyQ-tI","_links":{"self":[{"href":"https:\/\/muzeusm.ro\/hu\/wp-json\/wp\/v2\/posts\/1842","targetHints":{"allow":["GET"]}}],"collection":[{"href":"https:\/\/muzeusm.ro\/hu\/wp-json\/wp\/v2\/posts"}],"about":[{"href":"https:\/\/muzeusm.ro\/hu\/wp-json\/wp\/v2\/types\/post"}],"author":[{"embeddable":true,"href":"https:\/\/muzeusm.ro\/hu\/wp-json\/wp\/v2\/users\/245723486"}],"replies":[{"embeddable":true,"href":"https:\/\/muzeusm.ro\/hu\/wp-json\/wp\/v2\/comments?post=1842"}],"version-history":[{"count":0,"href":"https:\/\/muzeusm.ro\/hu\/wp-json\/wp\/v2\/posts\/1842\/revisions"}],"wp:attachment":[{"href":"https:\/\/muzeusm.ro\/hu\/wp-json\/wp\/v2\/media?parent=1842"}],"wp:term":[{"taxonomy":"category","embeddable":true,"href":"https:\/\/muzeusm.ro\/hu\/wp-json\/wp\/v2\/categories?post=1842"},{"taxonomy":"post_tag","embeddable":true,"href":"https:\/\/muzeusm.ro\/hu\/wp-json\/wp\/v2\/tags?post=1842"}],"curies":[{"name":"wp","href":"https:\/\/api.w.org\/{rel}","templated":true}]}}