{"id":1835,"date":"2016-06-22T06:19:41","date_gmt":"2016-06-22T06:19:41","guid":{"rendered":"http:\/\/www.muzeusm.ro\/?p=1835"},"modified":"2016-06-22T06:19:41","modified_gmt":"2016-06-22T06:19:41","slug":"colocviu-traditie-si-modernitate-in-reprezentarile-patrimoniului-material-si-imaterial-ia-si-sarbatorile-romanilor","status":"publish","type":"post","link":"https:\/\/muzeusm.ro\/hu\/colocviu-traditie-si-modernitate-in-reprezentarile-patrimoniului-material-si-imaterial-ia-si-sarbatorile-romanilor\/","title":{"rendered":"Colocviu &#8211; Tradi\u021bie \u0219i modernitate \u00een reprezent\u0103rile patrimoniului material \u0219i imaterial. Ia \u0219i s\u0103rb\u0103torile rom\u00e2nilor."},"content":{"rendered":"<p><a href=\"http:\/\/www.muzeusm.ro\/wp-content\/uploads\/2016\/06\/MG_9542.jpg\"><img loading=\"lazy\" decoding=\"async\" data-attachment-id=\"1837\" data-permalink=\"https:\/\/muzeusm.ro\/hu\/_mg_9542\/\" data-orig-file=\"https:\/\/muzeusm.ro\/wp-content\/uploads\/2016\/06\/MG_9542.jpg\" data-orig-size=\"1417,945\" data-comments-opened=\"1\" data-image-meta=\"{&quot;aperture&quot;:&quot;14&quot;,&quot;credit&quot;:&quot;&quot;,&quot;camera&quot;:&quot;Canon EOS 500D&quot;,&quot;caption&quot;:&quot;&quot;,&quot;created_timestamp&quot;:&quot;1411048715&quot;,&quot;copyright&quot;:&quot;&quot;,&quot;focal_length&quot;:&quot;38&quot;,&quot;iso&quot;:&quot;800&quot;,&quot;shutter_speed&quot;:&quot;0.0025&quot;,&quot;title&quot;:&quot;&quot;,&quot;orientation&quot;:&quot;1&quot;}\" data-image-title=\"_MG_9542\" data-image-description=\"\" data-image-caption=\"\" data-medium-file=\"https:\/\/muzeusm.ro\/wp-content\/uploads\/2016\/06\/MG_9542-300x200.jpg\" data-large-file=\"https:\/\/muzeusm.ro\/wp-content\/uploads\/2016\/06\/MG_9542-1024x683.jpg\" class=\"size-medium wp-image-1837 alignleft\" alt=\"_MG_9542\" src=\"http:\/\/www.muzeusm.ro\/wp-content\/uploads\/2016\/06\/MG_9542-300x200.jpg\" width=\"300\" height=\"200\" srcset=\"https:\/\/muzeusm.ro\/wp-content\/uploads\/2016\/06\/MG_9542-300x200.jpg 300w, https:\/\/muzeusm.ro\/wp-content\/uploads\/2016\/06\/MG_9542-1024x683.jpg 1024w, https:\/\/muzeusm.ro\/wp-content\/uploads\/2016\/06\/MG_9542-768x512.jpg 768w, https:\/\/muzeusm.ro\/wp-content\/uploads\/2016\/06\/MG_9542.jpg 1417w\" sizes=\"auto, (max-width: 300px) 100vw, 300px\" \/><\/a>Cu ocazia ZILEI UNIVERSALE A IEI ROM\u00c2NE\u0218TI<br \/>\nv\u0103 invit\u0103m la Muzeul Jude\u021bean Satu Mare, vineri, 24 iunie ora 12, la colocviul cu tema Tradi\u021bie \u0219i modernitate \u00een reprezent\u0103rile patrimoniului material \u0219i imaterial. Ia \u0219i s\u0103rb\u0103torile rom\u00e2nilor.<\/p>\n","protected":false},"excerpt":{"rendered":"<p>Cu ocazia ZILEI UNIVERSALE A IEI ROM\u00c2NE\u0218TI v\u0103 invit\u0103m la Muzeul Jude\u021bean Satu Mare, vineri, 24 iunie ora 12, la colocviul cu tema Tradi\u021bie \u0219i modernitate \u00een reprezent\u0103rile patrimoniului material \u0219i imaterial. Ia \u0219i s\u0103rb\u0103torile rom\u00e2nilor.<\/p>\n","protected":false},"author":245723486,"featured_media":0,"comment_status":"open","ping_status":"open","sticky":false,"template":"","format":"standard","meta":{"_coblocks_attr":"","_coblocks_dimensions":"","_coblocks_responsive_height":"","_coblocks_accordion_ie_support":"","advanced_seo_description":"","jetpack_seo_html_title":"","jetpack_seo_noindex":false,"jetpack_post_was_ever_published":false,"_jetpack_newsletter_access":"","_jetpack_dont_email_post_to_subs":false,"_jetpack_newsletter_tier_id":0,"_jetpack_memberships_contains_paywalled_content":false,"_jetpack_memberships_contains_paid_content":false,"footnotes":"","jetpack_publicize_message":"","jetpack_publicize_feature_enabled":true,"jetpack_social_post_already_shared":false,"jetpack_social_options":{"image_generator_settings":{"template":"highway","default_image_id":0,"font":"","enabled":false},"version":2}},"categories":[6498592,6498593],"tags":[],"class_list":["post-1835","post","type-post","status-publish","format-standard","hentry","category-actualitati","category-uncategorized","entry"],"translation":{"provider":"WPGlobus","version":"3.0.1","language":"hu","enabled_languages":["ro","hu","en"],"languages":{"ro":{"title":true,"content":true,"excerpt":false},"hu":{"title":false,"content":false,"excerpt":false},"en":{"title":false,"content":false,"excerpt":false}}},"jetpack_publicize_connections":[],"jetpack_featured_media_url":"","jetpack_likes_enabled":true,"jetpack-related-posts":[{"id":3725,"url":"https:\/\/muzeusm.ro\/hu\/expo-foto-comorile-romaniei-ilie-tudorel\/","url_meta":{"origin":1835,"position":0},"title":"Expo foto, \u201eCOMORILE  ROM\u00c2NIEI\u201d- Ilie Tudorel","author":"norbertlorincz","date":"27 September 2018","format":false,"excerpt":"Expozi\u0163ia de art\u0103 fotografic\u0103 \u201eComorile Rom\u00e2niei\u201d este o expozi\u0163ie-eveniment dedicat\u0103 Centenarului Marii Uniri de la 1918 \u015fi Anului European al Patrimoniului Cultural, care \u00ee\u015fi propune s\u0103 promoveze \u00een r\u00e2ndul iubitorilor de cultur\u0103 din \u0163ar\u0103 \u015fi din str\u0103in\u0103tate cele mai importante valori ale patrimoniului cultural din Rom\u00e2nia. Turneul na\u0163ional al expozi\u0163iei\u2026","rel":"","context":"In &quot;actualitati&quot;","block_context":{"text":"actualitati","link":"https:\/\/muzeusm.ro\/hu\/category\/actualitati\/"},"img":{"alt_text":"","src":"https:\/\/i0.wp.com\/www.muzeusm.ro\/wp-content\/uploads\/2018\/09\/AFIS-OK-Expozitie-Comorile-Romaniei-SATU-MARE-215x300.jpg?resize=350%2C200","width":350,"height":200},"classes":[]},{"id":10753,"url":"https:\/\/muzeusm.ro\/hu\/muzeul-in-era-digitalamuzeum-a-digitalis-korban\/","url_meta":{"origin":1835,"position":1},"title":"&#8220;Muzeul \u00een Era Digital\u0103&#8221;\/&#8221;M\u00fazeum a digit\u00e1lis korban&#8221;","author":"Popdan Bradut","date":"7 January 2022","format":false,"excerpt":"Muzeul Jude\u021bean Satu Mare v\u0103 invit\u0103 \u00een data de 14.01.2022, ora 11 (Expozi\u021bia Temporar\u0103 a Muzeului, str. V. Lucaciu, nr. 21) la Vernisajul expozi\u021biei \"Muzeul \u00een Era Digital\u0103\". Expozi\u021bia are ca obiect prezentarea noilor tehnici de expunere ce urmeaz\u0103 a fi utilizate \u00een expozi\u021bia permanent\u0103 care va fi \u00a0realizat\u0103 \u00eencep\u00e2nd\u2026","rel":"","context":"In &quot;actualitati&quot;","block_context":{"text":"actualitati","link":"https:\/\/muzeusm.ro\/hu\/category\/actualitati\/"},"img":{"alt_text":"","src":"https:\/\/i0.wp.com\/www.muzeusm.ro\/wp-content\/uploads\/2022\/01\/vr-la-muzeu-01-212x300.png?resize=350%2C200","width":350,"height":200},"classes":[]},{"id":4876,"url":"https:\/\/muzeusm.ro\/hu\/expozitie-mostenirea-istorica-si-culturala-a-germanilor-din-romania-muzeul-national-de-istorie-a-romaniei\/","url_meta":{"origin":1835,"position":2},"title":"Expozi\u0163ie &#8220;Mo\u015ftenirea istoric\u0103 \u015fi cultural\u0103 a germanilor din Rom\u00e2nia&#8221; &#8211; Muzeul Na\u0163ional de Istorie a Rom\u00e2niei","author":"Popdan Bradut","date":"10 June 2019","format":false,"excerpt":"Muzeul Na\u0163ional de Istorie a Rom\u00e2niei (MNIR) v\u0103 invit\u0103 miercuri, 12 iunie 2019, \u00eencep\u00e2nd cu ora 17:00, la deschiderea expozi\u021biei temporare \u201eO experien\u021b\u0103 european\u0103. Mo\u0219tenirea istoric\u0103 \u0219i cultural\u0103 a germanilor din Rom\u00e2nia\u201d . Evenimentul va avea loc la sediul muzeului din Calea Victoriei, nr. 12, sector 3, Bucure\u0219ti. \u00a0Cu prilejul\u2026","rel":"","context":"In &quot;actualitati&quot;","block_context":{"text":"actualitati","link":"https:\/\/muzeusm.ro\/hu\/category\/actualitati\/"},"img":{"alt_text":"","src":"https:\/\/i0.wp.com\/www.muzeusm.ro\/wp-content\/uploads\/2019\/06\/afis_nou_6-iunie-1-212x300.jpg?resize=350%2C200","width":350,"height":200},"classes":[]},{"id":645,"url":"https:\/\/muzeusm.ro\/hu\/proiecte-europene\/","url_meta":{"origin":1835,"position":3},"title":"Proiecte Europene finalizate &#8211; Eur\u00f3pai projektek &#8211; European Projects","author":"Gordan Csilla","date":"10 January 2012","format":false,"excerpt":"{:ro} Denumire: Reu\u0219im\u00a0 prin COOLtur\u0103 \u2013 Valori europene \u0219i viitor comun ID: HUSKROUA\/1101\/139 Proiect finan\u021bat prin Programul de Cooperare transfrontalier\u0103 HUSKROUA Partener: Muzeul de Arhitectur\u0103 \u0219i Civiliza\u021bie Popular\u0103 a Regiunii Transcarpatia Perioada de desf\u0103\u0219urare: 27.07.2013 \u2013 25.09.2015 Suma finan\u021bat\u0103: 308.655 Euro Rezultate: 1. Cercetare de teren \u0219i cercetarea colec\u021biilor de\u2026","rel":"","context":"In &quot;Proiecte&quot;","block_context":{"text":"Proiecte","link":"https:\/\/muzeusm.ro\/hu\/category\/proiecte\/"},"img":{"alt_text":"","src":"","width":0,"height":0},"classes":[]},{"id":12467,"url":"https:\/\/muzeusm.ro\/hu\/ziua-internationala-a-muzeelor-18-mai\/","url_meta":{"origin":1835,"position":4},"title":"ZIUA INTERNA\u021aIONAL\u0102 A MUZEELOR  &#8211; 18 MAI &#8211;","author":"Popdan Bradut","date":"18 May 2023","format":false,"excerpt":"\u00cencep\u00e2nd din anul 1977 ICOM (Consiliul Interna\u021bional al Muzeelor), organizeaz\u0103 ZIUA INTERNA\u021aIONAL\u0102 A MUZEELOR, obiectivul acestui eveniment fiind acela de a cre\u0219te gradul de con\u0219tientizare cu privire la faptul c\u0103 \u201emuzeele sunt un mijloc important de schimb cultural, de \u00eembog\u0103\u021bire a culturilor \u0219i de dezvoltare a \u00een\u021belegerii reciproce, a cooper\u0103rii\u2026","rel":"","context":"In &quot;actualitati&quot;","block_context":{"text":"actualitati","link":"https:\/\/muzeusm.ro\/hu\/category\/actualitati\/"},"img":{"alt_text":"","src":"https:\/\/i0.wp.com\/www.muzeusm.ro\/wp-content\/uploads\/2023\/05\/1-300x225.jpg?resize=350%2C200","width":350,"height":200},"classes":[]},{"id":11180,"url":"https:\/\/muzeusm.ro\/hu\/deschiderea-expozitiei-jandarmeria-romana-1850-2020-la-muzeul-judetean-satu-mare\/","url_meta":{"origin":1835,"position":5},"title":"Deschiderea expozi\u021biei \u201eJandarmeria Rom\u00e2n\u0103 1850 &#8211; 2020\u201d  la Muzeul Jude\u021bean Satu Mare","author":"Popdan Bradut","date":"4 May 2022","format":false,"excerpt":"Muzeul Na\u021bional de Istorie a Rom\u00e2niei, \u00een parteneriat cu Complexul Na\u021bional Muzeal ASTRA din Sibiu, Inspectoratul General al Jandarmeriei Rom\u00e2ne \u0219i Consiliul Jude\u021bean Satu Mare, anun\u021b\u0103 deschiderea expozi\u021biei itinerante \u201eJandarmeria Rom\u00e2n\u0103 1850 - 2020\u201d la sediul Muzeului Jude\u021bean Satu Mare, situat pe bulevardul Vasile Lucaciu, nr. 21 din municipiul Satu\u2026","rel":"","context":"In &quot;actualitati&quot;","block_context":{"text":"actualitati","link":"https:\/\/muzeusm.ro\/hu\/category\/actualitati\/"},"img":{"alt_text":"","src":"","width":0,"height":0},"classes":[]}],"jetpack_sharing_enabled":true,"jetpack_shortlink":"https:\/\/wp.me\/pfvnyQ-tB","_links":{"self":[{"href":"https:\/\/muzeusm.ro\/hu\/wp-json\/wp\/v2\/posts\/1835","targetHints":{"allow":["GET"]}}],"collection":[{"href":"https:\/\/muzeusm.ro\/hu\/wp-json\/wp\/v2\/posts"}],"about":[{"href":"https:\/\/muzeusm.ro\/hu\/wp-json\/wp\/v2\/types\/post"}],"author":[{"embeddable":true,"href":"https:\/\/muzeusm.ro\/hu\/wp-json\/wp\/v2\/users\/245723486"}],"replies":[{"embeddable":true,"href":"https:\/\/muzeusm.ro\/hu\/wp-json\/wp\/v2\/comments?post=1835"}],"version-history":[{"count":0,"href":"https:\/\/muzeusm.ro\/hu\/wp-json\/wp\/v2\/posts\/1835\/revisions"}],"wp:attachment":[{"href":"https:\/\/muzeusm.ro\/hu\/wp-json\/wp\/v2\/media?parent=1835"}],"wp:term":[{"taxonomy":"category","embeddable":true,"href":"https:\/\/muzeusm.ro\/hu\/wp-json\/wp\/v2\/categories?post=1835"},{"taxonomy":"post_tag","embeddable":true,"href":"https:\/\/muzeusm.ro\/hu\/wp-json\/wp\/v2\/tags?post=1835"}],"curies":[{"name":"wp","href":"https:\/\/api.w.org\/{rel}","templated":true}]}}