{"id":1826,"date":"2016-06-15T11:27:05","date_gmt":"2016-06-15T11:27:05","guid":{"rendered":"http:\/\/www.muzeusm.ro\/?p=1826"},"modified":"2016-06-15T11:27:05","modified_gmt":"2016-06-15T11:27:05","slug":"vernisaj-tinuta-culoare-stil-camasa-taraneasca-de-altadata","status":"publish","type":"post","link":"https:\/\/muzeusm.ro\/hu\/vernisaj-tinuta-culoare-stil-camasa-taraneasca-de-altadata\/","title":{"rendered":"Vernisaj:  \u021ainut\u0103, culoare, stil &#8211; C\u0103ma\u0219a t\u0103r\u0103neasc\u0103 de alt\u0103dat\u0103"},"content":{"rendered":"<p><a href=\"http:\/\/www.muzeusm.ro\/wp-content\/uploads\/2016\/06\/MG_6754.jpg\"><img loading=\"lazy\" decoding=\"async\" data-attachment-id=\"1827\" data-permalink=\"https:\/\/muzeusm.ro\/hu\/_mg_6754\/\" data-orig-file=\"https:\/\/muzeusm.ro\/wp-content\/uploads\/2016\/06\/MG_6754.jpg\" data-orig-size=\"1417,945\" data-comments-opened=\"1\" data-image-meta=\"{&quot;aperture&quot;:&quot;5.6&quot;,&quot;credit&quot;:&quot;&quot;,&quot;camera&quot;:&quot;Canon EOS 500D&quot;,&quot;caption&quot;:&quot;&quot;,&quot;created_timestamp&quot;:&quot;1465993943&quot;,&quot;copyright&quot;:&quot;&quot;,&quot;focal_length&quot;:&quot;18&quot;,&quot;iso&quot;:&quot;1600&quot;,&quot;shutter_speed&quot;:&quot;0.05&quot;,&quot;title&quot;:&quot;&quot;,&quot;orientation&quot;:&quot;1&quot;}\" data-image-title=\"_MG_6754\" data-image-description=\"\" data-image-caption=\"\" data-medium-file=\"https:\/\/muzeusm.ro\/wp-content\/uploads\/2016\/06\/MG_6754-300x200.jpg\" data-large-file=\"https:\/\/muzeusm.ro\/wp-content\/uploads\/2016\/06\/MG_6754-1024x683.jpg\" class=\"size-medium wp-image-1827 alignleft\" alt=\"_MG_6754\" src=\"http:\/\/www.muzeusm.ro\/wp-content\/uploads\/2016\/06\/MG_6754-300x200.jpg\" width=\"300\" height=\"200\" srcset=\"https:\/\/muzeusm.ro\/wp-content\/uploads\/2016\/06\/MG_6754-300x200.jpg 300w, https:\/\/muzeusm.ro\/wp-content\/uploads\/2016\/06\/MG_6754-1024x683.jpg 1024w, https:\/\/muzeusm.ro\/wp-content\/uploads\/2016\/06\/MG_6754-768x512.jpg 768w, https:\/\/muzeusm.ro\/wp-content\/uploads\/2016\/06\/MG_6754.jpg 1417w\" sizes=\"auto, (max-width: 300px) 100vw, 300px\" \/><\/a><\/p>\n<p><a href=\"http:\/\/www.muzeusm.ro\/wp-content\/uploads\/2016\/06\/MG_6759.jpg\"><img loading=\"lazy\" decoding=\"async\" data-attachment-id=\"1828\" data-permalink=\"https:\/\/muzeusm.ro\/hu\/_mg_6759\/\" data-orig-file=\"https:\/\/muzeusm.ro\/wp-content\/uploads\/2016\/06\/MG_6759.jpg\" data-orig-size=\"1417,945\" data-comments-opened=\"1\" data-image-meta=\"{&quot;aperture&quot;:&quot;5.6&quot;,&quot;credit&quot;:&quot;&quot;,&quot;camera&quot;:&quot;Canon EOS 500D&quot;,&quot;caption&quot;:&quot;&quot;,&quot;created_timestamp&quot;:&quot;1465994000&quot;,&quot;copyright&quot;:&quot;&quot;,&quot;focal_length&quot;:&quot;28&quot;,&quot;iso&quot;:&quot;1600&quot;,&quot;shutter_speed&quot;:&quot;0.025&quot;,&quot;title&quot;:&quot;&quot;,&quot;orientation&quot;:&quot;1&quot;}\" data-image-title=\"_MG_6759\" data-image-description=\"\" data-image-caption=\"\" data-medium-file=\"https:\/\/muzeusm.ro\/wp-content\/uploads\/2016\/06\/MG_6759-300x200.jpg\" data-large-file=\"https:\/\/muzeusm.ro\/wp-content\/uploads\/2016\/06\/MG_6759-1024x683.jpg\" class=\"alignright size-medium wp-image-1828\" alt=\"_MG_6759\" src=\"http:\/\/www.muzeusm.ro\/wp-content\/uploads\/2016\/06\/MG_6759-300x200.jpg\" width=\"300\" height=\"200\" srcset=\"https:\/\/muzeusm.ro\/wp-content\/uploads\/2016\/06\/MG_6759-300x200.jpg 300w, https:\/\/muzeusm.ro\/wp-content\/uploads\/2016\/06\/MG_6759-1024x683.jpg 1024w, https:\/\/muzeusm.ro\/wp-content\/uploads\/2016\/06\/MG_6759-768x512.jpg 768w, https:\/\/muzeusm.ro\/wp-content\/uploads\/2016\/06\/MG_6759.jpg 1417w\" sizes=\"auto, (max-width: 300px) 100vw, 300px\" \/><\/a><\/p>\n<p><a href=\"http:\/\/www.muzeusm.ro\/wp-content\/uploads\/2016\/06\/MG_6761.jpg\"><img loading=\"lazy\" decoding=\"async\" data-attachment-id=\"1829\" data-permalink=\"https:\/\/muzeusm.ro\/hu\/_mg_6761\/\" data-orig-file=\"https:\/\/muzeusm.ro\/wp-content\/uploads\/2016\/06\/MG_6761.jpg\" data-orig-size=\"630,945\" data-comments-opened=\"1\" data-image-meta=\"{&quot;aperture&quot;:&quot;5.6&quot;,&quot;credit&quot;:&quot;&quot;,&quot;camera&quot;:&quot;Canon EOS 500D&quot;,&quot;caption&quot;:&quot;&quot;,&quot;created_timestamp&quot;:&quot;1465994306&quot;,&quot;copyright&quot;:&quot;&quot;,&quot;focal_length&quot;:&quot;18&quot;,&quot;iso&quot;:&quot;1600&quot;,&quot;shutter_speed&quot;:&quot;0.05&quot;,&quot;title&quot;:&quot;&quot;,&quot;orientation&quot;:&quot;1&quot;}\" data-image-title=\"_MG_6761\" data-image-description=\"\" data-image-caption=\"\" data-medium-file=\"https:\/\/muzeusm.ro\/wp-content\/uploads\/2016\/06\/MG_6761-200x300.jpg\" data-large-file=\"https:\/\/muzeusm.ro\/wp-content\/uploads\/2016\/06\/MG_6761.jpg\" class=\"alignright size-medium wp-image-1829\" alt=\"_MG_6761\" src=\"http:\/\/www.muzeusm.ro\/wp-content\/uploads\/2016\/06\/MG_6761-200x300.jpg\" width=\"200\" height=\"300\" srcset=\"https:\/\/muzeusm.ro\/wp-content\/uploads\/2016\/06\/MG_6761-200x300.jpg 200w, https:\/\/muzeusm.ro\/wp-content\/uploads\/2016\/06\/MG_6761.jpg 630w\" sizes=\"auto, (max-width: 200px) 100vw, 200px\" \/><\/a><\/p>\n","protected":false},"excerpt":{"rendered":"","protected":false},"author":245723486,"featured_media":0,"comment_status":"open","ping_status":"open","sticky":false,"template":"","format":"standard","meta":{"_coblocks_attr":"","_coblocks_dimensions":"","_coblocks_responsive_height":"","_coblocks_accordion_ie_support":"","advanced_seo_description":"","jetpack_seo_html_title":"","jetpack_seo_noindex":false,"jetpack_post_was_ever_published":false,"_jetpack_newsletter_access":"","_jetpack_dont_email_post_to_subs":false,"_jetpack_newsletter_tier_id":0,"_jetpack_memberships_contains_paywalled_content":false,"_jetpack_memberships_contains_paid_content":false,"footnotes":"","jetpack_publicize_message":"","jetpack_publicize_feature_enabled":true,"jetpack_social_post_already_shared":false,"jetpack_social_options":{"image_generator_settings":{"template":"highway","default_image_id":0,"font":"","enabled":false},"version":2}},"categories":[6498592,6498593],"tags":[],"class_list":["post-1826","post","type-post","status-publish","format-standard","hentry","category-actualitati","category-uncategorized","entry"],"translation":{"provider":"WPGlobus","version":"3.0.1","language":"hu","enabled_languages":["ro","hu","en"],"languages":{"ro":{"title":true,"content":true,"excerpt":false},"hu":{"title":false,"content":false,"excerpt":false},"en":{"title":false,"content":false,"excerpt":false}}},"jetpack_publicize_connections":[],"jetpack_featured_media_url":"","jetpack_likes_enabled":true,"jetpack-related-posts":[{"id":1816,"url":"https:\/\/muzeusm.ro\/hu\/tinuta-culoare-stil-camasa-taraneasca-de-altadata\/","url_meta":{"origin":1826,"position":0},"title":"\u021ainut\u0103, culoare, stil \u2013 C\u0103ma\u0219a \u021b\u0103r\u0103neasc\u0103 de alt\u0103dat\u0103","author":"Dobrescu Adela Catalina","date":"13 June 2016","format":false,"excerpt":"Muzeul Jude\u021bean Satu Mare are deosebita pl\u0103cere de a v\u0103 invita la vernisajul expozi\u021biei \u021ainut\u0103, culoare, stil \u2013 C\u0103ma\u0219a \u021b\u0103r\u0103neasc\u0103 de alt\u0103dat\u0103.Colec\u021biile Cantacuzino \u0219i Br\u0103tianu. ce va avea loc \u00een data de 15 iunie, ora 12, la Muzeul Jude\u021bean Satu Mare, B-dul. Vasile Lucaciu 21, organizat\u0103 \u00een colaborare cu Muzeul\u2026","rel":"","context":"In &quot;actualitati&quot;","block_context":{"text":"actualitati","link":"https:\/\/muzeusm.ro\/hu\/category\/actualitati\/"},"img":{"alt_text":"Afis  port Satu Mare (5)","src":"https:\/\/i0.wp.com\/www.muzeusm.ro\/wp-content\/uploads\/2016\/06\/Afis-port-Satu-Mare-5-209x300.jpg?resize=350%2C200","width":350,"height":200},"classes":[]},{"id":2265,"url":"https:\/\/muzeusm.ro\/hu\/2265-2\/","url_meta":{"origin":1826,"position":1},"title":"C\u0103ma\u0219\u0103 de femeie Prima jum\u0103tate\u2026","author":"Dobrescu Adela Catalina","date":"2 May 2017","format":false,"excerpt":"C\u0103ma\u0219\u0103 de femeie Prima jum\u0103tate a secolului al XX-lea Piesa este parte component\u0103 a cotumului popular din zona de Codru, jud. Satu Mare. Este realizat\u0103 din p\u00e2nz\u0103 \u021besut\u0103 \u00een r\u0103zboi semimecanic, \u00een gospod\u0103ria \u021b\u0103r\u0103neasc\u0103. C\u0103ma\u0219a are m\u00e2neci lungi, despicate la \u00eencheietur\u0103 \u0219i prev\u0103zute cu\u00a0 \u0219nur. Despic\u0103tura m\u00e2necii \u0219i m\u00e2neca sunt\u2026","rel":"","context":"In &quot;obiectul_lunii&quot;","block_context":{"text":"obiectul_lunii","link":"https:\/\/muzeusm.ro\/hu\/category\/obiectul_lunii\/"},"img":{"alt_text":"","src":"https:\/\/i0.wp.com\/muzeusm.ro\/wp-content\/uploads\/2017\/05\/IMG_0038.jpg?resize=350%2C200&ssl=1","width":350,"height":200,"srcset":"https:\/\/i0.wp.com\/muzeusm.ro\/wp-content\/uploads\/2017\/05\/IMG_0038.jpg?resize=350%2C200&ssl=1 1x, https:\/\/i0.wp.com\/muzeusm.ro\/wp-content\/uploads\/2017\/05\/IMG_0038.jpg?resize=525%2C300&ssl=1 1.5x, https:\/\/i0.wp.com\/muzeusm.ro\/wp-content\/uploads\/2017\/05\/IMG_0038.jpg?resize=700%2C400&ssl=1 2x"},"classes":[]},{"id":5080,"url":"https:\/\/muzeusm.ro\/hu\/muzeul-etnografic-andrid\/","url_meta":{"origin":1826,"position":2},"title":"Muzeul etnografic Andrid","author":"Andrei Mocan Mihai","date":"14 August 2019","format":false,"excerpt":"Unul dintre elementele etnografice ce marcheaz\u0103 trecutul \u0163inutului din C\u00e2mpia Ierului este arhitectura popular\u0103 tradi\u0163ional\u0103. Fiind o zon\u0103 de c\u00e2mpie ml\u0103\u015ftinoas\u0103 materialele de baz\u0103 ale construc\u0163iilor unei gospod\u0103rii au fost lutul, lemnul \u015fi trestia. Casele \u0163\u0103r\u0103ne\u015fti din secolele XVIII - XIX se construiau cu pere\u0163i din p\u0103m\u00e2nt b\u0103tut cu maiul\u2026","rel":"","context":"In &quot;actualitati&quot;","block_context":{"text":"actualitati","link":"https:\/\/muzeusm.ro\/hu\/category\/actualitati\/"},"img":{"alt_text":"","src":"https:\/\/i0.wp.com\/www.muzeusm.ro\/wp-content\/uploads\/2019\/08\/Andrid-1-300x246.jpg?resize=350%2C200","width":350,"height":200},"classes":[]},{"id":1618,"url":"https:\/\/muzeusm.ro\/hu\/vernisajul-expozitiei-ascensiuni\/","url_meta":{"origin":1826,"position":3},"title":"Vernisajul  expozi\u021biei  \u201eAscensiuni\u201d","author":"Dobrescu Adela Catalina","date":"16 March 2016","format":false,"excerpt":"","rel":"","context":"In &quot;actualitati&quot;","block_context":{"text":"actualitati","link":"https:\/\/muzeusm.ro\/hu\/category\/actualitati\/"},"img":{"alt_text":"_MG_5599","src":"https:\/\/i0.wp.com\/www.muzeusm.ro\/wp-content\/uploads\/2016\/03\/MG_5599-300x200.jpg?resize=350%2C200","width":350,"height":200},"classes":[]},{"id":1721,"url":"https:\/\/muzeusm.ro\/hu\/vernisaj-expo-atelier\/","url_meta":{"origin":1826,"position":4},"title":"Vernisaj Expo Atelier","author":"Dobrescu Adela Catalina","date":"17 May 2016","format":false,"excerpt":"","rel":"","context":"In &quot;actualitati&quot;","block_context":{"text":"actualitati","link":"https:\/\/muzeusm.ro\/hu\/category\/actualitati\/"},"img":{"alt_text":"_MG_6056","src":"https:\/\/i0.wp.com\/www.muzeusm.ro\/wp-content\/uploads\/2016\/05\/MG_6056-200x300.jpg?resize=350%2C200","width":350,"height":200},"classes":[]},{"id":1735,"url":"https:\/\/muzeusm.ro\/hu\/vernisaj-micul-print\/","url_meta":{"origin":1826,"position":5},"title":"Vernisaj Micul Prin\u021b","author":"Dobrescu Adela Catalina","date":"17 May 2016","format":false,"excerpt":"","rel":"","context":"In &quot;actualitati&quot;","block_context":{"text":"actualitati","link":"https:\/\/muzeusm.ro\/hu\/category\/actualitati\/"},"img":{"alt_text":"_MG_6272","src":"https:\/\/i0.wp.com\/www.muzeusm.ro\/wp-content\/uploads\/2016\/05\/MG_6272-196x300.jpg?resize=350%2C200","width":350,"height":200},"classes":[]}],"jetpack_sharing_enabled":true,"jetpack_shortlink":"https:\/\/wp.me\/pfvnyQ-ts","_links":{"self":[{"href":"https:\/\/muzeusm.ro\/hu\/wp-json\/wp\/v2\/posts\/1826","targetHints":{"allow":["GET"]}}],"collection":[{"href":"https:\/\/muzeusm.ro\/hu\/wp-json\/wp\/v2\/posts"}],"about":[{"href":"https:\/\/muzeusm.ro\/hu\/wp-json\/wp\/v2\/types\/post"}],"author":[{"embeddable":true,"href":"https:\/\/muzeusm.ro\/hu\/wp-json\/wp\/v2\/users\/245723486"}],"replies":[{"embeddable":true,"href":"https:\/\/muzeusm.ro\/hu\/wp-json\/wp\/v2\/comments?post=1826"}],"version-history":[{"count":0,"href":"https:\/\/muzeusm.ro\/hu\/wp-json\/wp\/v2\/posts\/1826\/revisions"}],"wp:attachment":[{"href":"https:\/\/muzeusm.ro\/hu\/wp-json\/wp\/v2\/media?parent=1826"}],"wp:term":[{"taxonomy":"category","embeddable":true,"href":"https:\/\/muzeusm.ro\/hu\/wp-json\/wp\/v2\/categories?post=1826"},{"taxonomy":"post_tag","embeddable":true,"href":"https:\/\/muzeusm.ro\/hu\/wp-json\/wp\/v2\/tags?post=1826"}],"curies":[{"name":"wp","href":"https:\/\/api.w.org\/{rel}","templated":true}]}}