{"id":1735,"date":"2016-05-17T06:46:11","date_gmt":"2016-05-17T06:46:11","guid":{"rendered":"http:\/\/www.muzeusm.ro\/?p=1735"},"modified":"2016-05-17T06:46:11","modified_gmt":"2016-05-17T06:46:11","slug":"vernisaj-micul-print","status":"publish","type":"post","link":"https:\/\/muzeusm.ro\/hu\/vernisaj-micul-print\/","title":{"rendered":"Vernisaj Micul Prin\u021b"},"content":{"rendered":"<p><a href=\"http:\/\/www.muzeusm.ro\/wp-content\/uploads\/2016\/05\/MG_6272.jpg\"><img loading=\"lazy\" decoding=\"async\" data-attachment-id=\"1736\" data-permalink=\"https:\/\/muzeusm.ro\/hu\/_mg_6272\/\" data-orig-file=\"https:\/\/muzeusm.ro\/wp-content\/uploads\/2016\/05\/MG_6272.jpg\" data-orig-size=\"619,945\" data-comments-opened=\"1\" data-image-meta=\"{&quot;aperture&quot;:&quot;5.6&quot;,&quot;credit&quot;:&quot;&quot;,&quot;camera&quot;:&quot;Canon EOS 500D&quot;,&quot;caption&quot;:&quot;&quot;,&quot;created_timestamp&quot;:&quot;1463242881&quot;,&quot;copyright&quot;:&quot;&quot;,&quot;focal_length&quot;:&quot;31&quot;,&quot;iso&quot;:&quot;1600&quot;,&quot;shutter_speed&quot;:&quot;0.02&quot;,&quot;title&quot;:&quot;&quot;,&quot;orientation&quot;:&quot;1&quot;}\" data-image-title=\"_MG_6272\" data-image-description=\"\" data-image-caption=\"\" data-medium-file=\"https:\/\/muzeusm.ro\/wp-content\/uploads\/2016\/05\/MG_6272-197x300.jpg\" data-large-file=\"https:\/\/muzeusm.ro\/wp-content\/uploads\/2016\/05\/MG_6272.jpg\" class=\"size-medium wp-image-1736 alignleft\" alt=\"_MG_6272\" src=\"http:\/\/www.muzeusm.ro\/wp-content\/uploads\/2016\/05\/MG_6272-196x300.jpg\" width=\"196\" height=\"300\" \/><\/a><\/p>\n<p><a href=\"http:\/\/www.muzeusm.ro\/wp-content\/uploads\/2016\/05\/MG_6279.jpg\"><img loading=\"lazy\" decoding=\"async\" data-attachment-id=\"1737\" data-permalink=\"https:\/\/muzeusm.ro\/hu\/_mg_6279\/\" data-orig-file=\"https:\/\/muzeusm.ro\/wp-content\/uploads\/2016\/05\/MG_6279.jpg\" data-orig-size=\"630,945\" data-comments-opened=\"1\" data-image-meta=\"{&quot;aperture&quot;:&quot;5.6&quot;,&quot;credit&quot;:&quot;&quot;,&quot;camera&quot;:&quot;Canon EOS 500D&quot;,&quot;caption&quot;:&quot;&quot;,&quot;created_timestamp&quot;:&quot;1463243112&quot;,&quot;copyright&quot;:&quot;&quot;,&quot;focal_length&quot;:&quot;18&quot;,&quot;iso&quot;:&quot;800&quot;,&quot;shutter_speed&quot;:&quot;0.033333333333333&quot;,&quot;title&quot;:&quot;&quot;,&quot;orientation&quot;:&quot;1&quot;}\" data-image-title=\"_MG_6279\" data-image-description=\"\" data-image-caption=\"\" data-medium-file=\"https:\/\/muzeusm.ro\/wp-content\/uploads\/2016\/05\/MG_6279-200x300.jpg\" data-large-file=\"https:\/\/muzeusm.ro\/wp-content\/uploads\/2016\/05\/MG_6279.jpg\" class=\"size-medium wp-image-1737 alignleft\" alt=\"_MG_6279\" src=\"http:\/\/www.muzeusm.ro\/wp-content\/uploads\/2016\/05\/MG_6279-200x300.jpg\" width=\"200\" height=\"300\" srcset=\"https:\/\/muzeusm.ro\/wp-content\/uploads\/2016\/05\/MG_6279-200x300.jpg 200w, https:\/\/muzeusm.ro\/wp-content\/uploads\/2016\/05\/MG_6279.jpg 630w\" sizes=\"auto, (max-width: 200px) 100vw, 200px\" \/><\/a><\/p>\n<p><a href=\"http:\/\/www.muzeusm.ro\/wp-content\/uploads\/2016\/05\/MG_6280.jpg\"><img loading=\"lazy\" decoding=\"async\" data-attachment-id=\"1738\" data-permalink=\"https:\/\/muzeusm.ro\/hu\/_mg_6280\/\" data-orig-file=\"https:\/\/muzeusm.ro\/wp-content\/uploads\/2016\/05\/MG_6280.jpg\" data-orig-size=\"1417,945\" data-comments-opened=\"1\" data-image-meta=\"{&quot;aperture&quot;:&quot;5.6&quot;,&quot;credit&quot;:&quot;&quot;,&quot;camera&quot;:&quot;Canon EOS 500D&quot;,&quot;caption&quot;:&quot;&quot;,&quot;created_timestamp&quot;:&quot;1463243124&quot;,&quot;copyright&quot;:&quot;&quot;,&quot;focal_length&quot;:&quot;18&quot;,&quot;iso&quot;:&quot;800&quot;,&quot;shutter_speed&quot;:&quot;0.033333333333333&quot;,&quot;title&quot;:&quot;&quot;,&quot;orientation&quot;:&quot;1&quot;}\" data-image-title=\"_MG_6280\" data-image-description=\"\" data-image-caption=\"\" data-medium-file=\"https:\/\/muzeusm.ro\/wp-content\/uploads\/2016\/05\/MG_6280-300x200.jpg\" data-large-file=\"https:\/\/muzeusm.ro\/wp-content\/uploads\/2016\/05\/MG_6280-1024x683.jpg\" class=\"alignright size-medium wp-image-1738\" alt=\"_MG_6280\" src=\"http:\/\/www.muzeusm.ro\/wp-content\/uploads\/2016\/05\/MG_6280-300x200.jpg\" width=\"300\" height=\"200\" srcset=\"https:\/\/muzeusm.ro\/wp-content\/uploads\/2016\/05\/MG_6280-300x200.jpg 300w, https:\/\/muzeusm.ro\/wp-content\/uploads\/2016\/05\/MG_6280-1024x683.jpg 1024w, https:\/\/muzeusm.ro\/wp-content\/uploads\/2016\/05\/MG_6280-768x512.jpg 768w, https:\/\/muzeusm.ro\/wp-content\/uploads\/2016\/05\/MG_6280.jpg 1417w\" sizes=\"auto, (max-width: 300px) 100vw, 300px\" \/><\/a><\/p>\n","protected":false},"excerpt":{"rendered":"","protected":false},"author":245723486,"featured_media":0,"comment_status":"open","ping_status":"open","sticky":false,"template":"","format":"standard","meta":{"_coblocks_attr":"","_coblocks_dimensions":"","_coblocks_responsive_height":"","_coblocks_accordion_ie_support":"","advanced_seo_description":"","jetpack_seo_html_title":"","jetpack_seo_noindex":false,"jetpack_post_was_ever_published":false,"_jetpack_newsletter_access":"","_jetpack_dont_email_post_to_subs":false,"_jetpack_newsletter_tier_id":0,"_jetpack_memberships_contains_paywalled_content":false,"_jetpack_memberships_contains_paid_content":false,"footnotes":"","jetpack_publicize_message":"","jetpack_publicize_feature_enabled":true,"jetpack_social_post_already_shared":false,"jetpack_social_options":{"image_generator_settings":{"template":"highway","default_image_id":0,"font":"","enabled":false},"version":2}},"categories":[6498592,6498593],"tags":[],"class_list":["post-1735","post","type-post","status-publish","format-standard","hentry","category-actualitati","category-uncategorized","entry"],"translation":{"provider":"WPGlobus","version":"3.0.1","language":"hu","enabled_languages":["ro","hu","en"],"languages":{"ro":{"title":true,"content":true,"excerpt":false},"hu":{"title":false,"content":false,"excerpt":false},"en":{"title":false,"content":false,"excerpt":false}}},"jetpack_publicize_connections":[],"jetpack_featured_media_url":"","jetpack_likes_enabled":true,"jetpack-related-posts":[{"id":1703,"url":"https:\/\/muzeusm.ro\/hu\/expozitie-happening-micul-print-editia-a-xxi-a\/","url_meta":{"origin":1735,"position":0},"title":"EXPOZI\u021aIE HAPPENING &#8211;  MICUL PRIN\u021a  editia a XXI-a","author":"Dobrescu Adela Catalina","date":"11 May 2016","format":false,"excerpt":"EXPOZI\u021aIE HAPPENING \u00a0 MICUL PRIN\u021a\u00a0 editia a XXI-a V\u0103 invit\u0103m s\u0103 participa\u021bi la unicul eveniment din \u021bar\u0103 ce a\u0219eaz\u0103 pe acelea\u0219i simeze expozan\u021bi de la cea mai fraged\u0103 v\u00e2rst\u0103, copii, elevi, studen\u021bi ai universit\u0103\u021bilor de art\u0103, \u0219i arti\u0219ti plastici profesioni\u0219ti, sub miracolul personajului lui Saint-Exupery, autorul nemuritorului MIC PRIN\u021a. Suntem,\u2026","rel":"","context":"In &quot;actualitati&quot;","block_context":{"text":"actualitati","link":"https:\/\/muzeusm.ro\/hu\/category\/actualitati\/"},"img":{"alt_text":"MICUL PRINT","src":"https:\/\/i0.wp.com\/www.muzeusm.ro\/wp-content\/uploads\/2016\/05\/AFIS-GATA-TIPAR-1-225x300.jpg?resize=350%2C200","width":350,"height":200},"classes":[]},{"id":1842,"url":"https:\/\/muzeusm.ro\/hu\/vernisaj-natura-in-pastel\/","url_meta":{"origin":1735,"position":1},"title":"Vernisaj \u201eNatura \u00een pastel\u201d","author":"Dobrescu Adela Catalina","date":"23 June 2016","format":false,"excerpt":"Muzeul Jude\u021bean Satu Mare, Sec\u021bia Art\u0103 v\u0103 invit\u0103 s\u00e2mb\u0103t\u0103 25 iunie 2016, ora 17:00, la vernisajul expozi\u021biei \u201eNatura \u00een pastel\u201d a artistei MICA SASU. Artista este absolvent\u0103 a Institutului Pedagogic, Facultatea de Art\u0103 Plastic\u0103 Cluj, promo\u021bia 1965 \u0219i a activat ca profesor de desen la \u0218coala General\u0103 nr. 4 Satu\u2026","rel":"","context":"In &quot;actualitati&quot;","block_context":{"text":"actualitati","link":"https:\/\/muzeusm.ro\/hu\/category\/actualitati\/"},"img":{"alt_text":"mamaafis","src":"https:\/\/i0.wp.com\/www.muzeusm.ro\/wp-content\/uploads\/2016\/06\/mamaafis-200x300.jpg?resize=350%2C200","width":350,"height":200},"classes":[]},{"id":4619,"url":"https:\/\/muzeusm.ro\/hu\/vernisaj-micul-print-2\/","url_meta":{"origin":1735,"position":2},"title":"Vernisaj Micul Prin\u0163","author":"Popdan Bradut","date":"15 May 2019","format":false,"excerpt":"","rel":"","context":"In &quot;actualitati&quot;","block_context":{"text":"actualitati","link":"https:\/\/muzeusm.ro\/hu\/category\/actualitati\/"},"img":{"alt_text":"","src":"https:\/\/i0.wp.com\/www.muzeusm.ro\/wp-content\/uploads\/2019\/05\/MG_5237-200x300.jpg?resize=350%2C200","width":350,"height":200},"classes":[]},{"id":7389,"url":"https:\/\/muzeusm.ro\/hu\/expozitie-aniversara-micul-print-xxv\/","url_meta":{"origin":1735,"position":3},"title":"Expozi\u021bie aniversar\u0103  \u201d Micul prin\u021b \u201d XXV","author":"Popdan Bradut","date":"9 July 2020","format":false,"excerpt":"Expozi\u021bia - happening MICUL PRIN\u021a este un eveniment cultural ce reune\u0219te comunitatea artistic\u0103 din jude\u021b, al\u0103turi de al\u021bi arti\u0219ti invita\u021bi. Participarea unor arti\u0219ti care \u00een timp au ajuns s\u0103 vin\u0103 de la distan\u021be din ce \u00een ce mai mari, a \u021besut o re\u021bea cultural\u0103 \u00een jurul S\u0103tmarului. \u00cen plan citadin,\u2026","rel":"","context":"In &quot;actualitati&quot;","block_context":{"text":"actualitati","link":"https:\/\/muzeusm.ro\/hu\/category\/actualitati\/"},"img":{"alt_text":"","src":"https:\/\/i0.wp.com\/www.muzeusm.ro\/wp-content\/uploads\/2020\/07\/30x40-225x300.jpg?resize=350%2C200","width":350,"height":200},"classes":[]},{"id":4596,"url":"https:\/\/muzeusm.ro\/hu\/micul-print-editia-a-xxvi-a\/","url_meta":{"origin":1735,"position":4},"title":"Micul Prin\u0163 edi\u0163ia a XXIV- a","author":"Popdan Bradut","date":"10 May 2019","format":false,"excerpt":"Micul Prin\u0163 Micul Prin\u021b, eveniment-happenig\u00a0 cu caracter interna\u021bional, aflat la a XXIV-a edi\u021bie, \u00a0face parte din expozitiile deja \u00eenscrise\u00a0 ca anuale \u00een programul Sec\u0163iei de Art\u0103 a Muzeului Jude\u0163ean Satu Mare. Este singurul eveninent ce adun\u0103 pe simeze, art\u0103 din toate categoriile \u0219i de toate v\u00e2rstele. De la copii care\u2026","rel":"","context":"In &quot;actualitati&quot;","block_context":{"text":"actualitati","link":"https:\/\/muzeusm.ro\/hu\/category\/actualitati\/"},"img":{"alt_text":"","src":"https:\/\/i0.wp.com\/www.muzeusm.ro\/wp-content\/uploads\/2019\/05\/Micul-Print-214x300.jpg?resize=350%2C200","width":350,"height":200},"classes":[]},{"id":11214,"url":"https:\/\/muzeusm.ro\/hu\/micul-print-2022\/","url_meta":{"origin":1735,"position":5},"title":"Micul Prin\u021b 2022","author":"Popdan Bradut","date":"11 May 2022","format":false,"excerpt":"De-a lungul celor 27 de edi\u021bii, evenimentul interna\u021bional \u201eMicul Prin\u021b\u201d s-a bucurat mereu de participarea arti\u0219tilor de toate v\u00e2rstele, care \u0219i-au g\u0103sit locul pe simezele s\u0103tm\u0103rene. \u00a0\u00a0\u00a0\u00a0\u00a0 Arti\u0219ti consacra\u021bi sau \u00een curs de devenire, studen\u021bi, elevi \u0219i pre\u0219colari \u0219i-au trimis mesajele de prietenie exprimate \u00eentr-o palet\u0103 generoas\u0103 de genuri artistice\u2026","rel":"","context":"In &quot;actualitati&quot;","block_context":{"text":"actualitati","link":"https:\/\/muzeusm.ro\/hu\/category\/actualitati\/"},"img":{"alt_text":"","src":"","width":0,"height":0},"classes":[]}],"jetpack_sharing_enabled":true,"jetpack_shortlink":"https:\/\/wp.me\/pfvnyQ-rZ","_links":{"self":[{"href":"https:\/\/muzeusm.ro\/hu\/wp-json\/wp\/v2\/posts\/1735","targetHints":{"allow":["GET"]}}],"collection":[{"href":"https:\/\/muzeusm.ro\/hu\/wp-json\/wp\/v2\/posts"}],"about":[{"href":"https:\/\/muzeusm.ro\/hu\/wp-json\/wp\/v2\/types\/post"}],"author":[{"embeddable":true,"href":"https:\/\/muzeusm.ro\/hu\/wp-json\/wp\/v2\/users\/245723486"}],"replies":[{"embeddable":true,"href":"https:\/\/muzeusm.ro\/hu\/wp-json\/wp\/v2\/comments?post=1735"}],"version-history":[{"count":0,"href":"https:\/\/muzeusm.ro\/hu\/wp-json\/wp\/v2\/posts\/1735\/revisions"}],"wp:attachment":[{"href":"https:\/\/muzeusm.ro\/hu\/wp-json\/wp\/v2\/media?parent=1735"}],"wp:term":[{"taxonomy":"category","embeddable":true,"href":"https:\/\/muzeusm.ro\/hu\/wp-json\/wp\/v2\/categories?post=1735"},{"taxonomy":"post_tag","embeddable":true,"href":"https:\/\/muzeusm.ro\/hu\/wp-json\/wp\/v2\/tags?post=1735"}],"curies":[{"name":"wp","href":"https:\/\/api.w.org\/{rel}","templated":true}]}}