{"id":1718,"date":"2016-05-16T08:35:06","date_gmt":"2016-05-16T08:35:06","guid":{"rendered":"http:\/\/www.muzeusm.ro\/?p=1718"},"modified":"2016-05-16T08:35:06","modified_gmt":"2016-05-16T08:35:06","slug":"expozitie-de-cactusi","status":"publish","type":"post","link":"https:\/\/muzeusm.ro\/hu\/expozitie-de-cactusi\/","title":{"rendered":"Expozi\u021bie de cactu\u0219i"},"content":{"rendered":"<p><a href=\"http:\/\/www.muzeusm.ro\/wp-content\/uploads\/2016\/05\/afiscactus-2013.jpg\"><img loading=\"lazy\" decoding=\"async\" data-attachment-id=\"1719\" data-permalink=\"https:\/\/muzeusm.ro\/hu\/afiscactus-2013\/\" data-orig-file=\"https:\/\/muzeusm.ro\/wp-content\/uploads\/2016\/05\/afiscactus-2013.jpg\" data-orig-size=\"668,945\" data-comments-opened=\"1\" data-image-meta=\"{&quot;aperture&quot;:&quot;0&quot;,&quot;credit&quot;:&quot;&quot;,&quot;camera&quot;:&quot;&quot;,&quot;caption&quot;:&quot;&quot;,&quot;created_timestamp&quot;:&quot;0&quot;,&quot;copyright&quot;:&quot;&quot;,&quot;focal_length&quot;:&quot;0&quot;,&quot;iso&quot;:&quot;0&quot;,&quot;shutter_speed&quot;:&quot;0&quot;,&quot;title&quot;:&quot;&quot;,&quot;orientation&quot;:&quot;1&quot;}\" data-image-title=\"afiscactus 2013\" data-image-description=\"\" data-image-caption=\"\" data-medium-file=\"https:\/\/muzeusm.ro\/wp-content\/uploads\/2016\/05\/afiscactus-2013-212x300.jpg\" data-large-file=\"https:\/\/muzeusm.ro\/wp-content\/uploads\/2016\/05\/afiscactus-2013.jpg\" class=\"size-medium wp-image-1719 alignleft\" alt=\"afiscactus 2013\" src=\"http:\/\/www.muzeusm.ro\/wp-content\/uploads\/2016\/05\/afiscactus-2013-212x300.jpg\" width=\"212\" height=\"300\" srcset=\"https:\/\/muzeusm.ro\/wp-content\/uploads\/2016\/05\/afiscactus-2013-212x300.jpg 212w, https:\/\/muzeusm.ro\/wp-content\/uploads\/2016\/05\/afiscactus-2013.jpg 668w\" sizes=\"auto, (max-width: 212px) 100vw, 212px\" \/><\/a>Muzeul Jude\u0163ean Satu Mare \u015fi Asocia\u0163ia colec\u0163ionarilor de cactu\u015fi &#8220;AZTEKIUM &#8221; Satu Mare, v\u0103 invit\u0103 s\u0103 vizita\u0163i expozi\u0163ia &#8221; <b>Cactu\u015fi \u015fi plante suculente<\/b> &#8221; care se va desf\u0103\u015fura \u00een perioada 17-22 mai 2016,\u00a0 la sediul muzeului, B-dul Vasile Lucaciu nr 21.<\/p>\n","protected":false},"excerpt":{"rendered":"<p>Muzeul Jude\u0163ean Satu Mare \u015fi Asocia\u0163ia colec\u0163ionarilor de cactu\u015fi &#8220;AZTEKIUM &#8221; Satu Mare, v\u0103 invit\u0103 s\u0103 vizita\u0163i expozi\u0163ia &#8221; Cactu\u015fi \u015fi plante suculente &#8221; care se va desf\u0103\u015fura \u00een perioada 17-22 mai 2016,\u00a0 la sediul muzeului, B-dul Vasile Lucaciu nr 21.<\/p>\n","protected":false},"author":245723486,"featured_media":0,"comment_status":"open","ping_status":"open","sticky":false,"template":"","format":"standard","meta":{"_coblocks_attr":"","_coblocks_dimensions":"","_coblocks_responsive_height":"","_coblocks_accordion_ie_support":"","advanced_seo_description":"","jetpack_seo_html_title":"","jetpack_seo_noindex":false,"jetpack_post_was_ever_published":false,"_jetpack_newsletter_access":"","_jetpack_dont_email_post_to_subs":false,"_jetpack_newsletter_tier_id":0,"_jetpack_memberships_contains_paywalled_content":false,"_jetpack_memberships_contains_paid_content":false,"footnotes":"","jetpack_publicize_message":"","jetpack_publicize_feature_enabled":true,"jetpack_social_post_already_shared":false,"jetpack_social_options":{"image_generator_settings":{"template":"highway","default_image_id":0,"font":"","enabled":false},"version":2}},"categories":[6498592,6498593],"tags":[],"class_list":["post-1718","post","type-post","status-publish","format-standard","hentry","category-actualitati","category-uncategorized","entry"],"translation":{"provider":"WPGlobus","version":"3.0.1","language":"hu","enabled_languages":["ro","hu","en"],"languages":{"ro":{"title":true,"content":true,"excerpt":false},"hu":{"title":false,"content":false,"excerpt":false},"en":{"title":false,"content":false,"excerpt":false}}},"jetpack_publicize_connections":[],"jetpack_featured_media_url":"","jetpack_likes_enabled":true,"jetpack-related-posts":[{"id":3351,"url":"https:\/\/muzeusm.ro\/hu\/expozitia-cactusi-si-plante-suculente\/","url_meta":{"origin":1718,"position":0},"title":"Expozi\u0163ia &#8221; Cactu\u015fi \u015fi plante suculente &#8220;","author":"Dobrescu Adela Catalina","date":"11 May 2018","format":false,"excerpt":"Muzeul Jude\u0163ean Satu Mare \u015fi Asocia\u0163ia colec\u0163ionarilor de cactu\u015fi \"AZTEKIUM \" Satu Mare, v\u0103 invit\u0103 s\u0103 vizita\u0163i expozi\u0163ia \" Cactu\u015fi \u015fi plante suculente \" care se va desf\u0103\u015fura \u00een perioada 15- 20 mai 2018,\u00a0 la sediul muzeului, B-dul Vasile Lucaciu nr 21. Expozi\u0163ia este format\u0103 din peste 300 de cactu\u015fi\u2026","rel":"","context":"In &quot;actualitati&quot;","block_context":{"text":"actualitati","link":"https:\/\/muzeusm.ro\/hu\/category\/actualitati\/"},"img":{"alt_text":"","src":"https:\/\/i0.wp.com\/www.muzeusm.ro\/wp-content\/uploads\/2018\/05\/afiscactusi-2018-212x300.jpg?resize=350%2C200","width":350,"height":200},"classes":[]},{"id":4717,"url":"https:\/\/muzeusm.ro\/hu\/expo-cactusi-plante-suculente-si-ornamentale\/","url_meta":{"origin":1718,"position":1},"title":"Expo &#8220;Cactu\u015fi, plante suculente \u015fi ornamentale&#8221;","author":"Popdan Bradut","date":"20 May 2019","format":false,"excerpt":"Expo \"Cactu\u015fi plante suculente \u015fi ornamentale\" Muzeul Jude\u0163ean Satu Mare \u015fi Asocia\u0163ia colec\u0163ionarilor de cactu\u015fi \"AZTEKIUM \" Satu Mare, v\u0103 invit\u0103 s\u0103 vizita\u0163i expozi\u0163ia \" Cactu\u015fi, plante suculente \u015fi ornamentale \" care se va desf\u0103\u015fura \u00een perioada 21 \u2013 26 mai 2019,\u00a0 la Sec\u0163ia de Art\u0103 a Muzeului Jude\u0163ean Satu\u2026","rel":"","context":"In &quot;actualitati&quot;","block_context":{"text":"actualitati","link":"https:\/\/muzeusm.ro\/hu\/category\/actualitati\/"},"img":{"alt_text":"","src":"https:\/\/i0.wp.com\/www.muzeusm.ro\/wp-content\/uploads\/2019\/05\/afiscactus-2019-212x300.jpg?resize=350%2C200","width":350,"height":200},"classes":[]},{"id":11210,"url":"https:\/\/muzeusm.ro\/hu\/expozitie-de-cactusi-si-plante-suculente\/","url_meta":{"origin":1718,"position":2},"title":"Expozi\u021bie de cactu\u0219i \u0219i plante suculente","author":"Popdan Bradut","date":"10 May 2022","format":false,"excerpt":"\u00centre 11 \u0219i 15 mai 2022\u00a0 Asocia\u021bia Aztekium, \u00een colaborare cu Muzeul Jude\u021bean Satu Mare , organizeaz\u0103 \u00a0\u00een curtea \u00centre\u00a0 Muzeului de Art\u0103 din Satu Mare, Pia\u021ba Libert\u0103\u021bii nr. 21 expozi\u021bia cu v\u00e2nzare \u00a0de cactu\u0219i \u0219i plante suculente. La expozi\u021bie particip\u0103 colec\u021bionari din Satu Mare, Baia Mare, Cehal, Ghenci, \u00a0Sighetul\u2026","rel":"","context":"In &quot;actualitati&quot;","block_context":{"text":"actualitati","link":"https:\/\/muzeusm.ro\/hu\/category\/actualitati\/"},"img":{"alt_text":"","src":"","width":0,"height":0},"classes":[]},{"id":3697,"url":"https:\/\/muzeusm.ro\/hu\/expozitie-cactusi-plante-ornamentale\/","url_meta":{"origin":1718,"position":3},"title":"Expozi\u021bie &#8211; Cactu\u0219i &#038; Plante Ornamentale","author":"norbertlorincz","date":"20 September 2018","format":false,"excerpt":"Muzeul Jude\u0163ean Satu Mare \u015fi Asocia\u0163ia colec\u0163ionarilor de cactu\u015fi \"AZTEKIUM \" Satu Mare, v\u0103 invit\u0103 s\u0103 vizita\u0163i expozi\u0163ia \" Cactu\u015fi \u015fi plante ornamentale \" care se va desf\u0103\u015fura \u00een perioada 20-23 septembrie 2018, \u00een curtea Sec\u0163iei de Art\u0103 a Muzeului Jude\u0163ean Satu Mare - P-\u0163a Libert\u0103\u0163ii nr 21. Expozi\u0163ia este\u2026","rel":"","context":"In &quot;actualitati&quot;","block_context":{"text":"actualitati","link":"https:\/\/muzeusm.ro\/hu\/category\/actualitati\/"},"img":{"alt_text":"","src":"https:\/\/i0.wp.com\/www.muzeusm.ro\/wp-content\/uploads\/2018\/09\/afis-cactusi-2018-arta-212x300.jpg?resize=350%2C200","width":350,"height":200},"classes":[]},{"id":12404,"url":"https:\/\/muzeusm.ro\/hu\/expo-cactusi-2023kaktuszkiatas-2023\/","url_meta":{"origin":1718,"position":4},"title":"EXPO CACTU\u0218I 2023\/KAKTUSZKI\u00c0T\u00c0S 2023","author":"Popdan Bradut","date":"8 May 2023","format":false,"excerpt":"RO: Muzeul Jude\u021bean Satu Mare \u0219i Asocia\u021bia \u201eAztekium\u201d Satu Mare v\u0103 invit\u0103 \u00een perioada 10- 14 mai 2023 la o nou\u0103 edi\u021bie a expozi\u021biei de cactu\u0219i \u0219i plante suculente. Expozi\u021bia din acest an beneficiaz\u0103 de aportul colec\u021bionarilor din Satu Mare, Carei, T\u0103\u0219nad, Timi\u0219oara, Baia Mare \u0219i Seini.\u00cen toat\u0103 aceast\u0103 perioad\u0103\u2026","rel":"","context":"In &quot;actualitati&quot;","block_context":{"text":"actualitati","link":"https:\/\/muzeusm.ro\/hu\/category\/actualitati\/"},"img":{"alt_text":"","src":"","width":0,"height":0},"classes":[]},{"id":2338,"url":"https:\/\/muzeusm.ro\/hu\/noaptea-alba-a-muzeelor\/","url_meta":{"origin":1718,"position":5},"title":"Noaptea alb\u0103 a muzeelor","author":"Dobrescu Adela Catalina","date":"17 May 2017","format":false,"excerpt":"NOAPTEA ALB\u0102 A MUZEELOR 20\/21 mai 2017 Muzeul de Istorie \u2013 B-dul Vasile Lucaciu nr.21 Expozi\u0163ii: Expozi\u0163ia permanent\u0103 de Arheologie \u015fi Etno-Istorie Expozi\u0163ia \u201ePe urmele \u015fvabilor s\u0103tm\u0103reni\u201d. Organizatori: Institutul pentru Rela\u0163ii Externe (ifa), Organiza\u0163ia Tinerilor Germani S\u0103tm\u0103reni \u201dGemeinsam\u201d, Consiliul Jude\u0163ean Satu Mare, Muzeul Jude\u0163ean Satu Mare, Forumul Democrat Satu Mare,\u2026","rel":"","context":"In &quot;actualitati&quot;","block_context":{"text":"actualitati","link":"https:\/\/muzeusm.ro\/hu\/category\/actualitati\/"},"img":{"alt_text":"","src":"https:\/\/i0.wp.com\/www.muzeusm.ro\/wp-content\/uploads\/2017\/05\/afis-2017-mare-214x300.jpg?resize=350%2C200","width":350,"height":200},"classes":[]}],"jetpack_sharing_enabled":true,"jetpack_shortlink":"https:\/\/wp.me\/pfvnyQ-rI","_links":{"self":[{"href":"https:\/\/muzeusm.ro\/hu\/wp-json\/wp\/v2\/posts\/1718","targetHints":{"allow":["GET"]}}],"collection":[{"href":"https:\/\/muzeusm.ro\/hu\/wp-json\/wp\/v2\/posts"}],"about":[{"href":"https:\/\/muzeusm.ro\/hu\/wp-json\/wp\/v2\/types\/post"}],"author":[{"embeddable":true,"href":"https:\/\/muzeusm.ro\/hu\/wp-json\/wp\/v2\/users\/245723486"}],"replies":[{"embeddable":true,"href":"https:\/\/muzeusm.ro\/hu\/wp-json\/wp\/v2\/comments?post=1718"}],"version-history":[{"count":0,"href":"https:\/\/muzeusm.ro\/hu\/wp-json\/wp\/v2\/posts\/1718\/revisions"}],"wp:attachment":[{"href":"https:\/\/muzeusm.ro\/hu\/wp-json\/wp\/v2\/media?parent=1718"}],"wp:term":[{"taxonomy":"category","embeddable":true,"href":"https:\/\/muzeusm.ro\/hu\/wp-json\/wp\/v2\/categories?post=1718"},{"taxonomy":"post_tag","embeddable":true,"href":"https:\/\/muzeusm.ro\/hu\/wp-json\/wp\/v2\/tags?post=1718"}],"curies":[{"name":"wp","href":"https:\/\/api.w.org\/{rel}","templated":true}]}}