{"id":1709,"date":"2016-05-16T07:01:24","date_gmt":"2016-05-16T07:01:24","guid":{"rendered":"http:\/\/www.muzeusm.ro\/?p=1709"},"modified":"2016-05-16T07:01:24","modified_gmt":"2016-05-16T07:01:24","slug":"deschiderea-atelierului-paul-erdos","status":"publish","type":"post","link":"https:\/\/muzeusm.ro\/hu\/deschiderea-atelierului-paul-erdos\/","title":{"rendered":"Deschiderea Atelierului Paul Erd\u0151s"},"content":{"rendered":"<p><a href=\"http:\/\/www.muzeusm.ro\/wp-content\/uploads\/2016\/05\/AFIS-A3..jpg\"><img loading=\"lazy\" decoding=\"async\" data-attachment-id=\"1712\" data-permalink=\"https:\/\/muzeusm.ro\/hu\/afis-a3\/\" data-orig-file=\"https:\/\/muzeusm.ro\/wp-content\/uploads\/2016\/05\/AFIS-A3.jpg\" data-orig-size=\"668,945\" data-comments-opened=\"1\" data-image-meta=\"{&quot;aperture&quot;:&quot;0&quot;,&quot;credit&quot;:&quot;&quot;,&quot;camera&quot;:&quot;&quot;,&quot;caption&quot;:&quot;&quot;,&quot;created_timestamp&quot;:&quot;0&quot;,&quot;copyright&quot;:&quot;&quot;,&quot;focal_length&quot;:&quot;0&quot;,&quot;iso&quot;:&quot;0&quot;,&quot;shutter_speed&quot;:&quot;0&quot;,&quot;title&quot;:&quot;&quot;,&quot;orientation&quot;:&quot;1&quot;}\" data-image-title=\"AFIS A3.\" data-image-description=\"\" data-image-caption=\"\" data-medium-file=\"https:\/\/muzeusm.ro\/wp-content\/uploads\/2016\/05\/AFIS-A3-212x300.jpg\" data-large-file=\"https:\/\/muzeusm.ro\/wp-content\/uploads\/2016\/05\/AFIS-A3.jpg\" class=\"size-medium wp-image-1712 alignleft\" alt=\"AFIS A3.\" src=\"http:\/\/www.muzeusm.ro\/wp-content\/uploads\/2016\/05\/AFIS-A3.-212x300.jpg\" width=\"212\" height=\"300\" \/><\/a><\/p>\n<p>Muzeul Jude\u021bean Satu Mare &#8211; Sec\u021bia Art\u0103, v\u0103 invit\u0103 mar\u021bi 17 mai 2016, ora 13:00, la deschiderea atelierului artistului s\u0103tm\u0103rean PAUL ERD\u0150S, amplasat \u00een Pasaj \u0218tefan Ruha, nr. 8, Satu Mare.<\/p>\n<p>V\u0103 a\u0219tept\u0103m cu drag!<\/p>\n<p>&nbsp;<\/p>\n","protected":false},"excerpt":{"rendered":"<p>Muzeul Jude\u021bean Satu Mare &#8211; Sec\u021bia Art\u0103, v\u0103 invit\u0103 mar\u021bi 17 mai 2016, ora 13:00, la deschiderea atelierului artistului s\u0103tm\u0103rean PAUL ERD\u0150S, amplasat \u00een Pasaj \u0218tefan Ruha, nr. 8, Satu Mare. V\u0103 a\u0219tept\u0103m cu drag! &nbsp;<\/p>\n","protected":false},"author":245723486,"featured_media":0,"comment_status":"open","ping_status":"open","sticky":false,"template":"","format":"standard","meta":{"_coblocks_attr":"","_coblocks_dimensions":"","_coblocks_responsive_height":"","_coblocks_accordion_ie_support":"","advanced_seo_description":"","jetpack_seo_html_title":"","jetpack_seo_noindex":false,"jetpack_post_was_ever_published":false,"_jetpack_newsletter_access":"","_jetpack_dont_email_post_to_subs":false,"_jetpack_newsletter_tier_id":0,"_jetpack_memberships_contains_paywalled_content":false,"_jetpack_memberships_contains_paid_content":false,"footnotes":"","jetpack_publicize_message":"","jetpack_publicize_feature_enabled":true,"jetpack_social_post_already_shared":false,"jetpack_social_options":{"image_generator_settings":{"template":"highway","default_image_id":0,"font":"","enabled":false},"version":2}},"categories":[6498592,6498593],"tags":[],"class_list":["post-1709","post","type-post","status-publish","format-standard","hentry","category-actualitati","category-uncategorized","entry"],"translation":{"provider":"WPGlobus","version":"3.0.1","language":"hu","enabled_languages":["ro","hu","en"],"languages":{"ro":{"title":true,"content":true,"excerpt":false},"hu":{"title":false,"content":false,"excerpt":false},"en":{"title":false,"content":false,"excerpt":false}}},"jetpack_publicize_connections":[],"jetpack_featured_media_url":"","jetpack_likes_enabled":true,"jetpack-related-posts":[{"id":55,"url":"https:\/\/muzeusm.ro\/hu\/atelier-memorial-paul-erdos-satu-mare\/","url_meta":{"origin":1709,"position":0},"title":"Atelier memorial Paul Erd\u0151s \u2013 Satu Mare","author":"Gordan Csilla","date":"12 December 2013","format":false,"excerpt":"{:ro}\u00cen anul 1986 s-a \u00eenfiin\u0163at atelierul-galerie ce g\u0103zduie\u015fte dona\u0163ia graficianului Paul Erd\u0151s (1916-1987), iar \u00een 1996 s-a deschis \u201eAtelierul Memorial Erd\u0151s\u201d, \u00een sediul din Pasajul Dacia nr. 8, prezent\u00e2nd dona\u0163ia \u015fi atelierul de crea\u0163ie a graficianului, spa\u0163iul expozi\u0163ional de aici fiind destinat expozi\u0163iilor temporare. Orar: Atelierul memorial \u201ePaul Erd\u00f6s\u201d\u2013 Pasajul\u2026","rel":"","context":"Similar post","block_context":{"text":"Similar post","link":""},"img":{"alt_text":"erdos1","src":"https:\/\/i0.wp.com\/www.muzeusm.ro\/wp-content\/uploads\/2013\/12\/erdos1-150x150.png?resize=350%2C200","width":350,"height":200},"classes":[]},{"id":1755,"url":"https:\/\/muzeusm.ro\/hu\/deschiderea-atelierului-paul-erdos-2\/","url_meta":{"origin":1709,"position":1},"title":"Deschiderea Atelierului Paul Erd\u0151s","author":"Dobrescu Adela Catalina","date":"17 May 2016","format":false,"excerpt":"","rel":"","context":"In &quot;actualitati&quot;","block_context":{"text":"actualitati","link":"https:\/\/muzeusm.ro\/hu\/category\/actualitati\/"},"img":{"alt_text":"_MG_6349","src":"https:\/\/i0.wp.com\/www.muzeusm.ro\/wp-content\/uploads\/2016\/05\/MG_6349-300x200.jpg?resize=350%2C200","width":350,"height":200},"classes":[]},{"id":7896,"url":"https:\/\/muzeusm.ro\/hu\/paul-erdos-balade-si-poeme-expozitie-de-grafica\/","url_meta":{"origin":1709,"position":2},"title":"Paul Erd\u0151s- \u201ePoeme \u0219i balade\u201d &#8211; expozi\u021bie de grafic\u0103","author":"Popdan Bradut","date":"5 October 2020","format":false,"excerpt":"Muzeul jude\u021bean Satu Mare- Sec\u021bia de Art\u0103, are pl\u0103cerea s\u0103 invite iubitorii de art\u0103 plastic\u0103, la o nou\u0103 expozi\u021bie a maestrului Paul Erd\u0151s, constituit\u0103 din \u00a016 lucr\u0103ri \u00a0de grafic\u0103 din ciclul \u201e Poeme \u0219i balade\u201d. Expozi\u021bia poate fi vizitat\u0103 \u00eencep\u00e2nd cu data de 6 octombrie la Atelierul memorial al artistului,\u2026","rel":"","context":"In &quot;actualitati&quot;","block_context":{"text":"actualitati","link":"https:\/\/muzeusm.ro\/hu\/category\/actualitati\/"},"img":{"alt_text":"","src":"https:\/\/i0.wp.com\/www.muzeusm.ro\/wp-content\/uploads\/2020\/10\/afis-magyar-A3-Erdos-212x300.jpg?resize=350%2C200","width":350,"height":200},"classes":[]},{"id":7286,"url":"https:\/\/muzeusm.ro\/hu\/redeschiderea-pentru-vizitare-a-atelierului-memorial-paul-erdos\/","url_meta":{"origin":1709,"position":3},"title":"Redeschiderea pentru vizitare a Atelierului memorial &#8220;Paul Erd\u0151s &#8220;","author":"Popdan Bradut","date":"26 May 2020","format":false,"excerpt":"\u00a0 \u00a0 Din data de 26 mai 2020, \u00a0se redeschide pentru vizitare Atelierul memorial \u201e Paul Erd\u0151s\u201d (Pasaj \u0218tefan Ruha nr.8).Simezele atelierului g\u0103zduiesc de aceast\u0103 dat\u0103 16 lucr\u0103ri din crea\u021bia graficianului din perioada 1980-1981. Paul Erd\u0151s este una dintre personalit\u0103\u0163ile definitorii ale artei plastice din Rom\u00e2nia secolului XX, lucr\u0103rile sale\u2026","rel":"","context":"In &quot;actualitati&quot;","block_context":{"text":"actualitati","link":"https:\/\/muzeusm.ro\/hu\/category\/actualitati\/"},"img":{"alt_text":"","src":"https:\/\/i0.wp.com\/www.muzeusm.ro\/wp-content\/uploads\/2020\/05\/erdos-300x196.jpg?resize=350%2C200","width":350,"height":200},"classes":[]},{"id":1938,"url":"https:\/\/muzeusm.ro\/hu\/centenar-erdos-i-pal\/","url_meta":{"origin":1709,"position":4},"title":"Centenar ERD\u0150S I. P\u00c1L","author":"Dobrescu Adela Catalina","date":"4 November 2016","format":false,"excerpt":"Muzeul Jude\u021bean Satu Mare Sec\u021bia Art\u0103 va invit\u0103 vineri 11 noiembrie 2016 la ac\u021biunile dedicate \u00eemplinirii a 100 de ani de la na\u0219terea graficianului ERD\u0150S I. P\u00c1L. Artistul s-a n\u0103scut la 2 noiembrie 1916, \u00een comuna Hurezu Mare, jud. S\u0103laj (azi Jud. Satu Mare). Frecventeaz\u0103 gimnaziul la Satu Mare. \u00cen\u2026","rel":"","context":"In &quot;actualitati&quot;","block_context":{"text":"actualitati","link":"https:\/\/muzeusm.ro\/hu\/category\/actualitati\/"},"img":{"alt_text":"Afis_Erdos_Internet","src":"https:\/\/i0.wp.com\/www.muzeusm.ro\/wp-content\/uploads\/2016\/11\/Afis_Erdos_Internet-212x300.gif?resize=350%2C200","width":350,"height":200},"classes":[]},{"id":1932,"url":"https:\/\/muzeusm.ro\/hu\/erdos-i-pal-2-noiembrie-1916-17-noiembrie-1987-elada-ii\/","url_meta":{"origin":1709,"position":5},"title":"Erd\u0151s I. P\u00e1l (2 noiembrie 1916 \u2013 17 noiembrie 1987) ELADA II","author":"Dobrescu Adela Catalina","date":"4 November 2016","format":false,"excerpt":"Erd\u0151s I. P\u00e1l (2 noiembrie 1916 \u2013 17 noiembrie 1987) ELADA II Tu\u0219 \/ h\u00e2rtie, semnat \u0219i datat dreapta jos cu tu\u0219 negru EIP 977 Muzeul Jude\u021bean Satu Mare Sec\u021bia Art\u0103 organizeaz\u0103 \u00een luna noiembrie 2016 centenarul artistului Erd\u0151s I. P\u00e1l. Artistul s-a n\u0103scut la 2 noiembrie \u00een comuna Hurezu\u2026","rel":"","context":"In &quot;obiectul_lunii&quot;","block_context":{"text":"obiectul_lunii","link":"https:\/\/muzeusm.ro\/hu\/category\/obiectul_lunii\/"},"img":{"alt_text":"Elada II (Dacii III)-2","src":"https:\/\/i0.wp.com\/www.muzeusm.ro\/wp-content\/uploads\/2016\/11\/Elada-II-Dacii-III-2-300x216.jpg?resize=350%2C200","width":350,"height":200},"classes":[]}],"jetpack_sharing_enabled":true,"jetpack_shortlink":"https:\/\/wp.me\/pfvnyQ-rz","_links":{"self":[{"href":"https:\/\/muzeusm.ro\/hu\/wp-json\/wp\/v2\/posts\/1709","targetHints":{"allow":["GET"]}}],"collection":[{"href":"https:\/\/muzeusm.ro\/hu\/wp-json\/wp\/v2\/posts"}],"about":[{"href":"https:\/\/muzeusm.ro\/hu\/wp-json\/wp\/v2\/types\/post"}],"author":[{"embeddable":true,"href":"https:\/\/muzeusm.ro\/hu\/wp-json\/wp\/v2\/users\/245723486"}],"replies":[{"embeddable":true,"href":"https:\/\/muzeusm.ro\/hu\/wp-json\/wp\/v2\/comments?post=1709"}],"version-history":[{"count":0,"href":"https:\/\/muzeusm.ro\/hu\/wp-json\/wp\/v2\/posts\/1709\/revisions"}],"wp:attachment":[{"href":"https:\/\/muzeusm.ro\/hu\/wp-json\/wp\/v2\/media?parent=1709"}],"wp:term":[{"taxonomy":"category","embeddable":true,"href":"https:\/\/muzeusm.ro\/hu\/wp-json\/wp\/v2\/categories?post=1709"},{"taxonomy":"post_tag","embeddable":true,"href":"https:\/\/muzeusm.ro\/hu\/wp-json\/wp\/v2\/tags?post=1709"}],"curies":[{"name":"wp","href":"https:\/\/api.w.org\/{rel}","templated":true}]}}