{"id":1703,"date":"2016-05-11T18:45:54","date_gmt":"2016-05-11T18:45:54","guid":{"rendered":"http:\/\/www.muzeusm.ro\/?p=1703"},"modified":"2016-05-11T18:45:54","modified_gmt":"2016-05-11T18:45:54","slug":"expozitie-happening-micul-print-editia-a-xxi-a","status":"publish","type":"post","link":"https:\/\/muzeusm.ro\/hu\/expozitie-happening-micul-print-editia-a-xxi-a\/","title":{"rendered":"EXPOZI\u021aIE HAPPENING &#8211;  MICUL PRIN\u021a  editia a XXI-a"},"content":{"rendered":"<p align=\"center\"><a href=\"http:\/\/www.muzeusm.ro\/wp-content\/uploads\/2016\/05\/AFIS-GATA-TIPAR-1.jpg\"><img loading=\"lazy\" decoding=\"async\" data-attachment-id=\"1706\" data-permalink=\"https:\/\/muzeusm.ro\/hu\/micul-print\/\" data-orig-file=\"https:\/\/muzeusm.ro\/wp-content\/uploads\/2016\/05\/AFIS-GATA-TIPAR-1.jpg\" data-orig-size=\"709,945\" data-comments-opened=\"1\" data-image-meta=\"{&quot;aperture&quot;:&quot;0&quot;,&quot;credit&quot;:&quot;Picasa&quot;,&quot;camera&quot;:&quot;&quot;,&quot;caption&quot;:&quot;MICUL PRINT&quot;,&quot;created_timestamp&quot;:&quot;1461168175&quot;,&quot;copyright&quot;:&quot;&quot;,&quot;focal_length&quot;:&quot;0&quot;,&quot;iso&quot;:&quot;0&quot;,&quot;shutter_speed&quot;:&quot;0&quot;,&quot;title&quot;:&quot;MICUL PRINT&quot;,&quot;orientation&quot;:&quot;1&quot;}\" data-image-title=\"MICUL PRINT\" data-image-description=\"\" data-image-caption=\"\" data-medium-file=\"https:\/\/muzeusm.ro\/wp-content\/uploads\/2016\/05\/AFIS-GATA-TIPAR-1-225x300.jpg\" data-large-file=\"https:\/\/muzeusm.ro\/wp-content\/uploads\/2016\/05\/AFIS-GATA-TIPAR-1.jpg\" class=\"size-medium wp-image-1706 alignleft\" alt=\"MICUL PRINT\" src=\"http:\/\/www.muzeusm.ro\/wp-content\/uploads\/2016\/05\/AFIS-GATA-TIPAR-1-225x300.jpg\" width=\"225\" height=\"300\" srcset=\"https:\/\/muzeusm.ro\/wp-content\/uploads\/2016\/05\/AFIS-GATA-TIPAR-1-225x300.jpg 225w, https:\/\/muzeusm.ro\/wp-content\/uploads\/2016\/05\/AFIS-GATA-TIPAR-1.jpg 709w\" sizes=\"auto, (max-width: 225px) 100vw, 225px\" \/><\/a>EXPOZI\u021aIE HAPPENING<\/p>\n<p align=\"center\"><b>\u00a0 MICUL PRIN<\/b><b>\u021a<\/b><b>\u00a0 editia a XXI-a <\/b><\/p>\n<p align=\"center\">V\u0103 invit\u0103m s\u0103 participa\u021bi la<\/p>\n","protected":false},"excerpt":{"rendered":"<p>EXPOZI\u021aIE HAPPENING \u00a0 MICUL PRIN\u021a\u00a0 editia a XXI-a V\u0103 invit\u0103m s\u0103 participa\u021bi la<\/p>\n","protected":false},"author":245723486,"featured_media":0,"comment_status":"open","ping_status":"open","sticky":false,"template":"","format":"standard","meta":{"_coblocks_attr":"","_coblocks_dimensions":"","_coblocks_responsive_height":"","_coblocks_accordion_ie_support":"","advanced_seo_description":"","jetpack_seo_html_title":"","jetpack_seo_noindex":false,"jetpack_post_was_ever_published":false,"_jetpack_newsletter_access":"","_jetpack_dont_email_post_to_subs":false,"_jetpack_newsletter_tier_id":0,"_jetpack_memberships_contains_paywalled_content":false,"_jetpack_memberships_contains_paid_content":false,"footnotes":"","jetpack_publicize_message":"","jetpack_publicize_feature_enabled":true,"jetpack_social_post_already_shared":false,"jetpack_social_options":{"image_generator_settings":{"template":"highway","default_image_id":0,"font":"","enabled":false},"version":2}},"categories":[6498592,6498593],"tags":[],"class_list":["post-1703","post","type-post","status-publish","format-standard","hentry","category-actualitati","category-uncategorized","entry"],"translation":{"provider":"WPGlobus","version":"3.0.1","language":"hu","enabled_languages":["ro","hu","en"],"languages":{"ro":{"title":true,"content":true,"excerpt":false},"hu":{"title":false,"content":false,"excerpt":false},"en":{"title":false,"content":false,"excerpt":false}}},"jetpack_publicize_connections":[],"jetpack_featured_media_url":"","jetpack_likes_enabled":true,"jetpack-related-posts":[{"id":7389,"url":"https:\/\/muzeusm.ro\/hu\/expozitie-aniversara-micul-print-xxv\/","url_meta":{"origin":1703,"position":0},"title":"Expozi\u021bie aniversar\u0103  \u201d Micul prin\u021b \u201d XXV","author":"Popdan Bradut","date":"9 July 2020","format":false,"excerpt":"Expozi\u021bia - happening MICUL PRIN\u021a este un eveniment cultural ce reune\u0219te comunitatea artistic\u0103 din jude\u021b, al\u0103turi de al\u021bi arti\u0219ti invita\u021bi. Participarea unor arti\u0219ti care \u00een timp au ajuns s\u0103 vin\u0103 de la distan\u021be din ce \u00een ce mai mari, a \u021besut o re\u021bea cultural\u0103 \u00een jurul S\u0103tmarului. \u00cen plan citadin,\u2026","rel":"","context":"In &quot;actualitati&quot;","block_context":{"text":"actualitati","link":"https:\/\/muzeusm.ro\/hu\/category\/actualitati\/"},"img":{"alt_text":"","src":"https:\/\/i0.wp.com\/www.muzeusm.ro\/wp-content\/uploads\/2020\/07\/30x40-225x300.jpg?resize=350%2C200","width":350,"height":200},"classes":[]},{"id":3345,"url":"https:\/\/muzeusm.ro\/hu\/micul-print-editia-a-xxiii-a\/","url_meta":{"origin":1703,"position":1},"title":"MICUL PRIN\u0162 &#8211; edi\u0163ia a XXIII-a","author":"Dobrescu Adela Catalina","date":"10 May 2018","format":false,"excerpt":"MICUL PRIN\u0162 edi\u0163ia a XXIII-a 14 mai \u2013 10 iunie 2018 ... apa se transformase acum cu des\u0103v\u00e2r\u015fire, izvor\u00e2se din umbletul nostru pe sub stele, din c\u00e2ntecul f\u00e2nt\u00e2nii, din efortul bra\u0163elor mele, era o adev\u0103rat\u0103\u00a0 ofrand\u0103 pl\u0103cut\u0103 inimii. Antoine de Saint Exupery ,,O pic\u0103tur\u0103\u201d \u00een f\u00e2nt\u00e2na Micului Prin\u021b\u2026O TAIN\u0102, O\u2026","rel":"","context":"In &quot;actualitati&quot;","block_context":{"text":"actualitati","link":"https:\/\/muzeusm.ro\/hu\/category\/actualitati\/"},"img":{"alt_text":"","src":"https:\/\/i0.wp.com\/www.muzeusm.ro\/wp-content\/uploads\/2018\/05\/31841838_1899751450049767_4221727885876002816_n-212x300.jpg?resize=350%2C200","width":350,"height":200},"classes":[]},{"id":11214,"url":"https:\/\/muzeusm.ro\/hu\/micul-print-2022\/","url_meta":{"origin":1703,"position":2},"title":"Micul Prin\u021b 2022","author":"Popdan Bradut","date":"11 May 2022","format":false,"excerpt":"De-a lungul celor 27 de edi\u021bii, evenimentul interna\u021bional \u201eMicul Prin\u021b\u201d s-a bucurat mereu de participarea arti\u0219tilor de toate v\u00e2rstele, care \u0219i-au g\u0103sit locul pe simezele s\u0103tm\u0103rene. \u00a0\u00a0\u00a0\u00a0\u00a0 Arti\u0219ti consacra\u021bi sau \u00een curs de devenire, studen\u021bi, elevi \u0219i pre\u0219colari \u0219i-au trimis mesajele de prietenie exprimate \u00eentr-o palet\u0103 generoas\u0103 de genuri artistice\u2026","rel":"","context":"In &quot;actualitati&quot;","block_context":{"text":"actualitati","link":"https:\/\/muzeusm.ro\/hu\/category\/actualitati\/"},"img":{"alt_text":"","src":"","width":0,"height":0},"classes":[]},{"id":9710,"url":"https:\/\/muzeusm.ro\/hu\/micul-print-editia-a-xxvi-a-2\/","url_meta":{"origin":1703,"position":3},"title":"MICUL PRIN\u021a- edi\u021bia a XXVI-a","author":"Popdan Bradut","date":"12 May 2021","format":false,"excerpt":"MICUL PRIN\u021a edi\u021bia a XXVI-a, reprezint\u0103 dialogul genera\u021biilor din \u021bar\u0103, dar \u0219i din Ungaria, Germania, Franta, Elve\u021bia. Poposind de 25 de edi\u021bii \u00een Satu Mare, Micul Prin\u021b dore\u0219te s\u0103 aib\u0103 un loc (spa\u021biu, habitat, planet\u0103, gr\u0103din\u0103...) , o hart\u0103, o emblem\u0103 , un steag sau semn heraldic, care s\u0103 \u00eel\u2026","rel":"","context":"In &quot;actualitati&quot;","block_context":{"text":"actualitati","link":"https:\/\/muzeusm.ro\/hu\/category\/actualitati\/"},"img":{"alt_text":"","src":"","width":0,"height":0},"classes":[]},{"id":4596,"url":"https:\/\/muzeusm.ro\/hu\/micul-print-editia-a-xxvi-a\/","url_meta":{"origin":1703,"position":4},"title":"Micul Prin\u0163 edi\u0163ia a XXIV- a","author":"Popdan Bradut","date":"10 May 2019","format":false,"excerpt":"Micul Prin\u0163 Micul Prin\u021b, eveniment-happenig\u00a0 cu caracter interna\u021bional, aflat la a XXIV-a edi\u021bie, \u00a0face parte din expozitiile deja \u00eenscrise\u00a0 ca anuale \u00een programul Sec\u0163iei de Art\u0103 a Muzeului Jude\u0163ean Satu Mare. Este singurul eveninent ce adun\u0103 pe simeze, art\u0103 din toate categoriile \u0219i de toate v\u00e2rstele. De la copii care\u2026","rel":"","context":"In &quot;actualitati&quot;","block_context":{"text":"actualitati","link":"https:\/\/muzeusm.ro\/hu\/category\/actualitati\/"},"img":{"alt_text":"","src":"https:\/\/i0.wp.com\/www.muzeusm.ro\/wp-content\/uploads\/2019\/05\/Micul-Print-214x300.jpg?resize=350%2C200","width":350,"height":200},"classes":[]},{"id":12408,"url":"https:\/\/muzeusm.ro\/hu\/micul-print-editia-a-xxviii-a\/","url_meta":{"origin":1703,"position":5},"title":"MICUL PRIN\u021a edi\u021bia a XXVIII-a","author":"Popdan Bradut","date":"8 May 2023","format":false,"excerpt":"","rel":"","context":"In &quot;actualitati&quot;","block_context":{"text":"actualitati","link":"https:\/\/muzeusm.ro\/hu\/category\/actualitati\/"},"img":{"alt_text":"","src":"","width":0,"height":0},"classes":[]}],"jetpack_sharing_enabled":true,"jetpack_shortlink":"https:\/\/wp.me\/pfvnyQ-rt","_links":{"self":[{"href":"https:\/\/muzeusm.ro\/hu\/wp-json\/wp\/v2\/posts\/1703","targetHints":{"allow":["GET"]}}],"collection":[{"href":"https:\/\/muzeusm.ro\/hu\/wp-json\/wp\/v2\/posts"}],"about":[{"href":"https:\/\/muzeusm.ro\/hu\/wp-json\/wp\/v2\/types\/post"}],"author":[{"embeddable":true,"href":"https:\/\/muzeusm.ro\/hu\/wp-json\/wp\/v2\/users\/245723486"}],"replies":[{"embeddable":true,"href":"https:\/\/muzeusm.ro\/hu\/wp-json\/wp\/v2\/comments?post=1703"}],"version-history":[{"count":0,"href":"https:\/\/muzeusm.ro\/hu\/wp-json\/wp\/v2\/posts\/1703\/revisions"}],"wp:attachment":[{"href":"https:\/\/muzeusm.ro\/hu\/wp-json\/wp\/v2\/media?parent=1703"}],"wp:term":[{"taxonomy":"category","embeddable":true,"href":"https:\/\/muzeusm.ro\/hu\/wp-json\/wp\/v2\/categories?post=1703"},{"taxonomy":"post_tag","embeddable":true,"href":"https:\/\/muzeusm.ro\/hu\/wp-json\/wp\/v2\/tags?post=1703"}],"curies":[{"name":"wp","href":"https:\/\/api.w.org\/{rel}","templated":true}]}}