{"id":1655,"date":"2016-03-30T17:30:34","date_gmt":"2016-03-30T17:30:34","guid":{"rendered":"http:\/\/www.muzeusm.ro\/?p=1655"},"modified":"2016-03-30T17:30:34","modified_gmt":"2016-03-30T17:30:34","slug":"venisajul-expozitiei-jurnal-de-calatorie","status":"publish","type":"post","link":"https:\/\/muzeusm.ro\/hu\/venisajul-expozitiei-jurnal-de-calatorie\/","title":{"rendered":"Venisajul expozi\u021biei \u201eJurnal de c\u0103l\u0103torie\u201d"},"content":{"rendered":"<p><a href=\"http:\/\/www.muzeusm.ro\/wp-content\/uploads\/2016\/03\/MG_5756-1.jpg\"><img loading=\"lazy\" decoding=\"async\" data-attachment-id=\"1656\" data-permalink=\"https:\/\/muzeusm.ro\/hu\/_mg_5756-1\/\" data-orig-file=\"https:\/\/muzeusm.ro\/wp-content\/uploads\/2016\/03\/MG_5756-1.jpg\" data-orig-size=\"1417,945\" data-comments-opened=\"1\" data-image-meta=\"{&quot;aperture&quot;:&quot;5.6&quot;,&quot;credit&quot;:&quot;&quot;,&quot;camera&quot;:&quot;Canon EOS 500D&quot;,&quot;caption&quot;:&quot;&quot;,&quot;created_timestamp&quot;:&quot;1459357953&quot;,&quot;copyright&quot;:&quot;&quot;,&quot;focal_length&quot;:&quot;22&quot;,&quot;iso&quot;:&quot;800&quot;,&quot;shutter_speed&quot;:&quot;0.05&quot;,&quot;title&quot;:&quot;&quot;,&quot;orientation&quot;:&quot;1&quot;}\" data-image-title=\"_MG_5756 (1)\" data-image-description=\"\" data-image-caption=\"\" data-medium-file=\"https:\/\/muzeusm.ro\/wp-content\/uploads\/2016\/03\/MG_5756-1-300x200.jpg\" data-large-file=\"https:\/\/muzeusm.ro\/wp-content\/uploads\/2016\/03\/MG_5756-1-1024x683.jpg\" class=\"size-medium wp-image-1656 alignleft\" alt=\"_MG_5756 (1)\" src=\"http:\/\/www.muzeusm.ro\/wp-content\/uploads\/2016\/03\/MG_5756-1-300x200.jpg\" width=\"300\" height=\"200\" srcset=\"https:\/\/muzeusm.ro\/wp-content\/uploads\/2016\/03\/MG_5756-1-300x200.jpg 300w, https:\/\/muzeusm.ro\/wp-content\/uploads\/2016\/03\/MG_5756-1-1024x683.jpg 1024w, https:\/\/muzeusm.ro\/wp-content\/uploads\/2016\/03\/MG_5756-1-768x512.jpg 768w, https:\/\/muzeusm.ro\/wp-content\/uploads\/2016\/03\/MG_5756-1.jpg 1417w\" sizes=\"auto, (max-width: 300px) 100vw, 300px\" \/><\/a> <a href=\"http:\/\/www.muzeusm.ro\/wp-content\/uploads\/2016\/03\/MG_5770.jpg\"><img loading=\"lazy\" decoding=\"async\" data-attachment-id=\"1657\" data-permalink=\"https:\/\/muzeusm.ro\/hu\/_mg_5770\/\" data-orig-file=\"https:\/\/muzeusm.ro\/wp-content\/uploads\/2016\/03\/MG_5770.jpg\" data-orig-size=\"1417,945\" data-comments-opened=\"1\" data-image-meta=\"{&quot;aperture&quot;:&quot;5.6&quot;,&quot;credit&quot;:&quot;&quot;,&quot;camera&quot;:&quot;Canon EOS 500D&quot;,&quot;caption&quot;:&quot;&quot;,&quot;created_timestamp&quot;:&quot;1459359372&quot;,&quot;copyright&quot;:&quot;&quot;,&quot;focal_length&quot;:&quot;18&quot;,&quot;iso&quot;:&quot;800&quot;,&quot;shutter_speed&quot;:&quot;0.033333333333333&quot;,&quot;title&quot;:&quot;&quot;,&quot;orientation&quot;:&quot;1&quot;}\" data-image-title=\"_MG_5770\" data-image-description=\"\" data-image-caption=\"\" data-medium-file=\"https:\/\/muzeusm.ro\/wp-content\/uploads\/2016\/03\/MG_5770-300x200.jpg\" data-large-file=\"https:\/\/muzeusm.ro\/wp-content\/uploads\/2016\/03\/MG_5770-1024x683.jpg\" class=\"alignright size-medium wp-image-1657\" alt=\"_MG_5770\" src=\"http:\/\/www.muzeusm.ro\/wp-content\/uploads\/2016\/03\/MG_5770-300x200.jpg\" width=\"300\" height=\"200\" srcset=\"https:\/\/muzeusm.ro\/wp-content\/uploads\/2016\/03\/MG_5770-300x200.jpg 300w, https:\/\/muzeusm.ro\/wp-content\/uploads\/2016\/03\/MG_5770-1024x683.jpg 1024w, https:\/\/muzeusm.ro\/wp-content\/uploads\/2016\/03\/MG_5770-768x512.jpg 768w, https:\/\/muzeusm.ro\/wp-content\/uploads\/2016\/03\/MG_5770.jpg 1417w\" sizes=\"auto, (max-width: 300px) 100vw, 300px\" \/><\/a> <a \n\n<\/p>\n","protected":false},"excerpt":{"rendered":"","protected":false},"author":245723486,"featured_media":0,"comment_status":"open","ping_status":"open","sticky":false,"template":"","format":"standard","meta":{"_coblocks_attr":"","_coblocks_dimensions":"","_coblocks_responsive_height":"","_coblocks_accordion_ie_support":"","advanced_seo_description":"","jetpack_seo_html_title":"","jetpack_seo_noindex":false,"jetpack_post_was_ever_published":false,"_jetpack_newsletter_access":"","_jetpack_dont_email_post_to_subs":false,"_jetpack_newsletter_tier_id":0,"_jetpack_memberships_contains_paywalled_content":false,"_jetpack_memberships_contains_paid_content":false,"footnotes":"","jetpack_publicize_message":"","jetpack_publicize_feature_enabled":true,"jetpack_social_post_already_shared":false,"jetpack_social_options":{"image_generator_settings":{"template":"highway","default_image_id":0,"font":"","enabled":false},"version":2}},"categories":[6498592,6498593],"tags":[],"class_list":["post-1655","post","type-post","status-publish","format-standard","hentry","category-actualitati","category-uncategorized","entry"],"translation":{"provider":"WPGlobus","version":"3.0.1","language":"hu","enabled_languages":["ro","hu","en"],"languages":{"ro":{"title":true,"content":true,"excerpt":false},"hu":{"title":false,"content":false,"excerpt":false},"en":{"title":false,"content":false,"excerpt":false}}},"jetpack_publicize_connections":[],"jetpack_featured_media_url":"","jetpack_likes_enabled":true,"jetpack-related-posts":[{"id":1803,"url":"https:\/\/muzeusm.ro\/hu\/vernisaj-in-semn-solar\/","url_meta":{"origin":1655,"position":0},"title":"Vernisaj IN SEMN SOLAR","author":"Dobrescu Adela Catalina","date":"9 June 2016","format":false,"excerpt":"href=\"http:\/\/www.muzeusm.ro\/wp-content\/uploads\/2016\/06\/MG_6640-1.jpg\"","rel":"","context":"In &quot;actualitati&quot;","block_context":{"text":"actualitati","link":"https:\/\/muzeusm.ro\/hu\/category\/actualitati\/"},"img":{"alt_text":"_MG_6619 (1)","src":"https:\/\/i0.wp.com\/www.muzeusm.ro\/wp-content\/uploads\/2016\/06\/MG_6619-1-200x300.jpg?resize=350%2C200","width":350,"height":200},"classes":[]},{"id":1631,"url":"https:\/\/muzeusm.ro\/hu\/venisajul-expozitiei-icoane\/","url_meta":{"origin":1655,"position":1},"title":"Venisajul expozi\u021biei \u201eIcoane\u201d","author":"Dobrescu Adela Catalina","date":"21 March 2016","format":false,"excerpt":"","rel":"","context":"In &quot;actualitati&quot;","block_context":{"text":"actualitati","link":"https:\/\/muzeusm.ro\/hu\/category\/actualitati\/"},"img":{"alt_text":"_MG_5643","src":"https:\/\/i0.wp.com\/www.muzeusm.ro\/wp-content\/uploads\/2016\/03\/MG_5643-300x200.jpg?resize=350%2C200","width":350,"height":200},"classes":[]},{"id":1638,"url":"https:\/\/muzeusm.ro\/hu\/expozitia-jurnal-de-calatorie\/","url_meta":{"origin":1655,"position":2},"title":"Expozi\u021bia \u201eJurnal de c\u0103l\u0103torie&#8230;\u201d","author":"Dobrescu Adela Catalina","date":"23 March 2016","format":false,"excerpt":"Muzeul Jude\u021bean Satu Mare \u2013 Sec\u021bia Art\u0103, P-\u021ba Libert\u0103\u021bii, nr. 21, \u00eempreun\u0103 cu Institutul Polonez Bucure\u0219ti v\u0103 invit\u0103 miercuri 30 martie 2016, ora 17:00, la expozi\u0163ia de art\u0103 din Polonia intitulat\u0103 \u201eJurnal de c\u0103l\u0103torie...\u201d\u00a0semnat\u0103 de arti\u015ftii: Serge VASILENDIUC\u00a0\u015fi\u00a0Mariusz DROHOMIRECKI. Serge Vasilendiuc s-a n\u0103scut \u00een anul 1972 \u00een ora\u015ful B\u0103l\u0163i,Republica Moldova.\u2026","rel":"","context":"In &quot;actualitati&quot;","block_context":{"text":"actualitati","link":"https:\/\/muzeusm.ro\/hu\/category\/actualitati\/"},"img":{"alt_text":"poster_A3","src":"https:\/\/i0.wp.com\/www.muzeusm.ro\/wp-content\/uploads\/2016\/03\/poster_A3-300x209.jpg?resize=350%2C200","width":350,"height":200},"classes":[]},{"id":1526,"url":"https:\/\/muzeusm.ro\/hu\/venisajul-expozitiei-cutia-cu-bomboane\/","url_meta":{"origin":1655,"position":3},"title":"Venisajul expozi\u021biei \u201eCutia cu bomboane\u201d","author":"Dobrescu Adela Catalina","date":"18 February 2016","format":false,"excerpt":"\u00a0 \u00a0 \u00a0","rel":"","context":"In &quot;actualitati&quot;","block_context":{"text":"actualitati","link":"https:\/\/muzeusm.ro\/hu\/category\/actualitati\/"},"img":{"alt_text":"_MG_5237","src":"https:\/\/i0.wp.com\/www.muzeusm.ro\/wp-content\/uploads\/2016\/02\/MG_5237-300x200.jpg?resize=350%2C200","width":350,"height":200},"classes":[]},{"id":1618,"url":"https:\/\/muzeusm.ro\/hu\/vernisajul-expozitiei-ascensiuni\/","url_meta":{"origin":1655,"position":4},"title":"Vernisajul  expozi\u021biei  \u201eAscensiuni\u201d","author":"Dobrescu Adela Catalina","date":"16 March 2016","format":false,"excerpt":"","rel":"","context":"In &quot;actualitati&quot;","block_context":{"text":"actualitati","link":"https:\/\/muzeusm.ro\/hu\/category\/actualitati\/"},"img":{"alt_text":"_MG_5599","src":"https:\/\/i0.wp.com\/www.muzeusm.ro\/wp-content\/uploads\/2016\/03\/MG_5599-300x200.jpg?resize=350%2C200","width":350,"height":200},"classes":[]},{"id":1614,"url":"https:\/\/muzeusm.ro\/hu\/comunicat-de-presa-2\/","url_meta":{"origin":1655,"position":5},"title":"Comunicat de pres\u0103","author":"Dobrescu Adela Catalina","date":"14 March 2016","format":false,"excerpt":"Muzeul Jude\u021bean Satu Mare \u2013 Sec\u021bia Art\u0103 v\u0103 invit\u0103 mar\u021bi 15 martie 2016, ora 17:30, la vernisajul expozi\u0163iei de \u00a0pictur\u0103 \u201eASCENSIUNI\u201d a artistului Dan Ion C\u00eerjoi. Artistul s-a n\u0103scut \u00een anul 1962 la Re\u0219i\u021ba, este membru al Uniunii Arti\u0219tilor Plastici din Rom\u00e2nia \u0219i este profesor de educa\u021bie plastic\u0103 la Liceul\u2026","rel":"","context":"In &quot;actualitati&quot;","block_context":{"text":"actualitati","link":"https:\/\/muzeusm.ro\/hu\/category\/actualitati\/"},"img":{"alt_text":"afis bun","src":"https:\/\/i0.wp.com\/www.muzeusm.ro\/wp-content\/uploads\/2016\/03\/afis-bun-212x300.jpg?resize=350%2C200","width":350,"height":200},"classes":[]}],"jetpack_sharing_enabled":true,"jetpack_shortlink":"https:\/\/wp.me\/pfvnyQ-qH","_links":{"self":[{"href":"https:\/\/muzeusm.ro\/hu\/wp-json\/wp\/v2\/posts\/1655","targetHints":{"allow":["GET"]}}],"collection":[{"href":"https:\/\/muzeusm.ro\/hu\/wp-json\/wp\/v2\/posts"}],"about":[{"href":"https:\/\/muzeusm.ro\/hu\/wp-json\/wp\/v2\/types\/post"}],"author":[{"embeddable":true,"href":"https:\/\/muzeusm.ro\/hu\/wp-json\/wp\/v2\/users\/245723486"}],"replies":[{"embeddable":true,"href":"https:\/\/muzeusm.ro\/hu\/wp-json\/wp\/v2\/comments?post=1655"}],"version-history":[{"count":0,"href":"https:\/\/muzeusm.ro\/hu\/wp-json\/wp\/v2\/posts\/1655\/revisions"}],"wp:attachment":[{"href":"https:\/\/muzeusm.ro\/hu\/wp-json\/wp\/v2\/media?parent=1655"}],"wp:term":[{"taxonomy":"category","embeddable":true,"href":"https:\/\/muzeusm.ro\/hu\/wp-json\/wp\/v2\/categories?post=1655"},{"taxonomy":"post_tag","embeddable":true,"href":"https:\/\/muzeusm.ro\/hu\/wp-json\/wp\/v2\/tags?post=1655"}],"curies":[{"name":"wp","href":"https:\/\/api.w.org\/{rel}","templated":true}]}}