{"id":1638,"date":"2016-03-23T05:38:18","date_gmt":"2016-03-23T05:38:18","guid":{"rendered":"http:\/\/www.muzeusm.ro\/?p=1638"},"modified":"2016-03-23T05:38:18","modified_gmt":"2016-03-23T05:38:18","slug":"expozitia-jurnal-de-calatorie","status":"publish","type":"post","link":"https:\/\/muzeusm.ro\/hu\/expozitia-jurnal-de-calatorie\/","title":{"rendered":"Expozi\u021bia \u201eJurnal de c\u0103l\u0103torie&#8230;\u201d"},"content":{"rendered":"<p><a href=\"http:\/\/www.muzeusm.ro\/wp-content\/uploads\/2016\/03\/poster_A3.jpg\"><img loading=\"lazy\" decoding=\"async\" data-attachment-id=\"1639\" data-permalink=\"https:\/\/muzeusm.ro\/hu\/poster_a3\/\" data-orig-file=\"https:\/\/muzeusm.ro\/wp-content\/uploads\/2016\/03\/poster_A3.jpg\" data-orig-size=\"1356,945\" data-comments-opened=\"1\" data-image-meta=\"{&quot;aperture&quot;:&quot;0&quot;,&quot;credit&quot;:&quot;Administrator&quot;,&quot;camera&quot;:&quot;&quot;,&quot;caption&quot;:&quot;&quot;,&quot;created_timestamp&quot;:&quot;0&quot;,&quot;copyright&quot;:&quot;&quot;,&quot;focal_length&quot;:&quot;0&quot;,&quot;iso&quot;:&quot;0&quot;,&quot;shutter_speed&quot;:&quot;0&quot;,&quot;title&quot;:&quot;poster_A3&quot;,&quot;orientation&quot;:&quot;1&quot;}\" data-image-title=\"poster_A3\" data-image-description=\"\" data-image-caption=\"\" data-medium-file=\"https:\/\/muzeusm.ro\/wp-content\/uploads\/2016\/03\/poster_A3-300x209.jpg\" data-large-file=\"https:\/\/muzeusm.ro\/wp-content\/uploads\/2016\/03\/poster_A3-1024x714.jpg\" class=\"size-medium wp-image-1639 alignleft\" alt=\"poster_A3\" src=\"http:\/\/www.muzeusm.ro\/wp-content\/uploads\/2016\/03\/poster_A3-300x209.jpg\" width=\"300\" height=\"209\" srcset=\"https:\/\/muzeusm.ro\/wp-content\/uploads\/2016\/03\/poster_A3-300x209.jpg 300w, https:\/\/muzeusm.ro\/wp-content\/uploads\/2016\/03\/poster_A3-1024x714.jpg 1024w, https:\/\/muzeusm.ro\/wp-content\/uploads\/2016\/03\/poster_A3-768x535.jpg 768w, https:\/\/muzeusm.ro\/wp-content\/uploads\/2016\/03\/poster_A3.jpg 1356w\" sizes=\"auto, (max-width: 300px) 100vw, 300px\" \/><\/a><\/p>\n<p><b>Muzeul Jude\u021bean Satu Mare \u2013 Sec\u021bia Art\u0103<\/b>, P-\u021ba Libert\u0103\u021bii, nr. 21, \u00eempreun\u0103 cu <b>Institutul Polonez Bucure\u0219ti<\/b> v\u0103 invit\u0103 miercuri 30 martie 2016, ora 17:00, la expozi\u0163ia de art\u0103 din Polonia intitulat\u0103<b> <i>\u201eJurnal de c\u0103l\u0103torie&#8230;\u201d<\/i>\u00a0<\/b>semnat\u0103 de arti\u015ftii: <b>Serge VASILENDIUC\u00a0<\/b>\u015fi<b>\u00a0<\/b><b>Mariusz DROHOMIRECKI.<\/b><\/p>\n","protected":false},"excerpt":{"rendered":"<p>Muzeul Jude\u021bean Satu Mare \u2013 Sec\u021bia Art\u0103, P-\u021ba Libert\u0103\u021bii, nr. 21, \u00eempreun\u0103 cu Institutul Polonez Bucure\u0219ti v\u0103 invit\u0103 miercuri 30 martie 2016, ora 17:00, la expozi\u0163ia de art\u0103 din Polonia intitulat\u0103 \u201eJurnal de c\u0103l\u0103torie&#8230;\u201d\u00a0semnat\u0103 de arti\u015ftii: Serge VASILENDIUC\u00a0\u015fi\u00a0Mariusz DROHOMIRECKI.<\/p>\n","protected":false},"author":245723486,"featured_media":0,"comment_status":"open","ping_status":"open","sticky":false,"template":"","format":"standard","meta":{"_coblocks_attr":"","_coblocks_dimensions":"","_coblocks_responsive_height":"","_coblocks_accordion_ie_support":"","advanced_seo_description":"","jetpack_seo_html_title":"","jetpack_seo_noindex":false,"jetpack_post_was_ever_published":false,"_jetpack_newsletter_access":"","_jetpack_dont_email_post_to_subs":false,"_jetpack_newsletter_tier_id":0,"_jetpack_memberships_contains_paywalled_content":false,"_jetpack_memberships_contains_paid_content":false,"footnotes":"","jetpack_publicize_message":"","jetpack_publicize_feature_enabled":true,"jetpack_social_post_already_shared":false,"jetpack_social_options":{"image_generator_settings":{"template":"highway","default_image_id":0,"font":"","enabled":false},"version":2}},"categories":[6498592,6498593],"tags":[],"class_list":["post-1638","post","type-post","status-publish","format-standard","hentry","category-actualitati","category-uncategorized","entry"],"translation":{"provider":"WPGlobus","version":"3.0.1","language":"hu","enabled_languages":["ro","hu","en"],"languages":{"ro":{"title":true,"content":true,"excerpt":false},"hu":{"title":false,"content":false,"excerpt":false},"en":{"title":false,"content":false,"excerpt":false}}},"jetpack_publicize_connections":[],"jetpack_featured_media_url":"","jetpack_likes_enabled":true,"jetpack-related-posts":[{"id":3384,"url":"https:\/\/muzeusm.ro\/hu\/expozitie-omagiu-mainii\/","url_meta":{"origin":1638,"position":0},"title":"Expozi\u021bie \u201dOmagiu m\u00e2inii\u201d","author":"Dobrescu Adela Catalina","date":"4 June 2018","format":false,"excerpt":"Muzeul Jude\u021bean Satu Mare- Sec\u021bia de Art\u0103, v\u0103 invit\u0103 la vernisajul expozi\u021biei de art\u0103 plastic\u0103 : \u201d Omagiu m\u00e2inii \u201d, semnat\u0103 Greti Adrienne Papiu. Artista se na\u0219te \u00een ora\u0219ul Baia Mare, jude\u021bul Maramure\u0219. Dup\u0103 terminarea studiilor liceale, urmeaz\u0103 cursurile Facult\u0103\u021bii de Arte Plastice din cadrul Universit\u0103\u021bii de Vest din Timi\u0219oara\u2026","rel":"","context":"In &quot;actualitati&quot;","block_context":{"text":"actualitati","link":"https:\/\/muzeusm.ro\/hu\/category\/actualitati\/"},"img":{"alt_text":"","src":"https:\/\/i0.wp.com\/www.muzeusm.ro\/wp-content\/uploads\/2018\/06\/afis-bun-212x300.jpg?resize=350%2C200","width":350,"height":200},"classes":[]},{"id":10832,"url":"https:\/\/muzeusm.ro\/hu\/teodor-radu-pantea-recursul-la-scanner-expozitie-de-fotografie-artistica\/","url_meta":{"origin":1638,"position":1},"title":"Teodor Radu Pantea &#8211; ,,Recursul la Scanner\u201d Expozi\u021bie de fotografie artistic\u0103","author":"Popdan Bradut","date":"14 February 2022","format":false,"excerpt":"Artist plastic membru UAPR filiala Oradea, lector univ.dr \u00een cadrul Universit\u0103\u021bii din Oradea, Facultatea de Arte Vizuale, lector la disciplina ,,Foto Art\u201d \u0219i \u201eFotojurnalism\u201d \u00een cadrul Facult\u0103\u021bii de Istorie \u0219i Geografie, Rela\u021bii Interna\u021bionale, \u0218tiin\u021be Politice \u0219i \u0218tiin\u021bele Comunic\u0103rii, de unde a ie\u0219it la pensie, activ fiind , doar la Facultatea\u2026","rel":"","context":"In &quot;actualitati&quot;","block_context":{"text":"actualitati","link":"https:\/\/muzeusm.ro\/hu\/category\/actualitati\/"},"img":{"alt_text":"","src":"","width":0,"height":0},"classes":[]},{"id":3460,"url":"https:\/\/muzeusm.ro\/hu\/expozitia-intre-sacru-si-profan-interferente\/","url_meta":{"origin":1638,"position":2},"title":"Expozi\u0163ia \u201d \u00centre sacru \u0219i profan &#8211; Interferen\u021be \u201d","author":"Dobrescu Adela Catalina","date":"13 June 2018","format":false,"excerpt":"Muzeul Jude\u021bean Satu Mare-Sec\u021bia de Art\u0103, v\u0103 invit\u0103 s\u0103 participa\u021bi la vernisajul expozi\u021biei de pictur\u0103 : \u201d \u00centre sacru \u0219i profan - Interferen\u021be \u201d, semnat\u0103 Nicolae Ca\u021bavei. Artistul s-a n\u0103scut \u00een anul 1946 la F\u0103g\u0103ra\u0219, jude\u021bul Bra\u0219ov.\u00cen anul 1984 absolv\u0103 Facultatea de Electromecanic\u0103 din cadrul Universit\u0103\u021bii de Nord din Baia\u2026","rel":"","context":"In &quot;actualitati&quot;","block_context":{"text":"actualitati","link":"https:\/\/muzeusm.ro\/hu\/category\/actualitati\/"},"img":{"alt_text":"","src":"https:\/\/i0.wp.com\/www.muzeusm.ro\/wp-content\/uploads\/2018\/06\/Montaj-poster-Satu-Mare-baza-definitiv-212x300.jpg?resize=350%2C200","width":350,"height":200},"classes":[]},{"id":17217,"url":"https:\/\/muzeusm.ro\/hu\/vernisaj-expozitie-anuala-uapr-satu-mare-2026\/","url_meta":{"origin":1638,"position":3},"title":"Vernisaj expozi\u021bie: Anuala UAPR Satu Mare 2026","author":"Kov\u00e1cs Zsolt","date":"20 January 2026","format":false,"excerpt":"Uniunea Arti\u0219tilor Plastici din Rom\u00e2nia (UAPR) - Filiala Satu Mare, \u00eencolaborare cu Muzeul de Art\u0103 Satu Mare v\u0103 invit\u0103 cu drag s\u0103 lua\u021bi parte lavernisajul expozi\u021biei Anuala UAPR Filiala Satu Mare care va avea loc \u00een s\u0103lilepentru expozi\u021bii temporare ale Muzeului de Art\u0103, vineri 23 ianuarie 2026, ora 17.Expun membri\u2026","rel":"","context":"In &quot;Evenimente&quot;","block_context":{"text":"Evenimente","link":"https:\/\/muzeusm.ro\/hu\/category\/evenimente\/"},"img":{"alt_text":"","src":"https:\/\/i0.wp.com\/muzeusm.ro\/wp-content\/uploads\/2026\/01\/Afis-UAPR-1.jpeg?resize=350%2C200&ssl=1","width":350,"height":200,"srcset":"https:\/\/i0.wp.com\/muzeusm.ro\/wp-content\/uploads\/2026\/01\/Afis-UAPR-1.jpeg?resize=350%2C200&ssl=1 1x, https:\/\/i0.wp.com\/muzeusm.ro\/wp-content\/uploads\/2026\/01\/Afis-UAPR-1.jpeg?resize=525%2C300&ssl=1 1.5x, https:\/\/i0.wp.com\/muzeusm.ro\/wp-content\/uploads\/2026\/01\/Afis-UAPR-1.jpeg?resize=700%2C400&ssl=1 2x, https:\/\/i0.wp.com\/muzeusm.ro\/wp-content\/uploads\/2026\/01\/Afis-UAPR-1.jpeg?resize=1050%2C600&ssl=1 3x"},"classes":[]},{"id":12264,"url":"https:\/\/muzeusm.ro\/hu\/expozitie-de-arta-plastica-dincolo-de-timp-cristian-rudareanu\/","url_meta":{"origin":1638,"position":4},"title":"Expozi\u021bie de art\u0103 plastic\u0103 \u201eDincolo de timp\u201d &#8211; Cristian Rud\u0103reanu","author":"Popdan Bradut","date":"20 March 2023","format":false,"excerpt":"Mar\u021bi, 21 martie, \u00eencep\u00e2nd cu \u00a0ora 17, MUZEUL JUDE\u021aEAN SATU MARE \u2013 SEC\u021aIA DE ART\u0102, v\u0103 invit\u0103 \u201dDINCOLO DE TIMP\u201d,\u00a0 o c\u0103l\u0103torie artistic\u0103 plin\u0103 de mister \u0219i sensibilitate, oferit\u0103 de CRISTIAN RUD\u0102REANU, regizor tehnic la Teatrul de Nord din Satu Mare. CRISTIAN RUD\u0102REANU este un artist polivalent, pictor, sculptor, grafician,\u2026","rel":"","context":"In &quot;actualitati&quot;","block_context":{"text":"actualitati","link":"https:\/\/muzeusm.ro\/hu\/category\/actualitati\/"},"img":{"alt_text":"","src":"","width":0,"height":0},"classes":[]},{"id":13020,"url":"https:\/\/muzeusm.ro\/hu\/semn-insemnat-in-semnnat-semn-in-semn-insemnat-editie-aniversara\/","url_meta":{"origin":1638,"position":5},"title":"\u201eSEMN \u00ceNSEMNAT &#8211; \u00ceNSEMNAT SEMN &#8211; \u00ceN SEMN \u00ceNSEMNAT\u201d &#8211; Edi\u021bie aniversar\u0103","author":"Popdan Bradut","date":"17 October 2023","format":false,"excerpt":"La ceas aniversar, \u00een cel de-al zecelea SEMN, \u00eencunun\u00e2nd decalogul edi\u021biilor, cu SEMNE - dar, \u00ceNSEMNATE, ale arti\u0219tilor plastici, care stau m\u0103rturie unor momente, locuri, amintiri, oameni \u00ceN SEMN \u00ceNSEMAT al pre\u021buirii evenimentului. Expozi\u021bia, a\u0219eaz\u0103 pe simezele gazd\u0103 ale Muzeului de Art\u0103 Satu Mare aproximativ 150 de crea\u021bii, lucr\u0103ri ale\u2026","rel":"","context":"In &quot;actualitati&quot;","block_context":{"text":"actualitati","link":"https:\/\/muzeusm.ro\/hu\/category\/actualitati\/"},"img":{"alt_text":"","src":"","width":0,"height":0},"classes":[]}],"jetpack_sharing_enabled":true,"jetpack_shortlink":"https:\/\/wp.me\/pfvnyQ-qq","_links":{"self":[{"href":"https:\/\/muzeusm.ro\/hu\/wp-json\/wp\/v2\/posts\/1638","targetHints":{"allow":["GET"]}}],"collection":[{"href":"https:\/\/muzeusm.ro\/hu\/wp-json\/wp\/v2\/posts"}],"about":[{"href":"https:\/\/muzeusm.ro\/hu\/wp-json\/wp\/v2\/types\/post"}],"author":[{"embeddable":true,"href":"https:\/\/muzeusm.ro\/hu\/wp-json\/wp\/v2\/users\/245723486"}],"replies":[{"embeddable":true,"href":"https:\/\/muzeusm.ro\/hu\/wp-json\/wp\/v2\/comments?post=1638"}],"version-history":[{"count":0,"href":"https:\/\/muzeusm.ro\/hu\/wp-json\/wp\/v2\/posts\/1638\/revisions"}],"wp:attachment":[{"href":"https:\/\/muzeusm.ro\/hu\/wp-json\/wp\/v2\/media?parent=1638"}],"wp:term":[{"taxonomy":"category","embeddable":true,"href":"https:\/\/muzeusm.ro\/hu\/wp-json\/wp\/v2\/categories?post=1638"},{"taxonomy":"post_tag","embeddable":true,"href":"https:\/\/muzeusm.ro\/hu\/wp-json\/wp\/v2\/tags?post=1638"}],"curies":[{"name":"wp","href":"https:\/\/api.w.org\/{rel}","templated":true}]}}