{"id":1618,"date":"2016-03-16T11:32:39","date_gmt":"2016-03-16T11:32:39","guid":{"rendered":"http:\/\/www.muzeusm.ro\/?p=1618"},"modified":"2016-03-16T11:32:39","modified_gmt":"2016-03-16T11:32:39","slug":"vernisajul-expozitiei-ascensiuni","status":"publish","type":"post","link":"https:\/\/muzeusm.ro\/hu\/vernisajul-expozitiei-ascensiuni\/","title":{"rendered":"Vernisajul  expozi\u021biei  \u201eAscensiuni\u201d"},"content":{"rendered":"<p><a href=\"http:\/\/www.muzeusm.ro\/wp-content\/uploads\/2016\/03\/MG_5599.jpg\"><img loading=\"lazy\" decoding=\"async\" data-attachment-id=\"1619\" data-permalink=\"https:\/\/muzeusm.ro\/hu\/_mg_5599\/\" data-orig-file=\"https:\/\/muzeusm.ro\/wp-content\/uploads\/2016\/03\/MG_5599.jpg\" data-orig-size=\"1417,945\" data-comments-opened=\"1\" data-image-meta=\"{&quot;aperture&quot;:&quot;8&quot;,&quot;credit&quot;:&quot;&quot;,&quot;camera&quot;:&quot;Canon EOS 500D&quot;,&quot;caption&quot;:&quot;&quot;,&quot;created_timestamp&quot;:&quot;1458069009&quot;,&quot;copyright&quot;:&quot;&quot;,&quot;focal_length&quot;:&quot;18&quot;,&quot;iso&quot;:&quot;800&quot;,&quot;shutter_speed&quot;:&quot;0.066666666666667&quot;,&quot;title&quot;:&quot;&quot;,&quot;orientation&quot;:&quot;1&quot;}\" data-image-title=\"_MG_5599\" data-image-description=\"\" data-image-caption=\"\" data-medium-file=\"https:\/\/muzeusm.ro\/wp-content\/uploads\/2016\/03\/MG_5599-300x200.jpg\" data-large-file=\"https:\/\/muzeusm.ro\/wp-content\/uploads\/2016\/03\/MG_5599-1024x683.jpg\" class=\"size-medium wp-image-1619 alignleft\" alt=\"_MG_5599\" src=\"http:\/\/www.muzeusm.ro\/wp-content\/uploads\/2016\/03\/MG_5599-300x200.jpg\" width=\"300\" height=\"200\" srcset=\"https:\/\/muzeusm.ro\/wp-content\/uploads\/2016\/03\/MG_5599-300x200.jpg 300w, https:\/\/muzeusm.ro\/wp-content\/uploads\/2016\/03\/MG_5599-1024x683.jpg 1024w, https:\/\/muzeusm.ro\/wp-content\/uploads\/2016\/03\/MG_5599-768x512.jpg 768w, https:\/\/muzeusm.ro\/wp-content\/uploads\/2016\/03\/MG_5599.jpg 1417w\" sizes=\"auto, (max-width: 300px) 100vw, 300px\" \/><\/a><\/p>\n","protected":false},"excerpt":{"rendered":"","protected":false},"author":245723486,"featured_media":0,"comment_status":"open","ping_status":"open","sticky":false,"template":"","format":"standard","meta":{"_coblocks_attr":"","_coblocks_dimensions":"","_coblocks_responsive_height":"","_coblocks_accordion_ie_support":"","advanced_seo_description":"","jetpack_seo_html_title":"","jetpack_seo_noindex":false,"jetpack_post_was_ever_published":false,"_jetpack_newsletter_access":"","_jetpack_dont_email_post_to_subs":false,"_jetpack_newsletter_tier_id":0,"_jetpack_memberships_contains_paywalled_content":false,"_jetpack_memberships_contains_paid_content":false,"footnotes":"","jetpack_publicize_message":"","jetpack_publicize_feature_enabled":true,"jetpack_social_post_already_shared":false,"jetpack_social_options":{"image_generator_settings":{"template":"highway","default_image_id":0,"font":"","enabled":false},"version":2}},"categories":[6498592,6498593],"tags":[],"class_list":["post-1618","post","type-post","status-publish","format-standard","hentry","category-actualitati","category-uncategorized","entry"],"translation":{"provider":"WPGlobus","version":"3.0.1","language":"hu","enabled_languages":["ro","hu","en"],"languages":{"ro":{"title":true,"content":true,"excerpt":false},"hu":{"title":false,"content":false,"excerpt":false},"en":{"title":false,"content":false,"excerpt":false}}},"jetpack_publicize_connections":[],"jetpack_featured_media_url":"","jetpack_likes_enabled":true,"jetpack-related-posts":[{"id":1614,"url":"https:\/\/muzeusm.ro\/hu\/comunicat-de-presa-2\/","url_meta":{"origin":1618,"position":0},"title":"Comunicat de pres\u0103","author":"Dobrescu Adela Catalina","date":"14 March 2016","format":false,"excerpt":"Muzeul Jude\u021bean Satu Mare \u2013 Sec\u021bia Art\u0103 v\u0103 invit\u0103 mar\u021bi 15 martie 2016, ora 17:30, la vernisajul expozi\u0163iei de \u00a0pictur\u0103 \u201eASCENSIUNI\u201d a artistului Dan Ion C\u00eerjoi. Artistul s-a n\u0103scut \u00een anul 1962 la Re\u0219i\u021ba, este membru al Uniunii Arti\u0219tilor Plastici din Rom\u00e2nia \u0219i este profesor de educa\u021bie plastic\u0103 la Liceul\u2026","rel":"","context":"In &quot;actualitati&quot;","block_context":{"text":"actualitati","link":"https:\/\/muzeusm.ro\/hu\/category\/actualitati\/"},"img":{"alt_text":"afis bun","src":"https:\/\/i0.wp.com\/www.muzeusm.ro\/wp-content\/uploads\/2016\/03\/afis-bun-212x300.jpg?resize=350%2C200","width":350,"height":200},"classes":[]},{"id":1686,"url":"https:\/\/muzeusm.ro\/hu\/vernisajul-expozitiei-150-de-ani-de-la-urcarea-pe-tron-a-principelui-carol-de-hohenzollern-singmaringen\/","url_meta":{"origin":1618,"position":1},"title":"Vernisajul expozi\u021biei \u201d150 de ani de la urcarea pe tron a Principelui Carol de Hohenzollern-Singmaringen\u201d","author":"Dobrescu Adela Catalina","date":"10 May 2016","format":false,"excerpt":"","rel":"","context":"In &quot;actualitati&quot;","block_context":{"text":"actualitati","link":"https:\/\/muzeusm.ro\/hu\/category\/actualitati\/"},"img":{"alt_text":"_MG_6032","src":"https:\/\/i0.wp.com\/www.muzeusm.ro\/wp-content\/uploads\/2016\/05\/MG_6032-300x200.jpg?resize=350%2C200","width":350,"height":200},"classes":[]},{"id":1873,"url":"https:\/\/muzeusm.ro\/hu\/vernisajul-expozitiei-memoria-patrimoniului-industrial\/","url_meta":{"origin":1618,"position":2},"title":"Vernisajul expozi\u021biei \u201dMemoria industriei s\u0103tm\u0103rene\u201d","author":"Dobrescu Adela Catalina","date":"26 August 2016","format":false,"excerpt":"Joi, 1 Septembrie 2016 ora 13, la Muzeul Jude\u0163ean Satu Mare, str. Vasile Lucaciu nr. 21, va avea loc expozi\u0163ia \u201cMemoria industriei s\u0103tm\u0103rene\u201d. Expozi\u021bie care va prezenta imagini ale unor \u00eentreprinderi disp\u0103rute, transformate sau retehnologizate, m\u0103rturii a ceea ce a reprezentat industria s\u0103tm\u0103rean\u0103 la sf\u00e2r\u0219itul secolului al XIX-lea \u0219i \u00een\u2026","rel":"","context":"In &quot;actualitati&quot;","block_context":{"text":"actualitati","link":"https:\/\/muzeusm.ro\/hu\/category\/actualitati\/"},"img":{"alt_text":"afis","src":"https:\/\/i0.wp.com\/www.muzeusm.ro\/wp-content\/uploads\/2016\/08\/afis-214x300.jpg?resize=350%2C200","width":350,"height":200},"classes":[]},{"id":1842,"url":"https:\/\/muzeusm.ro\/hu\/vernisaj-natura-in-pastel\/","url_meta":{"origin":1618,"position":3},"title":"Vernisaj \u201eNatura \u00een pastel\u201d","author":"Dobrescu Adela Catalina","date":"23 June 2016","format":false,"excerpt":"Muzeul Jude\u021bean Satu Mare, Sec\u021bia Art\u0103 v\u0103 invit\u0103 s\u00e2mb\u0103t\u0103 25 iunie 2016, ora 17:00, la vernisajul expozi\u021biei \u201eNatura \u00een pastel\u201d a artistei MICA SASU. Artista este absolvent\u0103 a Institutului Pedagogic, Facultatea de Art\u0103 Plastic\u0103 Cluj, promo\u021bia 1965 \u0219i a activat ca profesor de desen la \u0218coala General\u0103 nr. 4 Satu\u2026","rel":"","context":"In &quot;actualitati&quot;","block_context":{"text":"actualitati","link":"https:\/\/muzeusm.ro\/hu\/category\/actualitati\/"},"img":{"alt_text":"mamaafis","src":"https:\/\/i0.wp.com\/www.muzeusm.ro\/wp-content\/uploads\/2016\/06\/mamaafis-200x300.jpg?resize=350%2C200","width":350,"height":200},"classes":[]},{"id":1866,"url":"https:\/\/muzeusm.ro\/hu\/vernisajul-expozitiei-sfintele-icoane\/","url_meta":{"origin":1618,"position":4},"title":"Vernisajul expozi\u021biei \u201dSfintele icoane\u201d","author":"Dobrescu Adela Catalina","date":"10 August 2016","format":false,"excerpt":"\u00a0 Expozi\u021bia de icoane pe sticl\u0103 \u0219i lemn, apar\u021bin\u00e2nd artistului plastic\u00a0Mihail Gagea va fi vernisat\u0103 \u00een data de 16.08.2016, la Sec\u021bia de Art\u0103 a Muzeului Jude\u021bean Satu Mare, Pia\u021ba Libert\u0103\u021bii, 21. Iubitorii de art\u0103, dar \u0219i invita\u021bii vor putea vizita expozi\u021bia, unde artistul plastic sibian\u00a0reuse\u0219te s\u0103 atrag\u0103 aten\u021bia nu at\u00e2t\u2026","rel":"","context":"In &quot;actualitati&quot;","block_context":{"text":"actualitati","link":"https:\/\/muzeusm.ro\/hu\/category\/actualitati\/"},"img":{"alt_text":"Afis fara titlu 3","src":"https:\/\/i0.wp.com\/www.muzeusm.ro\/wp-content\/uploads\/2016\/08\/Afis-fara-titlu-3-212x300.jpg?resize=350%2C200","width":350,"height":200},"classes":[]},{"id":1672,"url":"https:\/\/muzeusm.ro\/hu\/mediatorul-de-valori-ipostazele-lui-muhi-sandor\/","url_meta":{"origin":1618,"position":5},"title":"&#8220;Mediatorul de valori. Ipostazele lui Muhi S\u00e1ndor&#8221;","author":"Dobrescu Adela Catalina","date":"25 April 2016","format":false,"excerpt":"Muzeul jude\u021bean Satu Mare, v\u0103 invit\u0103 s\u0103 participa\u021bi la vernisajul unei expozi\u021bii aparte: \u201eMediatorul de valori. Ipostazele \u00a0lui Muhi S\u00e1ndor\u201d . Expozi\u021bia ofer\u0103 o privire de ansambu asupra activit\u0103\u021bii creatoare a unui cunoscut om de cultur\u0103 s\u0103tm\u0103rean. Muhi este grafician de renume, critic \u0219i istoric de art\u0103, profesor universitar, autor\u2026","rel":"","context":"In &quot;actualitati&quot;","block_context":{"text":"actualitati","link":"https:\/\/muzeusm.ro\/hu\/category\/actualitati\/"},"img":{"alt_text":"afis","src":"https:\/\/i0.wp.com\/www.muzeusm.ro\/wp-content\/uploads\/2016\/04\/afis-214x300.jpg?resize=350%2C200","width":350,"height":200},"classes":[]}],"jetpack_sharing_enabled":true,"jetpack_shortlink":"https:\/\/wp.me\/pfvnyQ-q6","_links":{"self":[{"href":"https:\/\/muzeusm.ro\/hu\/wp-json\/wp\/v2\/posts\/1618","targetHints":{"allow":["GET"]}}],"collection":[{"href":"https:\/\/muzeusm.ro\/hu\/wp-json\/wp\/v2\/posts"}],"about":[{"href":"https:\/\/muzeusm.ro\/hu\/wp-json\/wp\/v2\/types\/post"}],"author":[{"embeddable":true,"href":"https:\/\/muzeusm.ro\/hu\/wp-json\/wp\/v2\/users\/245723486"}],"replies":[{"embeddable":true,"href":"https:\/\/muzeusm.ro\/hu\/wp-json\/wp\/v2\/comments?post=1618"}],"version-history":[{"count":0,"href":"https:\/\/muzeusm.ro\/hu\/wp-json\/wp\/v2\/posts\/1618\/revisions"}],"wp:attachment":[{"href":"https:\/\/muzeusm.ro\/hu\/wp-json\/wp\/v2\/media?parent=1618"}],"wp:term":[{"taxonomy":"category","embeddable":true,"href":"https:\/\/muzeusm.ro\/hu\/wp-json\/wp\/v2\/categories?post=1618"},{"taxonomy":"post_tag","embeddable":true,"href":"https:\/\/muzeusm.ro\/hu\/wp-json\/wp\/v2\/tags?post=1618"}],"curies":[{"name":"wp","href":"https:\/\/api.w.org\/{rel}","templated":true}]}}