{"id":1614,"date":"2016-03-14T05:51:44","date_gmt":"2016-03-14T05:51:44","guid":{"rendered":"http:\/\/www.muzeusm.ro\/?p=1614"},"modified":"2016-03-14T05:51:44","modified_gmt":"2016-03-14T05:51:44","slug":"comunicat-de-presa-2","status":"publish","type":"post","link":"https:\/\/muzeusm.ro\/hu\/comunicat-de-presa-2\/","title":{"rendered":"Comunicat de pres\u0103"},"content":{"rendered":"<p><a href=\"http:\/\/www.muzeusm.ro\/wp-content\/uploads\/2016\/03\/afis-bun.jpg\"><img loading=\"lazy\" decoding=\"async\" data-attachment-id=\"1615\" data-permalink=\"https:\/\/muzeusm.ro\/hu\/afis-bun\/\" data-orig-file=\"https:\/\/muzeusm.ro\/wp-content\/uploads\/2016\/03\/afis-bun.jpg\" data-orig-size=\"669,945\" data-comments-opened=\"1\" data-image-meta=\"{&quot;aperture&quot;:&quot;0&quot;,&quot;credit&quot;:&quot;Picasa&quot;,&quot;camera&quot;:&quot;&quot;,&quot;caption&quot;:&quot;&quot;,&quot;created_timestamp&quot;:&quot;1457023994&quot;,&quot;copyright&quot;:&quot;&quot;,&quot;focal_length&quot;:&quot;0&quot;,&quot;iso&quot;:&quot;0&quot;,&quot;shutter_speed&quot;:&quot;0&quot;,&quot;title&quot;:&quot;&quot;,&quot;orientation&quot;:&quot;1&quot;}\" data-image-title=\"afis bun\" data-image-description=\"\" data-image-caption=\"\" data-medium-file=\"https:\/\/muzeusm.ro\/wp-content\/uploads\/2016\/03\/afis-bun-212x300.jpg\" data-large-file=\"https:\/\/muzeusm.ro\/wp-content\/uploads\/2016\/03\/afis-bun.jpg\" class=\"size-medium wp-image-1615 alignleft\" alt=\"afis bun\" src=\"http:\/\/www.muzeusm.ro\/wp-content\/uploads\/2016\/03\/afis-bun-212x300.jpg\" width=\"212\" height=\"300\" srcset=\"https:\/\/muzeusm.ro\/wp-content\/uploads\/2016\/03\/afis-bun-212x300.jpg 212w, https:\/\/muzeusm.ro\/wp-content\/uploads\/2016\/03\/afis-bun.jpg 669w\" sizes=\"auto, (max-width: 212px) 100vw, 212px\" \/><\/a><\/p>\n<p><b>Muzeul Jude\u021bean Satu Mare \u2013 Sec\u021bia Art\u0103<\/b> v\u0103 invit\u0103 mar\u021bi 15 martie 2016, ora 17:30, la vernisajul expozi\u0163iei de \u00a0pictur\u0103 <b><i>\u201eASCENSIUNI<\/i><\/b><b><i>\u201d<\/i><\/b> a artistului <b>Dan Ion C\u00eerjoi<\/b>.<\/p>\n","protected":false},"excerpt":{"rendered":"<p>Muzeul Jude\u021bean Satu Mare \u2013 Sec\u021bia Art\u0103 v\u0103 invit\u0103 mar\u021bi 15 martie 2016, ora 17:30, la vernisajul expozi\u0163iei de \u00a0pictur\u0103 \u201eASCENSIUNI\u201d a artistului Dan Ion C\u00eerjoi.<\/p>\n","protected":false},"author":245723486,"featured_media":0,"comment_status":"open","ping_status":"open","sticky":false,"template":"","format":"standard","meta":{"_coblocks_attr":"","_coblocks_dimensions":"","_coblocks_responsive_height":"","_coblocks_accordion_ie_support":"","advanced_seo_description":"","jetpack_seo_html_title":"","jetpack_seo_noindex":false,"jetpack_post_was_ever_published":false,"_jetpack_newsletter_access":"","_jetpack_dont_email_post_to_subs":false,"_jetpack_newsletter_tier_id":0,"_jetpack_memberships_contains_paywalled_content":false,"_jetpack_memberships_contains_paid_content":false,"footnotes":"","jetpack_publicize_message":"","jetpack_publicize_feature_enabled":true,"jetpack_social_post_already_shared":false,"jetpack_social_options":{"image_generator_settings":{"template":"highway","default_image_id":0,"font":"","enabled":false},"version":2}},"categories":[6498592,6498593],"tags":[],"class_list":["post-1614","post","type-post","status-publish","format-standard","hentry","category-actualitati","category-uncategorized","entry"],"translation":{"provider":"WPGlobus","version":"3.0.1","language":"hu","enabled_languages":["ro","hu","en"],"languages":{"ro":{"title":true,"content":true,"excerpt":false},"hu":{"title":false,"content":false,"excerpt":false},"en":{"title":false,"content":false,"excerpt":false}}},"jetpack_publicize_connections":[],"jetpack_featured_media_url":"","jetpack_likes_enabled":true,"jetpack-related-posts":[{"id":4865,"url":"https:\/\/muzeusm.ro\/hu\/expozitie-de-arta-plastica-de-grup-obiceiuri-artisti-sezatoare\/","url_meta":{"origin":1614,"position":0},"title":"Expozi\u0163ie de art\u0103 plastic\u0103 &#8220;Obiceiuri-Arti\u015fti-\u015eez\u0103toare &#8220;","author":"Popdan Bradut","date":"7 June 2019","format":false,"excerpt":"Obiceiuri Arti\u015fti \u015eez\u0103toare Muzeul Jude\u0163ean Satu Mare - Sec\u0163ia de Art\u0103, v\u0103 invit\u0103 s\u0103 participa\u0163i la o \u201c \u015fez\u0103toare \u201d \u00a0de art\u0103 plastic\u0103 (pictur\u0103, grafic\u0103, fotografie). Simezele muzeului s\u0103tm\u0103rean g\u0103zduiesc crea\u0163ile a 10 arti\u015fti membrii ai UAP din filialele din \u0163ar\u0103 - Victoria Galbenu \u021a\u0103roi \u2013Bra\u0219ov, Sever Moldovan \u2013 Bistri\u021ba,\u2026","rel":"","context":"In &quot;actualitati&quot;","block_context":{"text":"actualitati","link":"https:\/\/muzeusm.ro\/hu\/category\/actualitati\/"},"img":{"alt_text":"","src":"https:\/\/i0.wp.com\/www.muzeusm.ro\/wp-content\/uploads\/2019\/06\/61857261_310001396612085_1634018405092687872_n-214x300.jpg?resize=350%2C200","width":350,"height":200},"classes":[]},{"id":3657,"url":"https:\/\/muzeusm.ro\/hu\/inger-heruvim-serafim-de-vasile-pop-negresteanu\/","url_meta":{"origin":1614,"position":1},"title":"\u00cenger Heruvim Serafim de Vasile Pop-Negre\u015fteanu","author":"Dobrescu Adela Catalina","date":"24 August 2018","format":false,"excerpt":"Din luna august \u00een holul Muzeului Jude\u0163ean Satu Mare este expus\u0103 lucrarea \u00cenger Heruvim Serafim av\u00e2ndu-l ca autor pe artistul plastic Vasile Pop-Negre\u015fteanu, dona\u0163ie f\u0103cut\u0103 cu prilejul expozi\u0163iei personale retrospective \u201eVedenii \u00censemnate - punct, linie, form\u0103, culoare\u201d. Lucrarea este datat\u0103 2010, fiind executat\u0103 cu prilejul expozi\u0163iei \u201cS\u0103 nu ucizi\u201d de\u2026","rel":"","context":"In &quot;obiectul_lunii&quot;","block_context":{"text":"obiectul_lunii","link":"https:\/\/muzeusm.ro\/hu\/category\/obiectul_lunii\/"},"img":{"alt_text":"","src":"https:\/\/i0.wp.com\/www.muzeusm.ro\/wp-content\/uploads\/2018\/08\/Serafim-Heruvim-Inger-2-201x300.jpg?resize=350%2C200","width":350,"height":200},"classes":[]},{"id":1703,"url":"https:\/\/muzeusm.ro\/hu\/expozitie-happening-micul-print-editia-a-xxi-a\/","url_meta":{"origin":1614,"position":2},"title":"EXPOZI\u021aIE HAPPENING &#8211;  MICUL PRIN\u021a  editia a XXI-a","author":"Dobrescu Adela Catalina","date":"11 May 2016","format":false,"excerpt":"EXPOZI\u021aIE HAPPENING \u00a0 MICUL PRIN\u021a\u00a0 editia a XXI-a V\u0103 invit\u0103m s\u0103 participa\u021bi la unicul eveniment din \u021bar\u0103 ce a\u0219eaz\u0103 pe acelea\u0219i simeze expozan\u021bi de la cea mai fraged\u0103 v\u00e2rst\u0103, copii, elevi, studen\u021bi ai universit\u0103\u021bilor de art\u0103, \u0219i arti\u0219ti plastici profesioni\u0219ti, sub miracolul personajului lui Saint-Exupery, autorul nemuritorului MIC PRIN\u021a. Suntem,\u2026","rel":"","context":"In &quot;actualitati&quot;","block_context":{"text":"actualitati","link":"https:\/\/muzeusm.ro\/hu\/category\/actualitati\/"},"img":{"alt_text":"MICUL PRINT","src":"https:\/\/i0.wp.com\/www.muzeusm.ro\/wp-content\/uploads\/2016\/05\/AFIS-GATA-TIPAR-1-225x300.jpg?resize=350%2C200","width":350,"height":200},"classes":[]},{"id":1938,"url":"https:\/\/muzeusm.ro\/hu\/centenar-erdos-i-pal\/","url_meta":{"origin":1614,"position":3},"title":"Centenar ERD\u0150S I. P\u00c1L","author":"Dobrescu Adela Catalina","date":"4 November 2016","format":false,"excerpt":"Muzeul Jude\u021bean Satu Mare Sec\u021bia Art\u0103 va invit\u0103 vineri 11 noiembrie 2016 la ac\u021biunile dedicate \u00eemplinirii a 100 de ani de la na\u0219terea graficianului ERD\u0150S I. P\u00c1L. Artistul s-a n\u0103scut la 2 noiembrie 1916, \u00een comuna Hurezu Mare, jud. S\u0103laj (azi Jud. Satu Mare). Frecventeaz\u0103 gimnaziul la Satu Mare. \u00cen\u2026","rel":"","context":"In &quot;actualitati&quot;","block_context":{"text":"actualitati","link":"https:\/\/muzeusm.ro\/hu\/category\/actualitati\/"},"img":{"alt_text":"Afis_Erdos_Internet","src":"https:\/\/i0.wp.com\/www.muzeusm.ro\/wp-content\/uploads\/2016\/11\/Afis_Erdos_Internet-212x300.gif?resize=350%2C200","width":350,"height":200},"classes":[]},{"id":3124,"url":"https:\/\/muzeusm.ro\/hu\/expozitie-de-pictura-reverie-octavian-bufan\/","url_meta":{"origin":1614,"position":4},"title":"Expozi\u021bie de pictur\u0103 \u201e Reverie \u201d &#8211; Octavian Bufan","author":"Dobrescu Adela Catalina","date":"2 April 2018","format":false,"excerpt":"Muzeul Jude\u0163ean Satu Mare \u2013 Sec\u0163ia de Art\u0103, invit\u0103 publicul s\u0103tm\u0103rean la vernisajul expozi\u0163iei de pictur\u0103: \u201eReverie\u201d, semnat\u0103 Octavian Bufan. Artistul s-a n\u0103scut la 30 decembrie 1964 \u00een ora\u015ful Sighetul Marma\u0163iei.A absolvit Sec\u0163ia de Arte Plastice a Universit\u0103\u0163ii Tehnice Cluj Napoca, Centrul Universitar Nord - Baia Mare, \u00een prezent fiind\u2026","rel":"","context":"In &quot;actualitati&quot;","block_context":{"text":"actualitati","link":"https:\/\/muzeusm.ro\/hu\/category\/actualitati\/"},"img":{"alt_text":"","src":"https:\/\/i0.wp.com\/www.muzeusm.ro\/wp-content\/uploads\/2018\/04\/Afis-bun-Octavian-Bufan-212x300.jpg?resize=350%2C200","width":350,"height":200},"classes":[]},{"id":1921,"url":"https:\/\/muzeusm.ro\/hu\/expozitie-de-arta-plastica\/","url_meta":{"origin":1614,"position":5},"title":"Expozi\u021bie de art\u0103 plastic\u0103","author":"Dobrescu Adela Catalina","date":"21 October 2016","format":false,"excerpt":"Muzeul Jude\u021bean Satu Mare, Sec\u021bia Art\u0103, \u00a0v\u0103 invit\u0103 mar\u021bi 25 octombrie 2016, ora 14:00, la vernisajul expozi\u021biei arti\u0219tilor plastici\u00a0din T\u00e2rgu Mure\u0219. Vor fi expuse lucr\u0103ri alese din mai multe tabere interna\u021bionale desf\u0103\u0219urate \u00een cursul anului 2016, \u00een jude\u021bul\u00a0\u00a0Mure\u0219. Curatori ai expozi\u021biei sunt Hitter Ferenc, Kov\u00e1cs Emil Lajos \u0219i Czirj\u00e9k Lajos.\u2026","rel":"","context":"In &quot;actualitati&quot;","block_context":{"text":"actualitati","link":"https:\/\/muzeusm.ro\/hu\/category\/actualitati\/"},"img":{"alt_text":"afis Targu Mures","src":"https:\/\/i0.wp.com\/www.muzeusm.ro\/wp-content\/uploads\/2016\/10\/afis-Targu-Mures-212x300.jpg?resize=350%2C200","width":350,"height":200},"classes":[]}],"jetpack_sharing_enabled":true,"jetpack_shortlink":"https:\/\/wp.me\/pfvnyQ-q2","_links":{"self":[{"href":"https:\/\/muzeusm.ro\/hu\/wp-json\/wp\/v2\/posts\/1614","targetHints":{"allow":["GET"]}}],"collection":[{"href":"https:\/\/muzeusm.ro\/hu\/wp-json\/wp\/v2\/posts"}],"about":[{"href":"https:\/\/muzeusm.ro\/hu\/wp-json\/wp\/v2\/types\/post"}],"author":[{"embeddable":true,"href":"https:\/\/muzeusm.ro\/hu\/wp-json\/wp\/v2\/users\/245723486"}],"replies":[{"embeddable":true,"href":"https:\/\/muzeusm.ro\/hu\/wp-json\/wp\/v2\/comments?post=1614"}],"version-history":[{"count":0,"href":"https:\/\/muzeusm.ro\/hu\/wp-json\/wp\/v2\/posts\/1614\/revisions"}],"wp:attachment":[{"href":"https:\/\/muzeusm.ro\/hu\/wp-json\/wp\/v2\/media?parent=1614"}],"wp:term":[{"taxonomy":"category","embeddable":true,"href":"https:\/\/muzeusm.ro\/hu\/wp-json\/wp\/v2\/categories?post=1614"},{"taxonomy":"post_tag","embeddable":true,"href":"https:\/\/muzeusm.ro\/hu\/wp-json\/wp\/v2\/tags?post=1614"}],"curies":[{"name":"wp","href":"https:\/\/api.w.org\/{rel}","templated":true}]}}