{"id":1595,"date":"2016-03-04T10:21:48","date_gmt":"2016-03-04T10:21:48","guid":{"rendered":"http:\/\/www.muzeusm.ro\/?p=1595"},"modified":"2016-03-04T10:21:48","modified_gmt":"2016-03-04T10:21:48","slug":"expozitia-flori-decorative-de-hartie","status":"publish","type":"post","link":"https:\/\/muzeusm.ro\/hu\/expozitia-flori-decorative-de-hartie\/","title":{"rendered":"Expozi\u021bia \u201eFlori decorative de h\u00e2rtie\u201d"},"content":{"rendered":"<p><a href=\"http:\/\/www.muzeusm.ro\/wp-content\/uploads\/2016\/03\/afis-FLORI-HARETIE-SIMONA.jpg\"><img loading=\"lazy\" decoding=\"async\" data-attachment-id=\"1596\" data-permalink=\"https:\/\/muzeusm.ro\/hu\/afis-flori-haretie-simona\/\" data-orig-file=\"https:\/\/muzeusm.ro\/wp-content\/uploads\/2016\/03\/afis-FLORI-HARETIE-SIMONA.jpg\" data-orig-size=\"669,945\" data-comments-opened=\"1\" data-image-meta=\"{&quot;aperture&quot;:&quot;0&quot;,&quot;credit&quot;:&quot;&quot;,&quot;camera&quot;:&quot;&quot;,&quot;caption&quot;:&quot;&quot;,&quot;created_timestamp&quot;:&quot;0&quot;,&quot;copyright&quot;:&quot;&quot;,&quot;focal_length&quot;:&quot;0&quot;,&quot;iso&quot;:&quot;0&quot;,&quot;shutter_speed&quot;:&quot;0&quot;,&quot;title&quot;:&quot;&quot;,&quot;orientation&quot;:&quot;1&quot;}\" data-image-title=\"afis FLORI HARETIE SIMONA\" data-image-description=\"\" data-image-caption=\"\" data-medium-file=\"https:\/\/muzeusm.ro\/wp-content\/uploads\/2016\/03\/afis-FLORI-HARETIE-SIMONA-212x300.jpg\" data-large-file=\"https:\/\/muzeusm.ro\/wp-content\/uploads\/2016\/03\/afis-FLORI-HARETIE-SIMONA.jpg\" class=\"size-medium wp-image-1596 alignleft\" alt=\"afis FLORI HARETIE SIMONA\" src=\"http:\/\/www.muzeusm.ro\/wp-content\/uploads\/2016\/03\/afis-FLORI-HARETIE-SIMONA-212x300.jpg\" width=\"212\" height=\"300\" srcset=\"https:\/\/muzeusm.ro\/wp-content\/uploads\/2016\/03\/afis-FLORI-HARETIE-SIMONA-212x300.jpg 212w, https:\/\/muzeusm.ro\/wp-content\/uploads\/2016\/03\/afis-FLORI-HARETIE-SIMONA.jpg 669w\" sizes=\"auto, (max-width: 212px) 100vw, 212px\" \/><\/a><\/p>\n<p>Muzeul Municipal Carei organizeaz\u0103 cu prilejul zilei de 8 Martie expozi\u021bia \u201eFlori decorative de h\u00e2rtie\u201d.<\/p>\n<p>Florile decorative din h\u00e2rtie sunt realizate de c\u0103tre artistul \u00a0Monica \u00c1cs din Ny\u00edregyh\u00e1za, Ungaria. \u00a0Expozi\u021bia a fost itinerat\u0103 \u00een Ungaria \u0219i se afl\u0103 pentru prima dat\u0103 \u00een Rom\u00e2nia, la Carei.<\/p>\n<p>Vernisajul va avea loc \u00een data de 05 martie 2016, oar 12.00 la Castelul K\u00e1rolyi din Carei.<\/p>\n","protected":false},"excerpt":{"rendered":"<p>Muzeul Municipal Carei organizeaz\u0103 cu prilejul zilei de 8 Martie expozi\u021bia \u201eFlori decorative de h\u00e2rtie\u201d. Florile decorative din h\u00e2rtie sunt realizate de c\u0103tre artistul \u00a0Monica \u00c1cs din Ny\u00edregyh\u00e1za, Ungaria. \u00a0Expozi\u021bia a fost itinerat\u0103 \u00een Ungaria \u0219i se afl\u0103 pentru prima dat\u0103 \u00een Rom\u00e2nia, la Carei. Vernisajul va avea loc \u00een data de 05 martie 2016,<a class=\"more-link\" href=\"https:\/\/muzeusm.ro\/hu\/expozitia-flori-decorative-de-hartie\/\">Continue reading <span class=\"screen-reader-text\">&#8220;Expozi\u021bia \u201eFlori decorative de h\u00e2rtie\u201d&#8221;<\/span><\/a><\/p>\n","protected":false},"author":245723486,"featured_media":0,"comment_status":"open","ping_status":"open","sticky":false,"template":"","format":"standard","meta":{"_coblocks_attr":"","_coblocks_dimensions":"","_coblocks_responsive_height":"","_coblocks_accordion_ie_support":"","advanced_seo_description":"","jetpack_seo_html_title":"","jetpack_seo_noindex":false,"jetpack_post_was_ever_published":false,"_jetpack_newsletter_access":"","_jetpack_dont_email_post_to_subs":false,"_jetpack_newsletter_tier_id":0,"_jetpack_memberships_contains_paywalled_content":false,"_jetpack_memberships_contains_paid_content":false,"footnotes":"","jetpack_publicize_message":"","jetpack_publicize_feature_enabled":true,"jetpack_social_post_already_shared":false,"jetpack_social_options":{"image_generator_settings":{"template":"highway","default_image_id":0,"font":"","enabled":false},"version":2}},"categories":[6498592,6498593],"tags":[],"class_list":["post-1595","post","type-post","status-publish","format-standard","hentry","category-actualitati","category-uncategorized","entry"],"translation":{"provider":"WPGlobus","version":"3.0.1","language":"hu","enabled_languages":["ro","hu","en"],"languages":{"ro":{"title":true,"content":true,"excerpt":false},"hu":{"title":false,"content":false,"excerpt":false},"en":{"title":false,"content":false,"excerpt":false}}},"jetpack_publicize_connections":[],"jetpack_featured_media_url":"","jetpack_likes_enabled":true,"jetpack-related-posts":[{"id":15428,"url":"https:\/\/muzeusm.ro\/hu\/armata-romana-in-campania-din-vest\/","url_meta":{"origin":1595,"position":0},"title":"Armata Rom\u00e2n\u0103 \u00een Campania de Vest","author":"Popdan Bradut","date":"21 October 2024","format":false,"excerpt":"{:ro} 80 de ani de la luptele din Transilvania, Ungaria \u0219i Cehoslovacia (1944-1945) Muzeul Militar Na\u021bional \u201eRegele Ferdinand I\u201d \u0219i Muzeul Jude\u021bean Satu Mare organizeaz\u0103 o expozi\u021bie dedicat\u0103 \u00eemplinirii a 80 de ani de la campania Armatei rom\u00e2ne din Vest \u00een timpul celui de-al Doilea R\u0103zboi Mondial (1944 \u2013 1945).\u2026","rel":"","context":"In &quot;actualitati&quot;","block_context":{"text":"actualitati","link":"https:\/\/muzeusm.ro\/hu\/category\/actualitati\/"},"img":{"alt_text":"","src":"https:\/\/i0.wp.com\/muzeusm.ro\/wp-content\/uploads\/2024\/10\/AFIS-CAREI-A4-cu-vernisaj-300dpi-scaled.jpg?resize=350%2C200&ssl=1","width":350,"height":200,"srcset":"https:\/\/i0.wp.com\/muzeusm.ro\/wp-content\/uploads\/2024\/10\/AFIS-CAREI-A4-cu-vernisaj-300dpi-scaled.jpg?resize=350%2C200&ssl=1 1x, https:\/\/i0.wp.com\/muzeusm.ro\/wp-content\/uploads\/2024\/10\/AFIS-CAREI-A4-cu-vernisaj-300dpi-scaled.jpg?resize=525%2C300&ssl=1 1.5x, https:\/\/i0.wp.com\/muzeusm.ro\/wp-content\/uploads\/2024\/10\/AFIS-CAREI-A4-cu-vernisaj-300dpi-scaled.jpg?resize=700%2C400&ssl=1 2x, https:\/\/i0.wp.com\/muzeusm.ro\/wp-content\/uploads\/2024\/10\/AFIS-CAREI-A4-cu-vernisaj-300dpi-scaled.jpg?resize=1050%2C600&ssl=1 3x, https:\/\/i0.wp.com\/muzeusm.ro\/wp-content\/uploads\/2024\/10\/AFIS-CAREI-A4-cu-vernisaj-300dpi-scaled.jpg?resize=1400%2C800&ssl=1 4x"},"classes":[]},{"id":11583,"url":"https:\/\/muzeusm.ro\/hu\/palaria-accesoriu-eleganta-si-mesaj-a-kalap-az-elegancia-tartozeka-a-ket-vilaghaboru-kozott\/","url_meta":{"origin":1595,"position":1},"title":"\u201eP\u0103l\u0103ria \u2013 accesoriu, elegan\u021b\u0103 \u0219i mesaj\u201d\/ &#8221; A Kalap \u2013 az elegancia tartoz\u00e9ka a k\u00e9t vil\u00e1gh\u00e1bor\u00fa k\u00f6z\u00f6tt&#8221;","author":"Popdan Bradut","date":"5 July 2022","format":false,"excerpt":"\u00cen perioada iulie \u2013 septembrie, Castelul Karolyi din Carei g\u0103zduie\u0219te expozi\u021bia temporar\u0103 \u201eP\u0103l\u0103ria \u2013 accesoriu, elegan\u021b\u0103 \u0219i mesaj\u201d, invit\u00e2ndu-v\u0103 onora\u021bi domni, doamne \u0219i domni\u0219oare, s\u0103 face\u021bi o incursiune \u00een atmosfera vechilor burguri, aflate sub semnul elegan\u021bei vieneze \u0219i pariziene, ce se adaug\u0103 peste o lume cu puternice tradi\u021bii. Expozi\u021bia reune\u0219te\u2026","rel":"","context":"In &quot;actualitati&quot;","block_context":{"text":"actualitati","link":"https:\/\/muzeusm.ro\/hu\/category\/actualitati\/"},"img":{"alt_text":"","src":"https:\/\/i0.wp.com\/www.muzeusm.ro\/wp-content\/uploads\/2022\/07\/afis-mic-hu-01-1-210x300.jpg?resize=350%2C200","width":350,"height":200},"classes":[]},{"id":4156,"url":"https:\/\/muzeusm.ro\/hu\/expozitie-de-arta-decorativa\/","url_meta":{"origin":1595,"position":2},"title":"Expozi\u0163ie de art\u0103 decorativ\u0103","author":"Popdan Bradut","date":"1 March 2019","format":false,"excerpt":"Muzeul Jude\u0163ean Satu Mare are pl\u0103cerea s\u0103 v\u0103 invite la vernisajul unei expozi\u0163ii de art\u0103 plastic\u0103 inedit\u0103, semnat\u0103 Ovidiu Ha\u0163egan \u015fi C\u0103t\u0103lin S\u0103l\u0103jan.Ineditul const\u0103 \u00een al\u0103turarea unor materiale \u015fi tehnici destul de pu\u0163in folosite: sticla \u015fi metalul.Expozi\u0163ia constituit\u0103 din peste 50 de lucr\u0103ri \u00een care arti\u015ftii dau m\u0103sura \u00eentregii lor\u2026","rel":"","context":"In &quot;actualitati&quot;","block_context":{"text":"actualitati","link":"https:\/\/muzeusm.ro\/hu\/category\/actualitati\/"},"img":{"alt_text":"","src":"https:\/\/i0.wp.com\/www.muzeusm.ro\/wp-content\/uploads\/2019\/03\/HateganSalajan-214x300.jpg?resize=350%2C200","width":350,"height":200},"classes":[]},{"id":2862,"url":"https:\/\/muzeusm.ro\/hu\/vernisaj-expozitie-griuri-colorate-virginia-piscoran\/","url_meta":{"origin":1595,"position":3},"title":"Vernisaj Expozi\u021bie -\u201eGriuri colorate\u201d- Virginia Pi\u015fcoran","author":"norbertlorincz","date":"8 November 2017","format":false,"excerpt":"Muzeul Jude\u0163ean Satu Mare - Sec\u0163ia de Art\u0103, v\u0103 invit\u0103 vineri 10 noiembrie 2017,ora 17.00, la vernisajul expozi\u0163iei de art\u0103 plastic\u0103 \u201eGriuri colorate\u201d- Virginia Pi\u015fcoran. Artista s-a n\u0103scut \u00een anul 1958 la Micula.A studiat la Liceul de Art\u0103 din Satu Mare, iar apoi a urmat cursurile Facult\u0103\u0163ii de Psihologie \u015fi\u2026","rel":"","context":"In &quot;actualitati&quot;","block_context":{"text":"actualitati","link":"https:\/\/muzeusm.ro\/hu\/category\/actualitati\/"},"img":{"alt_text":"","src":"https:\/\/i0.wp.com\/www.muzeusm.ro\/wp-content\/uploads\/2017\/11\/ROD3-212x300.jpg?resize=350%2C200","width":350,"height":200},"classes":[]},{"id":11711,"url":"https:\/\/muzeusm.ro\/hu\/expozitie-de-arta-plastica-iii-generatia-iii\/","url_meta":{"origin":1595,"position":4},"title":"Expozi\u021bie de Art\u0103 plastic\u0103 &#8211;  III GENERA\u021aIA III","author":"Popdan Bradut","date":"29 September 2022","format":false,"excerpt":"\u201eColaj\u201d , Gnandt, Nyiri & Opri\u0219a. Fiecare semn\u0103tur\u0103 pe o lucrare \u00eenseamn\u0103 \u201eun certificat de na\u0219tere\u201d pentru care un \u201ep\u0103rinte\u201d a trudit prin g\u00e2nd \u0219i fapt\u0103 pentru a-l d\u0103rui privitorului, pentru a-l face p\u0103rta\u0219 la izb\u00e2nda fr\u0103m\u00e2nt\u0103rilor, a talentului cultivat, exersat \u0219i dirijat \u00een aceast\u0103 direc\u021bie. Suntem o genera\u021bie -\u2026","rel":"","context":"In &quot;actualitati&quot;","block_context":{"text":"actualitati","link":"https:\/\/muzeusm.ro\/hu\/category\/actualitati\/"},"img":{"alt_text":"","src":"","width":0,"height":0},"classes":[]},{"id":4695,"url":"https:\/\/muzeusm.ro\/hu\/noaptea-muzeelor-castelul-karolyi-din-carei-vernisajul-expozitiei-100-de-ani-de-la-vizita-regelui-ferdinand-si-a-reginei-maria-in-judetul-satu-mare-carei-25-mai-1919\/","url_meta":{"origin":1595,"position":5},"title":"Noaptea Muzeelor &#8211; Castelul K\u00e1rolyi  din Carei &#8211; Vernisajul expozi\u021biei  &#8220;100 DE ANI DE LA VIZITA REGELUI FERDINAND \u0218I A REGINEI  MARIA \u00ceN JUDE\u021aUL SATU MARE &#8211; CAREI \u2013 25 MAI 1919&#8221;","author":"norbertlorincz","date":"20 May 2019","format":false,"excerpt":"Noaptea Muzeelor \u2013 Expozi\u021bie eveniment: \u201d100 de ani de la vizita Regelui Ferdinand \u0219i a Reginei Maria \u00een jude\u021bul Satu Mare \u2013 Carei \u2013 25 mai 1919\u201d Noaptea Muzeelor la Castelul K\u00e1rolyi din Carei a debutat cu \u00a0vernisajul expozi\u021biei foto-documentare organizat\u0103 de Muzeul Jude\u021bean Satu Mare, pentru omagierea unui eveniment\u2026","rel":"","context":"In &quot;actualitati&quot;","block_context":{"text":"actualitati","link":"https:\/\/muzeusm.ro\/hu\/category\/actualitati\/"},"img":{"alt_text":"","src":"https:\/\/i0.wp.com\/www.muzeusm.ro\/wp-content\/uploads\/2019\/05\/IMG-20190519-WA0005-300x225.jpg?resize=350%2C200","width":350,"height":200},"classes":[]}],"jetpack_sharing_enabled":true,"jetpack_shortlink":"https:\/\/wp.me\/pfvnyQ-pJ","_links":{"self":[{"href":"https:\/\/muzeusm.ro\/hu\/wp-json\/wp\/v2\/posts\/1595","targetHints":{"allow":["GET"]}}],"collection":[{"href":"https:\/\/muzeusm.ro\/hu\/wp-json\/wp\/v2\/posts"}],"about":[{"href":"https:\/\/muzeusm.ro\/hu\/wp-json\/wp\/v2\/types\/post"}],"author":[{"embeddable":true,"href":"https:\/\/muzeusm.ro\/hu\/wp-json\/wp\/v2\/users\/245723486"}],"replies":[{"embeddable":true,"href":"https:\/\/muzeusm.ro\/hu\/wp-json\/wp\/v2\/comments?post=1595"}],"version-history":[{"count":0,"href":"https:\/\/muzeusm.ro\/hu\/wp-json\/wp\/v2\/posts\/1595\/revisions"}],"wp:attachment":[{"href":"https:\/\/muzeusm.ro\/hu\/wp-json\/wp\/v2\/media?parent=1595"}],"wp:term":[{"taxonomy":"category","embeddable":true,"href":"https:\/\/muzeusm.ro\/hu\/wp-json\/wp\/v2\/categories?post=1595"},{"taxonomy":"post_tag","embeddable":true,"href":"https:\/\/muzeusm.ro\/hu\/wp-json\/wp\/v2\/tags?post=1595"}],"curies":[{"name":"wp","href":"https:\/\/api.w.org\/{rel}","templated":true}]}}