{"id":1470,"date":"2016-02-01T07:42:47","date_gmt":"2016-02-01T07:42:47","guid":{"rendered":"http:\/\/www.muzeusm.ro\/?p=1470"},"modified":"2016-02-01T07:42:47","modified_gmt":"2016-02-01T07:42:47","slug":"coloviul-evreii-satmareni","status":"publish","type":"post","link":"https:\/\/muzeusm.ro\/hu\/coloviul-evreii-satmareni\/","title":{"rendered":"Coloviul \u201dEvreii s\u0103tm\u0103reni\u201d"},"content":{"rendered":"<p><a href=\"http:\/\/www.muzeusm.ro\/wp-content\/uploads\/2016\/02\/MG_5037.jpg\"><img loading=\"lazy\" decoding=\"async\" data-attachment-id=\"1472\" data-permalink=\"https:\/\/muzeusm.ro\/hu\/_mg_5037\/\" data-orig-file=\"https:\/\/muzeusm.ro\/wp-content\/uploads\/2016\/02\/MG_5037.jpg\" data-orig-size=\"1417,945\" data-comments-opened=\"1\" data-image-meta=\"{&quot;aperture&quot;:&quot;5.6&quot;,&quot;credit&quot;:&quot;&quot;,&quot;camera&quot;:&quot;Canon EOS 500D&quot;,&quot;caption&quot;:&quot;&quot;,&quot;created_timestamp&quot;:&quot;1454172645&quot;,&quot;copyright&quot;:&quot;&quot;,&quot;focal_length&quot;:&quot;18&quot;,&quot;iso&quot;:&quot;3200&quot;,&quot;shutter_speed&quot;:&quot;0.016666666666667&quot;,&quot;title&quot;:&quot;&quot;,&quot;orientation&quot;:&quot;1&quot;}\" data-image-title=\"_MG_5037\" data-image-description=\"\" data-image-caption=\"\" data-medium-file=\"https:\/\/muzeusm.ro\/wp-content\/uploads\/2016\/02\/MG_5037-300x200.jpg\" data-large-file=\"https:\/\/muzeusm.ro\/wp-content\/uploads\/2016\/02\/MG_5037-1024x683.jpg\" class=\"size-medium wp-image-1472 alignleft\" alt=\"_MG_5037\" src=\"http:\/\/www.muzeusm.ro\/wp-content\/uploads\/2016\/02\/MG_5037-300x200.jpg\" width=\"300\" height=\"200\" srcset=\"https:\/\/muzeusm.ro\/wp-content\/uploads\/2016\/02\/MG_5037-300x200.jpg 300w, https:\/\/muzeusm.ro\/wp-content\/uploads\/2016\/02\/MG_5037-1024x683.jpg 1024w, https:\/\/muzeusm.ro\/wp-content\/uploads\/2016\/02\/MG_5037-768x512.jpg 768w, https:\/\/muzeusm.ro\/wp-content\/uploads\/2016\/02\/MG_5037.jpg 1417w\" sizes=\"auto, (max-width: 300px) 100vw, 300px\" \/><\/a><\/p>\n<p><a href=\"http:\/\/www.muzeusm.ro\/wp-content\/uploads\/2016\/02\/MG_5041.jpg\"><img loading=\"lazy\" decoding=\"async\" data-attachment-id=\"1473\" data-permalink=\"https:\/\/muzeusm.ro\/hu\/_mg_5041\/\" data-orig-file=\"https:\/\/muzeusm.ro\/wp-content\/uploads\/2016\/02\/MG_5041.jpg\" data-orig-size=\"1417,945\" data-comments-opened=\"1\" data-image-meta=\"{&quot;aperture&quot;:&quot;5.6&quot;,&quot;credit&quot;:&quot;&quot;,&quot;camera&quot;:&quot;Canon EOS 500D&quot;,&quot;caption&quot;:&quot;&quot;,&quot;created_timestamp&quot;:&quot;1454172686&quot;,&quot;copyright&quot;:&quot;&quot;,&quot;focal_length&quot;:&quot;39&quot;,&quot;iso&quot;:&quot;3200&quot;,&quot;shutter_speed&quot;:&quot;0.016666666666667&quot;,&quot;title&quot;:&quot;&quot;,&quot;orientation&quot;:&quot;1&quot;}\" data-image-title=\"_MG_5041\" data-image-description=\"\" data-image-caption=\"\" data-medium-file=\"https:\/\/muzeusm.ro\/wp-content\/uploads\/2016\/02\/MG_5041-300x200.jpg\" data-large-file=\"https:\/\/muzeusm.ro\/wp-content\/uploads\/2016\/02\/MG_5041-1024x683.jpg\" class=\"size-medium wp-image-1473 alignleft\" alt=\"_MG_5041\" src=\"http:\/\/www.muzeusm.ro\/wp-content\/uploads\/2016\/02\/MG_5041-300x200.jpg\" width=\"300\" height=\"200\" srcset=\"https:\/\/muzeusm.ro\/wp-content\/uploads\/2016\/02\/MG_5041-300x200.jpg 300w, https:\/\/muzeusm.ro\/wp-content\/uploads\/2016\/02\/MG_5041-1024x683.jpg 1024w, https:\/\/muzeusm.ro\/wp-content\/uploads\/2016\/02\/MG_5041-768x512.jpg 768w, https:\/\/muzeusm.ro\/wp-content\/uploads\/2016\/02\/MG_5041.jpg 1417w\" sizes=\"auto, (max-width: 300px) 100vw, 300px\" \/><\/a><\/p>\n","protected":false},"excerpt":{"rendered":"","protected":false},"author":245723486,"featured_media":0,"comment_status":"open","ping_status":"open","sticky":false,"template":"","format":"standard","meta":{"_coblocks_attr":"","_coblocks_dimensions":"","_coblocks_responsive_height":"","_coblocks_accordion_ie_support":"","advanced_seo_description":"","jetpack_seo_html_title":"","jetpack_seo_noindex":false,"jetpack_post_was_ever_published":false,"_jetpack_newsletter_access":"","_jetpack_dont_email_post_to_subs":false,"_jetpack_newsletter_tier_id":0,"_jetpack_memberships_contains_paywalled_content":false,"_jetpack_memberships_contains_paid_content":false,"footnotes":"","jetpack_publicize_message":"","jetpack_publicize_feature_enabled":true,"jetpack_social_post_already_shared":false,"jetpack_social_options":{"image_generator_settings":{"template":"highway","default_image_id":0,"font":"","enabled":false},"version":2}},"categories":[6498592,6498593],"tags":[],"class_list":["post-1470","post","type-post","status-publish","format-standard","hentry","category-actualitati","category-uncategorized","entry"],"translation":{"provider":"WPGlobus","version":"3.0.1","language":"hu","enabled_languages":["ro","hu","en"],"languages":{"ro":{"title":true,"content":true,"excerpt":false},"hu":{"title":false,"content":false,"excerpt":false},"en":{"title":false,"content":false,"excerpt":false}}},"jetpack_publicize_connections":[],"jetpack_featured_media_url":"","jetpack_likes_enabled":true,"jetpack-related-posts":[{"id":1457,"url":"https:\/\/muzeusm.ro\/hu\/comunicat-de-presa\/","url_meta":{"origin":1470,"position":0},"title":"Comunicat de pres\u0103","author":"Dobrescu Adela Catalina","date":"27 January 2016","format":false,"excerpt":"S\u00e2mb\u0103t\u0103 30 ianuarie 2016 ora 14 la Muzeul Jude\u0163ean Satu Mare - B-dul Vasile Lucaciu nr.21-, cu prilejul Zilei Interna\u0163ionale a Holocaustului se va vernisa expozi\u0163ia \u201eEliahu Adler Kaba\u201d, artist evreu n\u0103scut la Satu Mare, trecut prin lagarele de exterminare fasciste. Cu acela\u015fi prilej va avea loc de la ora\u2026","rel":"","context":"In &quot;actualitati&quot;","block_context":{"text":"actualitati","link":"https:\/\/muzeusm.ro\/hu\/category\/actualitati\/"},"img":{"alt_text":"","src":"","width":0,"height":0},"classes":[]},{"id":1909,"url":"https:\/\/muzeusm.ro\/hu\/bienala-culturii-evreiesti-din-romania\/","url_meta":{"origin":1470,"position":1},"title":"Bienala culturii evreie\u015fti din Rom\u00e2nia","author":"Dobrescu Adela Catalina","date":"13 October 2016","format":false,"excerpt":"Edi\u0163ia I-a, Satu Mare 2016 \u00cen perioada 13-14 octombrie 2016 se va desfa\u015fura la Satu Mare prima edi\u0163ie a unui eveniment ce \u015fi-a propus s\u0103 eviden\u0163ieze valoarea cultural\u0103 diseminat\u0103 de evreii n\u0103scu\u0163i sau stabili\u0163i vremelnic pe teritoriul Rom\u00e2niei, contribu\u0163ia pe care ace\u015ftia au adus-o patrimoniului cultural universal. Evenimentele organizate cu\u2026","rel":"","context":"In &quot;actualitati&quot;","block_context":{"text":"actualitati","link":"https:\/\/muzeusm.ro\/hu\/category\/actualitati\/"},"img":{"alt_text":"afish dada (1)","src":"https:\/\/i0.wp.com\/www.muzeusm.ro\/wp-content\/uploads\/2016\/10\/afish-dada-1-212x300.jpg?resize=350%2C200","width":350,"height":200},"classes":[]},{"id":1873,"url":"https:\/\/muzeusm.ro\/hu\/vernisajul-expozitiei-memoria-patrimoniului-industrial\/","url_meta":{"origin":1470,"position":2},"title":"Vernisajul expozi\u021biei \u201dMemoria industriei s\u0103tm\u0103rene\u201d","author":"Dobrescu Adela Catalina","date":"26 August 2016","format":false,"excerpt":"Joi, 1 Septembrie 2016 ora 13, la Muzeul Jude\u0163ean Satu Mare, str. Vasile Lucaciu nr. 21, va avea loc expozi\u0163ia \u201cMemoria industriei s\u0103tm\u0103rene\u201d. Expozi\u021bie care va prezenta imagini ale unor \u00eentreprinderi disp\u0103rute, transformate sau retehnologizate, m\u0103rturii a ceea ce a reprezentat industria s\u0103tm\u0103rean\u0103 la sf\u00e2r\u0219itul secolului al XIX-lea \u0219i \u00een\u2026","rel":"","context":"In &quot;actualitati&quot;","block_context":{"text":"actualitati","link":"https:\/\/muzeusm.ro\/hu\/category\/actualitati\/"},"img":{"alt_text":"afis","src":"https:\/\/i0.wp.com\/www.muzeusm.ro\/wp-content\/uploads\/2016\/08\/afis-214x300.jpg?resize=350%2C200","width":350,"height":200},"classes":[]},{"id":6061,"url":"https:\/\/muzeusm.ro\/hu\/comemorarea-deportarii-svabilor-satmareni-in-uniunea-sovietica-in-1945\/","url_meta":{"origin":1470,"position":3},"title":"Comemorarea Deport\u0103rii \u015evabilor S\u0103tm\u0103reni \u00een Uniunea Sovietic\u0103 \u00een 1945","author":"Popdan Bradut","date":"4 February 2020","format":false,"excerpt":"Comemorarea Deport\u0103rii \u015evabilor S\u0103tm\u0103reni \u00een Uniunea Sovietic\u0103 \u00een 1945","rel":"","context":"In &quot;actualitati&quot;","block_context":{"text":"actualitati","link":"https:\/\/muzeusm.ro\/hu\/category\/actualitati\/"},"img":{"alt_text":"","src":"","width":0,"height":0},"classes":[]},{"id":2332,"url":"https:\/\/muzeusm.ro\/hu\/expozitia-pe-urmele-svabilor-satmareni\/","url_meta":{"origin":1470,"position":4},"title":"Expozi\u021bia \u201dPe urmele \u0219vabilor s\u0103tm\u0103reni\u201d","author":"Dobrescu Adela Catalina","date":"17 May 2017","format":false,"excerpt":"","rel":"","context":"In &quot;actualitati&quot;","block_context":{"text":"actualitati","link":"https:\/\/muzeusm.ro\/hu\/category\/actualitati\/"},"img":{"alt_text":"","src":"https:\/\/i0.wp.com\/www.muzeusm.ro\/wp-content\/uploads\/2017\/05\/afis_SVABI-copy-212x300.jpg?resize=350%2C200","width":350,"height":200},"classes":[]},{"id":13149,"url":"https:\/\/muzeusm.ro\/hu\/satmarenii-si-marea-unire\/","url_meta":{"origin":1470,"position":5},"title":"\u201eS\u0102TM\u0102RENII \u0218I MAREA UNIRE\u201d","author":"Popdan Bradut","date":"29 November 2023","format":false,"excerpt":"Vineri 1 Decembrie, ora 10, v\u0103 a\u0219tept\u0103m la Muzeul de Art\u0103, s\u0103 s\u0103rb\u0103torim \u00eempreun\u0103 ZIUA NA\u021aIONAL\u0102 A ROM\u00c2NIEI, la vernisajul expozi\u021biei \u201eS\u0102TM\u0102RENII \u0218I MAREA UNIRE \u201d","rel":"","context":"In &quot;actualitati&quot;","block_context":{"text":"actualitati","link":"https:\/\/muzeusm.ro\/hu\/category\/actualitati\/"},"img":{"alt_text":"","src":"","width":0,"height":0},"classes":[]}],"jetpack_sharing_enabled":true,"jetpack_shortlink":"https:\/\/wp.me\/pfvnyQ-nI","_links":{"self":[{"href":"https:\/\/muzeusm.ro\/hu\/wp-json\/wp\/v2\/posts\/1470","targetHints":{"allow":["GET"]}}],"collection":[{"href":"https:\/\/muzeusm.ro\/hu\/wp-json\/wp\/v2\/posts"}],"about":[{"href":"https:\/\/muzeusm.ro\/hu\/wp-json\/wp\/v2\/types\/post"}],"author":[{"embeddable":true,"href":"https:\/\/muzeusm.ro\/hu\/wp-json\/wp\/v2\/users\/245723486"}],"replies":[{"embeddable":true,"href":"https:\/\/muzeusm.ro\/hu\/wp-json\/wp\/v2\/comments?post=1470"}],"version-history":[{"count":0,"href":"https:\/\/muzeusm.ro\/hu\/wp-json\/wp\/v2\/posts\/1470\/revisions"}],"wp:attachment":[{"href":"https:\/\/muzeusm.ro\/hu\/wp-json\/wp\/v2\/media?parent=1470"}],"wp:term":[{"taxonomy":"category","embeddable":true,"href":"https:\/\/muzeusm.ro\/hu\/wp-json\/wp\/v2\/categories?post=1470"},{"taxonomy":"post_tag","embeddable":true,"href":"https:\/\/muzeusm.ro\/hu\/wp-json\/wp\/v2\/tags?post=1470"}],"curies":[{"name":"wp","href":"https:\/\/api.w.org\/{rel}","templated":true}]}}