{"id":14508,"date":"2024-05-30T13:04:00","date_gmt":"2024-05-30T10:04:00","guid":{"rendered":"https:\/\/muzeusm.ro\/?p=14508"},"modified":"2024-07-12T13:14:40","modified_gmt":"2024-07-12T10:14:40","slug":"muzee-de-la-sat-30-mai-2024","status":"publish","type":"post","link":"https:\/\/muzeusm.ro\/hu\/muzee-de-la-sat-30-mai-2024\/","title":{"rendered":"Muzee de la sat &#8211; 30 mai 2024"},"content":{"rendered":"\n<p>RO: 10 case muzeu din zona rural\u0103 a jude\u021bului Satu Mare vor fi promovate, \u00eencep\u00e2nd cu luna iulie 2024, prin tururi virtuale 3D interactive, realizate cu echipament de \u00eenalt\u0103 performan\u021b\u0103. Ele vor fi integrate \u0219i \u00een Google Street View, Google Maps \u0219i Google Earth. Tururile vor fi disponibile pentru vizitare virtual\u0103 pe singura platform\u0103 online din Rom\u00e2nia dedicat\u0103 muzeelor de la sat \u2014 <a href=\"http:\/\/www.muzeedelasat.ro\/?fbclid=IwZXh0bgNhZW0CMTAAAR04vhtAIw2PEHEYY0xBC-_Jo862tVlCGHK-FbHKzz6gu2oB50q5eGaaNOM_aem_-s8yJhYD6bCxI4sJBgvdeA\" rel=\"noreferrer noopener\" target=\"_blank\">www.muzeedelasat.ro.<\/a> Echipa \u201eMuzee de la sat\u201d \u00eempreun\u0103 cu speciali\u0219tii <a><\/a>Muzeului Jude\u021bean Satu Mare \u2013 Mihaela Grigorean, Achim Adriana, Kov\u00e1cs Zsolt, M\u00e1rk-Nagy \u00c1gota, \u00ee\u0219i propune s\u0103 \u00eembun\u0103t\u0103\u021beasc\u0103 imaginea fiec\u0103rui muzeu inclus \u00een proiect prin intermediul tururilor virtuale, fotografiilor, textelor documentate \u0219i al videoclipurilor de prezentare.<\/p>\n\n\n\n<p>Proiectul este realizat de Real Tour Ro, co-finan\u021bat de AFCN \u0219i sus\u021binut de De la sat, un proiect editorial independent dedicat satului rom\u00e2nesc.<\/p>\n\n\n\n<p>HU: 2024 j\u00falius\u00e1t\u00f3l Szatm\u00e1r megye vid\u00e9ki ter\u00fcletein 10 t\u00e1jh\u00e1zat n\u00e9pszer\u0171s\u00edtenek nagy teljes\u00edtm\u00e9ny\u0171 eszk\u00f6z\u00f6kkel k\u00e9sz\u00edtett interakt\u00edv 3D-s virtu\u00e1lis t\u00far\u00e1kon kereszt\u00fcl. Ezeket a Google Street View, a Google Maps \u00e9s a Google Earth rendszerbe is integr\u00e1lj\u00e1k. A t\u00far\u00e1k virtu\u00e1lisan l\u00e1togathat\u00f3k lesznek Rom\u00e1nia egyetlen, falum\u00fazeumok sz\u00e1m\u00e1ra l\u00e9trehozott online platformj\u00e1n, a <a href=\"https:\/\/l.facebook.com\/l.php?u=http%3A%2F%2Fwww.muzeedelasat.ro%2F%3Ffbclid%3DIwZXh0bgNhZW0CMTAAAR1wdNEKCfw6f9WfDw-xguowxQojPMDTCB46B50_xFwv9fLce9Fu9YGKx1A_aem_453QomVRS5Z-6qzvQvpNtA&amp;h=AT0J_9l0kTFXzF0V8yxQlEOH__D92wgkVqQ8h5IIdy1CzxKyfW_3vaIX8C1rOZXTLnp-kt6iLfO_zSglz8WXYsKWxcRuaIwsNAX91JD52wDYydZucJrpS8Pq1a0JsX29vxpa&amp;__tn__=-UK-R&amp;c[0]=AT2wJS1HkvtM07MzrAwfoEmQRS0A1tcG07dOXm-VoF2-cv4sCcmFZsoA4O4wZRX0M0CLfDIgszYBMurjWNyxqI_1y9GaR7z8nf8EJXIR4b_qYfY_yWMkqktOoTiPpHs3U2ToGAoMTs4DhK2lY7wYjdiCiDwJkg8s6W9_yb11ewLBPFO6hnSrotFO4n1OYFFLEB_uzObJSO_iOajbIN3zmf9f6rxeqgSLm_653muzJ_WFv4O6\" rel=\"noreferrer noopener\" target=\"_blank\">www.muzeedelasat.ro<\/a> oldalon. A \u201eFalum\u00fazeumok\u201d csapata a Szatm\u00e1r Megyei M\u00fazeum szakembereivel &#8211; Mihaela Grigorean, Achim Adriana, Kov\u00e1cs Zsolt, M\u00e1rk-Nagy \u00c1gota &#8211; k\u00f6z\u00f6sen a projektben szerepl\u0151 minden egyes m\u00fazeum im\u00e1zs\u00e1nak jav\u00edt\u00e1s\u00e1t t\u0171zte ki c\u00e9lul virtu\u00e1lis t\u00far\u00e1k, fot\u00f3k, dokument\u00e1lt sz\u00f6vegek \u00e9s bemutat\u00f3 vide\u00f3k seg\u00edts\u00e9g\u00e9vel.<\/p>\n\n\n\n<p>A projektet a Real Tour Ro val\u00f3s\u00edtja meg, az AFCN t\u00e1rsfinansz\u00edroz\u00e1s\u00e1val \u00e9s a De la sat, a rom\u00e1n faluval foglalkoz\u00f3 f\u00fcggetlen szerkeszt\u0151s\u00e9gi projekt t\u00e1mogat\u00e1s\u00e1val. <\/p>\n\n\n\n<p><a href=\"https:\/\/www.facebook.com\/reel\/1683017499185237\">https:\/\/www.facebook.com\/reel\/1683017499185237<\/a><\/p>\n","protected":false},"excerpt":{"rendered":"<p>RO: 10 case muzeu din zona rural\u0103 a jude\u021bului Satu Mare vor fi promovate, \u00eencep\u00e2nd cu luna iulie 2024, prin tururi virtuale 3D interactive, realizate cu echipament de \u00eenalt\u0103 performan\u021b\u0103. Ele vor fi integrate \u0219i \u00een Google Street View, Google Maps \u0219i Google Earth. Tururile vor fi disponibile pentru vizitare virtual\u0103 pe singura platform\u0103 online<a class=\"more-link\" href=\"https:\/\/muzeusm.ro\/hu\/muzee-de-la-sat-30-mai-2024\/\">Continue reading <span class=\"screen-reader-text\">&#8220;Muzee de la sat &#8211; 30 mai 2024&#8221;<\/span><\/a><\/p>\n","protected":false},"author":243833644,"featured_media":0,"comment_status":"open","ping_status":"open","sticky":false,"template":"","format":"standard","meta":{"_coblocks_attr":"","_coblocks_dimensions":"","_coblocks_responsive_height":"","_coblocks_accordion_ie_support":"","advanced_seo_description":"","jetpack_seo_html_title":"","jetpack_seo_noindex":false,"jetpack_post_was_ever_published":false,"_jetpack_newsletter_access":"","_jetpack_dont_email_post_to_subs":false,"_jetpack_newsletter_tier_id":0,"_jetpack_memberships_contains_paywalled_content":false,"_jetpack_memberships_contains_paid_content":false,"footnotes":"","jetpack_publicize_message":"","jetpack_publicize_feature_enabled":true,"jetpack_social_post_already_shared":true,"jetpack_social_options":{"image_generator_settings":{"template":"highway","default_image_id":0,"font":"","enabled":false},"version":2}},"categories":[57930],"tags":[6498627,6498656,6498626,6498657],"class_list":["post-14508","post","type-post","status-publish","format-standard","hentry","category-fara-categorie","tag-6498627","tag-30-mai","tag-mjsm","tag-muzee-de-sate","entry"],"translation":{"provider":"WPGlobus","version":"3.0.1","language":"hu","enabled_languages":["ro","hu","en"],"languages":{"ro":{"title":true,"content":true,"excerpt":false},"hu":{"title":false,"content":false,"excerpt":false},"en":{"title":false,"content":false,"excerpt":false}}},"jetpack_publicize_connections":[],"jetpack_featured_media_url":"","jetpack_likes_enabled":true,"jetpack-related-posts":[{"id":6408,"url":"https:\/\/muzeusm.ro\/hu\/tururi-virtuale-ale-muzeelor-satmarene\/","url_meta":{"origin":14508,"position":0},"title":"Tururi virtuale ale muzeelor s\u0103tm\u0103rene.","author":"Andrei Mocan Mihai","date":"17 March 2020","format":false,"excerpt":"Tururile virtuale ale expozi\u021biilor Muzeului Jude\u021bean Satu Mare - un mijloc alternativ de a r\u0103m\u00e2ne \u00een contact cu patrimoniul istoric din muzeele s\u0103tm\u0103rene. Noile condi\u021bii provocate de virusul covid-19 ne determin\u0103 s\u0103 utiliz\u0103m \u0219i alte mijloace pentru a ne continua activit\u0103\u021bile. O vizit\u0103 virtual\u0103 \u00een expozi\u021biile muzeului poate s\u0103 ne\u2026","rel":"","context":"In &quot;actualitati&quot;","block_context":{"text":"actualitati","link":"https:\/\/muzeusm.ro\/hu\/category\/actualitati\/"},"img":{"alt_text":"","src":"https:\/\/i0.wp.com\/www.muzeusm.ro\/wp-content\/uploads\/2020\/03\/10.-300x194.jpg?resize=350%2C200","width":350,"height":200},"classes":[]},{"id":15156,"url":"https:\/\/muzeusm.ro\/hu\/noaptea-muzeelor-la-sate-2024\/","url_meta":{"origin":14508,"position":1},"title":"Noaptea muzeelor la sate 2024","author":"norbertlorincz","date":"27 August 2024","format":false,"excerpt":"Dup\u0103 succesul din 2023 a primei edi\u021bii a proiectului \u201eNoaptea muzeelor la sate\u201d, Re\u021beaua Na\u021bional\u0103 a Muzeelor din Rom\u00e2nia continu\u0103 derularea acestuia \u0219i \u00een anul 2024. Astfel, \u00een data de 31 august, muzee din mediul rural din \u00eentreaga \u021bar\u0103, vor desf\u0103\u0219ura evenimente culturale \u0219i programe educative destinate promov\u0103rii patrimoniului muzeal\u2026","rel":"","context":"In &quot;F\u0103r\u0103 categorie&quot;","block_context":{"text":"F\u0103r\u0103 categorie","link":"https:\/\/muzeusm.ro\/hu\/category\/fara-categorie\/"},"img":{"alt_text":"","src":"https:\/\/i0.wp.com\/muzeusm.ro\/wp-content\/uploads\/2024\/08\/2NMS2_afis_afis-150x150.png?resize=350%2C200&ssl=1","width":350,"height":200,"srcset":"https:\/\/i0.wp.com\/muzeusm.ro\/wp-content\/uploads\/2024\/08\/2NMS2_afis_afis-150x150.png?resize=350%2C200&ssl=1 1x, https:\/\/i0.wp.com\/muzeusm.ro\/wp-content\/uploads\/2024\/08\/2NMS2_afis_afis-150x150.png?resize=525%2C300&ssl=1 1.5x, https:\/\/i0.wp.com\/muzeusm.ro\/wp-content\/uploads\/2024\/08\/2NMS2_afis_afis-150x150.png?resize=700%2C400&ssl=1 2x, https:\/\/i0.wp.com\/muzeusm.ro\/wp-content\/uploads\/2024\/08\/2NMS2_afis_afis-150x150.png?resize=1050%2C600&ssl=1 3x, https:\/\/i0.wp.com\/muzeusm.ro\/wp-content\/uploads\/2024\/08\/2NMS2_afis_afis-150x150.png?resize=1400%2C800&ssl=1 4x"},"classes":[]},{"id":16957,"url":"https:\/\/muzeusm.ro\/hu\/noaptea-muzeelor-la-sate-editia-a-iii-a\/","url_meta":{"origin":14508,"position":2},"title":"M\u00fazeumok \u00c9jszak\u00e1ja a Falvakban III.","author":"Kov\u00e1cs Zsolt","date":"1 September 2025","format":false,"excerpt":"{:ro} Noaptea muzeelor la sate \u2013 Edi\u021bia a III-a, 6 septembrie 2025 Pe 6 septembrie 2025, satele din Rom\u00e2nia prind din nou via\u021b\u0103 odat\u0103 cu cea de-a treia edi\u021bie a Nop\u021bii Muzeelor la Sate, un eveniment cultural unic \u00een Europa, dedicat patrimoniului rural \u0219i comunit\u0103\u021bilor care \u00eel p\u0103streaz\u0103 viu. Vizitatorii\u2026","rel":"","context":"In &quot;Evenimente&quot;","block_context":{"text":"Evenimente","link":"https:\/\/muzeusm.ro\/hu\/category\/evenimente\/"},"img":{"alt_text":"","src":"https:\/\/i0.wp.com\/muzeusm.ro\/wp-content\/uploads\/2025\/09\/540919204_1373473091447156_1866698162337447308_n.jpg?resize=350%2C200&ssl=1","width":350,"height":200,"srcset":"https:\/\/i0.wp.com\/muzeusm.ro\/wp-content\/uploads\/2025\/09\/540919204_1373473091447156_1866698162337447308_n.jpg?resize=350%2C200&ssl=1 1x, https:\/\/i0.wp.com\/muzeusm.ro\/wp-content\/uploads\/2025\/09\/540919204_1373473091447156_1866698162337447308_n.jpg?resize=525%2C300&ssl=1 1.5x, https:\/\/i0.wp.com\/muzeusm.ro\/wp-content\/uploads\/2025\/09\/540919204_1373473091447156_1866698162337447308_n.jpg?resize=700%2C400&ssl=1 2x, https:\/\/i0.wp.com\/muzeusm.ro\/wp-content\/uploads\/2025\/09\/540919204_1373473091447156_1866698162337447308_n.jpg?resize=1050%2C600&ssl=1 3x, https:\/\/i0.wp.com\/muzeusm.ro\/wp-content\/uploads\/2025\/09\/540919204_1373473091447156_1866698162337447308_n.jpg?resize=1400%2C800&ssl=1 4x"},"classes":[]},{"id":1715,"url":"https:\/\/muzeusm.ro\/hu\/ziua-internationala-a-muzeelor\/","url_meta":{"origin":14508,"position":3},"title":"ZIUA   INTERNA\u021aIONAL\u0102   A   MUZEELOR","author":"Dobrescu Adela Catalina","date":"16 May 2016","format":false,"excerpt":"Consiliul Jude\u021bean Satu Mare, Muzeul Jude\u021bean Satu Mare, Muzeul Jude\u0163ean de Istorie \u015fi Art\u0103 \u2013 Zal\u0103u V\u0103 invit\u0103 s\u0103 participa\u021bi la colocviul cu tema TERENUL ETNOGRAFIC \u00ceNTRE CERCETAREA \u0218TIIN\u021aIFIC\u0102 \u0218I MUZEOGRAFIE \u00a0\u00a0\u00a0\u00a0\u00a0\u00a0\u00a0\u00a0\u00a0\u00a0\u00a0\u00a0\u00a0\u00a0\u00a0\u00a0\u00a0\u00a0\u00a0\u00a0\u00a0\u00a0\u00a0\u00a0\u00a0\u00a0\u00a0\u00a0\u00a0\u00a0\u00a0\u00a0 organizat cu prilejul\u00a0 \u00a0ZILEI \u00a0\u00a0INTERNA\u021aIONALE \u00a0\u00a0A \u00a0\u00a0MUZEELOR Particip\u0103 dr. Camelia Burghele, expert, cercet\u0103tor \u0219tiin\u021bific I - Muzeul Jude\u0163ean\u2026","rel":"","context":"In &quot;actualitati&quot;","block_context":{"text":"actualitati","link":"https:\/\/muzeusm.ro\/hu\/category\/actualitati\/"},"img":{"alt_text":"invitatie_afis","src":"https:\/\/i0.wp.com\/www.muzeusm.ro\/wp-content\/uploads\/2016\/05\/invitatie_afis-214x300.jpg?resize=350%2C200","width":350,"height":200},"classes":[]},{"id":12879,"url":"https:\/\/muzeusm.ro\/hu\/noaptea-muzeelor-la-sate-2023muzeumok-ejszakaja-a-falvakban-2023\/","url_meta":{"origin":14508,"position":4},"title":"Noaptea muzeelor la sate 2023\/M\u00fazeumok \u00e9jszak\u00e1ja a falvakban 2023","author":"Popdan Bradut","date":"29 August 2023","format":false,"excerpt":"RO: Re\u021beaua Na\u021bional\u0103 a Muzeelor din Rom\u00e2nia a in\u021biat \u00eencep\u00e2nd cu anul 2023 un nou proiect cultural inedit, intitulat \u201eNoaptea muzeelor la sate\u201d. Astfel, \u00een data de 2 septembrie la o serie de muzee din mediul rural de pe \u00eentreg teritoriul Rom\u00e2niei se vor desf\u0103\u0219ura evenimente culturale \u0219i programe educative\u2026","rel":"","context":"In &quot;actualitati&quot;","block_context":{"text":"actualitati","link":"https:\/\/muzeusm.ro\/hu\/category\/actualitati\/"},"img":{"alt_text":"","src":"","width":0,"height":0},"classes":[]},{"id":17200,"url":"https:\/\/muzeusm.ro\/hu\/tururi-ghidate-in-satu-mare-si-carei\/","url_meta":{"origin":14508,"position":5},"title":"Tururi istorice a patrimoniului arhitectural prezentat \u00een muzeu &#8211; complementar la expozi\u021bii","author":"Kov\u00e1cs Zsolt","date":"20 January 2026","format":false,"excerpt":"","rel":"","context":"In &quot;Expozitiidebaza&quot;","block_context":{"text":"Expozitiidebaza","link":"https:\/\/muzeusm.ro\/hu\/category\/expozitiidebaza\/"},"img":{"alt_text":"","src":"https:\/\/i0.wp.com\/muzeusm.ro\/wp-content\/uploads\/2026\/01\/tur-ISTORIC-a4%403x.png?resize=350%2C200&ssl=1","width":350,"height":200,"srcset":"https:\/\/i0.wp.com\/muzeusm.ro\/wp-content\/uploads\/2026\/01\/tur-ISTORIC-a4%403x.png?resize=350%2C200&ssl=1 1x, https:\/\/i0.wp.com\/muzeusm.ro\/wp-content\/uploads\/2026\/01\/tur-ISTORIC-a4%403x.png?resize=525%2C300&ssl=1 1.5x, https:\/\/i0.wp.com\/muzeusm.ro\/wp-content\/uploads\/2026\/01\/tur-ISTORIC-a4%403x.png?resize=700%2C400&ssl=1 2x, https:\/\/i0.wp.com\/muzeusm.ro\/wp-content\/uploads\/2026\/01\/tur-ISTORIC-a4%403x.png?resize=1050%2C600&ssl=1 3x, https:\/\/i0.wp.com\/muzeusm.ro\/wp-content\/uploads\/2026\/01\/tur-ISTORIC-a4%403x.png?resize=1400%2C800&ssl=1 4x"},"classes":[]}],"jetpack_sharing_enabled":true,"jetpack_shortlink":"https:\/\/wp.me\/pfvnyQ-3M0","_links":{"self":[{"href":"https:\/\/muzeusm.ro\/hu\/wp-json\/wp\/v2\/posts\/14508","targetHints":{"allow":["GET"]}}],"collection":[{"href":"https:\/\/muzeusm.ro\/hu\/wp-json\/wp\/v2\/posts"}],"about":[{"href":"https:\/\/muzeusm.ro\/hu\/wp-json\/wp\/v2\/types\/post"}],"author":[{"embeddable":true,"href":"https:\/\/muzeusm.ro\/hu\/wp-json\/wp\/v2\/users\/243833644"}],"replies":[{"embeddable":true,"href":"https:\/\/muzeusm.ro\/hu\/wp-json\/wp\/v2\/comments?post=14508"}],"version-history":[{"count":3,"href":"https:\/\/muzeusm.ro\/hu\/wp-json\/wp\/v2\/posts\/14508\/revisions"}],"predecessor-version":[{"id":14511,"href":"https:\/\/muzeusm.ro\/hu\/wp-json\/wp\/v2\/posts\/14508\/revisions\/14511"}],"wp:attachment":[{"href":"https:\/\/muzeusm.ro\/hu\/wp-json\/wp\/v2\/media?parent=14508"}],"wp:term":[{"taxonomy":"category","embeddable":true,"href":"https:\/\/muzeusm.ro\/hu\/wp-json\/wp\/v2\/categories?post=14508"},{"taxonomy":"post_tag","embeddable":true,"href":"https:\/\/muzeusm.ro\/hu\/wp-json\/wp\/v2\/tags?post=14508"}],"curies":[{"name":"wp","href":"https:\/\/api.w.org\/{rel}","templated":true}]}}