{"id":1396,"date":"2015-12-31T10:56:30","date_gmt":"2015-12-31T10:56:30","guid":{"rendered":"http:\/\/www.muzeusm.ro\/?p=1396"},"modified":"2015-12-31T10:56:30","modified_gmt":"2015-12-31T10:56:30","slug":"la-multi-ani-si-un-an-nou-fericit","status":"publish","type":"post","link":"https:\/\/muzeusm.ro\/hu\/la-multi-ani-si-un-an-nou-fericit\/","title":{"rendered":"La mul\u021bi ani \u0219i un an nou fericit!"},"content":{"rendered":"<p><a href=\"http:\/\/www.muzeusm.ro\/wp-content\/uploads\/2015\/12\/new-year-153a.jpg\"><img loading=\"lazy\" decoding=\"async\" data-attachment-id=\"1397\" data-permalink=\"https:\/\/muzeusm.ro\/hu\/new-year-153a\/\" data-orig-file=\"https:\/\/muzeusm.ro\/wp-content\/uploads\/2015\/12\/new-year-153a.jpg\" data-orig-size=\"889,945\" data-comments-opened=\"1\" data-image-meta=\"{&quot;aperture&quot;:&quot;0&quot;,&quot;credit&quot;:&quot;&quot;,&quot;camera&quot;:&quot;&quot;,&quot;caption&quot;:&quot;&quot;,&quot;created_timestamp&quot;:&quot;0&quot;,&quot;copyright&quot;:&quot;&quot;,&quot;focal_length&quot;:&quot;0&quot;,&quot;iso&quot;:&quot;0&quot;,&quot;shutter_speed&quot;:&quot;0&quot;,&quot;title&quot;:&quot;&quot;,&quot;orientation&quot;:&quot;1&quot;}\" data-image-title=\"new-year-153a\" data-image-description=\"\" data-image-caption=\"\" data-medium-file=\"https:\/\/muzeusm.ro\/wp-content\/uploads\/2015\/12\/new-year-153a-282x300.jpg\" data-large-file=\"https:\/\/muzeusm.ro\/wp-content\/uploads\/2015\/12\/new-year-153a.jpg\" class=\"size-medium wp-image-1397 alignleft\" alt=\"new-year-153a\" src=\"http:\/\/www.muzeusm.ro\/wp-content\/uploads\/2015\/12\/new-year-153a-282x300.jpg\" width=\"282\" height=\"300\" srcset=\"https:\/\/muzeusm.ro\/wp-content\/uploads\/2015\/12\/new-year-153a-282x300.jpg 282w, https:\/\/muzeusm.ro\/wp-content\/uploads\/2015\/12\/new-year-153a-768x816.jpg 768w, https:\/\/muzeusm.ro\/wp-content\/uploads\/2015\/12\/new-year-153a.jpg 889w\" sizes=\"auto, (max-width: 282px) 100vw, 282px\" \/><\/a><\/p>\n","protected":false},"excerpt":{"rendered":"","protected":false},"author":245723486,"featured_media":0,"comment_status":"open","ping_status":"open","sticky":false,"template":"","format":"standard","meta":{"_coblocks_attr":"","_coblocks_dimensions":"","_coblocks_responsive_height":"","_coblocks_accordion_ie_support":"","advanced_seo_description":"","jetpack_seo_html_title":"","jetpack_seo_noindex":false,"jetpack_post_was_ever_published":false,"_jetpack_newsletter_access":"","_jetpack_dont_email_post_to_subs":false,"_jetpack_newsletter_tier_id":0,"_jetpack_memberships_contains_paywalled_content":false,"_jetpack_memberships_contains_paid_content":false,"footnotes":"","jetpack_publicize_message":"","jetpack_publicize_feature_enabled":true,"jetpack_social_post_already_shared":false,"jetpack_social_options":{"image_generator_settings":{"template":"highway","default_image_id":0,"font":"","enabled":false},"version":2}},"categories":[6498592],"tags":[],"class_list":["post-1396","post","type-post","status-publish","format-standard","hentry","category-actualitati","entry"],"translation":{"provider":"WPGlobus","version":"3.0.1","language":"hu","enabled_languages":["ro","hu","en"],"languages":{"ro":{"title":true,"content":true,"excerpt":false},"hu":{"title":false,"content":false,"excerpt":false},"en":{"title":false,"content":false,"excerpt":false}}},"jetpack_publicize_connections":[],"jetpack_featured_media_url":"","jetpack_likes_enabled":true,"jetpack-related-posts":[{"id":2021,"url":"https:\/\/muzeusm.ro\/hu\/la-multi-ani-fericiti-si-un-nou-an-cultural-fericit-alaturi-de-muzeul-judetean-satu-mare\/","url_meta":{"origin":1396,"position":0},"title":"La mul\u021bi ani ferici\u021bi \u0219i un an nou cultural bogat al\u0103turi de Muzeul Jude\u021bean Satu Mare!","author":"Dobrescu Adela Catalina","date":"31 December 2016","format":false,"excerpt":"\u00a0 \u00a0 \u00a0 \u00a0 \u00a0 \u00a0 Aurel Jiquidi, Cu sorcova","rel":"","context":"In &quot;actualitati&quot;","block_context":{"text":"actualitati","link":"https:\/\/muzeusm.ro\/hu\/category\/actualitati\/"},"img":{"alt_text":"Aurel Jiquidi, Cu sorcova","src":"https:\/\/i0.wp.com\/www.muzeusm.ro\/wp-content\/uploads\/2016\/12\/Aurel-Jiquidi-Cu-sorcova-211x300.jpg?resize=350%2C200","width":350,"height":200},"classes":[]},{"id":8991,"url":"https:\/\/muzeusm.ro\/hu\/unirea-principatelor-romane-moldova-si-tara-romaneasca-primul-pas-spre-formarea-romaniei-mari\/","url_meta":{"origin":1396,"position":1},"title":"Unirea Principatelor Rom\u00e2ne Moldova \u0219i \u021aara Rom\u00e2neasc\u0103 &#8211; primul pas spre formarea Rom\u00e2niei Mari","author":"Popdan Bradut","date":"24 January 2021","format":false,"excerpt":"Rom\u00e2nii au avut mereu o dorin\u021b\u0103 comun\u0103 - s\u0103 tr\u0103iasc\u0103 to\u021bi \u00eentr-o singur\u0103 patrie, s\u0103 se realizeze o Unire care s\u0103-i aduc\u0103 pe to\u021bi la un loc, s\u0103 existe un stat doar al lor sau, cum afirma Mihail Kog\u0103lniceanu: \u201dDorin\u021ba cea mai mare, cea mai general\u0103, aceea hot\u0103r\u00e2t\u0103 de toate\u2026","rel":"","context":"In &quot;actualitati&quot;","block_context":{"text":"actualitati","link":"https:\/\/muzeusm.ro\/hu\/category\/actualitati\/"},"img":{"alt_text":"","src":"https:\/\/i0.wp.com\/www.muzeusm.ro\/wp-content\/uploads\/2021\/01\/1-1-300x293.jpg?resize=350%2C200","width":350,"height":200},"classes":[]},{"id":7824,"url":"https:\/\/muzeusm.ro\/hu\/reamenajarea-expozitiei-la-muzeul-motilor-din-scarisoara-noua\/","url_meta":{"origin":1396,"position":2},"title":"Reamenajarea expozi\u021biei la Muzeul Mo\u021bilor din Sc\u0103ri\u0219oara Nou\u0103","author":"Popdan Bradut","date":"29 September 2020","format":false,"excerpt":"Muzeul Mo\u021bilor din localitatea Sc\u0103ri\u015foara Nou\u0103 (comuna Pi\u0219colt) a fost reorganizat \u00een anul 1994 de c\u0103tre speciali\u015ftii Muzeului Jude\u0163ean Satu Mare, \u015fi este rodul str\u0103daniilor unui inimos fiu al satului, domnul Ioan B\u00e2tea, care a adunat pe parcursul a mai bine de 50 ani o colec\u021bie impresionant\u0103 de obiecte, at\u00e2t\u2026","rel":"","context":"In &quot;actualitati&quot;","block_context":{"text":"actualitati","link":"https:\/\/muzeusm.ro\/hu\/category\/actualitati\/"},"img":{"alt_text":"","src":"https:\/\/i0.wp.com\/www.muzeusm.ro\/wp-content\/uploads\/2020\/09\/IMG_0933-200x300.jpg?resize=350%2C200","width":350,"height":200},"classes":[]},{"id":5883,"url":"https:\/\/muzeusm.ro\/hu\/programul-de-vizitare-a-muzeului-judetean-satu-mare-in-perioada-sarbatorilor-de-iarna\/","url_meta":{"origin":1396,"position":3},"title":"Programul de vizitare a Muzeului Jude\u0163ean Satu Mare, \u00een perioada S\u0103rb\u0103torilor de Iarn\u0103","author":"Andrei Mocan Mihai","date":"23 December 2019","format":false,"excerpt":"V\u0103 prezent\u0103m programul de vizitare a Muzeului Jude\u0163ean Satu Mare, \u00een perioada S\u0103rb\u0103torilor de Iarn\u0103: 24, 25, 26, 31 decembrie 2019; 1, 2 ianuarie 2020 - \u00ceNCHIS 27, 28, 29 decembrie 2019; 3, 4, 5 ianuarie 2020 - program de vizitare, \u00eentre orele 10.00 \u2013 14.00. V\u0103 mul\u021bumim pentru \u00een\u021belegere!\u2026","rel":"","context":"In &quot;actualitati&quot;","block_context":{"text":"actualitati","link":"https:\/\/muzeusm.ro\/hu\/category\/actualitati\/"},"img":{"alt_text":"","src":"","width":0,"height":0},"classes":[]},{"id":2653,"url":"https:\/\/muzeusm.ro\/hu\/despre-noi-2\/","url_meta":{"origin":1396,"position":4},"title":"Despre noi","author":"Gordan Csilla","date":"4 July 2017","format":false,"excerpt":"\u00a0 Muzeul Jude\u0163ean Satu Mare este cea mai mare institu\u0163ie de cultur\u0103 din jude\u0163, av\u00e2nd \u00een structura organizatoric\u0103 23 de muzee, case memoriale, gospod\u0103rii \u0163\u0103r\u0103ne\u015fti, situri arheologice. Primele colec\u0163ii muzeale s\u0103tm\u0103rene s-au constituit \u00een cadrul cercului K\u00f6lcsey (1891), \u00een anul 1905 \u00eenfiin\u0163\u00e2ndu-se Muzeul Municipal Satu Mare. Dup\u0103 1918, prin str\u0103daniile\u2026","rel":"","context":"Similar post","block_context":{"text":"Similar post","link":""},"img":{"alt_text":"","src":"","width":0,"height":0},"classes":[]},{"id":7676,"url":"https:\/\/muzeusm.ro\/hu\/comemorare-148-de-ani-de-la-moartea-eroului-national-avram-iancu\/","url_meta":{"origin":1396,"position":5},"title":"COMEMORARE \u2013 148 DE ANI DE LA MOARTEA  EROULUI NA\u021aIONAL AVRAM IANCU","author":"Popdan Bradut","date":"14 September 2020","format":false,"excerpt":"\u00cen prezen\u021ba mo\u021bilor din Iancule\u015fti, Marna Nou\u0103, Sc\u0103ri\u015foara Nou\u0103, Horea, Dacia, Traian, Gelu \u0219i Baba Novac,\u00a0 duminic\u0103, 13 septembrie, la bustul lui Avram Iancu, din centrul municipiului Satu Mare, s-au comemorat 148 de ani de la trecerea \u00een eternitate a eroului na\u021bional. Evenimentul a fost organizat de c\u0103tre Societatea Cultural-Patriotic\u0103\u2026","rel":"","context":"In &quot;actualitati&quot;","block_context":{"text":"actualitati","link":"https:\/\/muzeusm.ro\/hu\/category\/actualitati\/"},"img":{"alt_text":"","src":"https:\/\/i0.wp.com\/www.muzeusm.ro\/wp-content\/uploads\/2020\/09\/IMG-20200914-WA0007-300x225.jpg?resize=350%2C200","width":350,"height":200},"classes":[]}],"jetpack_sharing_enabled":true,"jetpack_shortlink":"https:\/\/wp.me\/pfvnyQ-mw","_links":{"self":[{"href":"https:\/\/muzeusm.ro\/hu\/wp-json\/wp\/v2\/posts\/1396","targetHints":{"allow":["GET"]}}],"collection":[{"href":"https:\/\/muzeusm.ro\/hu\/wp-json\/wp\/v2\/posts"}],"about":[{"href":"https:\/\/muzeusm.ro\/hu\/wp-json\/wp\/v2\/types\/post"}],"author":[{"embeddable":true,"href":"https:\/\/muzeusm.ro\/hu\/wp-json\/wp\/v2\/users\/245723486"}],"replies":[{"embeddable":true,"href":"https:\/\/muzeusm.ro\/hu\/wp-json\/wp\/v2\/comments?post=1396"}],"version-history":[{"count":0,"href":"https:\/\/muzeusm.ro\/hu\/wp-json\/wp\/v2\/posts\/1396\/revisions"}],"wp:attachment":[{"href":"https:\/\/muzeusm.ro\/hu\/wp-json\/wp\/v2\/media?parent=1396"}],"wp:term":[{"taxonomy":"category","embeddable":true,"href":"https:\/\/muzeusm.ro\/hu\/wp-json\/wp\/v2\/categories?post=1396"},{"taxonomy":"post_tag","embeddable":true,"href":"https:\/\/muzeusm.ro\/hu\/wp-json\/wp\/v2\/tags?post=1396"}],"curies":[{"name":"wp","href":"https:\/\/api.w.org\/{rel}","templated":true}]}}