{"id":1388,"date":"2015-12-25T14:56:15","date_gmt":"2015-12-25T14:56:15","guid":{"rendered":"http:\/\/www.muzeusm.ro\/?p=1388"},"modified":"2015-12-25T14:56:15","modified_gmt":"2015-12-25T14:56:15","slug":"sarbatori-fericite","status":"publish","type":"post","link":"https:\/\/muzeusm.ro\/hu\/sarbatori-fericite\/","title":{"rendered":"S\u0103rb\u0103tori fericite!"},"content":{"rendered":"<p><a href=\"http:\/\/www.muzeusm.ro\/wp-content\/uploads\/2015\/12\/IMG_0279.jpg\"><img loading=\"lazy\" decoding=\"async\" data-attachment-id=\"1389\" data-permalink=\"https:\/\/muzeusm.ro\/hu\/img_0279\/\" data-orig-file=\"https:\/\/muzeusm.ro\/wp-content\/uploads\/2015\/12\/IMG_0279.jpg\" data-orig-size=\"668,945\" data-comments-opened=\"1\" data-image-meta=\"{&quot;aperture&quot;:&quot;4&quot;,&quot;credit&quot;:&quot;unknown&quot;,&quot;camera&quot;:&quot;Canon EOS 350D DIGITAL&quot;,&quot;caption&quot;:&quot;&quot;,&quot;created_timestamp&quot;:&quot;1073446052&quot;,&quot;copyright&quot;:&quot;&quot;,&quot;focal_length&quot;:&quot;25&quot;,&quot;iso&quot;:&quot;400&quot;,&quot;shutter_speed&quot;:&quot;0.016666666666667&quot;,&quot;title&quot;:&quot;&quot;,&quot;orientation&quot;:&quot;1&quot;}\" data-image-title=\"IMG_0279\" data-image-description=\"\" data-image-caption=\"\" data-medium-file=\"https:\/\/muzeusm.ro\/wp-content\/uploads\/2015\/12\/IMG_0279-212x300.jpg\" data-large-file=\"https:\/\/muzeusm.ro\/wp-content\/uploads\/2015\/12\/IMG_0279.jpg\" class=\"size-medium wp-image-1389 alignleft\" alt=\"IMG_0279\" src=\"http:\/\/www.muzeusm.ro\/wp-content\/uploads\/2015\/12\/IMG_0279-212x300.jpg\" width=\"212\" height=\"300\" srcset=\"https:\/\/muzeusm.ro\/wp-content\/uploads\/2015\/12\/IMG_0279-212x300.jpg 212w, https:\/\/muzeusm.ro\/wp-content\/uploads\/2015\/12\/IMG_0279.jpg 668w\" sizes=\"auto, (max-width: 212px) 100vw, 212px\" \/><\/a><\/p>\n","protected":false},"excerpt":{"rendered":"","protected":false},"author":245723486,"featured_media":0,"comment_status":"open","ping_status":"open","sticky":false,"template":"","format":"standard","meta":{"_coblocks_attr":"","_coblocks_dimensions":"","_coblocks_responsive_height":"","_coblocks_accordion_ie_support":"","advanced_seo_description":"","jetpack_seo_html_title":"","jetpack_seo_noindex":false,"jetpack_post_was_ever_published":false,"_jetpack_newsletter_access":"","_jetpack_dont_email_post_to_subs":false,"_jetpack_newsletter_tier_id":0,"_jetpack_memberships_contains_paywalled_content":false,"_jetpack_memberships_contains_paid_content":false,"footnotes":"","jetpack_publicize_message":"","jetpack_publicize_feature_enabled":true,"jetpack_social_post_already_shared":false,"jetpack_social_options":{"image_generator_settings":{"template":"highway","default_image_id":0,"font":"","enabled":false},"version":2}},"categories":[6498592],"tags":[],"class_list":["post-1388","post","type-post","status-publish","format-standard","hentry","category-actualitati","entry"],"translation":{"provider":"WPGlobus","version":"3.0.1","language":"hu","enabled_languages":["ro","hu","en"],"languages":{"ro":{"title":true,"content":true,"excerpt":false},"hu":{"title":false,"content":false,"excerpt":false},"en":{"title":false,"content":false,"excerpt":false}}},"jetpack_publicize_connections":[],"jetpack_featured_media_url":"","jetpack_likes_enabled":true,"jetpack-related-posts":[{"id":1675,"url":"https:\/\/muzeusm.ro\/hu\/sarbatori-fericite-2\/","url_meta":{"origin":1388,"position":0},"title":"S\u0103rb\u0103tori fericite!","author":"Dobrescu Adela Catalina","date":"1 May 2016","format":false,"excerpt":"Cristos a \u00eenviat! S\u0103rb\u0103tori binecuv\u00e2ntate al\u0103turi de cei dragi! Piero Della Francesca, The Resurrection, 1463","rel":"","context":"In &quot;actualitati&quot;","block_context":{"text":"actualitati","link":"https:\/\/muzeusm.ro\/hu\/category\/actualitati\/"},"img":{"alt_text":"133 Della Francesca Resurrection","src":"https:\/\/i0.wp.com\/www.muzeusm.ro\/wp-content\/uploads\/2016\/05\/133-Della-Francesca-Resurrection-269x300.jpg?resize=350%2C200","width":350,"height":200},"classes":[]},{"id":2014,"url":"https:\/\/muzeusm.ro\/hu\/sarbatori-fericite-si-binecuvantate\/","url_meta":{"origin":1388,"position":1},"title":"S\u0103rb\u0103tori fericite \u0219i binecuv\u00e2ntate!","author":"Dobrescu Adela Catalina","date":"25 December 2016","format":false,"excerpt":"\u00a0 \u00a0 \u00a0","rel":"","context":"In &quot;actualitati&quot;","block_context":{"text":"actualitati","link":"https:\/\/muzeusm.ro\/hu\/category\/actualitati\/"},"img":{"alt_text":"F","src":"https:\/\/i0.wp.com\/www.muzeusm.ro\/wp-content\/uploads\/2016\/12\/1308DucciodiBuoninsegna-300x295.jpg?resize=350%2C200","width":350,"height":200},"classes":[]},{"id":10631,"url":"https:\/\/muzeusm.ro\/hu\/sarbatori-fericite-3\/","url_meta":{"origin":1388,"position":2},"title":"S\u0103rb\u0103tori fericite!","author":"andreeaionetecu","date":"23 December 2021","format":false,"excerpt":"S\u0103rb\u0103tori fericite! \u00c1ldott \u00dcnnepeket! Frohe Weihnachten! Program de s\u0103rb\u0103tori: 24.12.2021 - Deschis 25-26-27.12.2021 - \u00cenchis 28-29-30-31.12.2021 - Deschis 1-2-3.01.2022 - \u00cenchis \u00dcnnepi nyitvatart\u00e1s: 2021. december 24 - Nyitva 2021. december 25-26-27 - Z\u00e1rva 2021. december 28-29-30-31 - Nyitva 2022. janu\u00e1r 1-2-3 - Z\u00e1rva Foto: Arhiva MJSM - Ioni\u021b\u0103 G. Andron","rel":"","context":"In &quot;actualitati&quot;","block_context":{"text":"actualitati","link":"https:\/\/muzeusm.ro\/hu\/category\/actualitati\/"},"img":{"alt_text":"\ud83c\udf81","src":"https:\/\/i0.wp.com\/www.facebook.com\/images\/emoji.php\/v9\/t23\/2\/16\/1f381.png?resize=350%2C200&ssl=1","width":350,"height":200},"classes":[]},{"id":5883,"url":"https:\/\/muzeusm.ro\/hu\/programul-de-vizitare-a-muzeului-judetean-satu-mare-in-perioada-sarbatorilor-de-iarna\/","url_meta":{"origin":1388,"position":3},"title":"Programul de vizitare a Muzeului Jude\u0163ean Satu Mare, \u00een perioada S\u0103rb\u0103torilor de Iarn\u0103","author":"Andrei Mocan Mihai","date":"23 December 2019","format":false,"excerpt":"V\u0103 prezent\u0103m programul de vizitare a Muzeului Jude\u0163ean Satu Mare, \u00een perioada S\u0103rb\u0103torilor de Iarn\u0103: 24, 25, 26, 31 decembrie 2019; 1, 2 ianuarie 2020 - \u00ceNCHIS 27, 28, 29 decembrie 2019; 3, 4, 5 ianuarie 2020 - program de vizitare, \u00eentre orele 10.00 \u2013 14.00. V\u0103 mul\u021bumim pentru \u00een\u021belegere!\u2026","rel":"","context":"In &quot;actualitati&quot;","block_context":{"text":"actualitati","link":"https:\/\/muzeusm.ro\/hu\/category\/actualitati\/"},"img":{"alt_text":"","src":"","width":0,"height":0},"classes":[]},{"id":2250,"url":"https:\/\/muzeusm.ro\/hu\/hristos-a-inviat\/","url_meta":{"origin":1388,"position":4},"title":"Hristos a \u00eenviat!","author":"Dobrescu Adela Catalina","date":"16 April 2017","format":false,"excerpt":"\"Eu sunt \u00eenvierea \u015fi via\u0163a; cel ce crede \u00een Mine, chiar dac\u0103 va muri, va tr\u0103i. \u015ei oricine tr\u0103ie\u015fte \u015fi crede \u00een Mine nu va muri \u00een veac. \" Sf\u00e2nta Scriptur\u0103, Evanghelia dup\u0103 Ioan 11.25-26 S\u0103rb\u0103tori fericite al\u0103turi de cei dragi!","rel":"","context":"In &quot;actualitati&quot;","block_context":{"text":"actualitati","link":"https:\/\/muzeusm.ro\/hu\/category\/actualitati\/"},"img":{"alt_text":"","src":"https:\/\/i0.wp.com\/www.muzeusm.ro\/wp-content\/uploads\/2017\/04\/Invierea-22-243x300.jpg?resize=350%2C200","width":350,"height":200},"classes":[]},{"id":5871,"url":"https:\/\/muzeusm.ro\/hu\/asteptandu-l-pe-mos-craciun\/","url_meta":{"origin":1388,"position":5},"title":"A\u015ftept\u00e2ndu-l pe Mo\u015f Cr\u0103ciun.","author":"Andrei Mocan Mihai","date":"23 December 2019","format":false,"excerpt":"A\u015ftept\u00e2ndu-l pe Mo\u015f Cr\u0103ciun, copiii de la \u015ecoala Gimnazial\u0103 Nr. 11 S\u0103tm\u0103rel au d\u0103ruit felicit\u0103ri \u015fi decora\u0163iuni de Cr\u0103ciun, bunicilor de la Centrul de \u00cengrijire \u015fi Asisten\u0163\u0103 \"\u015eansa\", iar ca bucuria s\u0103 fie \u015fi mai mare au interpretat c\u00e2teva colinde \u015fi au urat \"S\u0103rb\u0103tori fericite tuturor\".","rel":"","context":"In &quot;actualitati&quot;","block_context":{"text":"actualitati","link":"https:\/\/muzeusm.ro\/hu\/category\/actualitati\/"},"img":{"alt_text":"","src":"https:\/\/i0.wp.com\/www.muzeusm.ro\/wp-content\/uploads\/2019\/12\/IMG_20191216_112622-225x300.jpg?resize=350%2C200","width":350,"height":200},"classes":[]}],"jetpack_sharing_enabled":true,"jetpack_shortlink":"https:\/\/wp.me\/pfvnyQ-mo","_links":{"self":[{"href":"https:\/\/muzeusm.ro\/hu\/wp-json\/wp\/v2\/posts\/1388","targetHints":{"allow":["GET"]}}],"collection":[{"href":"https:\/\/muzeusm.ro\/hu\/wp-json\/wp\/v2\/posts"}],"about":[{"href":"https:\/\/muzeusm.ro\/hu\/wp-json\/wp\/v2\/types\/post"}],"author":[{"embeddable":true,"href":"https:\/\/muzeusm.ro\/hu\/wp-json\/wp\/v2\/users\/245723486"}],"replies":[{"embeddable":true,"href":"https:\/\/muzeusm.ro\/hu\/wp-json\/wp\/v2\/comments?post=1388"}],"version-history":[{"count":0,"href":"https:\/\/muzeusm.ro\/hu\/wp-json\/wp\/v2\/posts\/1388\/revisions"}],"wp:attachment":[{"href":"https:\/\/muzeusm.ro\/hu\/wp-json\/wp\/v2\/media?parent=1388"}],"wp:term":[{"taxonomy":"category","embeddable":true,"href":"https:\/\/muzeusm.ro\/hu\/wp-json\/wp\/v2\/categories?post=1388"},{"taxonomy":"post_tag","embeddable":true,"href":"https:\/\/muzeusm.ro\/hu\/wp-json\/wp\/v2\/tags?post=1388"}],"curies":[{"name":"wp","href":"https:\/\/api.w.org\/{rel}","templated":true}]}}