{"id":13685,"date":"2013-12-12T12:23:47","date_gmt":"2013-12-12T12:23:47","guid":{"rendered":"http:\/\/www.muzeusm.ro\/?page_id=103"},"modified":"2024-03-24T11:49:24","modified_gmt":"2024-03-24T09:49:24","slug":"sectia-etnografie-arta","status":"publish","type":"post","link":"https:\/\/muzeusm.ro\/hu\/sectia-etnografie-arta\/","title":{"rendered":"Sec\u0163ia Etnografie"},"content":{"rendered":"<p><em>Sec\u0163ia de etnografie<\/em> de\u0163ine un patrimoniu cultural ce \u00eensumeaz\u0103 cca. 44. 000 de obiecte\u00a0 (ceramic\u0103 utilitar\u0103 \u0219i decorativ\u0103, textile, port popular, podoabe, icoane, obiecte din lemn, obiecte de uz casnic, fotografii, diapozitive, manuscrise). \u00cen anul 1992 a fost organizat\u0103 expozi\u021bia de baz\u0103 a sec\u021biei, iar \u00een anul 2005 a fost modernizat\u0103 \u0219i reorganizat\u0103 \u00een cadrul expozi\u021biei cu titlul \u201dCiviliza\u021bie. Identitate. Multiculturalitate\u201d.\u00cen componen\u0163a Sec\u0163iei de etnografie se afl\u0103: Casa memorial\u0103 Vasile Lucaciu, Casa \u0163\u0103r\u0103neasc\u0103 C\u0103line\u015fti Oa\u015f, Casa \u0163\u0103r\u0103neasc\u0103 Certeze, Muzeul local Ora\u015fu Nou, Muzeul local Tur\u0163, Muzeul \u0218v\u0103besc Petre\u015fti, Muzeul Mo\u0163ilor Sc\u0103ri\u015foara, Muzeul\u00a0 Ugocea-Oa\u0219\u00a0 Tarna Mare , Muzeul local C\u0103m\u0103rzana (\u00een curs de reorganizare) Sec\u0163ia are 12 angaja\u0163i : 1 \u015fef de sec\u0163ie; 4 muzeografi; 2 conservatori; 5 supraveghetori.<\/p>\n<p>DR.MARIA MAGDALENA LOBON\u021a PU\u0218CA\u0218 &#8211; \u0218EF SEC\u021aIE GR II<br \/>\n[wpfilebase tag=file id=10 tpl=simple][wpfilebase tag=file id=31 tpl=simple]<br \/>\nDR.SZILAGYI LEVENTE GABOR &#8211; MUZEOGRAF IA<br \/>\n[wpfilebase tag=file id= tpl=simple][wpfilebase tag=file id= tpl=simple]<\/p>\n<p>CIPRIAN EMANUEL HONCA &#8211; MUZEOGRAF II<\/p>\n<p>HER\u0162EG ANDREA TUNDE &#8211; CONSERVATOR IA<br \/>\nANGELICA DORINA ROT\u0102REANU &#8211; CONSERVATOR IA<br \/>\n[wpfilebase tag=file id= tpl=simple][wpfilebase tag=file id= tpl=simple]<\/p>\n<p>ADRIANA MAGDALENA ACHIM &#8211; MUZEOGRAF II<\/p>\n<p>BODNAR LUDOVIC CSABA &#8211; SUPRAVEGHETOR<\/p>\n<p>NICOLETA FLORINA MALANCA &#8211; SUPRAVEGHETOR<\/p>\n<p>FILE TUNDE ELISABETA &#8211; SUPRAVEGHETOR<\/p>\n<p>DIANA MARIA BELBE &#8211; SUPRAVEGHETOR<\/p>\n<p>TALPO\u015e ELISABETA &#8211; SURPAVEGHETOR<\/p>\n","protected":false},"excerpt":{"rendered":"<p>Sec\u0163ia de etnografie de\u0163ine un patrimoniu cultural ce \u00eensumeaz\u0103 cca. 44. 000 de obiecte\u00a0 (ceramic\u0103 utilitar\u0103 \u0219i decorativ\u0103, textile, port popular, podoabe, icoane, obiecte din lemn, obiecte de uz casnic, fotografii, diapozitive, manuscrise). \u00cen anul 1992 a fost organizat\u0103 expozi\u021bia de baz\u0103 a sec\u021biei, iar \u00een anul 2005 a fost modernizat\u0103 \u0219i reorganizat\u0103 \u00een cadrul<a class=\"more-link\" href=\"https:\/\/muzeusm.ro\/hu\/sectia-etnografie-arta\/\">Continue reading <span class=\"screen-reader-text\">&#8220;Sec\u0163ia Etnografie&#8221;<\/span><\/a><\/p>\n","protected":false},"author":245723487,"featured_media":0,"comment_status":"closed","ping_status":"closed","sticky":false,"template":"","format":"standard","meta":{"_coblocks_attr":"","_coblocks_dimensions":"","_coblocks_responsive_height":"","_coblocks_accordion_ie_support":"","advanced_seo_description":"","jetpack_seo_html_title":"","jetpack_seo_noindex":false,"jetpack_post_was_ever_published":false,"_jetpack_newsletter_access":"","_jetpack_dont_email_post_to_subs":false,"_jetpack_newsletter_tier_id":0,"_jetpack_memberships_contains_paywalled_content":false,"_jetpack_memberships_contains_paid_content":false,"footnotes":"","jetpack_publicize_message":"","jetpack_publicize_feature_enabled":true,"jetpack_social_post_already_shared":false,"jetpack_social_options":{"image_generator_settings":{"template":"highway","default_image_id":0,"font":"","enabled":false},"version":2}},"categories":[],"tags":[],"class_list":["post-13685","post","type-post","status-publish","format-standard","hentry","entry"],"translation":{"provider":"WPGlobus","version":"3.0.1","language":"hu","enabled_languages":["ro","hu","en"],"languages":{"ro":{"title":true,"content":true,"excerpt":false},"hu":{"title":false,"content":false,"excerpt":false},"en":{"title":false,"content":false,"excerpt":false}}},"jetpack_publicize_connections":[],"jetpack_featured_media_url":"","jetpack_likes_enabled":true,"jetpack-related-posts":[{"id":13686,"url":"https:\/\/muzeusm.ro\/hu\/muzeele-carei-si-tasnad\/","url_meta":{"origin":13685,"position":0},"title":"Sec\u0163ia Carei \u015fi T\u0103\u015fnad","author":"Gordan Csilla","date":"12 December 2013","format":false,"excerpt":"Sec\u021bia Carei- T\u0103\u0219nad cuprinde urm\u0103toarele obiective muzeale: Muzeul Municipal Carei,Muzeul Or\u0103\u015fenesc T\u0103\u015fnad, Complexul Muzeal Ady Endre, Muzeul Maghiar Sipos Laszlo de la Bogdand \u0219i Casa \u021b\u0103r\u0103neasc\u0103 de la Andrid. Muzeul Municipal Carei. S-a \u00eenfiin\u021bat sub numele de Muzeu Raional \u00een anul 1958. Devine muzeu or\u0103\u0219enesc \u00een 1985 \u0219i intr\u0103 \u00een\u2026","rel":"","context":"Similar post","block_context":{"text":"Similar post","link":""},"img":{"alt_text":"","src":"","width":0,"height":0},"classes":[]},{"id":61,"url":"https:\/\/muzeusm.ro\/hu\/muzeul-etnografic-al-motilor-scarisoara-noua\/","url_meta":{"origin":13685,"position":1},"title":"Muzeul etnografic al Mo\u0163ilor \u2013 Sc\u0103ri\u015foara Nou\u0103","author":"Gordan Csilla","date":"12 December 2013","format":false,"excerpt":"{:ro} Muzeul Mo\u021bilor din localitatea Sc\u0103ri\u015foara Nou\u0103 (comuna Pi\u0219colt) a fost reorganizat \u00een anul 1994 de c\u0103tre speciali\u015ftii Muzeului Jude\u0163ean Satu Mare, \u015fi este rodul str\u0103daniilor unui inimos fiu al satului, domnul Ioan B\u00e2tea, care a adunat pe parcursul a mai bine de 50 ani o colec\u021bie impresionant\u0103 de obiecte,\u2026","rel":"","context":"Similar post","block_context":{"text":"Similar post","link":""},"img":{"alt_text":"Scarisoara4","src":"https:\/\/i0.wp.com\/www.muzeusm.ro\/wp-content\/uploads\/2013\/12\/Scarisoara4-150x150.jpg?resize=350%2C200","width":350,"height":200},"classes":[]},{"id":7824,"url":"https:\/\/muzeusm.ro\/hu\/reamenajarea-expozitiei-la-muzeul-motilor-din-scarisoara-noua\/","url_meta":{"origin":13685,"position":2},"title":"Reamenajarea expozi\u021biei la Muzeul Mo\u021bilor din Sc\u0103ri\u0219oara Nou\u0103","author":"Popdan Bradut","date":"29 September 2020","format":false,"excerpt":"Muzeul Mo\u021bilor din localitatea Sc\u0103ri\u015foara Nou\u0103 (comuna Pi\u0219colt) a fost reorganizat \u00een anul 1994 de c\u0103tre speciali\u015ftii Muzeului Jude\u0163ean Satu Mare, \u015fi este rodul str\u0103daniilor unui inimos fiu al satului, domnul Ioan B\u00e2tea, care a adunat pe parcursul a mai bine de 50 ani o colec\u021bie impresionant\u0103 de obiecte, at\u00e2t\u2026","rel":"","context":"In &quot;actualitati&quot;","block_context":{"text":"actualitati","link":"https:\/\/muzeusm.ro\/hu\/category\/actualitati\/"},"img":{"alt_text":"","src":"https:\/\/i0.wp.com\/www.muzeusm.ro\/wp-content\/uploads\/2020\/09\/IMG_0933-200x300.jpg?resize=350%2C200","width":350,"height":200},"classes":[]},{"id":1104,"url":"https:\/\/muzeusm.ro\/hu\/sectia-istorie\/","url_meta":{"origin":13685,"position":3},"title":"Sec\u021bia Istorie","author":"Dobrescu Adela Catalina","date":"5 October 2015","format":false,"excerpt":"Sec\u021bia de Istorie a Muzeului Jude\u021bean Satu Mare a fost \u00eenfiin\u021bat\u0103 \u00een 1968, c\u00e2nd muzeul a primit statutul de Muzeu Jude\u021bean. Colec\u021bia ei s-a format din mai multe surse. Unul dintre nuclee \u00eel constituie colec\u021bia Cercului K\u00f6lcsey. Ast\u0103zi Sec\u021bia de Istorie cuprinde un num\u0103r \u00eensemnat de documente, carte veche, textile,\u2026","rel":"","context":"Similar post","block_context":{"text":"Similar post","link":""},"img":{"alt_text":"","src":"","width":0,"height":0},"classes":[]},{"id":2072,"url":"https:\/\/muzeusm.ro\/hu\/concurs-pentru-ocuparea-postului-de-supraveghetor\/","url_meta":{"origin":13685,"position":4},"title":"Concurs pentru ocuparea postului de supraveghetor","author":"Dobrescu Adela Catalina","date":"15 February 2017","format":false,"excerpt":"MUZEUL JUDETEAN SATU MARE, organizeaz\u0103 concurs pentru ocuparea pe perioad\u0103 nedeterminat\u0103 a func\u021biei contractuale de execu\u021bie, vacante, astfel: \u2022 Supraveghetor studii medii -2 posturi ( 1 persoan\u0103 cu \u00bd norm\u0103 pentru Muzeul Sv\u0103besc Petre\u0219ti +1 persoan\u0103 cu \u00bd norm\u0103 Muzeul Maghiar Sipos Laszlo Bogdand); \u2022 Supraveghetor studii medii -2 posturi\u2026","rel":"","context":"In &quot;actualitati&quot;","block_context":{"text":"actualitati","link":"https:\/\/muzeusm.ro\/hu\/category\/actualitati\/"},"img":{"alt_text":"","src":"","width":0,"height":0},"classes":[]},{"id":1117,"url":"https:\/\/muzeusm.ro\/hu\/sectia-relatii-cu-publicul\/","url_meta":{"origin":13685,"position":5},"title":"Sec\u021bia Rela\u021bii cu publicul","author":"Dobrescu Adela Catalina","date":"5 October 2015","format":false,"excerpt":"Sec\u0163ia de Rela\u0163ii cu Publicul din cadrul Muzelui Jude\u0163ean Satu Mare func\u0163ioneaz\u0103 ca sec\u0163ie separat\u0103 \u00eencep\u00e2nd cu anul 2003. \u00cen prezent, ea are \u00een componen\u0163a sa un \u015fef sec\u0163ie \u015fi 9 posturi de execu\u0163ie (2 muzeografi, 1 bibliotecar, 1 educator muzeal, 2 gestionar custode \u015fi 3 supraveghetori), care cuprind Biblioteca\u2026","rel":"","context":"Similar post","block_context":{"text":"Similar post","link":""},"img":{"alt_text":"","src":"","width":0,"height":0},"classes":[]}],"jetpack_sharing_enabled":true,"jetpack_shortlink":"https:\/\/wp.me\/pfvnyQ-3yJ","_links":{"self":[{"href":"https:\/\/muzeusm.ro\/hu\/wp-json\/wp\/v2\/posts\/13685","targetHints":{"allow":["GET"]}}],"collection":[{"href":"https:\/\/muzeusm.ro\/hu\/wp-json\/wp\/v2\/posts"}],"about":[{"href":"https:\/\/muzeusm.ro\/hu\/wp-json\/wp\/v2\/types\/post"}],"author":[{"embeddable":true,"href":"https:\/\/muzeusm.ro\/hu\/wp-json\/wp\/v2\/users\/245723487"}],"replies":[{"embeddable":true,"href":"https:\/\/muzeusm.ro\/hu\/wp-json\/wp\/v2\/comments?post=13685"}],"version-history":[{"count":1,"href":"https:\/\/muzeusm.ro\/hu\/wp-json\/wp\/v2\/posts\/13685\/revisions"}],"predecessor-version":[{"id":13792,"href":"https:\/\/muzeusm.ro\/hu\/wp-json\/wp\/v2\/posts\/13685\/revisions\/13792"}],"wp:attachment":[{"href":"https:\/\/muzeusm.ro\/hu\/wp-json\/wp\/v2\/media?parent=13685"}],"wp:term":[{"taxonomy":"category","embeddable":true,"href":"https:\/\/muzeusm.ro\/hu\/wp-json\/wp\/v2\/categories?post=13685"},{"taxonomy":"post_tag","embeddable":true,"href":"https:\/\/muzeusm.ro\/hu\/wp-json\/wp\/v2\/tags?post=13685"}],"curies":[{"name":"wp","href":"https:\/\/api.w.org\/{rel}","templated":true}]}}