{"id":1242,"date":"2015-12-08T06:22:31","date_gmt":"2015-12-08T06:22:31","guid":{"rendered":"http:\/\/www.muzeusm.ro\/?p=1242"},"modified":"2015-12-08T06:22:31","modified_gmt":"2015-12-08T06:22:31","slug":"oala-de-sarmale-lut-dimensiuni-22x15x35cm-centru-ceramic-vama-judetul-satu-mare","status":"publish","type":"post","link":"https:\/\/muzeusm.ro\/hu\/oala-de-sarmale-lut-dimensiuni-22x15x35cm-centru-ceramic-vama-judetul-satu-mare\/","title":{"rendered":"Oal\u0103 de sarmale, lut, dimensiuni 22x15x35cm, Centru ceramic Vama, jude\u021bul Satu MareStuffed cabbage pot, clay, dimensions 22x15x35cm, Vama, Satu Mare County"},"content":{"rendered":"<p><a href=\"http:\/\/www.muzeusm.ro\/wp-content\/uploads\/2015\/12\/IMG_9202.jpg\"><img loading=\"lazy\" decoding=\"async\" data-attachment-id=\"1276\" data-permalink=\"https:\/\/muzeusm.ro\/hu\/img_9202\/\" data-orig-file=\"https:\/\/muzeusm.ro\/wp-content\/uploads\/2015\/12\/IMG_9202.jpg\" data-orig-size=\"603,484\" data-comments-opened=\"1\" data-image-meta=\"{&quot;aperture&quot;:&quot;4&quot;,&quot;credit&quot;:&quot;&quot;,&quot;camera&quot;:&quot;Canon EOS 100D&quot;,&quot;caption&quot;:&quot;&quot;,&quot;created_timestamp&quot;:&quot;1370510238&quot;,&quot;copyright&quot;:&quot;&quot;,&quot;focal_length&quot;:&quot;50&quot;,&quot;iso&quot;:&quot;1000&quot;,&quot;shutter_speed&quot;:&quot;0.0125&quot;,&quot;title&quot;:&quot;&quot;,&quot;orientation&quot;:&quot;1&quot;}\" data-image-title=\"IMG_9202\" data-image-description=\"\" data-image-caption=\"\" data-medium-file=\"https:\/\/muzeusm.ro\/wp-content\/uploads\/2015\/12\/IMG_9202-300x241.jpg\" data-large-file=\"https:\/\/muzeusm.ro\/wp-content\/uploads\/2015\/12\/IMG_9202.jpg\" src=\"http:\/\/www.muzeusm.ro\/wp-content\/uploads\/2015\/12\/IMG_9202-150x150.jpg\" alt=\"IMG_9202\" width=\"150\" height=\"150\" class=\"alignnone size-thumbnail wp-image-1276\" \/><\/a><br \/>\n<strong>Oal\u0103 de sarmale, lut, dimensiuni 22x15x35cm, Centru ceramic Vama, jude\u021bul Satu Mare<\/strong><br \/>\nOal\u0103 de sarmale cu dou\u0103 tor\u0163i, de form\u0103 bitronconic\u0103. Tor\u0163ile pornesc de pe por\u0163iunea de gabarit maxim \u015fi se prind de gura vasului. <\/p>\n","protected":false},"excerpt":{"rendered":"<p>Oal\u0103 de sarmale, lut, dimensiuni 22x15x35cm, Centru ceramic Vama, jude\u021bul Satu Mare Oal\u0103 de sarmale cu dou\u0103 tor\u0163i, de form\u0103 bitronconic\u0103. Tor\u0163ile pornesc de pe por\u0163iunea de gabarit maxim \u015fi se prind de gura vasului.<\/p>\n","protected":false},"author":245723487,"featured_media":0,"comment_status":"open","ping_status":"open","sticky":false,"template":"","format":"standard","meta":{"_coblocks_attr":"","_coblocks_dimensions":"","_coblocks_responsive_height":"","_coblocks_accordion_ie_support":"","advanced_seo_description":"","jetpack_seo_html_title":"","jetpack_seo_noindex":false,"jetpack_post_was_ever_published":false,"_jetpack_newsletter_access":"","_jetpack_dont_email_post_to_subs":false,"_jetpack_newsletter_tier_id":0,"_jetpack_memberships_contains_paywalled_content":false,"_jetpack_memberships_contains_paid_content":false,"footnotes":"","jetpack_publicize_message":"","jetpack_publicize_feature_enabled":true,"jetpack_social_post_already_shared":false,"jetpack_social_options":{"image_generator_settings":{"template":"highway","default_image_id":0,"font":"","enabled":false},"version":2}},"categories":[6498594],"tags":[],"class_list":["post-1242","post","type-post","status-publish","format-standard","hentry","category-obiectul_lunii","entry"],"translation":{"provider":"WPGlobus","version":"3.0.1","language":"hu","enabled_languages":["ro","hu","en"],"languages":{"ro":{"title":true,"content":true,"excerpt":false},"hu":{"title":false,"content":false,"excerpt":false},"en":{"title":false,"content":true,"excerpt":false}}},"jetpack_publicize_connections":[],"jetpack_featured_media_url":"","jetpack_likes_enabled":true,"jetpack-related-posts":[{"id":1995,"url":"https:\/\/muzeusm.ro\/hu\/expozitie-oala-de-sarmale-a-bunicii\/","url_meta":{"origin":1242,"position":0},"title":"Expozi\u021bie \u201eOala de sarmale a bunicii\u201d","author":"Dobrescu Adela Catalina","date":"29 November 2016","format":false,"excerpt":"Comunicat Muzeul Jude\u021bean Satu Mare \u00een parteneriat cu Muzeul Na\u021bional al Satului \u201eDimitrie Gusti\u201d Bucure\u0219ti, Complexul Na\u021bional Astra Sibiu, Muzeul Satului B\u0103n\u0103\u021bean \u0219i Muzeul Jude\u021bean de Istorie \u0219i Art\u0103 Zal\u0103u v\u0103 invit\u0103 la o expozi\u021bie eveniment: ,,OALA DE SARMALE A BUNICII\u201d! Expozi\u021bia g\u0103zduie\u0219te \u00een s\u0103lile muzeului oale de sarmale tradi\u021bionale\u2026","rel":"","context":"In &quot;actualitati&quot;","block_context":{"text":"actualitati","link":"https:\/\/muzeusm.ro\/hu\/category\/actualitati\/"},"img":{"alt_text":"pt bradi","src":"https:\/\/i0.wp.com\/www.muzeusm.ro\/wp-content\/uploads\/2016\/11\/pt-bradi-210x300.jpg?resize=350%2C200","width":350,"height":200},"classes":[]},{"id":2098,"url":"https:\/\/muzeusm.ro\/hu\/oala-de-sarmale-a-bunicii\/","url_meta":{"origin":1242,"position":1},"title":"Oala de sarmale a bunicii","author":"Dobrescu Adela Catalina","date":"20 February 2017","format":false,"excerpt":"","rel":"","context":"In &quot;actualitati&quot;","block_context":{"text":"actualitati","link":"https:\/\/muzeusm.ro\/hu\/category\/actualitati\/"},"img":{"alt_text":"","src":"https:\/\/i0.wp.com\/www.muzeusm.ro\/wp-content\/uploads\/2017\/02\/ATC_9558-200x300.jpg?resize=350%2C200","width":350,"height":200},"classes":[]},{"id":1998,"url":"https:\/\/muzeusm.ro\/hu\/vernisajul-expozitiei-oala-de-sarmale-a-bunicii\/","url_meta":{"origin":1242,"position":2},"title":"Vernisajul expozi\u021biei \u201eOala de sarmale a bunicii\u201d","author":"Dobrescu Adela Catalina","date":"6 December 2016","format":false,"excerpt":"","rel":"","context":"In &quot;actualitati&quot;","block_context":{"text":"actualitati","link":"https:\/\/muzeusm.ro\/hu\/category\/actualitati\/"},"img":{"alt_text":"_MG_8084","src":"https:\/\/i0.wp.com\/www.muzeusm.ro\/wp-content\/uploads\/2016\/12\/MG_8084-200x300.jpg?resize=350%2C200","width":350,"height":200},"classes":[]},{"id":13682,"url":"https:\/\/muzeusm.ro\/hu\/colectie-muzeala-bocicau\/","url_meta":{"origin":1242,"position":3},"title":"Muzeul Ugocea-Oa\u0219, Tarna Mare","author":"Gordan Csilla","date":"12 December 2013","format":false,"excerpt":"Muzeul Ugocea \u2013 Oa\u0219, Tarna Mare, \u00ee\u0219i dore\u0219te s\u0103 oglindeasc\u0103 o imagine a ceea ce a \u00eensemnat via\u021ba tradi\u021bional\u0103 a o\u0219enilor ugoceni. Pentru recrearea interioarelor tradi\u021bionale o\u0219ene\u0219ti \u0219i reconstituirea modului de via\u021b\u0103 a ugocenilor sunt expuse peste 200 de bunuri muzeale, piese de costum tradi\u021bional, textile de interior (\u0219terguri \u021besute\u2026","rel":"","context":"Similar post","block_context":{"text":"Similar post","link":""},"img":{"alt_text":"","src":"https:\/\/i0.wp.com\/www.muzeusm.ro\/wp-content\/uploads\/2013\/12\/Tarna-Mare-1-300x225.jpg?resize=350%2C200","width":350,"height":200},"classes":[]},{"id":7517,"url":"https:\/\/muzeusm.ro\/hu\/muzeul-ugocea-oas-tarna-mare\/","url_meta":{"origin":1242,"position":4},"title":"Muzeul Ugocea-Oa\u0219 Tarna Mare","author":"Popdan Bradut","date":"13 August 2020","format":false,"excerpt":"Muzeul Jude\u021bean Satu Mare are bucuria de-a v\u0103 anun\u021ba c\u0103 pute\u021bi descoperi \u00een cadrul expozi\u021biei etnografice de la\u00a0 Muzeul Ugocea \u2013 Oa\u0219, Tarna Mare, o imagine a ceea ce a \u00eensemnat via\u021ba tradi\u021bional\u0103 a o\u0219enilor ugoceni. Ve\u021bi reg\u0103si aici obiecte \u0219i fotografii reprezentative pentru zona etnografic\u0103 Oa\u0219 \u2013 Ugocea: piese\u2026","rel":"","context":"In &quot;actualitati&quot;","block_context":{"text":"actualitati","link":"https:\/\/muzeusm.ro\/hu\/category\/actualitati\/"},"img":{"alt_text":"","src":"https:\/\/i0.wp.com\/www.muzeusm.ro\/wp-content\/uploads\/2020\/08\/7-1-225x300.jpg?resize=350%2C200","width":350,"height":200},"classes":[]},{"id":161,"url":"https:\/\/muzeusm.ro\/hu\/sala-ii-neoliticul-si-eneoliticul\/","url_meta":{"origin":1242,"position":5},"title":"Csiszolt k\u0151korszak \u00e9s r\u00e9zkorszak","author":"Gordan Csilla","date":"13 December 2013","format":false,"excerpt":"{:ro}Neoliticul \u015fi eneoliticul din zona S\u0103tmarului sunt cunoscute prin cercetarea a numeroase a\u015fez\u0103ri \u015fi necropole, pe baza c\u0103rora au fost realizate cele trei reconstituiri \u015fi cele trei vitrine din a doua sal\u0103 a expozi\u0163iei de arheologie. Aici a fost reconstituit\u0103 o parte dintr-o locuin\u0163\u0103 neolitic\u0103, cu peretele din fa\u0163\u0103 \u00een\u2026","rel":"","context":"Similar post","block_context":{"text":"Similar post","link":""},"img":{"alt_text":"P2128244","src":"https:\/\/i0.wp.com\/www.muzeusm.ro\/wp-content\/uploads\/2013\/12\/P2128244-150x150.jpg?resize=350%2C200","width":350,"height":200},"classes":[]}],"jetpack_sharing_enabled":true,"jetpack_shortlink":"https:\/\/wp.me\/pfvnyQ-k2","_links":{"self":[{"href":"https:\/\/muzeusm.ro\/hu\/wp-json\/wp\/v2\/posts\/1242","targetHints":{"allow":["GET"]}}],"collection":[{"href":"https:\/\/muzeusm.ro\/hu\/wp-json\/wp\/v2\/posts"}],"about":[{"href":"https:\/\/muzeusm.ro\/hu\/wp-json\/wp\/v2\/types\/post"}],"author":[{"embeddable":true,"href":"https:\/\/muzeusm.ro\/hu\/wp-json\/wp\/v2\/users\/245723487"}],"replies":[{"embeddable":true,"href":"https:\/\/muzeusm.ro\/hu\/wp-json\/wp\/v2\/comments?post=1242"}],"version-history":[{"count":0,"href":"https:\/\/muzeusm.ro\/hu\/wp-json\/wp\/v2\/posts\/1242\/revisions"}],"wp:attachment":[{"href":"https:\/\/muzeusm.ro\/hu\/wp-json\/wp\/v2\/media?parent=1242"}],"wp:term":[{"taxonomy":"category","embeddable":true,"href":"https:\/\/muzeusm.ro\/hu\/wp-json\/wp\/v2\/categories?post=1242"},{"taxonomy":"post_tag","embeddable":true,"href":"https:\/\/muzeusm.ro\/hu\/wp-json\/wp\/v2\/tags?post=1242"}],"curies":[{"name":"wp","href":"https:\/\/api.w.org\/{rel}","templated":true}]}}