{"id":12404,"date":"2023-05-08T12:05:07","date_gmt":"2023-05-08T12:05:07","guid":{"rendered":"http:\/\/www.muzeusm.ro\/?p=12404"},"modified":"2023-05-08T12:05:07","modified_gmt":"2023-05-08T12:05:07","slug":"expo-cactusi-2023kaktuszkiatas-2023","status":"publish","type":"post","link":"https:\/\/muzeusm.ro\/hu\/expo-cactusi-2023kaktuszkiatas-2023\/","title":{"rendered":"EXPO CACTU\u0218I 2023\/KAKTUSZKI\u00c0T\u00c0S 2023"},"content":{"rendered":"<p>RO: Muzeul Jude\u021bean Satu Mare \u0219i Asocia\u021bia \u201eAztekium\u201d Satu Mare v\u0103 invit\u0103 \u00een perioada 10- 14 mai 2023 la o nou\u0103 edi\u021bie a expozi\u021biei de cactu\u0219i \u0219i plante suculente.<!--more--> Expozi\u021bia din acest an beneficiaz\u0103 de aportul colec\u021bionarilor din Satu Mare, Carei, T\u0103\u0219nad, Timi\u0219oara, Baia Mare \u0219i Seini.\u00cen toat\u0103 aceast\u0103 perioad\u0103 vizitatorii vor putea participa la activit\u0103\u021bi interactive, respectiv plant\u0103ri, replant\u0103ri, \u00eentre\u021binere \u0219i toaletare, \u00eendruma\u021bi de c\u0103tre speciali\u0219tii prezen\u021bi.<\/p>\n<p>Program de vizitare:<\/p>\n<p>Miercuri, joi, vineri : 09.00 -17.00<\/p>\n<p>S\u00e2mb\u0103t\u0103: 09.00 \u2013 24.00<\/p>\n<p>Duminic\u0103: 10.00- 14.00<\/p>\n<p>V\u0103 a\u0219tept\u0103m !<\/p>\n<p>&nbsp;<\/p>\n<p>&nbsp;<\/p>\n<p>HU: A Szatm\u00e1r Megyei M\u00fazeum \u00e9s az &#8220;Aztekium&#8221; Szatm\u00e1rn\u00e9meti Egyes\u00fclet 2023. m\u00e1jus 10-t\u0151l 14-ig ez \u00e9vi kaktusz \u00e9s pozsg\u00e1s n\u00f6v\u00e9nyek ki\u00e1ll\u00edt\u00e1s\u00e1ra h\u00edvja meg \u00f6n\u00f6ket. Az idei ki\u00e1ll\u00edt\u00e1s a szatm\u00e1ri, nagyk\u00e1rolyi, tasn\u00e1di, temesv\u00e1ri, nagyb\u00e1nyai \u00e9s szin\u00e9rv\u00e1raljai gy\u0171jt\u0151k k\u00f6zrem\u0171k\u00f6d\u00e9s\u00e9vel k\u00e9sz\u00fclt. A nyitvatart\u00e1s sor\u00e1n a l\u00e1togat\u00f3k interakt\u00edv tev\u00e9kenys\u00e9gekben vehetnek r\u00e9szt, nevezetesen \u00fcltet\u00e9sben, \u00fajratelep\u00edt\u00e9sben, karbantart\u00e1sban \u00e9s takar\u00edt\u00e1sban, a jelen l\u00e9v\u0151 szakemberek seg\u00edts\u00e9g\u00e9vel.<\/p>\n<p>Nyitvatart\u00e1s:<\/p>\n<p>Szerda, cs\u00fct\u00f6rt\u00f6k, p\u00e9ntek: 09:00-17:00<\/p>\n<p>Szombat: 09:00-24:00<\/p>\n<p>Vas\u00e1rnap: 10.00-14.00<\/p>\n<p>Szeretettel v\u00e1rjuk!<\/p>\n<p>&nbsp;<\/p>\n","protected":false},"excerpt":{"rendered":"<p>RO: Muzeul Jude\u021bean Satu Mare \u0219i Asocia\u021bia \u201eAztekium\u201d Satu Mare v\u0103 invit\u0103 \u00een perioada 10- 14 mai 2023 la o nou\u0103 edi\u021bie a expozi\u021biei de cactu\u0219i \u0219i plante suculente.<\/p>\n","protected":false},"author":245723484,"featured_media":12401,"comment_status":"open","ping_status":"open","sticky":false,"template":"","format":"standard","meta":{"_coblocks_attr":"","_coblocks_dimensions":"","_coblocks_responsive_height":"","_coblocks_accordion_ie_support":"","advanced_seo_description":"","jetpack_seo_html_title":"","jetpack_seo_noindex":false,"jetpack_post_was_ever_published":false,"_jetpack_newsletter_access":"","_jetpack_dont_email_post_to_subs":false,"_jetpack_newsletter_tier_id":0,"_jetpack_memberships_contains_paywalled_content":false,"_jetpack_memberships_contains_paid_content":false,"footnotes":"","jetpack_publicize_message":"","jetpack_publicize_feature_enabled":true,"jetpack_social_post_already_shared":false,"jetpack_social_options":{"image_generator_settings":{"template":"highway","default_image_id":0,"font":"","enabled":false},"version":2}},"categories":[6498592],"tags":[],"class_list":["post-12404","post","type-post","status-publish","format-standard","has-post-thumbnail","hentry","category-actualitati","entry"],"translation":{"provider":"WPGlobus","version":"3.0.1","language":"hu","enabled_languages":["ro","hu","en"],"languages":{"ro":{"title":true,"content":true,"excerpt":false},"hu":{"title":false,"content":false,"excerpt":false},"en":{"title":false,"content":false,"excerpt":false}}},"jetpack_publicize_connections":[],"jetpack_featured_media_url":"","jetpack_likes_enabled":true,"jetpack-related-posts":[{"id":12413,"url":"https:\/\/muzeusm.ro\/hu\/noaptea-muzeelor-muzeul-judetean-satu-mare-13-mai-2023muzeumok-ejszakaja-szatmar-megyei-muzeum-2023-majus-13\/","url_meta":{"origin":12404,"position":0},"title":"Noaptea muzeelor &#8211; Muzeul Jude\u021bean Satu Mare 13 mai 2023\/M\u00fazeumok \u00c9jszak\u00e1ja &#8211; Szatm\u00e1r Megyei M\u00fazeum 2023. m\u00e1jus 13","author":"Popdan Bradut","date":"8 May 2023","format":false,"excerpt":"Noaptea muzeelor - Muzeul Jude\u021bean Satu Mare 13 mai 2023, program 17.00 \u2013 24.00 \u00a0Muzeul de Art\u0103 \u2013 P-\u021ba Libert\u0103\u021bii nr.21 Expozi\u021bii: Expozi\u021bia permanent\u0103 \u201eAurel Popp\u201d Expozi\u021bie temporar\u0103 \u201eMicul Prin\u021b\u201d- edi\u021bia a XXVII-a Expozi\u021bie de cactu\u0219i \u0219i plante suculente Activit\u0103\u021bi: \u00a0\u00a0\u00a0\u00a0\u00a0\u00a0\u00a0\u00a0\u00a0\u00a0\u00a0 Orele 17.00 \u2013 20.30 \u00a0\u00a0\u00a0\u00a0\u00a0\u00a0\u00a0\u00a0\u00a0\u00a0\u00a0 -Activit\u0103\u021bi de plantare-replantare de\u2026","rel":"","context":"In &quot;actualitati&quot;","block_context":{"text":"actualitati","link":"https:\/\/muzeusm.ro\/hu\/category\/actualitati\/"},"img":{"alt_text":"","src":"","width":0,"height":0},"classes":[]},{"id":12338,"url":"https:\/\/muzeusm.ro\/hu\/scoala-altfel-si-saptamana-verde-2023-program-de-activitatilor-organizate-de-muzeul-judetean-satu-mare\/","url_meta":{"origin":12404,"position":1},"title":"\u201e\u0218COALA ALTFEL \u201d \u0219i \u201eS\u0102PT\u0102M\u00c2NA VERDE\u201d 2023- program de activit\u0103\u021bilor organizate de Muzeul Jude\u021bean Satu Mare","author":"Popdan Bradut","date":"30 March 2023","format":false,"excerpt":"Oferta de activit\u0103\u021bi organizate de Muzeul Jude\u021bean Satu Mare \u00een perioada derul\u0103rii programelor na\u021bionale\u00a0\u201eS\u0103pt\u0103m\u00e2na verde\u201d \u0219i \u00a0\u201e\u0218coala altfel\u201d 27.02 - 16.06.2023 \u00a0 Oferta expozi\u021bional\u0103 pentru vizitare \u00een perioada 27.02 -16.06.2023 Muzeul de Art\u0103- Pia\u0163a Libert\u0103\u0163ii nr.21 Expozi\u0163ia permanent\u0103 \u201eAurel Popp\u201d Atelierul memorial Paul Erd\u00f6s-Pasaj \u201eStefan Ruha\u201d Muzeul Municipal Carei (Castelul\u2026","rel":"","context":"In &quot;actualitati&quot;","block_context":{"text":"actualitati","link":"https:\/\/muzeusm.ro\/hu\/category\/actualitati\/"},"img":{"alt_text":"","src":"","width":0,"height":0},"classes":[]},{"id":9925,"url":"https:\/\/muzeusm.ro\/hu\/noptea-muzeelormuzeumok-ejszakaja-2021\/","url_meta":{"origin":12404,"position":2},"title":"Noptea muzeelor\/M\u00fazeumok \u00c9jszak\u00e1ja &#8211;  2021","author":"Popdan Bradut","date":"9 June 2021","format":false,"excerpt":"Program Noaptea Muzeelor, 12 iunie 2021,orele 18.00 - 24.00 Muzeul Jude\u021bean Satu Mare- B-dul Vasile Lucaciu nr. 21 Expozi\u021bii: \u00a0\u00a0\u00a0\u00a0\u00a0\u00a0\u00a0\u00a0\u00a0\u00a0\u00a0 1.Expozi\u021biile permanente de Istorie \u0219i Etnografie Tezaurul muzeului 3.Expozi\u021bii temporare: -\u00a0\u00a0 \u201e Liliecii St\u0103p\u00e2nii Nop\u021bii\u00a0 \u201d -\u00a0\u00a0 \u201e Luxul Necesar \u201d Activit\u0103\u021bi: \u00a0\u00a0\u00a0\u00a0\u00a0\u00a0\u00a0\u00a0\u00a0\u00a0\u00a0 Orele 18.00 \u2013 22.00 Ateliere de crea\u021bie:\u2026","rel":"","context":"In &quot;actualitati&quot;","block_context":{"text":"actualitati","link":"https:\/\/muzeusm.ro\/hu\/category\/actualitati\/"},"img":{"alt_text":"","src":"","width":0,"height":0},"classes":[]},{"id":8752,"url":"https:\/\/muzeusm.ro\/hu\/program-special-vizitare-in-perioada-22-12-2020-03-01-2021\/","url_meta":{"origin":12404,"position":3},"title":"Program special vizitare \u00een perioada 22.12.2020 \u2013 03.01.2021","author":"Popdan Bradut","date":"22 December 2020","format":false,"excerpt":"Muzeul Jude\u021bean Satu Mare v\u0103 propune c\u00e2teva clipe de relaxare \u0219i \u00eenc\u00e2ntare\u00a0 \u0219i \u00een perioada S\u0103rb\u0103torilor de Iarn\u0103, oferindu-v\u0103 dou\u0103 expozi\u021bii deosebite: \u201eLILIECII ST\u0102P\u00c2NII NOP\u021aII\u201d \u0219i \u201eS\u0102TMARUL DE ALT\u0102DAT\u0102 \u00ceN COLEC\u021aIA\u00a0 DE C\u0102R\u021aI PO\u0218TALE IOAN PU\u0218CA\u0218\u201d\u00a0Program: Mar\u021bi 22 decembrie\u00a0 \u00a0 \u00a0 \u00a0 \u00a0 \u00a0 \u00a0 \u00a0 \u00a0 \u00a0 \u00a0 09.00\u2026","rel":"","context":"In &quot;actualitati&quot;","block_context":{"text":"actualitati","link":"https:\/\/muzeusm.ro\/hu\/category\/actualitati\/"},"img":{"alt_text":"","src":"","width":0,"height":0},"classes":[]},{"id":1718,"url":"https:\/\/muzeusm.ro\/hu\/expozitie-de-cactusi\/","url_meta":{"origin":12404,"position":4},"title":"Expozi\u021bie de cactu\u0219i","author":"Dobrescu Adela Catalina","date":"16 May 2016","format":false,"excerpt":"Muzeul Jude\u0163ean Satu Mare \u015fi Asocia\u0163ia colec\u0163ionarilor de cactu\u015fi \"AZTEKIUM \" Satu Mare, v\u0103 invit\u0103 s\u0103 vizita\u0163i expozi\u0163ia \" Cactu\u015fi \u015fi plante suculente \" care se va desf\u0103\u015fura \u00een perioada 17-22 mai 2016,\u00a0 la sediul muzeului, B-dul Vasile Lucaciu nr 21. Expozi\u0163ia este format\u0103 din peste 300 de cactu\u015fi \u015fi\u2026","rel":"","context":"In &quot;actualitati&quot;","block_context":{"text":"actualitati","link":"https:\/\/muzeusm.ro\/hu\/category\/actualitati\/"},"img":{"alt_text":"afiscactus 2013","src":"https:\/\/i0.wp.com\/www.muzeusm.ro\/wp-content\/uploads\/2016\/05\/afiscactus-2013-212x300.jpg?resize=350%2C200","width":350,"height":200},"classes":[]},{"id":4717,"url":"https:\/\/muzeusm.ro\/hu\/expo-cactusi-plante-suculente-si-ornamentale\/","url_meta":{"origin":12404,"position":5},"title":"Expo &#8220;Cactu\u015fi, plante suculente \u015fi ornamentale&#8221;","author":"Popdan Bradut","date":"20 May 2019","format":false,"excerpt":"Expo \"Cactu\u015fi plante suculente \u015fi ornamentale\" Muzeul Jude\u0163ean Satu Mare \u015fi Asocia\u0163ia colec\u0163ionarilor de cactu\u015fi \"AZTEKIUM \" Satu Mare, v\u0103 invit\u0103 s\u0103 vizita\u0163i expozi\u0163ia \" Cactu\u015fi, plante suculente \u015fi ornamentale \" care se va desf\u0103\u015fura \u00een perioada 21 \u2013 26 mai 2019,\u00a0 la Sec\u0163ia de Art\u0103 a Muzeului Jude\u0163ean Satu\u2026","rel":"","context":"In &quot;actualitati&quot;","block_context":{"text":"actualitati","link":"https:\/\/muzeusm.ro\/hu\/category\/actualitati\/"},"img":{"alt_text":"","src":"https:\/\/i0.wp.com\/www.muzeusm.ro\/wp-content\/uploads\/2019\/05\/afiscactus-2019-212x300.jpg?resize=350%2C200","width":350,"height":200},"classes":[]}],"jetpack_sharing_enabled":true,"jetpack_shortlink":"https:\/\/wp.me\/pfvnyQ-3e4","_links":{"self":[{"href":"https:\/\/muzeusm.ro\/hu\/wp-json\/wp\/v2\/posts\/12404","targetHints":{"allow":["GET"]}}],"collection":[{"href":"https:\/\/muzeusm.ro\/hu\/wp-json\/wp\/v2\/posts"}],"about":[{"href":"https:\/\/muzeusm.ro\/hu\/wp-json\/wp\/v2\/types\/post"}],"author":[{"embeddable":true,"href":"https:\/\/muzeusm.ro\/hu\/wp-json\/wp\/v2\/users\/245723484"}],"replies":[{"embeddable":true,"href":"https:\/\/muzeusm.ro\/hu\/wp-json\/wp\/v2\/comments?post=12404"}],"version-history":[{"count":0,"href":"https:\/\/muzeusm.ro\/hu\/wp-json\/wp\/v2\/posts\/12404\/revisions"}],"wp:featuredmedia":[{"embeddable":true,"href":"https:\/\/muzeusm.ro\/hu\/wp-json\/"}],"wp:attachment":[{"href":"https:\/\/muzeusm.ro\/hu\/wp-json\/wp\/v2\/media?parent=12404"}],"wp:term":[{"taxonomy":"category","embeddable":true,"href":"https:\/\/muzeusm.ro\/hu\/wp-json\/wp\/v2\/categories?post=12404"},{"taxonomy":"post_tag","embeddable":true,"href":"https:\/\/muzeusm.ro\/hu\/wp-json\/wp\/v2\/tags?post=12404"}],"curies":[{"name":"wp","href":"https:\/\/api.w.org\/{rel}","templated":true}]}}