{"id":12113,"date":"2023-03-02T11:09:30","date_gmt":"2023-03-02T11:09:30","guid":{"rendered":"http:\/\/www.muzeusm.ro\/?p=12113"},"modified":"2023-03-02T11:09:30","modified_gmt":"2023-03-02T11:09:30","slug":"procesal-verbal-selectie-dosar-paznic","status":"publish","type":"post","link":"https:\/\/muzeusm.ro\/hu\/procesal-verbal-selectie-dosar-paznic\/","title":{"rendered":"Procesal verbal selec\u021bie dosar paznic"},"content":{"rendered":"<p>Proces verbal selec\u021bie dosare de \u00eenscriere la concursul,<!--more-->\u00a0pentru ocuparea postului de paznic \u00een cadrul Serviciului Administrativ\u00a0 paz\u0103 pe durat\u0103 nedeterminat\u0103.<\/p>\n<p>Documentul pute\u021bi vizualiza \u0219i desc\u0103rca de aici:\u00a0<a href=\"http:\/\/www.muzeusm.ro\/wp-content\/uploads\/2023\/03\/SKM_C22723030211390.pdf\">Dosar cu proces verbal selec\u021bie dosar paznic<\/a><\/p>\n<p>&nbsp;<\/p>\n","protected":false},"excerpt":{"rendered":"<p>Proces verbal selec\u021bie dosare de \u00eenscriere la concursul,<\/p>\n","protected":false},"author":243833644,"featured_media":11919,"comment_status":"open","ping_status":"open","sticky":false,"template":"","format":"standard","meta":{"_coblocks_attr":"","_coblocks_dimensions":"","_coblocks_responsive_height":"","_coblocks_accordion_ie_support":"","advanced_seo_description":"","jetpack_seo_html_title":"","jetpack_seo_noindex":false,"jetpack_post_was_ever_published":false,"_jetpack_newsletter_access":"","_jetpack_dont_email_post_to_subs":false,"_jetpack_newsletter_tier_id":0,"_jetpack_memberships_contains_paywalled_content":false,"_jetpack_memberships_contains_paid_content":false,"footnotes":"","jetpack_publicize_message":"","jetpack_publicize_feature_enabled":true,"jetpack_social_post_already_shared":false,"jetpack_social_options":{"image_generator_settings":{"template":"highway","default_image_id":0,"font":"","enabled":false},"version":2}},"categories":[6498592],"tags":[],"class_list":["post-12113","post","type-post","status-publish","format-standard","has-post-thumbnail","hentry","category-actualitati","entry"],"translation":{"provider":"WPGlobus","version":"3.0.1","language":"hu","enabled_languages":["ro","hu","en"],"languages":{"ro":{"title":true,"content":true,"excerpt":false},"hu":{"title":false,"content":false,"excerpt":false},"en":{"title":false,"content":false,"excerpt":false}}},"jetpack_publicize_connections":[],"jetpack_featured_media_url":"","jetpack_likes_enabled":true,"jetpack-related-posts":[{"id":4470,"url":"https:\/\/muzeusm.ro\/hu\/proces-verbal-selectie-dosare-paznic\/","url_meta":{"origin":12113,"position":0},"title":"Proces verbal selec\u0163ie dosare paznic","author":"Popdan Bradut","date":"17 April 2019","format":false,"excerpt":"Proces verbal selec\u0163ie dosare paznic","rel":"","context":"In &quot;actualitati&quot;","block_context":{"text":"actualitati","link":"https:\/\/muzeusm.ro\/hu\/category\/actualitati\/"},"img":{"alt_text":"","src":"","width":0,"height":0},"classes":[]},{"id":3914,"url":"https:\/\/muzeusm.ro\/hu\/proces-verbal-rezultat-selectionare-dosare-paznic\/","url_meta":{"origin":12113,"position":1},"title":"Proces Verbal-Rezultat Selec\u021bionare dosare-Paznic","author":"norbertlorincz","date":"12 December 2018","format":false,"excerpt":"Documentul \u00eentreg este desc\u0103rcabil aici: SKM_C22718121212150","rel":"","context":"In &quot;actualitati&quot;","block_context":{"text":"actualitati","link":"https:\/\/muzeusm.ro\/hu\/category\/actualitati\/"},"img":{"alt_text":"","src":"","width":0,"height":0},"classes":[]},{"id":5523,"url":"https:\/\/muzeusm.ro\/hu\/proces-verbal-selectie-dosare\/","url_meta":{"origin":12113,"position":2},"title":"Proces verbal selec\u0163ie dosare","author":"Popdan Bradut","date":"24 October 2019","format":false,"excerpt":"Proces verbal selec\u0163ie dosare","rel":"","context":"In &quot;actualitati&quot;","block_context":{"text":"actualitati","link":"https:\/\/muzeusm.ro\/hu\/category\/actualitati\/"},"img":{"alt_text":"","src":"","width":0,"height":0},"classes":[]},{"id":11592,"url":"https:\/\/muzeusm.ro\/hu\/proces-verbal-selectie-dosare-3\/","url_meta":{"origin":12113,"position":3},"title":"Proces verbal selec\u021bie dosare","author":"Popdan Bradut","date":"7 July 2022","format":false,"excerpt":"Proces verbal selec\u021bie dosare","rel":"","context":"In &quot;actualitati&quot;","block_context":{"text":"actualitati","link":"https:\/\/muzeusm.ro\/hu\/category\/actualitati\/"},"img":{"alt_text":"","src":"","width":0,"height":0},"classes":[]},{"id":13977,"url":"https:\/\/muzeusm.ro\/hu\/proces-verbal-selectie-dosare-de-inscriere-post-magaziner\/","url_meta":{"origin":12113,"position":4},"title":"Proces Verbal &#8211; Selec\u021bie dosare de \u00eenscriere &#8211; Post Magaziner","author":"norbertlorincz","date":"20 May 2024","format":false,"excerpt":"Proces verbal selec\u021bie dosare de \u00eenscriere la concursul pentru ocuparea postului de magaziner studii M\/G \u00een cadrul Serviciului Financiar-Contabil Proces-Verbal-Selectie-dosare-de-inscriereDescarc\u0103","rel":"","context":"In &quot;actualitati&quot;","block_context":{"text":"actualitati","link":"https:\/\/muzeusm.ro\/hu\/category\/actualitati\/"},"img":{"alt_text":"","src":"","width":0,"height":0},"classes":[]},{"id":12117,"url":"https:\/\/muzeusm.ro\/hu\/proces-verbal-selectie-dosare-muzeograf-sii\/","url_meta":{"origin":12113,"position":5},"title":"Proces verbal selectie dosare muzeograf SII","author":"norbertlorincz","date":"2 March 2023","format":false,"excerpt":"Proces verbal selec\u021bie dosare de \u00eenscriere la concursul pentru ocuparea postului de muzeograf SII, durat\u0103 determinat\u0103 de un an \u00een cadrul Sec\u021biei Rela\u021bii cu publicul. Documentul \u00eel pute\u021bi vizualiza \u0219i desc\u0103rca aici:\u00a0Proces verbal selec\u021bie dosare muzeograf SII","rel":"","context":"In &quot;actualitati&quot;","block_context":{"text":"actualitati","link":"https:\/\/muzeusm.ro\/hu\/category\/actualitati\/"},"img":{"alt_text":"","src":"","width":0,"height":0},"classes":[]}],"jetpack_sharing_enabled":true,"jetpack_shortlink":"https:\/\/wp.me\/pfvnyQ-39n","_links":{"self":[{"href":"https:\/\/muzeusm.ro\/hu\/wp-json\/wp\/v2\/posts\/12113","targetHints":{"allow":["GET"]}}],"collection":[{"href":"https:\/\/muzeusm.ro\/hu\/wp-json\/wp\/v2\/posts"}],"about":[{"href":"https:\/\/muzeusm.ro\/hu\/wp-json\/wp\/v2\/types\/post"}],"author":[{"embeddable":true,"href":"https:\/\/muzeusm.ro\/hu\/wp-json\/wp\/v2\/users\/243833644"}],"replies":[{"embeddable":true,"href":"https:\/\/muzeusm.ro\/hu\/wp-json\/wp\/v2\/comments?post=12113"}],"version-history":[{"count":0,"href":"https:\/\/muzeusm.ro\/hu\/wp-json\/wp\/v2\/posts\/12113\/revisions"}],"wp:featuredmedia":[{"embeddable":true,"href":"https:\/\/muzeusm.ro\/hu\/wp-json\/"}],"wp:attachment":[{"href":"https:\/\/muzeusm.ro\/hu\/wp-json\/wp\/v2\/media?parent=12113"}],"wp:term":[{"taxonomy":"category","embeddable":true,"href":"https:\/\/muzeusm.ro\/hu\/wp-json\/wp\/v2\/categories?post=12113"},{"taxonomy":"post_tag","embeddable":true,"href":"https:\/\/muzeusm.ro\/hu\/wp-json\/wp\/v2\/tags?post=12113"}],"curies":[{"name":"wp","href":"https:\/\/api.w.org\/{rel}","templated":true}]}}