{"id":11625,"date":"2022-07-26T09:26:23","date_gmt":"2022-07-26T09:26:23","guid":{"rendered":"http:\/\/www.muzeusm.ro\/?p=11625"},"modified":"2022-07-26T09:26:23","modified_gmt":"2022-07-26T09:26:23","slug":"dr-vasile-lucaciu-si-mostenirea-sa-culturala-adrian-demian-si-reuniunea-romana-de-cantari-si-muzica-%cb%82%cb%82vasile-lucaciu%cb%83%cb%83-din-satu-mare","status":"publish","type":"post","link":"https:\/\/muzeusm.ro\/hu\/dr-vasile-lucaciu-si-mostenirea-sa-culturala-adrian-demian-si-reuniunea-romana-de-cantari-si-muzica-%cb%82%cb%82vasile-lucaciu%cb%83%cb%83-din-satu-mare\/","title":{"rendered":"\u201eDr. Vasile Lucaciu \u0219i mo\u0219tenirea sa cultural\u0103. Adrian Demian \u0219i Reuniunea Rom\u00e2n\u0103 de C\u00e2nt\u0103ri \u0219i Muzic\u0103 \u02c2\u02c2Vasile Lucaciu\u02c3\u02c3 din Satu Mare\u201d."},"content":{"rendered":"<p>Joi, 28 iulie 2022, \u00eencep\u00e2nd cu ora 12.00, la sediul Muzeului Jude\u021bean de Istorie \u0219i Arheologie Maramure\u0219 din Baia Mare, str. Monet\u0103riei nr. 1-3, va avea loc vernisajul expozi\u021biei temporare \u201eDr. Vasile Lucaciu \u0219i mo\u0219tenirea sa cultural\u0103. Adrian Demian \u0219i Reuniunea Rom\u00e2n\u0103 de C\u00e2nt\u0103ri \u0219i Muzic\u0103 \u02c2\u02c2Vasile Lucaciu\u02c3\u02c3 din Satu Mare\u201d.<!--more--><\/p>\n<p>\u00cen cadrul evenimentului va fi prezentat volumul \u201eAdrian Demian \u0219i Reuniunea Rom\u00e2n\u0103 de C\u00e2nt\u0103ri \u0219i Muzic\u0103 \u02c2\u02c2Vasile Lucaciu\u02c3\u02c3 din Satu Mare\u201d, semnat de dr. Claudiu Porumb\u0103ceanu, cercet\u0103tor \u0219tiin\u021bific la Muzeul Jude\u021bean Satu Mare.<\/p>\n<p>Evenimentul cultural este organizat de Consiliul Jude\u021bean Maramure\u0219, Muzeul Jude\u021bean de Istorie \u0219i Arheologie Maramure\u0219, Muzeul Jude\u021bean Satu Mare \u0219i Consiliul Jude\u021bean Satu Mare.<\/p>\n","protected":false},"excerpt":{"rendered":"<p>Joi, 28 iulie 2022, \u00eencep\u00e2nd cu ora 12.00, la sediul Muzeului Jude\u021bean de Istorie \u0219i Arheologie Maramure\u0219 din Baia Mare, str. Monet\u0103riei nr. 1-3, va avea loc vernisajul expozi\u021biei temporare \u201eDr. Vasile Lucaciu \u0219i mo\u0219tenirea sa cultural\u0103. Adrian Demian \u0219i Reuniunea Rom\u00e2n\u0103 de C\u00e2nt\u0103ri \u0219i Muzic\u0103 \u02c2\u02c2Vasile Lucaciu\u02c3\u02c3 din Satu Mare\u201d.<\/p>\n","protected":false},"author":245723484,"featured_media":11626,"comment_status":"open","ping_status":"open","sticky":false,"template":"","format":"standard","meta":{"_coblocks_attr":"","_coblocks_dimensions":"","_coblocks_responsive_height":"","_coblocks_accordion_ie_support":"","advanced_seo_description":"","jetpack_seo_html_title":"","jetpack_seo_noindex":false,"jetpack_post_was_ever_published":false,"_jetpack_newsletter_access":"","_jetpack_dont_email_post_to_subs":false,"_jetpack_newsletter_tier_id":0,"_jetpack_memberships_contains_paywalled_content":false,"_jetpack_memberships_contains_paid_content":false,"footnotes":"","jetpack_publicize_message":"","jetpack_publicize_feature_enabled":true,"jetpack_social_post_already_shared":false,"jetpack_social_options":{"image_generator_settings":{"template":"highway","default_image_id":0,"font":"","enabled":false},"version":2}},"categories":[6498592],"tags":[],"class_list":["post-11625","post","type-post","status-publish","format-standard","has-post-thumbnail","hentry","category-actualitati","entry"],"translation":{"provider":"WPGlobus","version":"3.0.1","language":"hu","enabled_languages":["ro","hu","en"],"languages":{"ro":{"title":true,"content":true,"excerpt":false},"hu":{"title":false,"content":false,"excerpt":false},"en":{"title":false,"content":false,"excerpt":false}}},"jetpack_publicize_connections":[],"jetpack_featured_media_url":"","jetpack_likes_enabled":true,"jetpack-related-posts":[{"id":10544,"url":"https:\/\/muzeusm.ro\/hu\/dr-vasile-lucaciu-si-mostenirea-sa-culturala-instantanee\/","url_meta":{"origin":11625,"position":0},"title":"\u201eDr.Vasile Lucaciu \u0219i mo\u0219tenirea sa cultural\u0103\u201d -Instantanee","author":"Popdan Bradut","date":"26 November 2021","format":false,"excerpt":"Azi \u00een s\u0103lile de expozi\u021bii temporare ale Muzeului Jude\u021bean Satu Mare, a avut loc vernisajul expozi\u021biei: \u201eDr.Vasile Lucaciu \u0219i mo\u0219tenirea sa cultural\u0103\u201d \u0219i lansarea volumului: \u201eAdrian Demian \u0219i Reuniunea de C\u00e2nt\u0103ri \u0219i Muzic\u0103 \u201eVasile Lucaciu\u201d din Satu Mare\u201d, semnat\u0103 de Dr. Claudiu Porumb\u0103cean.Evenimentul a fost urmat de depunerea unei coroane\u2026","rel":"","context":"In &quot;actualitati&quot;","block_context":{"text":"actualitati","link":"https:\/\/muzeusm.ro\/hu\/category\/actualitati\/"},"img":{"alt_text":"","src":"https:\/\/i0.wp.com\/www.muzeusm.ro\/wp-content\/uploads\/2021\/11\/0B4A6009-300x200.jpg?resize=350%2C200","width":350,"height":200},"classes":[]},{"id":10513,"url":"https:\/\/muzeusm.ro\/hu\/va-invitam-la-expozitia-dr-vasile-lucaciu-si-mostenirea-sa-culturala\/","url_meta":{"origin":11625,"position":1},"title":"V\u0103 invit\u0103m la expozi\u021bia: DR. VASILE LUCACIU \u015eI MO\u015eTENIREA SA CULTURAL\u0102","author":"norbertlorincz","date":"24 November 2021","format":false,"excerpt":"Muzeul Jude\u0163ean Satu Mare v\u0103 invit\u0103 s\u0103 participa\u0163i la expozi\u0163ia VASILE LUCACIU \u015eI MO\u015eTENIREA SA CULTURAL\u0102 \u015fi la lansarea volumului semnat de CLAUDIU PORUMB\u0102CEAN -\u00a0ADRIAN DEMIAN \u015eI REUNIUNEA ROM\u00c2N\u0102 DE C\u00c2NT\u0102RI \u015eI MUZIC\u0102 \u201eVASILE LUCACIU\u201d DIN SATU MARE \u00a0Expozi\u0163ia poate fi vizitat\u0103 \u00eencep\u00e2nd cu data de: 26 noiembrie 2021, ora\u2026","rel":"","context":"In &quot;actualitati&quot;","block_context":{"text":"actualitati","link":"https:\/\/muzeusm.ro\/hu\/category\/actualitati\/"},"img":{"alt_text":"","src":"https:\/\/i0.wp.com\/www.muzeusm.ro\/wp-content\/uploads\/2021\/11\/AD.jpg?resize=350%2C200","width":350,"height":200,"srcset":"https:\/\/i0.wp.com\/www.muzeusm.ro\/wp-content\/uploads\/2021\/11\/AD.jpg?resize=350%2C200 1x, https:\/\/i0.wp.com\/www.muzeusm.ro\/wp-content\/uploads\/2021\/11\/AD.jpg?resize=525%2C300 1.5x"},"classes":[]},{"id":4175,"url":"https:\/\/muzeusm.ro\/hu\/proiecte-nationale-in-derulare\/","url_meta":{"origin":11625,"position":2},"title":"Proiecte Na\u021bionale \u00een derulare","author":"norbertlorincz","date":"4 March 2019","format":false,"excerpt":"I.\u00a0\u201eReabilitarea monumentelor de r\u0103zboi din jude\u0163ul Satu Mare\u201d Ordonator principal de credite - Consiliul Jude\u0163ean Satu Mare Beneficiar (institu\u021bia care va implementa proiectul) - Muzeul Jude\u0163ean Satu Mare \u00cen jude\u0163ul Satu Mare exist\u0103 \u00een jur de 120 de monumente dedicate eroilor de r\u0103zboi din primul \u015fi al doilea r\u0103zboi mondial\u2026","rel":"","context":"Similar post","block_context":{"text":"Similar post","link":""},"img":{"alt_text":"","src":"","width":0,"height":0},"classes":[]},{"id":13302,"url":"https:\/\/muzeusm.ro\/hu\/13302-2\/","url_meta":{"origin":11625,"position":3},"title":"100 de ani de la \u00eenfiin\u021barea Reuniunii Rom\u00e2ne de C\u00e2nt\u0103ri \u015fi Muzic\u0103  \u201eVasile Lucaciu\u201d din Satu Mare","author":"Popdan Bradut","date":"23 February 2024","format":false,"excerpt":"La 24 februarie 1924 s-a constituit la Satu Mare Reuniunea Rom\u00e2n\u0103 de C\u00e2nt\u0103ri \u015fi Muzic\u0103 \u201eVasile Lucaciu\u201d.\u00a0 Aceast\u0103 institu\u0163ie de prestigiu a culturii s\u0103tm\u0103rene care purta numele marelui patriot rom\u00e2n Vasile Lucaciu, \u00eenregistrat\u0103 ca persoan\u0103 juridic\u0103 la Tribunalul Satu Mare \u00een anul 1924, va avea \u00een subordinea sa Corul \u201eVasile\u2026","rel":"","context":"In &quot;actualitati&quot;","block_context":{"text":"actualitati","link":"https:\/\/muzeusm.ro\/hu\/category\/actualitati\/"},"img":{"alt_text":"","src":"https:\/\/i0.wp.com\/www.muzeusm.ro\/wp-content\/uploads\/2024\/02\/lucaciu-cor.jpg?resize=350%2C200","width":350,"height":200,"srcset":"https:\/\/i0.wp.com\/www.muzeusm.ro\/wp-content\/uploads\/2024\/02\/lucaciu-cor.jpg?resize=350%2C200 1x, https:\/\/i0.wp.com\/www.muzeusm.ro\/wp-content\/uploads\/2024\/02\/lucaciu-cor.jpg?resize=525%2C300 1.5x, https:\/\/i0.wp.com\/www.muzeusm.ro\/wp-content\/uploads\/2024\/02\/lucaciu-cor.jpg?resize=700%2C400 2x"},"classes":[]},{"id":11655,"url":"https:\/\/muzeusm.ro\/hu\/anul-editorial-satmarean-2022-premii-obtinute-de-specialistii-muzeului-judetean-satu-mare\/","url_meta":{"origin":11625,"position":4},"title":"ANUL EDITORIAL SATM\u0102REAN &#8211; 2022 &#8211; PREMII OB\u021aINUTE DE SPECIALI\u0218TII MUZEULUI JUDE\u021aEAN SATU MARE","author":"Popdan Bradut","date":"16 August 2022","format":false,"excerpt":"\u00a0 \u00cen organizarea Bibliotecii Jude\u021bene Satu Mare, cu sprijinul financiar al Consiliului Jude\u021bean Satu Mare, la data de 11 august a avut loc ce de-a XXIII-a edi\u021bie a evenimentului cultural \u201eAnul editorial s\u0103tm\u0103rean\u201d. Evenimentul a fost onorat \u0219i prin participarea prefectului jude\u021bului Satu Mare, domnul Radu Roca, precum \u0219i a\u2026","rel":"","context":"In &quot;actualitati&quot;","block_context":{"text":"actualitati","link":"https:\/\/muzeusm.ro\/hu\/category\/actualitati\/"},"img":{"alt_text":"","src":"https:\/\/i0.wp.com\/www.muzeusm.ro\/wp-content\/uploads\/2022\/08\/Bradut1-300x200.jpg?resize=350%2C200","width":350,"height":200},"classes":[]},{"id":13245,"url":"https:\/\/muzeusm.ro\/hu\/dr-vasile-lucaciu-in-memoria-colectiva\/","url_meta":{"origin":11625,"position":5},"title":"Dr. Vasile Lucaciu \u00een memoria colectiv\u0103","author":"Popdan Bradut","date":"19 January 2024","format":false,"excerpt":"Personalitatea cea mai proeminent\u0103 \u015fi mai reprezentativ\u0103 a luptei pentru emanciparea na\u0163ional\u0103, politic\u0103 \u015fi cultural\u0103, din partea de nord-vest a \u0163\u0103rii, preotul greco-catolic dr. Vasile Lucaciu s-a n\u0103scut \u00een localitatea Apa (comitatul Satu Mare) la 22 ianuarie 1852. Dup\u0103 absolvirea gimnaziului pleac\u0103 la Roma, unde va sta timp de 17\u2026","rel":"","context":"In &quot;actualitati&quot;","block_context":{"text":"actualitati","link":"https:\/\/muzeusm.ro\/hu\/category\/actualitati\/"},"img":{"alt_text":"","src":"","width":0,"height":0},"classes":[]}],"jetpack_sharing_enabled":true,"jetpack_shortlink":"https:\/\/wp.me\/pfvnyQ-31v","_links":{"self":[{"href":"https:\/\/muzeusm.ro\/hu\/wp-json\/wp\/v2\/posts\/11625","targetHints":{"allow":["GET"]}}],"collection":[{"href":"https:\/\/muzeusm.ro\/hu\/wp-json\/wp\/v2\/posts"}],"about":[{"href":"https:\/\/muzeusm.ro\/hu\/wp-json\/wp\/v2\/types\/post"}],"author":[{"embeddable":true,"href":"https:\/\/muzeusm.ro\/hu\/wp-json\/wp\/v2\/users\/245723484"}],"replies":[{"embeddable":true,"href":"https:\/\/muzeusm.ro\/hu\/wp-json\/wp\/v2\/comments?post=11625"}],"version-history":[{"count":0,"href":"https:\/\/muzeusm.ro\/hu\/wp-json\/wp\/v2\/posts\/11625\/revisions"}],"wp:featuredmedia":[{"embeddable":true,"href":"https:\/\/muzeusm.ro\/hu\/wp-json\/"}],"wp:attachment":[{"href":"https:\/\/muzeusm.ro\/hu\/wp-json\/wp\/v2\/media?parent=11625"}],"wp:term":[{"taxonomy":"category","embeddable":true,"href":"https:\/\/muzeusm.ro\/hu\/wp-json\/wp\/v2\/categories?post=11625"},{"taxonomy":"post_tag","embeddable":true,"href":"https:\/\/muzeusm.ro\/hu\/wp-json\/wp\/v2\/tags?post=11625"}],"curies":[{"name":"wp","href":"https:\/\/api.w.org\/{rel}","templated":true}]}}