{"id":11073,"date":"2022-04-13T09:59:03","date_gmt":"2022-04-13T09:59:03","guid":{"rendered":"http:\/\/www.muzeusm.ro\/?p=11073"},"modified":"2022-04-13T09:59:03","modified_gmt":"2022-04-13T09:59:03","slug":"sfintele-pasti-la-muzeu-vestigii-in-culori-divine-expozitii-de-icoane-pe-sticla","status":"publish","type":"post","link":"https:\/\/muzeusm.ro\/hu\/sfintele-pasti-la-muzeu-vestigii-in-culori-divine-expozitii-de-icoane-pe-sticla\/","title":{"rendered":"\u201eSfintele Pa\u0219ti la muzeu\u201d &#8211; \u201eVestigii \u00een culori divine\u201d"},"content":{"rendered":"<p>Muzeul Jude\u021bean Satu Mare are pl\u0103cerea s\u0103 v\u0103 invite joi, 14 aprilie 2022, de la ora 13.00, la vernisajul expozi\u021biilor \u201eSfintele Pa\u0219ti la muzeu\u201d \u0219i \u201eVestigii \u00een culori divine\u201d.<!--more--><\/p>\n<p>Expozi\u021bia cuprinde lucr\u0103ri realizate de elevii unit\u0103\u021bilor de \u00eenv\u0103\u021b\u0103m\u00e2nt partenere, \u00een cadrul atelierelor de crea\u021bie organizate de Alexandra Sima, educator muzeal, pe parcursul anilor 2021 \u2013 2022.<\/p>\n<p>Au pictat, au \u00eenv\u0103\u021bat \u0219i s-au jucat \u00een muzeu, elevii de la:<\/p>\n<p>\u0218coala Gimnazial\u0103 \u201eIon\u00a0 Creang\u0103\u201d Satu Mare<\/p>\n<p>\u0218coala Profesional\u0103 \u201eGeorge Co\u0219buc\u201d, Medie\u0219u Aurit<\/p>\n<p>\u0218coala Gimnazial\u0103 \u201eAvram Iancu\u201d Satu Mare<\/p>\n<p>\u0218coala Gimnazial\u0103 \u201eB\u0103lcescu Petofi\u201d Satu Mare<\/p>\n<p>\u0218coala Gimnazial\u0103 \u201eR\u00e1koczi Ferenc\u201d Satu Mare<\/p>\n<p>\u0218coala Gimnazial\u0103 \u201eOctavian Goga\u201d Satu Mare<\/p>\n<p>\u0218coala Gimnazial\u0103 \u201e Constantin Br\u00e2ncoveanu\u201d Satu Mare<\/p>\n<p>\u0218coala Gimnazial\u0103 \u201eGrigore Moisil\u201d Satu Mare.<\/p>\n<p>V\u0102 A\u0218TEPT\u0102M CU DRAG!<\/p>\n<p><a href=\"http:\/\/www.muzeusm.ro\/wp-content\/uploads\/2022\/04\/VESTIGII-\u00ceN-CULORI-DIVINE-1.jpg\"><img loading=\"lazy\" decoding=\"async\" class=\"alignnone size-medium wp-image-11074\" src=\"http:\/\/www.muzeusm.ro\/wp-content\/uploads\/2022\/04\/VESTIGII-\u00ceN-CULORI-DIVINE-1-212x300.jpg\" alt=\"\" width=\"212\" height=\"300\" \/><\/a><\/p>\n","protected":false},"excerpt":{"rendered":"<p>Muzeul Jude\u021bean Satu Mare are pl\u0103cerea s\u0103 v\u0103 invite joi, 14 aprilie 2022, de la ora 13.00, la vernisajul expozi\u021biilor \u201eSfintele Pa\u0219ti la muzeu\u201d \u0219i \u201eVestigii \u00een culori divine\u201d.<\/p>\n","protected":false},"author":245723484,"featured_media":11075,"comment_status":"open","ping_status":"open","sticky":false,"template":"","format":"standard","meta":{"_coblocks_attr":"","_coblocks_dimensions":"","_coblocks_responsive_height":"","_coblocks_accordion_ie_support":"","advanced_seo_description":"","jetpack_seo_html_title":"","jetpack_seo_noindex":false,"jetpack_post_was_ever_published":false,"_jetpack_newsletter_access":"","_jetpack_dont_email_post_to_subs":false,"_jetpack_newsletter_tier_id":0,"_jetpack_memberships_contains_paywalled_content":false,"_jetpack_memberships_contains_paid_content":false,"footnotes":"","jetpack_publicize_message":"","jetpack_publicize_feature_enabled":true,"jetpack_social_post_already_shared":false,"jetpack_social_options":{"image_generator_settings":{"template":"highway","default_image_id":0,"font":"","enabled":false},"version":2}},"categories":[6498592],"tags":[],"class_list":["post-11073","post","type-post","status-publish","format-standard","has-post-thumbnail","hentry","category-actualitati","entry"],"translation":{"provider":"WPGlobus","version":"3.0.1","language":"hu","enabled_languages":["ro","hu","en"],"languages":{"ro":{"title":true,"content":true,"excerpt":false},"hu":{"title":false,"content":false,"excerpt":false},"en":{"title":false,"content":false,"excerpt":false}}},"jetpack_publicize_connections":[],"jetpack_featured_media_url":"","jetpack_likes_enabled":true,"jetpack-related-posts":[{"id":6068,"url":"https:\/\/muzeusm.ro\/hu\/vestigii-in-culori-divine-octombrie-2019-mai-2020\/","url_meta":{"origin":11073,"position":0},"title":"\u201eVESTIGII  \u00ceN CULORI  DIVINE\u201d &#8211; Octombrie 2019 &#8211; Mai 2020","author":"Popdan Bradut","date":"4 February 2020","format":false,"excerpt":"Muzeul Jude\u021bean Satu Mare \u00een parteneriat cu \u0218coala Gimnazial\u0103 \u201eIon Creang\u0103\u201d Satu Mare, Palatul Copiilor Satu Mare \u0219i Biserica Ortodox\u0103 \u201eBunavestire\u201d Satu Mare, deruleaz\u0103 \u00een perioada noiembrie 2019- mai 2020 proiectul :\u201eVESTIGII\u00a0 \u00ceN CULORI\u00a0 DIVINE\u201d. Organizatorii \u00ee\u0219i propun ca prin activit\u0103\u0163ile desf\u0103\u015furate s\u0103 aduc\u0103 \u00een \u00a0via\u021ba copiilor, tradi\u021bia, istoria local\u0103,\u2026","rel":"","context":"In &quot;actualitati&quot;","block_context":{"text":"actualitati","link":"https:\/\/muzeusm.ro\/hu\/category\/actualitati\/"},"img":{"alt_text":"","src":"https:\/\/i0.wp.com\/www.muzeusm.ro\/wp-content\/uploads\/2020\/02\/IMG_20200203_111153-225x300.jpg?resize=350%2C200","width":350,"height":200},"classes":[]},{"id":9623,"url":"https:\/\/muzeusm.ro\/hu\/vernisajul-expozitiei-sfintele-pasti-la-muzeu-impartaseste-ti-povestea\/","url_meta":{"origin":11073,"position":1},"title":"Vernisajul expozi\u021biei  \u201eSfintele Pa\u0219ti la muzeu \u2013 \u00cemp\u0103rt\u0103\u0219e\u0219te-\u021bi povestea!\u201d","author":"Popdan Bradut","date":"27 April 2021","format":false,"excerpt":"\u201eSfintele Pa\u0219ti la muzeu \u2013 \u00cemp\u0103rt\u0103\u0219e\u0219te-\u021bi povestea!\u201d, o expozi\u021bie de icoane pe care o pute\u021bi vizita la Muzeul Jude\u021bean Satu Mare\u00a0 \u00eencep\u00e2nd de ast\u0103zi, 27 aprilie. Felicit\u0103ri copiilor-arti\u0219ti din clasa a II-a C, doamnei \u00eenv\u0103\u021b\u0103toare Raluca Bilanici, de la \u0218coala Gimnazial\u0103 \u201eGrigore Moisil\u201d. Mul\u021bumiri invita\u021bilor de la \u0218coala de Arte\u2026","rel":"","context":"In &quot;actualitati&quot;","block_context":{"text":"actualitati","link":"https:\/\/muzeusm.ro\/hu\/category\/actualitati\/"},"img":{"alt_text":"","src":"https:\/\/i0.wp.com\/www.muzeusm.ro\/wp-content\/uploads\/2021\/04\/0B4A2702-300x200.jpg?resize=350%2C200","width":350,"height":200},"classes":[]},{"id":6209,"url":"https:\/\/muzeusm.ro\/hu\/o-noua-actiune-din-cadrul-proiectului-vestigii-in-culori-divine\/","url_meta":{"origin":11073,"position":2},"title":"O nou\u0103 ac\u021biune din cadrul proiectului &#8220;Vestigii \u00een culori divine&#8221;","author":"Andrei Mocan Mihai","date":"18 February 2020","format":false,"excerpt":"O nou\u0103 ac\u021biune din cadrul proiectului \"\"Vestigii \u00een culori divine\", s-a desf\u0103\u0219urat azi, 18 februarie 2020 la sediul Muzeului Jude\u021bean Satu Mare. Elevi de la \u0218coala Gimnazial\u0103 \"Ion Creang\u0103\" au preg\u0103tit m\u0103r\u021bi\u0219oare pentru o ac\u021biune caritabil\u0103, care va avea loc la Shopping City Satu Mare. Banii rezulta\u021bi vor fi dona\u021bi\u2026","rel":"","context":"In &quot;actualitati&quot;","block_context":{"text":"actualitati","link":"https:\/\/muzeusm.ro\/hu\/category\/actualitati\/"},"img":{"alt_text":"","src":"https:\/\/i0.wp.com\/www.muzeusm.ro\/wp-content\/uploads\/2020\/02\/86721284_2908619609259692_3693662919553187840_n-225x300.jpg?resize=350%2C200","width":350,"height":200},"classes":[]},{"id":9561,"url":"https:\/\/muzeusm.ro\/hu\/130-de-ani-de-viata-muzeala-satmareana-impartaseste-ti-povestea-expozitie-de-icoane\/","url_meta":{"origin":11073,"position":3},"title":"\u201e130 DE ANI DE VIA\u021a\u0102 MUZEAL\u0102  S\u0102TM\u0102REAN\u0102 \u2013 \u00ceMP\u0102RT\u0102\u0218E\u0218TE-\u021aI POVESTEA\u201d  &#8211; Expozi\u021bie de Icoane","author":"Popdan Bradut","date":"22 April 2021","format":false,"excerpt":"Luni 26.04.2021, ora 16.00,\u00a0 Muzeul Jude\u021bean Satu Mare, \u00een parteneriat cu \u0218coala Gimnazial\u0103 \u201eGrigore Moisil\u201d, v\u0103 invit\u0103 la vernisajul expozi\u021biei de icoane : \u201eSFINTELE PA\u0218TI LA MUZEU\u201d, realizate \u00een cadrul proiectului \u201e130 DE ANI DE VIA\u021a\u0102 MUZEAL\u0102\u00a0 S\u0102TM\u0102REAN\u0102 \u2013 \u00ceMP\u0102RT\u0102\u0218E\u0218TE-\u021aI POVESTEA\u201d \u00a0 S\u0103rb\u0103toarea Sfintelor Pa\u0219ti va fi adus\u0103 mai aproape\u2026","rel":"","context":"Similar post","block_context":{"text":"Similar post","link":""},"img":{"alt_text":"","src":"","width":0,"height":0},"classes":[]},{"id":9566,"url":"https:\/\/muzeusm.ro\/hu\/130-de-ani-de-viata-muzeala-satmareana-impartaseste-ti-povestea-expozitie-de-icoane-2\/","url_meta":{"origin":11073,"position":4},"title":"\u201e130 DE ANI DE VIA\u021a\u0102 MUZEAL\u0102  S\u0102TM\u0102REAN\u0102 \u2013 \u00ceMP\u0102RT\u0102\u0218E\u0218TE-\u021aI POVESTEA\u201d  &#8211; Expozi\u021bie de Icoane","author":"Popdan Bradut","date":"22 April 2021","format":false,"excerpt":"Luni 26.04.2021, ora 16.00,\u00a0 Muzeul Jude\u021bean Satu Mare, \u00een parteneriat cu \u0218coala Gimnazial\u0103 \u201eGrigore Moisil\u201d, v\u0103 invit\u0103 la vernisajul expozi\u021biei de icoane : \u201eSFINTELE PA\u0218TI LA MUZEU\u201d, realizate \u00een cadrul proiectului \u201e130 DE ANI DE VIA\u021a\u0102 MUZEAL\u0102\u00a0 S\u0102TM\u0102REAN\u0102 \u2013 \u00ceMP\u0102RT\u0102\u0218E\u0218TE-\u021aI POVESTEA\u201d \u00a0 S\u0103rb\u0103toarea Sfintelor Pa\u0219ti va fi adus\u0103 mai aproape\u2026","rel":"","context":"Similar post","block_context":{"text":"Similar post","link":""},"img":{"alt_text":"","src":"","width":0,"height":0},"classes":[]},{"id":9575,"url":"https:\/\/muzeusm.ro\/hu\/130-de-ani-de-viata-muzeala-satmareana-impartaseste-ti-povestea-expozitie-de-icoane\/","url_meta":{"origin":11073,"position":5},"title":"\u201e130 DE ANI DE VIA\u021a\u0102 MUZEAL\u0102  S\u0102TM\u0102REAN\u0102 \u2013 \u00ceMP\u0102RT\u0102\u0218E\u0218TE-\u021aI POVESTEA\u201d  &#8211; Expozi\u021bie de Icoane","author":"Popdan Bradut","date":"22 April 2021","format":false,"excerpt":"Luni 26.04.2021, ora 16.00,\u00a0 Muzeul Jude\u021bean Satu Mare, \u00een parteneriat cu \u0218coala Gimnazial\u0103 \u201eGrigore Moisil\u201d, v\u0103 invit\u0103 la vernisajul expozi\u021biei de icoane : \u201eSFINTELE PA\u0218TI LA MUZEU\u201d, realizate \u00een cadrul proiectului \u201e130 DE ANI DE VIA\u021a\u0102 MUZEAL\u0102\u00a0 S\u0102TM\u0102REAN\u0102 \u2013 \u00ceMP\u0102RT\u0102\u0218E\u0218TE-\u021aI POVESTEA\u201d \u00a0 S\u0103rb\u0103toarea Sfintelor Pa\u0219ti va fi adus\u0103 mai aproape\u2026","rel":"","context":"In &quot;actualitati&quot;","block_context":{"text":"actualitati","link":"https:\/\/muzeusm.ro\/hu\/category\/actualitati\/"},"img":{"alt_text":"","src":"","width":0,"height":0},"classes":[]}],"jetpack_sharing_enabled":true,"jetpack_shortlink":"https:\/\/wp.me\/pfvnyQ-2SB","_links":{"self":[{"href":"https:\/\/muzeusm.ro\/hu\/wp-json\/wp\/v2\/posts\/11073","targetHints":{"allow":["GET"]}}],"collection":[{"href":"https:\/\/muzeusm.ro\/hu\/wp-json\/wp\/v2\/posts"}],"about":[{"href":"https:\/\/muzeusm.ro\/hu\/wp-json\/wp\/v2\/types\/post"}],"author":[{"embeddable":true,"href":"https:\/\/muzeusm.ro\/hu\/wp-json\/wp\/v2\/users\/245723484"}],"replies":[{"embeddable":true,"href":"https:\/\/muzeusm.ro\/hu\/wp-json\/wp\/v2\/comments?post=11073"}],"version-history":[{"count":0,"href":"https:\/\/muzeusm.ro\/hu\/wp-json\/wp\/v2\/posts\/11073\/revisions"}],"wp:featuredmedia":[{"embeddable":true,"href":"https:\/\/muzeusm.ro\/hu\/wp-json\/"}],"wp:attachment":[{"href":"https:\/\/muzeusm.ro\/hu\/wp-json\/wp\/v2\/media?parent=11073"}],"wp:term":[{"taxonomy":"category","embeddable":true,"href":"https:\/\/muzeusm.ro\/hu\/wp-json\/wp\/v2\/categories?post=11073"},{"taxonomy":"post_tag","embeddable":true,"href":"https:\/\/muzeusm.ro\/hu\/wp-json\/wp\/v2\/tags?post=11073"}],"curies":[{"name":"wp","href":"https:\/\/api.w.org\/{rel}","templated":true}]}}