{"id":10861,"date":"2022-02-18T08:06:36","date_gmt":"2022-02-18T08:06:36","guid":{"rendered":"http:\/\/www.muzeusm.ro\/?p=10861"},"modified":"2022-02-18T08:06:36","modified_gmt":"2022-02-18T08:06:36","slug":"occupy-3-networks-new-york-februarie-2022","status":"publish","type":"post","link":"https:\/\/muzeusm.ro\/hu\/occupy-3-networks-new-york-februarie-2022\/","title":{"rendered":"\u201eOCCUPY #3 \u2013 NETWORKS\u201d &#8211; New York februarie 2022"},"content":{"rendered":"<p>\u0218i iat\u0103 cum b\u0103t\u0103ile unor aripi de fluture \u00een Sibiu, Cluj-Napoca, Bucure\u0219ti, Madrid, Satu Mare sau Ia\u0219i pot st\u00e2rni o furtun\u0103 (artistic\u0103) \u00een&#8230; New York!<!--more--><\/p>\n<p>Miercuri, 9 februarie, s-a desf\u0103\u0219urat, la Consulatul General al Greciei la New York, vernisajul expozi\u021biei \u201eOCCUPY #3 \u2013 NETWORKS\u201d, un eveniment complex care prezint\u0103 crea\u021biile a aproximativ 250 de arti\u0219ti de pe mai multe continente. Partea organizatoric\u0103 este asigurat\u0103 de 18 curatori: Argie Agelarakis, Alina Andrei, Katerina Christidi, Tim D&#8217;agostino, Julien Gardair, Sozita Goudouna, Shani Ha, Peter Hopkins, Natasha Katerinopoulos, Daniela Kostova, Gloria Luca, Vincent Meirygnac, Sarah Olson, Fran\u00e7ois-Thibaut Pencenat, Eleni Riga, Vassilis Salpistis \u0219i Luciana Tamas; coordonatoarea principal\u0103 este artista Eirini Linardaki.<\/p>\n<p>Vernisajul expozi\u021biei a fost onorat de prezen\u021ba unor diploma\u021bi, arti\u0219ti, a publicului newyorkez \u0219i a numero\u0219i eleni din metropola american\u0103.<\/p>\n<p>\u00cen cadrul acestui adev\u0103rat festival al artei, este prezentat \u0219i proiectul \u201eJurnal de virus\u201d: <a href=\"https:\/\/www.occupyartproject.com\/virus-diary-white-cuib-gallery?fbclid=IwAR21wEHRuAD-mgpQUaU6hLa7eIVL90cj5LMAX2znPgmT5fw3dP5ddDYIMzo\">https:\/\/www.occupyartproject.com\/virus-diary-white-cuib&#8230;<\/a>.<\/p>\n<p>\u201eJurnalul de virus\u201d a mai fost expus \u00een cadrul Romanian Design Week (Bucure\u0219ti, 2020), la ABM Confecciones (Madrid, 2021), \u00een cadrul Bienalei Alb\/Negru, care s-a desf\u0103\u0219urat, la sf\u00e2r\u0219itul anului 2021, la Muzeul de Art\u0103 din Satu Mare, \u0219i la Borderline Art Space (Ia\u0219i, 2021-2022). Afi\u0219ele expuse \u00een cadrul Bienalei Alb\/Negru au fost tip\u0103rite \u0219i, ulterior, expediate la New York prin amabilitatea reprezentan\u021bilor Muzeului de Art\u0103 s\u0103tm\u0103rean.<\/p>\n<p>P\u00e2n\u0103 \u00een acest moment, proiectul a fost prezentat doar de sine st\u0103t\u0103tor. Noutatea versiunii newyorkeze, pe care o curatoriez al\u0103turi de Alina Andrei \u0219i Gloria Luca, deriv\u0103 din sinergia vizual\u0103 pe care \u201eJurnalul\u201d o genereaz\u0103 \u00een rela\u021bie cu celelalte proiecte expuse \u00een cadrul \u201eOCCUPY #3 \u2013 NETWORKS\u201d.<\/p>\n<p>Ast\u0103zi, va avea loc un al doilea vernisaj la Consulatul General al Fran\u021bei la New York: <a href=\"https:\/\/newyork.consulfrance.org\/occupy-3-networks-art-project-exhibition-at-the-consulate-general-of-france-in?fbclid=IwAR2Szo-7DxnB8bQvmSca3F4339cA1-i0Pz9KxJ7piFlrUjQwtM6QpeC6FHQ\">https:\/\/newyork.consulfrance.org\/occupy-3-networks-art&#8230;<\/a><\/p>\n","protected":false},"excerpt":{"rendered":"<p>\u0218i iat\u0103 cum b\u0103t\u0103ile unor aripi de fluture \u00een Sibiu, Cluj-Napoca, Bucure\u0219ti, Madrid, Satu Mare sau Ia\u0219i pot st\u00e2rni o furtun\u0103 (artistic\u0103) \u00een&#8230; New York!<\/p>\n","protected":false},"author":245723484,"featured_media":10862,"comment_status":"open","ping_status":"open","sticky":false,"template":"","format":"standard","meta":{"_coblocks_attr":"","_coblocks_dimensions":"","_coblocks_responsive_height":"","_coblocks_accordion_ie_support":"","advanced_seo_description":"","jetpack_seo_html_title":"","jetpack_seo_noindex":false,"jetpack_post_was_ever_published":false,"_jetpack_newsletter_access":"","_jetpack_dont_email_post_to_subs":false,"_jetpack_newsletter_tier_id":0,"_jetpack_memberships_contains_paywalled_content":false,"_jetpack_memberships_contains_paid_content":false,"footnotes":"","jetpack_publicize_message":"","jetpack_publicize_feature_enabled":true,"jetpack_social_post_already_shared":false,"jetpack_social_options":{"image_generator_settings":{"template":"highway","default_image_id":0,"font":"","enabled":false},"version":2}},"categories":[6498592],"tags":[],"class_list":["post-10861","post","type-post","status-publish","format-standard","has-post-thumbnail","hentry","category-actualitati","entry"],"translation":{"provider":"WPGlobus","version":"3.0.1","language":"hu","enabled_languages":["ro","hu","en"],"languages":{"ro":{"title":true,"content":true,"excerpt":false},"hu":{"title":false,"content":false,"excerpt":false},"en":{"title":false,"content":false,"excerpt":false}}},"jetpack_publicize_connections":[],"jetpack_featured_media_url":"","jetpack_likes_enabled":true,"jetpack-related-posts":[{"id":10820,"url":"https:\/\/muzeusm.ro\/hu\/de-la-satu-mare-la-new-york-expozitia-de-grup-jurnal-de-virus-se-deschide-in-cadrul-proiectului-occupy-3-networks\/","url_meta":{"origin":10861,"position":0},"title":"De la Satu Mare la New York! Expozi\u021bia de grup JURNAL DE VIRUS se deschide \u00een cadrul proiectului OCCUPY #3 \u2013 NETWORKS","author":"andreeaionetecu","date":"10 February 2022","format":false,"excerpt":"OCCUPY #3 \u2013 NETWORKS (New York) g\u0103zduie\u0219te, ca urmare a invita\u021biei artistei Eirini Linardaki, proiectul Jurnal de virus. Acesta, de cur\u00e2nd, a putut fi vizionat \u0219i pe simezele Muzeului de Art\u0103 din Satu Mare, \u00een cadrul edi\u021biei a VII-a a Bienalei Alb\/Negru. Afi\u0219ele expuse atunci au fost tip\u0103rite \u0219i expediate\u2026","rel":"","context":"In &quot;actualitati&quot;","block_context":{"text":"actualitati","link":"https:\/\/muzeusm.ro\/hu\/category\/actualitati\/"},"img":{"alt_text":"","src":"https:\/\/i0.wp.com\/www.muzeusm.ro\/wp-content\/uploads\/2022\/02\/Untitled-4-01-300x247.png?resize=350%2C200","width":350,"height":200},"classes":[]},{"id":3136,"url":"https:\/\/muzeusm.ro\/hu\/expozitie-eveniment-din-oas-in-pasti-remus-tiplea\/","url_meta":{"origin":10861,"position":1},"title":"Expozi\u0163ie eveniment: \u201e Din Oa\u015f \u00een Pa\u015fti\u201d &#8211; Remus \u0162iplea","author":"Dobrescu Adela Catalina","date":"5 April 2018","format":false,"excerpt":"Muzeul Jude\u0163ean Satu Mare, are pl\u0103cerea s\u0103 v\u0103 invite la vernisajul unei expozi\u0163ii eveniment: \u201e Din Oa\u015f \u00een Pa\u015fti \u201d semnat\u0103 de artistul fotograf Remus \u0162iplea. Artistul s-a n\u0103scut \u00een anul 1972, \u00een ora\u015ful Negere\u015fti Oa\u015f, consider\u00e2ndu-se \u201eo\u015fan \u00een totalitate \u2013 \u00een cuget \u015fi sim\u0163iri\u201d. Fotografia este o veche pasiune,\u2026","rel":"","context":"In &quot;actualitati&quot;","block_context":{"text":"actualitati","link":"https:\/\/muzeusm.ro\/hu\/category\/actualitati\/"},"img":{"alt_text":"","src":"https:\/\/i0.wp.com\/www.muzeusm.ro\/wp-content\/uploads\/2018\/04\/afis-1-214x300.jpg?resize=350%2C200","width":350,"height":200},"classes":[]},{"id":16198,"url":"https:\/\/muzeusm.ro\/hu\/pregatim-pentru-voi\/","url_meta":{"origin":10861,"position":2},"title":"K\u00e9sz\u00fcl\u0151ben!","author":"Kov\u00e1cs Zsolt","date":"27 January 2025","format":false,"excerpt":"{:ro} Programul expozi\u021bional al Muzeului de Art\u0103 continu\u0103 cu c\u00e2teva expozi\u021bii interesante care, cu siguran\u021b\u0103, vor satisface toate gusturile iubitorilor de frumos: \u2022 Anuala membrilor UAP Satu Mare, expozi\u021bia membrilor UAP Satu Mare, 28.01.2025-01.03.2025, Muzeul de Art\u0103 Satu Mare \u2022 Anotimpuri, expozi\u021bie aniversar\u0103 George Dan, 14.02.2025-28.02.2025, Muzeul de Art\u0103 Satu\u2026","rel":"","context":"In &quot;actualitati&quot;","block_context":{"text":"actualitati","link":"https:\/\/muzeusm.ro\/hu\/category\/actualitati\/"},"img":{"alt_text":"","src":"https:\/\/i0.wp.com\/muzeusm.ro\/wp-content\/uploads\/2025\/01\/Liniste-.Ulei-panza-1-150x150.jpg?resize=350%2C200&ssl=1","width":350,"height":200,"srcset":"https:\/\/i0.wp.com\/muzeusm.ro\/wp-content\/uploads\/2025\/01\/Liniste-.Ulei-panza-1-150x150.jpg?resize=350%2C200&ssl=1 1x, https:\/\/i0.wp.com\/muzeusm.ro\/wp-content\/uploads\/2025\/01\/Liniste-.Ulei-panza-1-150x150.jpg?resize=525%2C300&ssl=1 1.5x, https:\/\/i0.wp.com\/muzeusm.ro\/wp-content\/uploads\/2025\/01\/Liniste-.Ulei-panza-1-150x150.jpg?resize=700%2C400&ssl=1 2x, https:\/\/i0.wp.com\/muzeusm.ro\/wp-content\/uploads\/2025\/01\/Liniste-.Ulei-panza-1-150x150.jpg?resize=1050%2C600&ssl=1 3x, https:\/\/i0.wp.com\/muzeusm.ro\/wp-content\/uploads\/2025\/01\/Liniste-.Ulei-panza-1-150x150.jpg?resize=1400%2C800&ssl=1 4x"},"classes":[]},{"id":10245,"url":"https:\/\/muzeusm.ro\/hu\/pentru-prima-data-in-orasul-satu-mare-expozitia-internationala-unexpected-dali-surprinzatorul-dali\/","url_meta":{"origin":10861,"position":3},"title":"PENTRU PRIMA DAT\u0102 \u00ceN ORA\u0218UL SATU MARE  EXPOZI\u021aIA INTERNA\u021aIONAL\u0102 :  \u201dUNEXPECTED DALI\u201d &#8211; \u201cSurprinz\u0103torul Dali\u201d","author":"Popdan Bradut","date":"12 August 2021","format":false,"excerpt":"ORGANIZATORI: ART EXPO SIA \u0218I MUZEUL JUDE\u021aEAN SATU MARE Perioada: 16 AUGUST \u00a0\u2013 10 OCTOMBRIE 2021 Loca\u021bia: MUZEUL DE ART\u0102 SATU MARE, P-\u021ba Libert\u0103\u021bii 21 VERNISAJ \u201316 AUGUST,\u00a0 ORA 17:00 \u00a0 Dup\u0103 expozi\u021biile de mare succes din Polonia, Lituania \u0219i Rom\u00e2nia \u2013 cele 150 de lucr\u0103ri din expozi\u021bia unic\u0103 \u201dSurprinz\u0103torul\u2026","rel":"","context":"In &quot;actualitati&quot;","block_context":{"text":"actualitati","link":"https:\/\/muzeusm.ro\/hu\/category\/actualitati\/"},"img":{"alt_text":"","src":"https:\/\/i0.wp.com\/www.muzeusm.ro\/wp-content\/uploads\/2021\/08\/afis-70X45-HU2-01-194x300.jpg?resize=350%2C200","width":350,"height":200},"classes":[]},{"id":10832,"url":"https:\/\/muzeusm.ro\/hu\/teodor-radu-pantea-recursul-la-scanner-expozitie-de-fotografie-artistica\/","url_meta":{"origin":10861,"position":4},"title":"Teodor Radu Pantea &#8211; ,,Recursul la Scanner\u201d Expozi\u021bie de fotografie artistic\u0103","author":"Popdan Bradut","date":"14 February 2022","format":false,"excerpt":"Artist plastic membru UAPR filiala Oradea, lector univ.dr \u00een cadrul Universit\u0103\u021bii din Oradea, Facultatea de Arte Vizuale, lector la disciplina ,,Foto Art\u201d \u0219i \u201eFotojurnalism\u201d \u00een cadrul Facult\u0103\u021bii de Istorie \u0219i Geografie, Rela\u021bii Interna\u021bionale, \u0218tiin\u021be Politice \u0219i \u0218tiin\u021bele Comunic\u0103rii, de unde a ie\u0219it la pensie, activ fiind , doar la Facultatea\u2026","rel":"","context":"In &quot;actualitati&quot;","block_context":{"text":"actualitati","link":"https:\/\/muzeusm.ro\/hu\/category\/actualitati\/"},"img":{"alt_text":"","src":"","width":0,"height":0},"classes":[]},{"id":1866,"url":"https:\/\/muzeusm.ro\/hu\/vernisajul-expozitiei-sfintele-icoane\/","url_meta":{"origin":10861,"position":5},"title":"Vernisajul expozi\u021biei \u201dSfintele icoane\u201d","author":"Dobrescu Adela Catalina","date":"10 August 2016","format":false,"excerpt":"\u00a0 Expozi\u021bia de icoane pe sticl\u0103 \u0219i lemn, apar\u021bin\u00e2nd artistului plastic\u00a0Mihail Gagea va fi vernisat\u0103 \u00een data de 16.08.2016, la Sec\u021bia de Art\u0103 a Muzeului Jude\u021bean Satu Mare, Pia\u021ba Libert\u0103\u021bii, 21. Iubitorii de art\u0103, dar \u0219i invita\u021bii vor putea vizita expozi\u021bia, unde artistul plastic sibian\u00a0reuse\u0219te s\u0103 atrag\u0103 aten\u021bia nu at\u00e2t\u2026","rel":"","context":"In &quot;actualitati&quot;","block_context":{"text":"actualitati","link":"https:\/\/muzeusm.ro\/hu\/category\/actualitati\/"},"img":{"alt_text":"Afis fara titlu 3","src":"https:\/\/i0.wp.com\/www.muzeusm.ro\/wp-content\/uploads\/2016\/08\/Afis-fara-titlu-3-212x300.jpg?resize=350%2C200","width":350,"height":200},"classes":[]}],"jetpack_sharing_enabled":true,"jetpack_shortlink":"https:\/\/wp.me\/pfvnyQ-2Pb","_links":{"self":[{"href":"https:\/\/muzeusm.ro\/hu\/wp-json\/wp\/v2\/posts\/10861","targetHints":{"allow":["GET"]}}],"collection":[{"href":"https:\/\/muzeusm.ro\/hu\/wp-json\/wp\/v2\/posts"}],"about":[{"href":"https:\/\/muzeusm.ro\/hu\/wp-json\/wp\/v2\/types\/post"}],"author":[{"embeddable":true,"href":"https:\/\/muzeusm.ro\/hu\/wp-json\/wp\/v2\/users\/245723484"}],"replies":[{"embeddable":true,"href":"https:\/\/muzeusm.ro\/hu\/wp-json\/wp\/v2\/comments?post=10861"}],"version-history":[{"count":0,"href":"https:\/\/muzeusm.ro\/hu\/wp-json\/wp\/v2\/posts\/10861\/revisions"}],"wp:featuredmedia":[{"embeddable":true,"href":"https:\/\/muzeusm.ro\/hu\/wp-json\/"}],"wp:attachment":[{"href":"https:\/\/muzeusm.ro\/hu\/wp-json\/wp\/v2\/media?parent=10861"}],"wp:term":[{"taxonomy":"category","embeddable":true,"href":"https:\/\/muzeusm.ro\/hu\/wp-json\/wp\/v2\/categories?post=10861"},{"taxonomy":"post_tag","embeddable":true,"href":"https:\/\/muzeusm.ro\/hu\/wp-json\/wp\/v2\/tags?post=10861"}],"curies":[{"name":"wp","href":"https:\/\/api.w.org\/{rel}","templated":true}]}}