{"id":8762,"date":"2020-12-22T11:53:19","date_gmt":"2020-12-22T11:53:19","guid":{"rendered":"http:\/\/www.muzeusm.ro\/?p=8762"},"modified":"2020-12-22T11:53:19","modified_gmt":"2020-12-22T11:53:19","slug":"revolutia-din-decembrie-1989-az-1989-es-decemberi-forradalom","status":"publish","type":"post","link":"https:\/\/muzeusm.ro\/en\/revolutia-din-decembrie-1989-az-1989-es-decemberi-forradalom\/","title":{"rendered":"Revolu\u021bia din decembrie 1989 \/ Az 1989-es decemberi forradalom"},"content":{"rendered":"<p><strong>\u00cen ora\u0219ul Satu Mare, evenimentele revolu\u021biei din decembrie 1989 se pot \u00eemp\u0103r\u021bi \u00een dou\u0103 etape:<\/strong><\/p>\n<p><em>-Prima etap\u0103<\/em> se \u00eencadreaz\u0103 \u00eentre 16-21 decembrie 1989 \u0219i se caracterizeaz\u0103 prin pasivitate \u00eencremenit\u0103 \u00een calm. \u00cen aceast\u0103 perioad\u0103, asem\u0103n\u0103tor celorlalte ora\u0219e mai mici ale Transilvaniei, nici \u00een Satu Mare nu au avut loc evenimente de natur\u0103 s\u0103 prefigureze cele \u00eent\u00e2mplate mai t\u00e2rziu.<!--more--><\/p>\n<p><em>-A doua etap\u0103 <\/em>s-a desf\u0103\u0219urat \u00een 22-23 decembrie 1989<em>. <\/em>Ea marcheaz\u0103, de fapt, evenimentele revolu\u021bionare propriu-zise care au avut loc sub forma demonstra\u021biilor populare succesive. Evenimentele s-au petrecut f\u0103r\u0103 v\u0103rsare de s\u00e2nge, sub controlul permanent al armatei.<\/p>\n<p>\u00cen 22 decembrie, la orele pr\u00e2nzului, la Bucure\u0219ti, Nicolae Ceau\u0219escu a ie\u0219it pe balconul cl\u0103dirii Comitetului Central al Partidului Comunist \u0219i a \u00eencercat s\u0103 vorbeasc\u0103 mul\u021bimii. Dup\u0103 ce a fost fluierat, a p\u0103r\u0103sit sediul de partid cu un elicopter. Toate aceste evenimente au fost transmise de televiziune, \u0219tirea r\u0103sp\u00e2ndindu-se repede \u00een toat\u0103 \u021bara. \u00cen urma acestor evenimente, calmul aparent de p\u00e2n\u0103 atunci a fost spulberat \u0219i \u00een Satu Mare. Au \u00eenceput s\u0103 sune clopotele \u0219i sirenele fabricilor, \u00een timp ce muncitorii au ie\u0219it pe str\u0103zi \u0219i s-au \u00eendreptat spre centrul nou al ora\u0219ului.<\/p>\n<p>\u00cen diminea\u021ba de 23 decembrie a avut loc o nou\u0103 adunare general\u0103, numit\u0103 \u00een acea perioad\u0103 \u201eprima demonstra\u021bie liber\u0103\u201c. Asem\u0103n\u0103tor zilei precedente, \u0219i aceast\u0103 manifesta\u021bie s-a desf\u0103\u0219urat \u00een mod pa\u0219nic, membrii Frontului Salv\u0103rii Na\u021bionale adres\u00e2ndu-se mul\u021bimii.<\/p>\n<p>Dup\u0103 22-23 decembrie, situa\u021bia din ora\u0219 s-a schimbat complet. Oamenii au fost cuprin\u0219i de euforie, \u00eens\u0103 au \u00eenceput s\u0103 apar\u0103 \u0219i primele zvonuri \u00eengrijor\u0103toare. Pentru a lini\u0219ti popula\u021bia, Frontul Salv\u0103rii Na\u021bionale a emis mai multe declara\u021bii oficiale \u00een care au rugat cet\u0103\u021benii s\u0103 nu dea crezare \u0219tirilor potrivit c\u0103rora \u201e\u00eentre r\u00e2ndurile ap\u0103r\u0103rii s-au strecurat inamici\u201c.<\/p>\n<p>\u00cen aceste zile conducerea efectiv\u0103 a ora\u0219ului \u0219i a jude\u021bului a fost preluat\u0103 de c\u0103tre armat\u0103. \u00cen ciuda lini\u0219tii aparente din localitate, administra\u021bia local\u0103 a disp\u0103rut complet, fapt indicat \u0219i de registrul consiliului local, potrivit c\u0103ruia \u00een perioada dintre 22 \u0219i 28 decembrie 1989 nu a fost \u00eenregistrat nici un document.<\/p>\n<p><strong>Szatm\u00e1rn\u00e9metiben az 1989-es forradalom esem\u00e9nyeit, k\u00e9t f\u0151bb szakaszba oszthatjuk:<\/strong><\/p>\n<p>Az <em>els\u0151 felvon\u00e1st<\/em> a december 16-21 k\u00f6z\u00f6tti esem\u00e9nyek hat\u00e1rozz\u00e1k meg, ebben a f\u00e1zisban l\u00e9nyeg\u00e9ben passzivit\u00e1s figyelhet\u0151 meg a lakoss\u00e1g k\u00f6reiben. Erd\u00e9ly t\u00f6bb kisv\u00e1ros\u00e1hoz hasonl\u00f3an Szatm\u00e1rn\u00e9metiben is b\u00e9k\u00e9sen v\u00e1rt\u00e1k az esem\u00e9nyek forg\u00e1s\u00e1t az orsz\u00e1gban.<\/p>\n<p>A <em>m\u00e1sodik felvon\u00e1st<\/em> a december 22-23 esem\u00e9nyei hat\u00e1rozz\u00e1k majd meg v\u00e1rosunkban. A t\u00e9nyleges forradalmi tettek \u00e9s cselekv\u00e9sek, ebben a k\u00e9t l\u00e9tfontoss\u00e1g\u00fa napban nyilv\u00e1nul meg Szatm\u00e1ron, szerencs\u00e9re v\u00e9rront\u00e1s n\u00e9lk\u00fcl. A forradalmi t\u00fcntet\u0151k \u00e9s a hadsereg k\u00e9pvisel\u0151i is, higgadtak tudtak maradni, \u00edgy komolyabb incidensek nem t\u00f6rt\u00e9ntek, melyek er\u0151szakba, ak\u00e1r hal\u00e1los \u00e1ldozatokba torkollottak, volna helyi szinten.<\/p>\n<p>December 22-\u00e9n a d\u00e9li \u00f3r\u00e1kban, Nicolae Ceau\u0219escu kudarcot vall\u00f3 besz\u00e9de ut\u00e1n, helikopterbe sz\u00e1llt \u00e9s elhagyta a p\u00e1rt sz\u00e9khely\u00e9t. Az esem\u00e9nyeket orsz\u00e1gszerte k\u00f6vetni lehetett, a tv k\u00e9perny\u0151in kereszt\u00fcl. Ezen k\u00e9psorok megzavart\u00e1k a helyi b\u00e9k\u00e9s \u201ecsendet\u201d is, ez\u00e9rt Szatm\u00e1ron is elkezdtek hangosan t\u00fcntetni, gy\u00e1r szir\u00e9n\u00e1kat megsz\u00f3laltatni \u00e9s t\u00f6megek ver\u0151dtek \u00f6ssze az utc\u00e1kon, skand\u00e1lva jelmondatokat, mas\u00edrozva a v\u00e1ros \u00faj k\u00f6zpontja fel\u00e9.<\/p>\n<p>December 23-a reggel\u00e9n, egy \u00fajabb t\u00f6meg gy\u0171lt \u00f6ssze az \u00fajk\u00f6zpontban, megtartva az \u201eels\u0151 szabad demonstr\u00e1ci\u00f3t\u201d. A tegnapi naphoz hasonl\u00f3an, ezt a napot is a Nemzeti Megment\u00e9si Front Tan\u00e1csa vez\u00e9nyelte le, ism\u00e9t b\u00e9k\u00e9sen viselkedett az \u00f6sszegy\u0171lt t\u00f6meg a felsz\u00f3lal\u00e1sok alatt.<\/p>\n<p>V\u00e1rosunk lakoss\u00e1ga euforikus \u00e1llapotban, volt december 22-23-\u00e1n, azonban megjelentek az els\u0151 r\u00e9mh\u00edrek a forradalom kapcsolatosan, tudni lehetett az orsz\u00e1gban megt\u00f6rt\u00e9nt atrocit\u00e1sokr\u00f3l, valamint olyan pletyk\u00e1k keringtek a leveg\u0151ben, hogy \u201ea forradalm\u00e1rok k\u00f6z\u00f6tt, \u00e1rul\u00f3k \u00e9s ellens\u00e9ges betolakod\u00f3k tal\u00e1lhat\u00f3ak\u201d, ez\u00e9rt a Nemzeti Megment\u00e9si Front Tan\u00e1csa, t\u00f6bb hivatalos felsz\u00f3lal\u00e1sban is pr\u00f3b\u00e1lt nyugtatni a forradalmi t\u00f6megeket.<\/p>\n<p>Ezekben a napokban, a hatalom elm\u00e9leti, illetve gyakorlati vezet\u00e9se a v\u00e1rosnak \u00e9s a megy\u00e9nek, szinte teljes m\u00e9rt\u00e9k\u00e9ben a hadsereg kezeiben k\u00f6rvonalaz\u00f3dott. A l\u00e1tsz\u00f3lagos csend \u00e9s b\u00e9k\u00e9s esem\u00e9nyek ellen\u00e9re, a v\u00e1ros adminisztr\u00e1ci\u00f3ja teljes m\u00e9rt\u00e9kben felsz\u00edv\u00f3dott, a megyei tan\u00e1cs regiszter\u00e9ben, egy bejegyz\u00e9s, sem sz\u00fcletett, december 22 \u00e9s 28 k\u00f6z\u00f6tt, ez is azt bizony\u00edtja, hogy a r\u00e9gi vezet\u00e9s a forradalom hallat\u00e1n, azonnali menek\u00fcl\u00e9sbe kezdett.<\/p>\n<figure id=\"attachment_8764\" aria-describedby=\"caption-attachment-8764\" style=\"width: 810px\" class=\"wp-caption alignnone\"><a href=\"http:\/\/www.muzeusm.ro\/wp-content\/uploads\/2020\/12\/46166_001.jpg\"><img loading=\"lazy\" decoding=\"async\" class=\"wp-image-8764 size-large\" title=\"Revolu\u021bia din decembrie 1989 \/ Az 1989-es decemberi forradalom, Colec\u021bia, Martin Sarca al Muzeului Jude\u021bean Satu Mare \/ A Szatm\u00e1ri Megyei M\u00fazeum, Sarca Martin gy\u0171jtem\u00e9nye. \" src=\"http:\/\/www.muzeusm.ro\/wp-content\/uploads\/2020\/12\/46166_001-1024x987.jpg\" alt=\"\" width=\"810\" height=\"781\" \/><\/a><figcaption id=\"caption-attachment-8764\" class=\"wp-caption-text\">Revolu\u021bia din decembrie 1989 \/ Az 1989-es decemberi forradalom, Colec\u021bia \u201eMartin Sarca\u201d a Muzeului Jude\u021bean Satu Mare \/ A Szatm\u00e1ri Megyei M\u00fazeum, Sarca Martin gy\u0171jtem\u00e9nye.<\/figcaption><\/figure>\n<figure id=\"attachment_8765\" aria-describedby=\"caption-attachment-8765\" style=\"width: 810px\" class=\"wp-caption alignnone\"><a href=\"http:\/\/www.muzeusm.ro\/wp-content\/uploads\/2020\/12\/46169_001.jpg\"><img loading=\"lazy\" decoding=\"async\" class=\"wp-image-8765 size-large\" title=\"Revolu\u021bia din decembrie 1989 \/ Az 1989-es decemberi forradalom, Colec\u021bia, Martin Sarca al Muzeului Jude\u021bean Satu Mare \/ A Szatm\u00e1ri Megyei M\u00fazeum, Sarca Martin gy\u0171jtem\u00e9nye. \" src=\"http:\/\/www.muzeusm.ro\/wp-content\/uploads\/2020\/12\/46169_001-990x1024.jpg\" alt=\"\" width=\"810\" height=\"838\" \/><\/a><figcaption id=\"caption-attachment-8765\" class=\"wp-caption-text\">Revolu\u021bia din decembrie 1989 \/ Az 1989-es decemberi forradalom, Colec\u021bia \u201eMartin\u201d Sarca a Muzeului Jude\u021bean Satu Mare \/ A Szatm\u00e1ri Megyei M\u00fazeum, Sarca Martin gy\u0171jtem\u00e9nye.<\/figcaption><\/figure>\n<figure id=\"attachment_8766\" aria-describedby=\"caption-attachment-8766\" style=\"width: 810px\" class=\"wp-caption alignnone\"><a href=\"http:\/\/www.muzeusm.ro\/wp-content\/uploads\/2020\/12\/46173_001.jpg\"><img loading=\"lazy\" decoding=\"async\" class=\"wp-image-8766 size-large\" title=\"Revolu\u021bia din decembrie 1989 \/ Az 1989-es decemberi forradalom, Colec\u021bia, Martin Sarca al Muzeului Jude\u021bean Satu Mare \/ A Szatm\u00e1ri Megyei M\u00fazeum, Sarca Martin gy\u0171jtem\u00e9nye. \" src=\"http:\/\/www.muzeusm.ro\/wp-content\/uploads\/2020\/12\/46173_001-1012x1024.jpg\" alt=\"\" width=\"810\" height=\"820\" \/><\/a><figcaption id=\"caption-attachment-8766\" class=\"wp-caption-text\">Revolu\u021bia din decembrie 1989 \/ Az 1989-es decemberi forradalom, Colec\u021bia \u201eMartin Sarca\u201d a Muzeului Jude\u021bean Satu Mare \/ A Szatm\u00e1ri Megyei M\u00fazeum, Sarca Martin gy\u0171jtem\u00e9nye.<\/figcaption><\/figure>\n<figure id=\"attachment_8767\" aria-describedby=\"caption-attachment-8767\" style=\"width: 810px\" class=\"wp-caption alignnone\"><a href=\"http:\/\/www.muzeusm.ro\/wp-content\/uploads\/2020\/12\/46197_001.jpg\"><img loading=\"lazy\" decoding=\"async\" class=\"wp-image-8767 size-large\" title=\"Revolu\u021bia din decembrie 1989 \/ Az 1989-es decemberi forradalom, Colec\u021bia, Martin Sarca al Muzeului Jude\u021bean Satu Mare \/ A Szatm\u00e1ri Megyei M\u00fazeum, Sarca Martin gy\u0171jtem\u00e9nye. \" src=\"http:\/\/www.muzeusm.ro\/wp-content\/uploads\/2020\/12\/46197_001-1024x1022.jpg\" alt=\"\" width=\"810\" height=\"808\" \/><\/a><figcaption id=\"caption-attachment-8767\" class=\"wp-caption-text\">Revolu\u021bia din decembrie 1989 \/ Az 1989-es decemberi forradalom, Colec\u021bia \u201eMartin Sarca\u201d a Muzeului Jude\u021bean Satu Mare \/ A Szatm\u00e1ri Megyei M\u00fazeum, Sarca Martin gy\u0171jtem\u00e9nye.<\/figcaption><\/figure>\n<figure id=\"attachment_8768\" aria-describedby=\"caption-attachment-8768\" style=\"width: 810px\" class=\"wp-caption alignnone\"><a href=\"http:\/\/www.muzeusm.ro\/wp-content\/uploads\/2020\/12\/46204_001.jpg\"><img loading=\"lazy\" decoding=\"async\" class=\"wp-image-8768 size-large\" title=\"Revolu\u021bia din decembrie 1989 \/ Az 1989-es decemberi forradalom, Colec\u021bia, Martin Sarca al Muzeului Jude\u021bean Satu Mare \/ A Szatm\u00e1ri Megyei M\u00fazeum, Sarca Martin gy\u0171jtem\u00e9nye. \" src=\"http:\/\/www.muzeusm.ro\/wp-content\/uploads\/2020\/12\/46204_001-1011x1024.jpg\" alt=\"\" width=\"810\" height=\"820\" \/><\/a><figcaption id=\"caption-attachment-8768\" class=\"wp-caption-text\">Revolu\u021bia din decembrie 1989 \/ Az 1989-es decemberi forradalom, Colec\u021bia \u201eMartin Sarca\u201d a Muzeului Jude\u021bean Satu Mare \/ A Szatm\u00e1ri Megyei M\u00fazeum, Sarca Martin gy\u0171jtem\u00e9nye.<\/figcaption><\/figure>\n<figure id=\"attachment_8769\" aria-describedby=\"caption-attachment-8769\" style=\"width: 810px\" class=\"wp-caption alignnone\"><a href=\"http:\/\/www.muzeusm.ro\/wp-content\/uploads\/2020\/12\/46209_001.jpg\"><img loading=\"lazy\" decoding=\"async\" class=\"wp-image-8769 size-large\" title=\"Revolu\u021bia din decembrie 1989 \/ Az 1989-es decemberi forradalom, Colec\u021bia, Martin Sarca al Muzeului Jude\u021bean Satu Mare \/ A Szatm\u00e1ri Megyei M\u00fazeum, Sarca Martin gy\u0171jtem\u00e9nye. \" src=\"http:\/\/www.muzeusm.ro\/wp-content\/uploads\/2020\/12\/46209_001-997x1024.jpg\" alt=\"\" width=\"810\" height=\"832\" \/><\/a><figcaption id=\"caption-attachment-8769\" class=\"wp-caption-text\">Revolu\u021bia din decembrie 1989 \/ Az 1989-es decemberi forradalom, Colec\u021bia \u201eMartin Sarca\u201d a Muzeului Jude\u021bean Satu Mare \/ A Szatm\u00e1ri Megyei M\u00fazeum, Sarca Martin gy\u0171jtem\u00e9nye.<\/figcaption><\/figure>\n<figure id=\"attachment_8770\" aria-describedby=\"caption-attachment-8770\" style=\"width: 810px\" class=\"wp-caption alignnone\"><a href=\"http:\/\/www.muzeusm.ro\/wp-content\/uploads\/2020\/12\/46224_001.jpg\"><img loading=\"lazy\" decoding=\"async\" class=\"wp-image-8770 size-large\" title=\"Revolu\u021bia din decembrie 1989 \/ Az 1989-es decemberi forradalom, Colec\u021bia, Martin Sarca al Muzeului Jude\u021bean Satu Mare \/ A Szatm\u00e1ri Megyei M\u00fazeum, Sarca Martin gy\u0171jtem\u00e9nye. \" src=\"http:\/\/www.muzeusm.ro\/wp-content\/uploads\/2020\/12\/46224_001-980x1024.jpg\" alt=\"\" width=\"810\" height=\"846\" \/><\/a><figcaption id=\"caption-attachment-8770\" class=\"wp-caption-text\">Revolu\u021bia din decembrie 1989 \/ Az 1989-es decemberi forradalom, Colec\u021bia \u201eMartin Sarca\u201d a Muzeului Jude\u021bean Satu Mare \/ A Szatm\u00e1ri Megyei M\u00fazeum, Sarca Martin gy\u0171jtem\u00e9nye.<\/figcaption><\/figure>\n<figure id=\"attachment_8771\" aria-describedby=\"caption-attachment-8771\" style=\"width: 810px\" class=\"wp-caption alignnone\"><a href=\"http:\/\/www.muzeusm.ro\/wp-content\/uploads\/2020\/12\/46783_001.jpg\"><img loading=\"lazy\" decoding=\"async\" class=\"wp-image-8771 size-large\" title=\"Revolu\u021bia din decembrie 1989 \/ Az 1989-es decemberi forradalom, Colec\u021bia, Martin Sarca al Muzeului Jude\u021bean Satu Mare \/ A Szatm\u00e1ri Megyei M\u00fazeum, Sarca Martin gy\u0171jtem\u00e9nye. \" src=\"http:\/\/www.muzeusm.ro\/wp-content\/uploads\/2020\/12\/46783_001-986x1024.jpg\" alt=\"\" width=\"810\" height=\"841\" \/><\/a><figcaption id=\"caption-attachment-8771\" class=\"wp-caption-text\">Revolu\u021bia din decembrie 1989 \/ Az 1989-es decemberi forradalom, Colec\u021bia \u201eMartin Sarca\u201d a Muzeului Jude\u021bean Satu Mare \/ A Szatm\u00e1ri Megyei M\u00fazeum, Sarca Martin gy\u0171jtem\u00e9nye.<\/figcaption><\/figure>\n<figure id=\"attachment_8772\" aria-describedby=\"caption-attachment-8772\" style=\"width: 810px\" class=\"wp-caption alignnone\"><a href=\"http:\/\/www.muzeusm.ro\/wp-content\/uploads\/2020\/12\/46830_001.jpg\"><img loading=\"lazy\" decoding=\"async\" class=\"wp-image-8772 size-large\" title=\"Revolu\u021bia din decembrie 1989 \/ Az 1989-es decemberi forradalom, Colec\u021bia, Martin Sarca al Muzeului Jude\u021bean Satu Mare \/ A Szatm\u00e1ri Megyei M\u00fazeum, Sarca Martin gy\u0171jtem\u00e9nye. \" src=\"http:\/\/www.muzeusm.ro\/wp-content\/uploads\/2020\/12\/46830_001-1012x1024.jpg\" alt=\"\" width=\"810\" height=\"820\" \/><\/a><figcaption id=\"caption-attachment-8772\" class=\"wp-caption-text\">Revolu\u021bia din decembrie 1989 \/ Az 1989-es decemberi forradalom, Colec\u021bia \u201eMartin Sarca\u201d a Muzeului Jude\u021bean Satu Mare \/ A Szatm\u00e1ri Megyei M\u00fazeum, Sarca Martin gy\u0171jtem\u00e9nye.<\/figcaption><\/figure>\n<figure id=\"attachment_8773\" aria-describedby=\"caption-attachment-8773\" style=\"width: 810px\" class=\"wp-caption alignnone\"><a href=\"http:\/\/www.muzeusm.ro\/wp-content\/uploads\/2020\/12\/46834_001.jpg\"><img loading=\"lazy\" decoding=\"async\" class=\"wp-image-8773 size-large\" title=\"Revolu\u021bia din decembrie 1989 \/ Az 1989-es decemberi forradalom, Colec\u021bia, Martin Sarca al Muzeului Jude\u021bean Satu Mare \/ A Szatm\u00e1ri Megyei M\u00fazeum, Sarca Martin gy\u0171jtem\u00e9nye. \" src=\"http:\/\/www.muzeusm.ro\/wp-content\/uploads\/2020\/12\/46834_001-1005x1024.jpg\" alt=\"\" width=\"810\" height=\"825\" \/><\/a><figcaption id=\"caption-attachment-8773\" class=\"wp-caption-text\">Revolu\u021bia din decembrie 1989 \/ Az 1989-es decemberi forradalom, Colec\u021bia \u201eMartin Sarca\u201d a Muzeului Jude\u021bean Satu Mare \/ A Szatm\u00e1ri Megyei M\u00fazeum, Sarca Martin gy\u0171jtem\u00e9nye.<\/figcaption><\/figure>\n","protected":false},"excerpt":{"rendered":"<p>\u00cen ora\u0219ul Satu Mare, evenimentele revolu\u021biei din decembrie 1989 se pot \u00eemp\u0103r\u021bi \u00een dou\u0103 etape: -Prima etap\u0103 se \u00eencadreaz\u0103 \u00eentre 16-21 decembrie 1989 \u0219i se caracterizeaz\u0103 prin pasivitate \u00eencremenit\u0103 \u00een calm. \u00cen aceast\u0103 perioad\u0103, asem\u0103n\u0103tor celorlalte ora\u0219e mai mici ale Transilvaniei, nici \u00een Satu Mare nu au avut loc evenimente de natur\u0103 s\u0103 prefigureze cele<a class=\"more-link\" href=\"https:\/\/muzeusm.ro\/en\/revolutia-din-decembrie-1989-az-1989-es-decemberi-forradalom\/\">Continue reading <span class=\"screen-reader-text\">&#8220;Revolu\u021bia din decembrie 1989 \/ Az 1989-es decemberi forradalom&#8221;<\/span><\/a><\/p>\n","protected":false},"author":243833644,"featured_media":8763,"comment_status":"open","ping_status":"open","sticky":false,"template":"","format":"standard","meta":{"_coblocks_attr":"","_coblocks_dimensions":"","_coblocks_responsive_height":"","_coblocks_accordion_ie_support":"","advanced_seo_description":"","jetpack_seo_html_title":"","jetpack_seo_noindex":false,"jetpack_post_was_ever_published":false,"_jetpack_newsletter_access":"","_jetpack_dont_email_post_to_subs":false,"_jetpack_newsletter_tier_id":0,"_jetpack_memberships_contains_paywalled_content":false,"_jetpack_memberships_contains_paid_content":false,"footnotes":"","jetpack_publicize_message":"","jetpack_publicize_feature_enabled":true,"jetpack_social_post_already_shared":false,"jetpack_social_options":{"image_generator_settings":{"template":"highway","default_image_id":0,"font":"","enabled":false},"version":2}},"categories":[6498592],"tags":[],"class_list":["post-8762","post","type-post","status-publish","format-standard","has-post-thumbnail","hentry","category-actualitati","entry"],"translation":{"provider":"WPGlobus","version":"3.0.1","language":"en","enabled_languages":["ro","hu","en"],"languages":{"ro":{"title":true,"content":true,"excerpt":false},"hu":{"title":false,"content":false,"excerpt":false},"en":{"title":false,"content":false,"excerpt":false}}},"jetpack_publicize_connections":[],"jetpack_featured_media_url":"","jetpack_likes_enabled":true,"jetpack-related-posts":[{"id":5858,"url":"https:\/\/muzeusm.ro\/en\/expozitia-revolutia-din-decembrie-1989-satu-mare-in-imagini\/","url_meta":{"origin":8762,"position":0},"title":"EXPOZI\u0162IA \u201eREVOLU\u0162IA DIN DECEMBRIE 1989. SATU MARE \u00ceN IMAGINI\u201d","author":"Popdan Bradut","date":"18 December 2019","format":false,"excerpt":"La 22 decembrie 2019 se \u00eemplinesc 30 de ani de la Revolu\u0163ia din 1989 care a pus cap\u0103t regimului comunist din Rom\u00e2nia. Consiliul Jude\u0163ean Satu Mare, Muzeul Jude\u0163ean Satu Mare \u015fi Liga Lupt\u0103torilor din Decembrie 1989 Satu Mare dore\u015fte s\u0103 marcheze acest eveniment printr-o expozi\u0163ie foto-documentar\u0103 care s\u0103 surprind\u0103 evenimentele\u2026","rel":"","context":"In &quot;actualitati&quot;","block_context":{"text":"actualitati","link":"https:\/\/muzeusm.ro\/en\/category\/actualitati\/"},"img":{"alt_text":"","src":"https:\/\/i0.wp.com\/www.muzeusm.ro\/wp-content\/uploads\/2019\/12\/afis-50x70-214x300.jpg?resize=350%2C200","width":350,"height":200},"classes":[]},{"id":1329,"url":"https:\/\/muzeusm.ro\/en\/1329\/","url_meta":{"origin":8762,"position":1},"title":"Lansare de carte &#8211; Nae Antonescu &#8220;Jurnal literar (1974-1989)&#8221;","author":"Dobrescu Adela Catalina","date":"18 December 2015","format":false,"excerpt":"Recent a v\u0103zut lumina tiparului la editura clujean\u0103 \u201eArgonaut\u201d volumul postum al lui Nae Antonescu, Jurnal literar (1974-1989). Sensibile la aceast\u0103 apari\u0163ie, datorat\u0103 Bibliotecii Centrale Universitare \u201eLucian Blaga\u201d din Cluj-Napoca, p\u0103str\u0103toare a unei p\u0103r\u0163i din mo\u015ftenirea \u201eNae Antonescu\u201d, dou\u0103 institu\u0163ii din subordinea Consiliului Jude\u0163ean Satu Mare, Muzeul Jude\u0163ean de Istorie\u2026","rel":"","context":"In &quot;actualitati&quot;","block_context":{"text":"actualitati","link":"https:\/\/muzeusm.ro\/en\/category\/actualitati\/"},"img":{"alt_text":"Slide 1","src":"https:\/\/i0.wp.com\/www.muzeusm.ro\/wp-content\/uploads\/2015\/12\/Antonescu-94-A3-212x300.jpg?resize=350%2C200","width":350,"height":200},"classes":[]},{"id":5884,"url":"https:\/\/muzeusm.ro\/en\/vernisajul-expozitiei-revolutia-din-decembrie-1989-satu-mare-in-imagini\/","url_meta":{"origin":8762,"position":2},"title":"Vernisajul expozi\u0163iei &#8221; Revolu\u0163ia din Decembrie 1989. Satu Mare \u00een imagini &#8220;","author":"Popdan Bradut","date":"23 December 2019","format":false,"excerpt":"","rel":"","context":"In &quot;actualitati&quot;","block_context":{"text":"actualitati","link":"https:\/\/muzeusm.ro\/en\/category\/actualitati\/"},"img":{"alt_text":"","src":"https:\/\/i0.wp.com\/www.muzeusm.ro\/wp-content\/uploads\/2019\/12\/MG_6852-300x200.jpg?resize=350%2C200","width":350,"height":200},"classes":[]},{"id":2886,"url":"https:\/\/muzeusm.ro\/en\/expozitie-dedicata-zilei-nationale-a-romaniei-centenar-ionita-g-andron-1917-1989\/","url_meta":{"origin":8762,"position":3},"title":"EXPOZI\u0162IE DEDICAT\u0102 ZILEI NA\u0162IONALE A ROM\u00c2NIEI \u201eCENTENAR IONI\u0162\u0102 G. ANDRON (1917-1989)\u201d","author":"norbertlorincz","date":"24 November 2017","format":false,"excerpt":"\u00cen anul 2017 se aniverseaz\u0103 centenarul Ioni\u0163\u0103 G. Andron, indiscutabil, cel mai mare artist fotograf pe care S\u0103tmarul l-a dat acestei \u021b\u0103ri, un neobosit etnograf \u0219i c\u0103rturar, apreciat de cele mai importante personalit\u0103\u021bi ale istoriei \u0219i etnografiei rom\u00e2ne\u0219ti. N\u0103scut la 20 aprilie 1917 \u00een satul Rac\u0219a, este fiul preotului Ioan\u2026","rel":"","context":"In &quot;actualitati&quot;","block_context":{"text":"actualitati","link":"https:\/\/muzeusm.ro\/en\/category\/actualitati\/"},"img":{"alt_text":"","src":"https:\/\/i0.wp.com\/www.muzeusm.ro\/wp-content\/uploads\/2017\/11\/andron-232x300.jpg?resize=350%2C200","width":350,"height":200},"classes":[]},{"id":11629,"url":"https:\/\/muzeusm.ro\/en\/ziua-imnului-national-al-romaniei\/","url_meta":{"origin":8762,"position":4},"title":"ZIUA IMNULUI NA\u021aIONAL AL ROM\u00c2NIEI","author":"Popdan Bradut","date":"29 July 2022","format":false,"excerpt":"Potrivit Legii nr. 99 din anul 1998, data de 29 iulie a fost decretat\u0103 \u201dZiua Imnului Na\u021bional al Rom\u00e2niei\u201d \u00a0- \u201dDe\u0219teapt\u0103-te rom\u00e2ne!\u201d Azi, \u00een zi de s\u0103rb\u0103toare, v\u0103 invit s\u0103 facem \u00eempreun\u0103 o scurt\u0103 incursiune \u00een istoria imnului Rom\u00e2niei, care a avut 6 IMNURI DE STAT. Simbolurile na\u021bionale ale poporului\u2026","rel":"","context":"In &quot;actualitati&quot;","block_context":{"text":"actualitati","link":"https:\/\/muzeusm.ro\/en\/category\/actualitati\/"},"img":{"alt_text":"","src":"","width":0,"height":0},"classes":[]},{"id":8752,"url":"https:\/\/muzeusm.ro\/en\/program-special-vizitare-in-perioada-22-12-2020-03-01-2021\/","url_meta":{"origin":8762,"position":5},"title":"Program special vizitare \u00een perioada 22.12.2020 \u2013 03.01.2021","author":"Popdan Bradut","date":"22 December 2020","format":false,"excerpt":"Muzeul Jude\u021bean Satu Mare v\u0103 propune c\u00e2teva clipe de relaxare \u0219i \u00eenc\u00e2ntare\u00a0 \u0219i \u00een perioada S\u0103rb\u0103torilor de Iarn\u0103, oferindu-v\u0103 dou\u0103 expozi\u021bii deosebite: \u201eLILIECII ST\u0102P\u00c2NII NOP\u021aII\u201d \u0219i \u201eS\u0102TMARUL DE ALT\u0102DAT\u0102 \u00ceN COLEC\u021aIA\u00a0 DE C\u0102R\u021aI PO\u0218TALE IOAN PU\u0218CA\u0218\u201d\u00a0Program: Mar\u021bi 22 decembrie\u00a0 \u00a0 \u00a0 \u00a0 \u00a0 \u00a0 \u00a0 \u00a0 \u00a0 \u00a0 \u00a0 09.00\u2026","rel":"","context":"In &quot;actualitati&quot;","block_context":{"text":"actualitati","link":"https:\/\/muzeusm.ro\/en\/category\/actualitati\/"},"img":{"alt_text":"","src":"","width":0,"height":0},"classes":[]}],"jetpack_sharing_enabled":true,"jetpack_shortlink":"https:\/\/wp.me\/pfvnyQ-2hk","_links":{"self":[{"href":"https:\/\/muzeusm.ro\/en\/wp-json\/wp\/v2\/posts\/8762","targetHints":{"allow":["GET"]}}],"collection":[{"href":"https:\/\/muzeusm.ro\/en\/wp-json\/wp\/v2\/posts"}],"about":[{"href":"https:\/\/muzeusm.ro\/en\/wp-json\/wp\/v2\/types\/post"}],"author":[{"embeddable":true,"href":"https:\/\/muzeusm.ro\/en\/wp-json\/wp\/v2\/users\/243833644"}],"replies":[{"embeddable":true,"href":"https:\/\/muzeusm.ro\/en\/wp-json\/wp\/v2\/comments?post=8762"}],"version-history":[{"count":0,"href":"https:\/\/muzeusm.ro\/en\/wp-json\/wp\/v2\/posts\/8762\/revisions"}],"wp:featuredmedia":[{"embeddable":true,"href":"https:\/\/muzeusm.ro\/en\/wp-json\/"}],"wp:attachment":[{"href":"https:\/\/muzeusm.ro\/en\/wp-json\/wp\/v2\/media?parent=8762"}],"wp:term":[{"taxonomy":"category","embeddable":true,"href":"https:\/\/muzeusm.ro\/en\/wp-json\/wp\/v2\/categories?post=8762"},{"taxonomy":"post_tag","embeddable":true,"href":"https:\/\/muzeusm.ro\/en\/wp-json\/wp\/v2\/tags?post=8762"}],"curies":[{"name":"wp","href":"https:\/\/api.w.org\/{rel}","templated":true}]}}