{"id":67,"date":"2013-12-12T11:58:02","date_gmt":"2013-12-12T11:58:02","guid":{"rendered":"http:\/\/www.muzeusm.ro\/?page_id=67"},"modified":"2024-03-24T12:15:30","modified_gmt":"2024-03-24T10:15:30","slug":"casa-memoriala-ady-endre-ady-endre","status":"publish","type":"post","link":"https:\/\/muzeusm.ro\/en\/casa-memoriala-ady-endre-ady-endre\/","title":{"rendered":"Casa memorial\u0103 Ady Endre \u2013 Ady Endre &#8211; Ady Endre &#8211; Eml\u00e9kh\u00e1za \u00c9rmindszenten &#8220;Ady falva&#8221;"},"content":{"rendered":"<p><a href=\"http:\/\/www.muzeusm.ro\/wp-content\/uploads\/2013\/12\/Ady2.jpg\"><img loading=\"lazy\" decoding=\"async\" class=\"size-thumbnail wp-image-542 alignleft\" src=\"http:\/\/www.muzeusm.ro\/wp-content\/uploads\/2013\/12\/Ady2-150x150.jpg\" alt=\"Ady2\" width=\"150\" height=\"150\" \/><\/a><br \/>\n<a href=\"http:\/\/www.muzeusm.ro\/wp-content\/uploads\/2013\/12\/Ady8.jpg\"><img loading=\"lazy\" decoding=\"async\" data-attachment-id=\"543\" data-permalink=\"https:\/\/muzeusm.ro\/en\/ady8\/\" data-orig-file=\"https:\/\/muzeusm.ro\/wp-content\/uploads\/2013\/12\/Ady8.jpg\" data-orig-size=\"640,427\" data-comments-opened=\"1\" data-image-meta=\"{&quot;aperture&quot;:&quot;0&quot;,&quot;credit&quot;:&quot;&quot;,&quot;camera&quot;:&quot;&quot;,&quot;caption&quot;:&quot;&quot;,&quot;created_timestamp&quot;:&quot;0&quot;,&quot;copyright&quot;:&quot;&quot;,&quot;focal_length&quot;:&quot;0&quot;,&quot;iso&quot;:&quot;0&quot;,&quot;shutter_speed&quot;:&quot;0&quot;,&quot;title&quot;:&quot;&quot;,&quot;orientation&quot;:&quot;0&quot;}\" data-image-title=\"Ady8\" data-image-description=\"\" data-image-caption=\"\" data-medium-file=\"https:\/\/muzeusm.ro\/wp-content\/uploads\/2013\/12\/Ady8-300x200.jpg\" data-large-file=\"https:\/\/muzeusm.ro\/wp-content\/uploads\/2013\/12\/Ady8.jpg\" class=\"size-thumbnail wp-image-543 alignright\" src=\"http:\/\/www.muzeusm.ro\/wp-content\/uploads\/2013\/12\/Ady8-150x150.jpg\" alt=\"Ady8\" width=\"150\" height=\"150\" \/><\/a><\/p>\n","protected":false},"excerpt":{"rendered":"","protected":false},"author":245723487,"featured_media":0,"comment_status":"closed","ping_status":"closed","sticky":false,"template":"","format":"standard","meta":{"_coblocks_attr":"","_coblocks_dimensions":"","_coblocks_responsive_height":"","_coblocks_accordion_ie_support":"","advanced_seo_description":"","jetpack_seo_html_title":"","jetpack_seo_noindex":false,"jetpack_post_was_ever_published":false,"_jetpack_newsletter_access":"","_jetpack_dont_email_post_to_subs":false,"_jetpack_newsletter_tier_id":0,"_jetpack_memberships_contains_paywalled_content":false,"_jetpack_memberships_contains_paid_content":false,"footnotes":"","jetpack_publicize_message":"","jetpack_publicize_feature_enabled":true,"jetpack_social_post_already_shared":false,"jetpack_social_options":{"image_generator_settings":{"template":"highway","default_image_id":0,"font":"","enabled":false},"version":2}},"categories":[6498593],"tags":[],"class_list":["post-67","post","type-post","status-publish","format-standard","hentry","category-uncategorized","entry"],"translation":{"provider":"WPGlobus","version":"3.0.1","language":"en","enabled_languages":["ro","hu","en"],"languages":{"ro":{"title":true,"content":true,"excerpt":false},"hu":{"title":false,"content":true,"excerpt":false},"en":{"title":false,"content":true,"excerpt":false}}},"jetpack_publicize_connections":[],"jetpack_featured_media_url":"","jetpack_likes_enabled":true,"jetpack-related-posts":[{"id":10463,"url":"https:\/\/muzeusm.ro\/en\/concurs-de-literatura-maghiara-dedicat-zilei-de-nastere-a-poetului-ady-endre\/","url_meta":{"origin":67,"position":0},"title":"Concurs de literatur\u0103 maghiar\u0103 dedicat zilei de na\u0219tere a poetului Ady Endre","author":"Popdan Bradut","date":"11 November 2021","format":false,"excerpt":"Concurs de literatur\u0103 maghiar\u0103 cu ocazia zilei de na\u0219tere a poetului\u00a0Ady Endre pentru liceenii din jude\u021bul Satu Mare. Scopul concursului este promovarea \u00een r\u00e2ndul elevilor a Casei Memoriale Ady Endre \u0219i activitatea literar\u0103 a poetului. A Szatm\u00e1r Megyei M\u00fazeum Kultur\u00e1lis Turisztikai Irod\u00e1ja irodalmi-honismereti kv\u00edz vet\u00e9lked\u0151t szervez l\u00edceumi di\u00e1kok (11-12 oszt\u00e1lyosok,\u2026","rel":"","context":"In &quot;actualitati&quot;","block_context":{"text":"actualitati","link":"https:\/\/muzeusm.ro\/en\/category\/actualitati\/"},"img":{"alt_text":"","src":"","width":0,"height":0},"classes":[]},{"id":6027,"url":"https:\/\/muzeusm.ro\/en\/sesiune-stiintifica-internationala-ady-endre-101\/","url_meta":{"origin":67,"position":1},"title":"Sesiune \u015ftiin\u0163ific\u0103 interna\u0163ional\u0103 &#8220;Ady Endre 101&#8221;","author":"Popdan Bradut","date":"29 January 2020","format":false,"excerpt":"Muzeul Jude\u021bean Satu Mare, \u00een parteneriat cu Asocia\u021bia Cultural\u0103 \u201dMoricz Zsigmond\u201d din Nyiregyhaza (Ungaria) \u015fi Funda\u021bia \u201dPro Magiszter\u201d din Carei, organizeaz\u0103 o sesiune \u0219tiin\u021bific\u0103 interna\u021bional\u0103 cu titlul \u201dAdy Endre 101\u201dcomemor\u00e2nd astfel \u015fi 101 ani de la trecerea \u00een nefiin\u021b\u0103 a marelui poet maghiar. Prima parte a sesiunii se va desf\u0103\u0219ura\u2026","rel":"","context":"In &quot;actualitati&quot;","block_context":{"text":"actualitati","link":"https:\/\/muzeusm.ro\/en\/category\/actualitati\/"},"img":{"alt_text":"","src":"https:\/\/i0.wp.com\/www.muzeusm.ro\/wp-content\/uploads\/2020\/01\/Ady-101-plak%C3%A1t-212x300.jpg?resize=350%2C200","width":350,"height":200},"classes":[]},{"id":5528,"url":"https:\/\/muzeusm.ro\/en\/lucrari-de-conservare-si-restaurare-la-casa-memoriala-ady-endre-si-gospodaria-codreneasca-de-la-chilia\/","url_meta":{"origin":67,"position":2},"title":"Lucr\u0103ri de conservare \u015fi restaurare la Casa Memorial\u0103 Ady Endre \u015fi Gospod\u0103ria Codreneasc\u0103 de la Chilia","author":"Popdan Bradut","date":"24 October 2019","format":false,"excerpt":"Muzeul Judetean Satu Mare a terminat lucr\u0103rile de conservare \u015fi repara\u0163ii a acoperi\u015fului de la Casa Memorial\u0103 Ady Endre \u015fi Gospod\u0103ria Codreneasc\u0103 de la Chilia","rel":"","context":"In &quot;actualitati&quot;","block_context":{"text":"actualitati","link":"https:\/\/muzeusm.ro\/en\/category\/actualitati\/"},"img":{"alt_text":"","src":"https:\/\/i0.wp.com\/www.muzeusm.ro\/wp-content\/uploads\/2019\/10\/71952402_964463583914116_2600641975203921920_n-Copy-300x225.jpg?resize=350%2C200","width":350,"height":200},"classes":[]},{"id":5342,"url":"https:\/\/muzeusm.ro\/en\/eveniment-comemorativ-la-casa-memoriala-ady-endre\/","url_meta":{"origin":67,"position":3},"title":"Eveniment comemorativ la Casa Memorial\u0103 &#8220;Ady Endre&#8221;","author":"Andrei Mocan Mihai","date":"27 September 2019","format":false,"excerpt":"","rel":"","context":"In &quot;actualitati&quot;","block_context":{"text":"actualitati","link":"https:\/\/muzeusm.ro\/en\/category\/actualitati\/"},"img":{"alt_text":"","src":"https:\/\/i0.wp.com\/www.muzeusm.ro\/wp-content\/uploads\/2019\/09\/Afis-eveniment-Ady-Endre.jpg?resize=350%2C200","width":350,"height":200,"srcset":"https:\/\/i0.wp.com\/www.muzeusm.ro\/wp-content\/uploads\/2019\/09\/Afis-eveniment-Ady-Endre.jpg?resize=350%2C200 1x, https:\/\/i0.wp.com\/www.muzeusm.ro\/wp-content\/uploads\/2019\/09\/Afis-eveniment-Ady-Endre.jpg?resize=525%2C300 1.5x"},"classes":[]},{"id":17241,"url":"https:\/\/muzeusm.ro\/en\/momente-de-pace-din-viata-si-opera-lui-ady-endre\/","url_meta":{"origin":67,"position":4},"title":"Momente de pace din via\u021ba \u0219i opera lui Ady Endre","author":"Kov\u00e1cs Zsolt","date":"22 January 2026","format":false,"excerpt":"{:ro} Expozi\u021bia itinerant\u0103 \u201eMomente de pace din via\u021ba \u0219i opera lui Ady Endre\u201d \u00eencearc\u0103 s\u0103 apropie elevii din Satu Mare de ideile fondatorului poeziei maghiare moderne. \u00a0Programul nostru educa\u021bional muzeal, care se va derula p\u00e2n\u0103 \u00een prim\u0103vara anului 2027, va fi prezentat \u00een \u0219colile din Satu Mare, Carei \u0219i T\u0103\u0219nad.\u2026","rel":"","context":"In &quot;ExpozitiiTemporare&quot;","block_context":{"text":"ExpozitiiTemporare","link":"https:\/\/muzeusm.ro\/en\/category\/expozitiitemporare\/"},"img":{"alt_text":"","src":"https:\/\/i0.wp.com\/muzeusm.ro\/wp-content\/uploads\/2026\/01\/Ady-online-9.16-scaled.png?resize=350%2C200&ssl=1","width":350,"height":200,"srcset":"https:\/\/i0.wp.com\/muzeusm.ro\/wp-content\/uploads\/2026\/01\/Ady-online-9.16-scaled.png?resize=350%2C200&ssl=1 1x, https:\/\/i0.wp.com\/muzeusm.ro\/wp-content\/uploads\/2026\/01\/Ady-online-9.16-scaled.png?resize=525%2C300&ssl=1 1.5x, https:\/\/i0.wp.com\/muzeusm.ro\/wp-content\/uploads\/2026\/01\/Ady-online-9.16-scaled.png?resize=700%2C400&ssl=1 2x, https:\/\/i0.wp.com\/muzeusm.ro\/wp-content\/uploads\/2026\/01\/Ady-online-9.16-scaled.png?resize=1050%2C600&ssl=1 3x, https:\/\/i0.wp.com\/muzeusm.ro\/wp-content\/uploads\/2026\/01\/Ady-online-9.16-scaled.png?resize=1400%2C800&ssl=1 4x"},"classes":[]},{"id":6049,"url":"https:\/\/muzeusm.ro\/en\/sesiunea-stiintifica-internationala-ady-endre-101-31-ianuarie-1-februarie-2020-instantanee\/","url_meta":{"origin":67,"position":5},"title":"Sesiunea \u015ftiin\u0163ific\u0103 interna\u0163ional\u0103 &#8220;Ady Endre 101&#8221;  31 ianuarie -1 Februarie 2020 &#8211; Instantanee","author":"Popdan Bradut","date":"31 January 2020","format":false,"excerpt":"","rel":"","context":"In &quot;actualitati&quot;","block_context":{"text":"actualitati","link":"https:\/\/muzeusm.ro\/en\/category\/actualitati\/"},"img":{"alt_text":"","src":"https:\/\/i0.wp.com\/www.muzeusm.ro\/wp-content\/uploads\/2020\/01\/1-300x200.jpg?resize=350%2C200","width":350,"height":200},"classes":[]}],"jetpack_sharing_enabled":true,"jetpack_shortlink":"https:\/\/wp.me\/pfvnyQ-15","_links":{"self":[{"href":"https:\/\/muzeusm.ro\/en\/wp-json\/wp\/v2\/posts\/67","targetHints":{"allow":["GET"]}}],"collection":[{"href":"https:\/\/muzeusm.ro\/en\/wp-json\/wp\/v2\/posts"}],"about":[{"href":"https:\/\/muzeusm.ro\/en\/wp-json\/wp\/v2\/types\/post"}],"author":[{"embeddable":true,"href":"https:\/\/muzeusm.ro\/en\/wp-json\/wp\/v2\/users\/245723487"}],"replies":[{"embeddable":true,"href":"https:\/\/muzeusm.ro\/en\/wp-json\/wp\/v2\/comments?post=67"}],"version-history":[{"count":2,"href":"https:\/\/muzeusm.ro\/en\/wp-json\/wp\/v2\/posts\/67\/revisions"}],"predecessor-version":[{"id":13812,"href":"https:\/\/muzeusm.ro\/en\/wp-json\/wp\/v2\/posts\/67\/revisions\/13812"}],"wp:attachment":[{"href":"https:\/\/muzeusm.ro\/en\/wp-json\/wp\/v2\/media?parent=67"}],"wp:term":[{"taxonomy":"category","embeddable":true,"href":"https:\/\/muzeusm.ro\/en\/wp-json\/wp\/v2\/categories?post=67"},{"taxonomy":"post_tag","embeddable":true,"href":"https:\/\/muzeusm.ro\/en\/wp-json\/wp\/v2\/tags?post=67"}],"curies":[{"name":"wp","href":"https:\/\/api.w.org\/{rel}","templated":true}]}}