{"id":6519,"date":"2020-04-29T08:30:43","date_gmt":"2020-04-29T08:30:43","guid":{"rendered":"http:\/\/www.muzeusm.ro\/?page_id=6519"},"modified":"2025-03-18T10:23:58","modified_gmt":"2025-03-18T08:23:58","slug":"1970-14-mai-50-de-ani","status":"publish","type":"post","link":"https:\/\/muzeusm.ro\/en\/1970-14-mai-50-de-ani\/","title":{"rendered":"Tragedie \u0219i rena\u0219tere. Fe\u021be ale unei calamit\u0103\u021bi &#8211; inunda\u021bia din 14 mai 1970 \u00een Satu Mare \/ Pusztul\u00e1s \u00e9s \u00fajj\u00e1sz\u00fclet\u00e9s. Egy term\u00e9szeti katasztr\u00f3fa arcai: az 1970. m\u00e1jus 14-i szatm\u00e1ri \u00e1rv\u00edz Pusztul\u00e1s \u00e9s \u00fajj\u00e1sz\u00fclet\u00e9s. Egy csap\u00e1s t\u00f6bb arca \u2013 az 1970. m\u00e1jus 14-i szatm\u00e1ri \u00e1rv\u00edz"},"content":{"rendered":"<h3><a href=\"http:\/\/www.muzeusm.ro\/wp-content\/uploads\/2020\/04\/51C90NR5QEL._AC_SS350_.jpg\"><img loading=\"lazy\" decoding=\"async\" class=\"alignnone wp-image-6837 \" src=\"http:\/\/www.muzeusm.ro\/wp-content\/uploads\/2020\/04\/51C90NR5QEL._AC_SS350_.jpg\" alt=\"\" width=\"25\" height=\"17\" \/><\/a>\u00a0Pentru a comemora 50 de ani de la evenimentele catastrofale din mai 1970, Sec\u021bia de Istorie a Muzeului Jude\u021bean Satu Mare v\u0103 propune, printr-o expozi\u021bie virtual\u0103, vizualizarea unor fotografii, film\u0103ri \u0219i documente inedite de arhiv\u0103, ce stau m\u0103rturie la tragedia de acum 50 de ani. Fotografiile au fost realizate de Gheorghe Iancu, Martin Sarca, Janitzky P\u00e1l \u0219i al\u021bi fotografi profesioni\u0219ti sau amatori din Satu Mare. Materialele expuse provin de la Muzeul Jude\u0163ean Satu Mare, Administra\u0163ia Bazinal\u0103 de Ap\u0103 Some\u015f-Tisa. Sistemul de Gospod\u0103rire a Apelor Satu Mare, Biblioteca Jude\u0163ean\u0103 Satu Mare, Arhiva Prim\u0103riei Municipiului Satu Mare, Arhivele Na\u021bionale ale Rom\u00e2niei &#8211; Biroul Jude\u0163ean Satu Mare, TVR \u015fi alte surse on-line, c\u0103rora \u0163inem s\u0103 le mul\u0163umim \u015fi pe aceast\u0103 cale pentru excelenta colaborare. Inten\u0163ia noastr\u0103 \u015fi a partenerilor, sub coordonarea Prim\u0103riei Municipiului Satu Mare, a fost cu totul alta, dorind s\u0103 realiz\u0103m cea mai mare expozi\u0163ie stradal\u0103 din istoria ora\u015fului, \u00een care s\u0103 surprindem at\u00e2t cursul Some\u015fului de-a lungul istoriei S\u0103tmarului, c\u00e2t \u015fi tragicele evenimente din 14 mai 1970, urmate de reconstruc\u0163ia \u015fi urbanizarea ora\u015fului nostru. Din p\u0103cate, situa\u0163ia cunoscut\u0103 prin care trecem ast\u0103zi, ne-a obligat s\u0103 adopt\u0103m aceast\u0103 solu\u0163ie de expozi\u0163ie virtual\u0103, pentru ca s\u0103tm\u0103renii s\u0103 nu uite ceea ce s-a \u00eent\u00e2mplat \u00een urm\u0103 cu o jum\u0103tate de secol, Satu Mare fiind cea mai afectat\u0103 localitate din Rom\u00e2nia de aceste inunda\u0163ii. Men\u0163ion\u0103m c\u0103 toate drepturile de autor, conform legisla\u0163iei \u00een vigoare, apar\u0163in Muzeului Jude\u0163ean Satu Mare \u015fi partenerilor, multiplicarea sau utilizarea f\u0103r\u0103 acordul nostru a informa\u0163iilor \u015fi a imaginilor expuse\u00a0fiind interzis\u0103.<\/h3>\n<h3><a href=\"http:\/\/www.muzeusm.ro\/wp-content\/uploads\/2020\/04\/Presentation1109-944x350.png\"><img loading=\"lazy\" decoding=\"async\" class=\"alignnone wp-image-6839\" src=\"http:\/\/www.muzeusm.ro\/wp-content\/uploads\/2020\/04\/Presentation1109-944x350-300x142.png\" alt=\"\" width=\"26\" height=\"13\" \/><\/a>\u00a0Az 1970. m\u00e1jus\u00e1ban bek\u00f6vetkezett tragikus esem\u00e9nyek 50. \u00e9vfordul\u00f3ja alkalm\u00e1b\u00f3l a Szatm\u00e1r Megyei M\u00fazeum t\u00f6rt\u00e9nelem r\u00e9szlege virtu\u00e1lis ki\u00e1ll\u00edt\u00e1son kereszt\u00fcl eml\u00e9kezik az \u00e1rv\u00edzre a korabeli id\u0151kb\u0151l sz\u00e1rmaz\u00f3 f\u00e9nyk\u00e9pek, vide\u00f3k \u00e9s arch\u00edv dokumentumok k\u00f6zz\u00e9t\u00e9tel\u00e9vel, amelyek hiteles tan\u00fai a f\u00e9l \u00e9vsz\u00e1zaddal ezel\u0151tti term\u00e9szeti csap\u00e1snak. A k\u00e9pek Gheorghe Iancu, Martin Sarca, Janitzky P\u00e1l \u00e9s m\u00e1s szatm\u00e1ri f\u00e9nyk\u00e9p\u00e9szek alkot\u00e1sai. A bemutatott korabeli filmek, f\u00e9nyk\u00e9pek, napilapok \u00e9s a lev\u00e9lt\u00e1ri dokumentumok a Szatm\u00e1rn\u00e9meti Megyei M\u00fazeum, a Szamos &#8211; Tisza Medence V\u00edz\u00fcgyi Igazgat\u00f3s\u00e1ga, Szatm\u00e1ri V\u00edzgazd\u00e1lkod\u00e1si Hivatala, a Szatm\u00e1r Megyei K\u00f6nyvt\u00e1r, a Szatm\u00e1rn\u00e9meti V\u00e1rosh\u00e1za arch\u00edvum\u00e1b\u00f3l, a Rom\u00e1nia Orsz\u00e1gos Lev\u00e9lt\u00e1ra, Szatm\u00e1r Megyei Irod\u00e1ja, a Rom\u00e1n Telev\u00edzi\u00f3 \u00e9s egy\u00e9b online forr\u00e1sokb\u00f3l sz\u00e1rmaznak, \u00e9s a ki\u00e1ll\u00edt\u00e1s \u00f6ssze\u00e1ll\u00edt\u00e1s\u00e1ban k\u00f6zrem\u0171k\u00f6d\u0151 int\u00e9zm\u00e9nyeknek ez\u00faton szeretn\u00e9nk megk\u00f6sz\u00f6nni a kiv\u00e1l\u00f3 egy\u00fcttm\u0171k\u00f6d\u00e9st. Janitzky P\u00e1l f\u00e9nyk\u00e9pei a csal\u00e1d \u00f6r\u00f6k\u00f6s\u00e9nek, Pozsonyi P\u00e9ternek mag\u00e1ntulajdon\u00e1t k\u00e9pezik. A Szatm\u00e1rn\u00e9meti Polg\u00e1rmesteri Hivatal\u00e1nak kezdem\u00e9nyez\u00e9s\u00e9ben, mind mi, mind partnereink egy teljesen m\u00e1s elk\u00e9pzel\u00e9st akartunk megval\u00f3s\u00edtani, a v\u00e1ros t\u00f6rt\u00e9net\u00e9nek eddigi legnagyobb horderej\u0171 utcai ki\u00e1ll\u00edt\u00e1s\u00e1t szerett\u00fck volna megrendezni, amelyben kiemelt\u00fck volna a Szatm\u00e1r t\u00f6rt\u00e9net\u00e9ben az id\u0151k sor\u00e1n oly fontos szerepet j\u00e1tsz\u00f3 Szamos foly\u00f3 jelent\u0151s\u00e9g\u00e9t, \u00edgy bemutatva az 1970. m\u00e1jus 14-i tragikus esem\u00e9nyeket, amelyeket azt\u00e1n v\u00e1rosunk \u00fajj\u00e1\u00e9p\u00edt\u00e9se \u00e9s moderniz\u00e1ci\u00f3ja k\u00f6vetett. Sajnos a jelenlegi helyzet, arra k\u00e9sztetett benn\u00fcnket, hogy ezt a virtu\u00e1lis ki\u00e1ll\u00edt\u00e1si megold\u00e1st alkalmazzuk, azt szem el\u0151tt tartva, hogy a szatm\u00e1ri emberek eml\u00e9kezzenek arra, mi t\u00f6rt\u00e9nt f\u00e9l \u00e9vsz\u00e1zaddal ezel\u0151tt, mivel Szatm\u00e1r volt az \u00e1rv\u00edz \u00e1ltal legink\u00e1bb s\u00fajtott telep\u00fcl\u00e9s Rom\u00e1ni\u00e1ban. Itt szeretn\u00e9nk megeml\u00edteni, hogy a hat\u00e1lyos jogszab\u00e1lyok szerint valamennyi szerz\u0151i jog a Szatm\u00e1r Megyei M\u00fazeum \u00e9s partnereinek tulajdon\u00e1ban van, a megjelen\u00edtett inform\u00e1ci\u00f3k \u00e9s a ki\u00e1ll\u00edtott k\u00e9pek sokszoros\u00edt\u00e1sa vagy felhaszn\u00e1l\u00e1sa a tulajdonos beleegyez\u00e9se n\u00e9lk\u00fcl tilos.<\/h3>\n<ul>\n<li>\n<h2><a href=\"http:\/\/www.muzeusm.ro\/expozitii\/1970-14-mai-50-de-ani\/imagini-kepek\/\">Imagini de epoc\u0103 \/ Korabeli f\u00e9nyk\u00e9pek<\/a><\/h2>\n<\/li>\n<li style=\"text-align: left;\">\n<h2><strong><a href=\"http:\/\/www.muzeusm.ro\/expozitii\/1970-14-mai-50-de-ani\/multimedia-14-mai\/\">Film\u0103ri de epoc\u0103 \/ Korabeli filmfelv\u00e9telek<\/a>\u00a0\u00a0<\/strong><\/h2>\n<\/li>\n<li style=\"text-align: left;\">\n<h2><strong><a href=\"http:\/\/www.muzeusm.ro\/expozitii\/1970-14-mai-50-de-ani\/presa-sajto-1970\/\">Materiale din presa local\u0103 \/ Helyi Sajt\u00f3<\/a>\u00a0<\/strong><\/h2>\n<\/li>\n<li style=\"text-align: left;\">\n<h2><a href=\"http:\/\/www.muzeusm.ro\/expozitii\/1970-14-mai-50-de-ani\/documente-de-arhiva\/\">Documente de arhiv\u0103 \/ Lev\u00e9lt\u00e1ri forr\u00e1sok<\/a><\/h2>\n<\/li>\n<\/ul>\n<ul>\n<li style=\"text-align: left;\">\n<h2><a href=\"http:\/\/www.muzeusm.ro\/expozitii\/1970-14-mai-50-de-ani\/comemorarea-megemlekezes\/\">Comemorarea inunda\u021biilor \/ Megeml\u00e9kez\u00e9sek az \u00e1rv\u00edzr\u0151l<\/a><\/h2>\n<\/li>\n<\/ul>\n<p style=\"text-align: left;\"><a href=\"http:\/\/www.muzeusm.ro\/wp-content\/uploads\/2020\/04\/51C90NR5QEL._AC_SS350_.jpg\"><img loading=\"lazy\" decoding=\"async\" class=\"alignnone wp-image-6837\" src=\"http:\/\/www.muzeusm.ro\/wp-content\/uploads\/2020\/04\/51C90NR5QEL._AC_SS350_.jpg\" alt=\"\" width=\"26\" height=\"17\" \/><\/a>\u00a0Stima\u021bi s\u0103tm\u0103reni, v\u0103 invit\u0103m s\u0103 viziona\u021bi acest film marcant pentru municipiul Satu Mare. Pentru c\u0103 situa\u021bia actual\u0103 nu ne-a permis s\u0103 comemor\u0103m cum ne-am fi dorit, \u00eencerc\u0103m s\u0103 v\u0103 aducem aminte despre tragedia care a avut loc \u00een urm\u0103 cu 50 de ani. \u00cen acela\u0219i timp dorim s\u0103 atragem aten\u021bia tinerilor asupra unor \u00eent\u00e2mpl\u0103ri care au dus la rena\u0219terea ora\u0219ului.<\/p>\n<p style=\"text-align: left;\"><a href=\"http:\/\/www.muzeusm.ro\/wp-content\/uploads\/2020\/04\/Presentation1109-944x350.png\"><img loading=\"lazy\" decoding=\"async\" class=\"alignnone wp-image-6839\" src=\"http:\/\/www.muzeusm.ro\/wp-content\/uploads\/2020\/04\/Presentation1109-944x350-300x142.png\" alt=\"\" width=\"25\" height=\"12\" \/><\/a>\u00a0Tisztelt szatm\u00e1riak! K\u00e9rj\u00fck tekints\u00e9k meg az al\u00e1bbi, Szatm\u00e1rn\u00e9meti sz\u00e1m\u00e1ra eml\u00e9kezetes filmet. Mivel a jelenlegi helyzet nem engedi meg a hagyom\u00e1nyos m\u00f3don val\u00f3 megeml\u00e9kez\u00e9st, ezzel a filmmel eml\u00e9kez\u00fcnk az 50 \u00e9vvel ezel\u0151tti trag\u00e9di\u00e1ra. A film ugyanakkor fontos a fiatalok sz\u00e1m\u00e1ra is, hiszen egy olyan esem\u00e9nyr\u0151l van sz\u00f3, amely nyom\u00e1n \u00fajj\u00e1sz\u00fcletett a v\u00e1rosunk.<\/p>\n<p><iframe loading=\"lazy\" title=\"Satu Mare rena\u0219te prin solidaritate - 14 Mai 1970\" width=\"750\" height=\"422\" src=\"https:\/\/www.youtube.com\/embed\/6CoC0zF64u0?start=7&#038;feature=oembed\" frameborder=\"0\" allow=\"accelerometer; autoplay; clipboard-write; encrypted-media; gyroscope; picture-in-picture; web-share\" referrerpolicy=\"strict-origin-when-cross-origin\" allowfullscreen><\/iframe><\/p>\n<p style=\"text-align: left;\">Surs\u0103: Pagina oficial\u0103 de Youtube a\u00a0<a href=\"https:\/\/www.youtube.com\/watch?time_continue=7&amp;v=6CoC0zF64u0&amp;feature=emb_logo\">Prim\u0103ria Satu Mare<\/a><\/p>\n<h2 style=\"text-align: left;\"><a href=\"http:\/\/www.muzeusm.ro\/wp-content\/uploads\/2020\/04\/51C90NR5QEL._AC_SS350_.jpg\"><img loading=\"lazy\" decoding=\"async\" class=\"alignnone wp-image-6837\" src=\"http:\/\/www.muzeusm.ro\/wp-content\/uploads\/2020\/04\/51C90NR5QEL._AC_SS350_.jpg\" alt=\"\" width=\"25\" height=\"17\" \/><\/a>\u00a0Comemorarea inunda\u021biilor \/ <img loading=\"lazy\" decoding=\"async\" class=\"alignnone wp-image-6839\" src=\"http:\/\/www.muzeusm.ro\/wp-content\/uploads\/2020\/04\/Presentation1109-944x350-300x142.png\" alt=\"\" width=\"25\" height=\"12\" \/>\u00a0Megeml\u00e9kez\u00e9sek az \u00e1rv\u00edzr\u0151l<\/h2>\n<p><a href=\"http:\/\/www.muzeusm.ro\/wp-content\/uploads\/2020\/04\/51C90NR5QEL._AC_SS350_.jpg\"><img loading=\"lazy\" decoding=\"async\" class=\"alignnone wp-image-6837\" src=\"http:\/\/www.muzeusm.ro\/wp-content\/uploads\/2020\/04\/51C90NR5QEL._AC_SS350_.jpg\" alt=\"\" width=\"25\" height=\"17\" \/><\/a>\u00a0V\u0103 recomand\u0103m s\u0103 vizita\u021bi bazele de date create de colegii no\u0219tri peste grani\u021b\u0103 de la Arhivele Na\u021bionale din Szabolcs-Szatm\u00e1r-Bereg, unde ve\u021bi avea ocazia s\u0103 vede\u021bi imagini de epoc\u0103, film\u0103ri de epoc\u0103 \u0219i nu \u00een ultimul r\u00e2nd documente de arhive despre inunda\u021biile de acolo. A\u0219a cum pandemia de azi nu a respectat hotarele omene\u0219ti nici tragedia de acum 50 de ani nu a f\u0103cut excep\u021bie&#8230;\u00a0\/\u00a0<img loading=\"lazy\" decoding=\"async\" class=\"alignnone wp-image-6839\" src=\"http:\/\/www.muzeusm.ro\/wp-content\/uploads\/2020\/04\/Presentation1109-944x350-300x142.png\" alt=\"\" width=\"25\" height=\"12\" \/>\u00a0Figyelm\u00fckbe aj\u00e1nljuk, hogy l\u00e1togassanak el a Magyar Nemzeti Lev\u00e9lt\u00e1r Szabolcs-Szatm\u00e1r Bereg Megyei Lev\u00e9lt\u00e1r \u00e1ltal l\u00e9trehozott online adatt\u00e1ra, ahol sz\u00e1mtalan fot\u00f3-vide\u00f3 \u00e9s nem utols\u00f3 sorban lev\u00e9lt\u00e1ri anyagot tekinthetnek meg. Ahogyan, napjainkban a vil\u00e1gj\u00e1rv\u00e1ny, sem ismer hat\u00e1rokat, \u00fagy az ezel\u0151tt 50 \u00e9vvel bek\u00f6vetkezett trag\u00e9dia, sem ismert korl\u00e1tokat\u2026<\/p>\n<h4>Vizita\u021bi \/ Tekintse meg: <a href=\"http:\/\/www.szabarchiv.hu\/drupal\/arviz\/index\">Magyar Nemzeti Lev\u00e9lt\u00e1r Szabolcs-Szatm\u00e1r-Bereg Megyei Lev\u00e9lt\u00e1ra<\/a><\/h4>\n<p><!--more--><\/p>\n\n\n<p><\/p>\n","protected":false},"excerpt":{"rendered":"<p>\u00a0Pentru a comemora 50 de ani de la evenimentele catastrofale din mai 1970, Sec\u021bia de Istorie a Muzeului Jude\u021bean Satu Mare v\u0103 propune, printr-o expozi\u021bie virtual\u0103, vizualizarea unor fotografii, film\u0103ri \u0219i documente inedite de arhiv\u0103, ce stau m\u0103rturie la tragedia de acum 50 de ani. Fotografiile au fost realizate de Gheorghe Iancu, Martin Sarca, Janitzky<a class=\"more-link\" href=\"https:\/\/muzeusm.ro\/en\/1970-14-mai-50-de-ani\/\">Continue reading <span class=\"screen-reader-text\">&#8220;Tragedie \u0219i rena\u0219tere. Fe\u021be ale unei calamit\u0103\u021bi &#8211; inunda\u021bia din 14 mai 1970 \u00een Satu Mare \/ Pusztul\u00e1s \u00e9s \u00fajj\u00e1sz\u00fclet\u00e9s. Egy term\u00e9szeti katasztr\u00f3fa arcai: az 1970. m\u00e1jus 14-i szatm\u00e1ri \u00e1rv\u00edz Pusztul\u00e1s \u00e9s \u00fajj\u00e1sz\u00fclet\u00e9s. Egy csap\u00e1s t\u00f6bb arca \u2013 az 1970. m\u00e1jus 14-i szatm\u00e1ri \u00e1rv\u00edz&#8221;<\/span><\/a><\/p>\n","protected":false},"author":243833644,"featured_media":0,"comment_status":"closed","ping_status":"closed","sticky":false,"template":"","format":"standard","meta":{"_coblocks_attr":"","_coblocks_dimensions":"","_coblocks_responsive_height":"","_coblocks_accordion_ie_support":"","advanced_seo_description":"","jetpack_seo_html_title":"","jetpack_seo_noindex":false,"jetpack_post_was_ever_published":false,"_jetpack_newsletter_access":"","_jetpack_dont_email_post_to_subs":false,"_jetpack_newsletter_tier_id":0,"_jetpack_memberships_contains_paywalled_content":false,"_jetpack_memberships_contains_paid_content":false,"footnotes":"","jetpack_publicize_message":"","jetpack_publicize_feature_enabled":true,"jetpack_social_post_already_shared":false,"jetpack_social_options":{"image_generator_settings":{"template":"highway","default_image_id":0,"font":"","enabled":false},"version":2}},"categories":[6498615],"tags":[6498598,6498599,6498723,6498728,6498601,6498725,6498727,6498724],"class_list":["post-6519","post","type-post","status-publish","format-standard","hentry","category-expozitiidebaza","tag-14-mai","tag-6498599","tag-55-de-ani","tag-expozitii-virtuale","tag-inundatii","tag-renastere","tag-satu-mare","tag-tragedie","entry"],"translation":{"provider":"WPGlobus","version":"3.0.1","language":"en","enabled_languages":["ro","hu","en"],"languages":{"ro":{"title":true,"content":true,"excerpt":false},"hu":{"title":false,"content":false,"excerpt":false},"en":{"title":false,"content":false,"excerpt":false}}},"jetpack_publicize_connections":[],"jetpack_featured_media_url":"","jetpack_likes_enabled":true,"jetpack-related-posts":[{"id":7181,"url":"https:\/\/muzeusm.ro\/en\/expozitia-tragedie-si-renastere-fete-ale-unei-calamitati-inundatia-din-14-mai-1970-in-satu-mare-pusztulas-es-ujjaszuletes-egy-termeszeti-katasztrofa-arcai-az-1970-majus-14-i-szatmari-arviz\/","url_meta":{"origin":6519,"position":0},"title":"Expozi\u021bia: Tragedie \u0219i rena\u0219tere. Fe\u021be ale unei calamit\u0103\u021bi &#8211; inunda\u021bia din 14 mai 1970 \u00een Satu Mare \/ Pusztul\u00e1s \u00e9s \u00fajj\u00e1sz\u00fclet\u00e9s. Egy term\u00e9szeti katasztr\u00f3fa arcai: az 1970. m\u00e1jus 14-i szatm\u00e1ri \u00e1rv\u00edz","author":"norbertlorincz","date":"14 May 2020","format":false,"excerpt":"\u00a0Stima\u021bi s\u0103tm\u0103reni, v\u0103 invit\u0103m s\u0103 vizita\u021bi expozi\u021bia noastr\u0103 virtual\u0103, pe care o dedic\u0103m tragediei care a avut loc \u00een urm\u0103 cu 50 de ani: http:\/\/www.muzeusm.ro\/expozitii\/1970-14-mai-50-de-ani\/ \u00a0Tisztelt szatm\u00e1riak, k\u00e9rj\u00fck tekints\u00e9k meg a virtu\u00e1lis ki\u00e1ll\u00edt\u00e1sunkat, melyet az 50 \u00e9vvel ezel\u0151tti trag\u00e9dia eml\u00e9k\u00e9nek szentel\u00fcnk: http:\/\/www.muzeusm.ro\/expozitii\/1970-14-mai-50-de-ani\/ V\u0103 mul\u021bumim \/ K\u00f6sz\u00f6nj\u00fck!\u00a0","rel":"","context":"In &quot;actualitati&quot;","block_context":{"text":"actualitati","link":"https:\/\/muzeusm.ro\/en\/category\/actualitati\/"},"img":{"alt_text":"","src":"https:\/\/i0.wp.com\/www.muzeusm.ro\/wp-content\/uploads\/2020\/04\/51C90NR5QEL._AC_SS350_.jpg?resize=350%2C200","width":350,"height":200},"classes":[]},{"id":7154,"url":"https:\/\/muzeusm.ro\/en\/comemorarea-megemlekezes\/","url_meta":{"origin":6519,"position":1},"title":"Comemorarea inunda\u021biilor \/ Megeml\u00e9kez\u00e9sek az \u00e1rv\u00edzr\u0151l","author":"norbertlorincz","date":"13 May 2020","format":false,"excerpt":"\u00a0Lista de comemor\u0103ri \/ \u00a0Megeml\u00e9kez\u00e9sek list\u00e1ja: Informa\u021bia Zilei - Imagini de la inunda\u0163iile din 14 mai 1970 din Satu Mare Informa\u021bia Zilei - Satu Mare: Alte imagini de la inunda\u0163iile din 1970 (Foto) Informa\u021bia Zilei - Satu Mare: 20.000 de persoane au r\u0103mas f\u0103r\u0103 ad\u0103post dup\u0103 inunda\u0163iile din 1970 (Foto)\u2026","rel":"","context":"In &quot;F\u0103r\u0103 categorie&quot;","block_context":{"text":"F\u0103r\u0103 categorie","link":"https:\/\/muzeusm.ro\/en\/category\/fara-categorie\/"},"img":{"alt_text":"","src":"https:\/\/i0.wp.com\/www.muzeusm.ro\/wp-content\/uploads\/2020\/04\/51C90NR5QEL._AC_SS350_.jpg?resize=350%2C200","width":350,"height":200},"classes":[]},{"id":7270,"url":"https:\/\/muzeusm.ro\/en\/anunt-important-fontos-bejelentes\/","url_meta":{"origin":6519,"position":2},"title":"Anun\u021b Important \/ Fontos bejelent\u00e9s","author":"norbertlorincz","date":"25 May 2020","format":false,"excerpt":"\u00cen a\u0219teptarea dumneavoastr\u0103 \u0219i pentru siguran\u021ba dumneavoastr\u0103 ! Am f\u0103cut dezinfec\u021bia \u0219i dezinsec\u021bia spa\u021biilor, la intrare am a\u0219ezat un covor dezinfectant, v\u0103 oferim solu\u021bie dezinfectant\u0103 pentru m\u00e2ini! \/ V\u00e1rjuk \u00d6n\u00f6ket sok szeretettel, biztons\u00e1gos k\u00f6r\u00fclm\u00e9nyeket teremtett\u00fcnk! A k\u00fcl\u00f6nleges helyzetre val\u00f3 tekintettel, fert\u0151tlen\u00edt\u00e9seket v\u00e9geztek az \u00e9p\u00fclet eg\u00e9sz\u00e9ben, a bej\u00e1ratn\u00e1l k\u00e9z fert\u0151tlen\u00edt\u0151 szer\u2026","rel":"","context":"In &quot;actualitati&quot;","block_context":{"text":"actualitati","link":"https:\/\/muzeusm.ro\/en\/category\/actualitati\/"},"img":{"alt_text":"","src":"","width":0,"height":0},"classes":[]},{"id":9724,"url":"https:\/\/muzeusm.ro\/en\/51-de-ani-de-la-evenimentele-catastrofale-din-mai-1970-51-eve-tortentek-az-1970-es-katasztrofalis-meretu-majusi-aradasok\/","url_meta":{"origin":6519,"position":3},"title":"51 de ani de la evenimentele catastrofale din mai 1970 \/ 51 \u00e9ve t\u00f6rt\u00e9ntek az 1970-es katasztrof\u00e1lis m\u00e9ret\u0171 m\u00e1jusi \u00e1rad\u00e1sok","author":"norbertlorincz","date":"14 May 2021","format":false,"excerpt":"\u00a0\u00a0\u00a0\u00a0\u00a0\u00a0\u00a0\u00a0\u00a0\u00a0 Pentru a comemora 51 de ani de la evenimentele catastrofale din mai 1970, Muzeul Jude\u021bean Satu Mare, sec\u021bia Istorie, v\u0103 invit\u0103 s\u0103 vizita\u021bi expozi\u021bia fotografic\u0103 organizat\u0103 \u00een holul muzeului, \u00eencep\u00e2nd cu data de 14 mai, ora 10.00. \u00a0\u00a0\u00a0\u00a0\u00a0\u00a0\u00a0\u00a0\u00a0 Fotografiile realizate de Gheorghe Iancu surprind zilele tragice din luna mai,\u2026","rel":"","context":"In &quot;actualitati&quot;","block_context":{"text":"actualitati","link":"https:\/\/muzeusm.ro\/en\/category\/actualitati\/"},"img":{"alt_text":"","src":"https:\/\/i0.wp.com\/www.muzeusm.ro\/wp-content\/uploads\/2020\/04\/51C90NR5QEL._AC_SS350_.jpg?resize=350%2C200","width":350,"height":200},"classes":[]},{"id":6540,"url":"https:\/\/muzeusm.ro\/en\/multimedia-14-mai\/","url_meta":{"origin":6519,"position":4},"title":"Film\u0103ri de epoc\u0103 \/ Korabeli filmfelv\u00e9telek","author":"norbertlorincz","date":"29 April 2020","format":false,"excerpt":"N\u0103vala apelor \u00eenvolburate \/ A viharos vizek\u00a0 Surs\u0103:\u00a0Administra\u0163ia Bazinului de Ap\u0103 Some\u015f-Tisa, Sistemul de Gospod\u0103rire a Apelor Satu Mare \/\u00a0Szamos - Tisza Medence V\u00edz\u00fcgyi Igazgat\u00f3s\u00e1ga, Szatm\u00e1ri V\u00edzgazd\u00e1lkod\u00e1si Hivatal\u00a0 Tragedia provocat\u0103 de ape \/ Az \u00e1rv\u00edz okozta k\u00e1rok Surs\u0103:\u00a0Administra\u0163ia Bazinului de Ap\u0103 Some\u015f-Tisa, Sistemul de Gospod\u0103rire a Apelor Satu Mare \/\u00a0Szamos\u2026","rel":"","context":"In &quot;F\u0103r\u0103 categorie&quot;","block_context":{"text":"F\u0103r\u0103 categorie","link":"https:\/\/muzeusm.ro\/en\/category\/fara-categorie\/"},"img":{"alt_text":"","src":"https:\/\/i0.wp.com\/www.muzeusm.ro\/wp-content\/uploads\/2020\/04\/51C90NR5QEL._AC_SS350_.jpg?resize=350%2C200","width":350,"height":200},"classes":[]},{"id":6536,"url":"https:\/\/muzeusm.ro\/en\/documente-de-arhiva\/","url_meta":{"origin":6519,"position":5},"title":"Documente de arhiv\u0103 \/ Lev\u00e9lt\u00e1ri forr\u00e1sok","author":"norbertlorincz","date":"29 April 2020","format":false,"excerpt":"Din Arhiva Prim\u0103riei Municipiului Satu Mare \/ Szatm\u00e1rn\u00e9meti V\u00e1rosh\u00e1za \u00edratt\u00e1ra\u00a0 \u00a0Situa\u021bia pagubelor provocate de inunda\u021bia din luna mai 1970, \u00eentocmit\u0103 de Consiliul Popular al municipiului Satu Mare. Sunt notate distrugerile totale sau par\u021biale suferite de construc\u021bii (case, apartamente, grajduri, sere), obiecte de folosin\u021b\u0103 \u00eendelungat\u0103 (mobil\u0103, televizoare, aparate radio, frigidere etc.),\u2026","rel":"","context":"In &quot;F\u0103r\u0103 categorie&quot;","block_context":{"text":"F\u0103r\u0103 categorie","link":"https:\/\/muzeusm.ro\/en\/category\/fara-categorie\/"},"img":{"alt_text":"","src":"https:\/\/i0.wp.com\/www.muzeusm.ro\/wp-content\/uploads\/2020\/04\/DSC_0103-198x300.jpg?resize=350%2C200","width":350,"height":200},"classes":[]}],"jetpack_sharing_enabled":true,"jetpack_shortlink":"https:\/\/wp.me\/pfvnyQ-1H9","_links":{"self":[{"href":"https:\/\/muzeusm.ro\/en\/wp-json\/wp\/v2\/posts\/6519","targetHints":{"allow":["GET"]}}],"collection":[{"href":"https:\/\/muzeusm.ro\/en\/wp-json\/wp\/v2\/posts"}],"about":[{"href":"https:\/\/muzeusm.ro\/en\/wp-json\/wp\/v2\/types\/post"}],"author":[{"embeddable":true,"href":"https:\/\/muzeusm.ro\/en\/wp-json\/wp\/v2\/users\/243833644"}],"replies":[{"embeddable":true,"href":"https:\/\/muzeusm.ro\/en\/wp-json\/wp\/v2\/comments?post=6519"}],"version-history":[{"count":5,"href":"https:\/\/muzeusm.ro\/en\/wp-json\/wp\/v2\/posts\/6519\/revisions"}],"predecessor-version":[{"id":16480,"href":"https:\/\/muzeusm.ro\/en\/wp-json\/wp\/v2\/posts\/6519\/revisions\/16480"}],"wp:attachment":[{"href":"https:\/\/muzeusm.ro\/en\/wp-json\/wp\/v2\/media?parent=6519"}],"wp:term":[{"taxonomy":"category","embeddable":true,"href":"https:\/\/muzeusm.ro\/en\/wp-json\/wp\/v2\/categories?post=6519"},{"taxonomy":"post_tag","embeddable":true,"href":"https:\/\/muzeusm.ro\/en\/wp-json\/wp\/v2\/tags?post=6519"}],"curies":[{"name":"wp","href":"https:\/\/api.w.org\/{rel}","templated":true}]}}