{"id":4555,"date":"2019-05-03T08:03:04","date_gmt":"2019-05-03T08:03:04","guid":{"rendered":"http:\/\/www.muzeusm.ro\/?p=4555"},"modified":"2019-05-03T08:03:04","modified_gmt":"2019-05-03T08:03:04","slug":"vernisaj-expozitie-calator-prin-burguri-transilvane-sever-moldovan","status":"publish","type":"post","link":"https:\/\/muzeusm.ro\/en\/vernisaj-expozitie-calator-prin-burguri-transilvane-sever-moldovan\/","title":{"rendered":"Vernisaj expozi\u0163ie &#8220;C\u0103l\u0103tor prin burguri transilvane&#8221; Sever Moldovan"},"content":{"rendered":"<p><a href=\"http:\/\/www.muzeusm.ro\/wp-content\/uploads\/2019\/05\/MG_5124.jpg\"><img loading=\"lazy\" decoding=\"async\" class=\"alignnone size-medium wp-image-4556\" src=\"http:\/\/www.muzeusm.ro\/wp-content\/uploads\/2019\/05\/MG_5124-300x230.jpg\" alt=\"\" width=\"300\" height=\"230\" \/><\/a> <a href=\"http:\/\/www.muzeusm.ro\/wp-content\/uploads\/2019\/05\/MG_5135.jpg\"><img loading=\"lazy\" decoding=\"async\" class=\"alignnone size-medium wp-image-4557\" src=\"http:\/\/www.muzeusm.ro\/wp-content\/uploads\/2019\/05\/MG_5135-300x248.jpg\" alt=\"\" width=\"300\" height=\"248\" \/><\/a> <a href=\"http:\/\/www.muzeusm.ro\/wp-content\/uploads\/2019\/05\/MG_5152.jpg\"><img loading=\"lazy\" decoding=\"async\" class=\"alignnone size-medium wp-image-4558\" src=\"http:\/\/www.muzeusm.ro\/wp-content\/uploads\/2019\/05\/MG_5152-200x300.jpg\" alt=\"\" width=\"200\" height=\"300\" \/><\/a> <a href=\"http:\/\/www.muzeusm.ro\/wp-content\/uploads\/2019\/05\/MG_5159.jpg\"><img loading=\"lazy\" decoding=\"async\" class=\"alignnone size-medium wp-image-4559\" src=\"http:\/\/www.muzeusm.ro\/wp-content\/uploads\/2019\/05\/MG_5159-300x200.jpg\" alt=\"\" width=\"300\" height=\"200\" \/><\/a> <a href=\"http:\/\/www.muzeusm.ro\/wp-content\/uploads\/2019\/05\/MG_5160.jpg\"><img loading=\"lazy\" decoding=\"async\" class=\"alignnone size-medium wp-image-4560\" src=\"http:\/\/www.muzeusm.ro\/wp-content\/uploads\/2019\/05\/MG_5160-300x200.jpg\" alt=\"\" width=\"300\" height=\"200\" \/><\/a> <a href=\"http:\/\/www.muzeusm.ro\/wp-content\/uploads\/2019\/05\/MG_5162.jpg\"><img loading=\"lazy\" decoding=\"async\" class=\"alignnone size-medium wp-image-4561\" src=\"http:\/\/www.muzeusm.ro\/wp-content\/uploads\/2019\/05\/MG_5162-300x200.jpg\" alt=\"\" width=\"300\" height=\"200\" \/><\/a> <a href=\"http:\/\/www.muzeusm.ro\/wp-content\/uploads\/2019\/05\/MG_5170.jpg\"><img loading=\"lazy\" decoding=\"async\" class=\"alignnone size-medium wp-image-4562\" src=\"http:\/\/www.muzeusm.ro\/wp-content\/uploads\/2019\/05\/MG_5170-300x200.jpg\" alt=\"\" width=\"300\" height=\"200\" \/><\/a> <a href=\"http:\/\/www.muzeusm.ro\/wp-content\/uploads\/2019\/05\/MG_5171.jpg\"><img loading=\"lazy\" decoding=\"async\" class=\"alignnone size-medium wp-image-4563\" src=\"http:\/\/www.muzeusm.ro\/wp-content\/uploads\/2019\/05\/MG_5171-300x200.jpg\" alt=\"\" width=\"300\" height=\"200\" \/><\/a> <a href=\"http:\/\/www.muzeusm.ro\/wp-content\/uploads\/2019\/05\/MG_5175.jpg\"><img loading=\"lazy\" decoding=\"async\" class=\"alignnone size-medium wp-image-4564\" src=\"http:\/\/www.muzeusm.ro\/wp-content\/uploads\/2019\/05\/MG_5175-300x271.jpg\" alt=\"\" width=\"300\" height=\"271\" \/><\/a> <a href=\"http:\/\/www.muzeusm.ro\/wp-content\/uploads\/2019\/05\/MG_5186.jpg\"><img loading=\"lazy\" decoding=\"async\" class=\"alignnone size-medium wp-image-4565\" src=\"http:\/\/www.muzeusm.ro\/wp-content\/uploads\/2019\/05\/MG_5186-200x300.jpg\" alt=\"\" width=\"200\" height=\"300\" \/><\/a><\/p>\n","protected":false},"excerpt":{"rendered":"","protected":false},"author":245723484,"featured_media":0,"comment_status":"open","ping_status":"open","sticky":false,"template":"","format":"standard","meta":{"_coblocks_attr":"","_coblocks_dimensions":"","_coblocks_responsive_height":"","_coblocks_accordion_ie_support":"","advanced_seo_description":"","jetpack_seo_html_title":"","jetpack_seo_noindex":false,"jetpack_post_was_ever_published":false,"_jetpack_newsletter_access":"","_jetpack_dont_email_post_to_subs":false,"_jetpack_newsletter_tier_id":0,"_jetpack_memberships_contains_paywalled_content":false,"_jetpack_memberships_contains_paid_content":false,"footnotes":"","jetpack_publicize_message":"","jetpack_publicize_feature_enabled":true,"jetpack_social_post_already_shared":false,"jetpack_social_options":{"image_generator_settings":{"template":"highway","default_image_id":0,"font":"","enabled":false},"version":2}},"categories":[6498592],"tags":[],"class_list":["post-4555","post","type-post","status-publish","format-standard","hentry","category-actualitati","entry"],"translation":{"provider":"WPGlobus","version":"3.0.1","language":"en","enabled_languages":["ro","hu","en"],"languages":{"ro":{"title":true,"content":true,"excerpt":false},"hu":{"title":false,"content":false,"excerpt":false},"en":{"title":false,"content":false,"excerpt":false}}},"jetpack_publicize_connections":[],"jetpack_featured_media_url":"","jetpack_likes_enabled":true,"jetpack-related-posts":[{"id":4538,"url":"https:\/\/muzeusm.ro\/en\/expozitie-de-pictura-si-desene-calator-prin-burguri-transilvane-sever-moldovan\/","url_meta":{"origin":4555,"position":0},"title":"Expozi\u0163ie de pictur\u0103 \u015fi desen &#8220;C\u0102L\u0102TOR PRIN BURGURI TRANSILVANE &#8221; &#8211; Sever Moldovan","author":"Popdan Bradut","date":"25 April 2019","format":false,"excerpt":"Muzeul Jude\u0163ean Satu Mare-Sec\u0163ia de Art\u0103, are pl\u0103cerea s\u0103 v\u0103 invite s\u0103 participa\u0163i la vernisajul expozi\u0163iei de pictur\u0103 \u015fi desen : \u201e C\u0103l\u0103tor prin burguri transilvane \u201d, semnat\u0103 Sever Moldovan. Artistul s-a n\u0103scut la 22 ianuarie 1958, \u00een comuna Telciu, jude\u0163ul Bistri\u0163a N\u0103s\u0103ud. \u00cen perioada 1973-1977 urmeaz\u0103 cursurile Liceului de\u2026","rel":"","context":"In &quot;actualitati&quot;","block_context":{"text":"actualitati","link":"https:\/\/muzeusm.ro\/en\/category\/actualitati\/"},"img":{"alt_text":"","src":"https:\/\/i0.wp.com\/www.muzeusm.ro\/wp-content\/uploads\/2019\/04\/moldovan-sever-204x300.jpg?resize=350%2C200","width":350,"height":200},"classes":[]},{"id":4865,"url":"https:\/\/muzeusm.ro\/en\/expozitie-de-arta-plastica-de-grup-obiceiuri-artisti-sezatoare\/","url_meta":{"origin":4555,"position":1},"title":"Expozi\u0163ie de art\u0103 plastic\u0103 &#8220;Obiceiuri-Arti\u015fti-\u015eez\u0103toare &#8220;","author":"Popdan Bradut","date":"7 June 2019","format":false,"excerpt":"Obiceiuri Arti\u015fti \u015eez\u0103toare Muzeul Jude\u0163ean Satu Mare - Sec\u0163ia de Art\u0103, v\u0103 invit\u0103 s\u0103 participa\u0163i la o \u201c \u015fez\u0103toare \u201d \u00a0de art\u0103 plastic\u0103 (pictur\u0103, grafic\u0103, fotografie). Simezele muzeului s\u0103tm\u0103rean g\u0103zduiesc crea\u0163ile a 10 arti\u015fti membrii ai UAP din filialele din \u0163ar\u0103 - Victoria Galbenu \u021a\u0103roi \u2013Bra\u0219ov, Sever Moldovan \u2013 Bistri\u021ba,\u2026","rel":"","context":"In &quot;actualitati&quot;","block_context":{"text":"actualitati","link":"https:\/\/muzeusm.ro\/en\/category\/actualitati\/"},"img":{"alt_text":"","src":"https:\/\/i0.wp.com\/www.muzeusm.ro\/wp-content\/uploads\/2019\/06\/61857261_310001396612085_1634018405092687872_n-214x300.jpg?resize=350%2C200","width":350,"height":200},"classes":[]},{"id":4649,"url":"https:\/\/muzeusm.ro\/en\/expozitia-100-de-ani-de-la-vizita-regelui-ferdinand-si-a-reginei-maria-in-judetul-satu-mare-carei-25-mai-1919\/","url_meta":{"origin":4555,"position":2},"title":"Expozi\u021bia: \u201d100 de ani de la vizita Regelui Ferdinand \u0219i a Reginei Maria \u00een Jude\u0163ul Satu Mare &#8211; Carei- 25 mai 1919\u201d","author":"norbertlorincz","date":"16 May 2019","format":false,"excerpt":"Expozi\u021bia este organizat\u0103 cu ocazia anivers\u0103rii a 100 de ani de la vizita istoric\u0103 a Regelui Ferdinand \u00centregitorul \u015fi a Reginei Maria \u00een jude\u021bul Satu Mare, la Carei. \u00cen mai 1919, dup\u0103 Marea Unire, Regele \u015fi Regina au f\u0103cut o vizit\u0103 \u00een Transilvania, oprindu-se la Bra\u015fov, F\u0103g\u0103ra\u015f, Sibiu, Blaj, Alba\u2026","rel":"","context":"In &quot;actualitati&quot;","block_context":{"text":"actualitati","link":"https:\/\/muzeusm.ro\/en\/category\/actualitati\/"},"img":{"alt_text":"","src":"https:\/\/i0.wp.com\/www.muzeusm.ro\/wp-content\/uploads\/2019\/05\/afisMIC-210x300.jpg?resize=350%2C200","width":350,"height":200},"classes":[]},{"id":1495,"url":"https:\/\/muzeusm.ro\/en\/vernisajul-expozitiei-razboinici-avari-in-transilvania\/","url_meta":{"origin":4555,"position":3},"title":"Vernisajul expozi\u0163iei &#8220;R\u0103zboinici avari \u00een Transilvania&#8221;","author":"Dobrescu Adela Catalina","date":"15 February 2016","format":false,"excerpt":"Muzeul Jude\u0163ean Satu Mare (B-dul Vasile Lucaciu nr 21) v\u0103 invit\u0103 mar\u0163i 16 februarie 2016, ora 16.00, la vernisajul expozi\u0163iei:\u201eR\u0103zboinici avari \u00een Transilvania\u201d. Expozi\u0163ia prezint\u0103 diferite aspecte ale culturii materiale din epoca avar\u0103 legate de arme \u015fi armament, modul de via\u0163\u0103, costumul masculin \u015fi feminin, obiceiurile funerare, via\u0163a de zi\u2026","rel":"","context":"In &quot;actualitati&quot;","block_context":{"text":"actualitati","link":"https:\/\/muzeusm.ro\/en\/category\/actualitati\/"},"img":{"alt_text":"Afis Avari fin","src":"https:\/\/i0.wp.com\/www.muzeusm.ro\/wp-content\/uploads\/2016\/02\/Afis-Avari-fin-212x300.jpg?resize=350%2C200","width":350,"height":200},"classes":[]},{"id":7419,"url":"https:\/\/muzeusm.ro\/en\/expozitia-mari-fotografi-din-transilvania\/","url_meta":{"origin":4555,"position":4},"title":"Expozi\u021bia: MARI FOTOGRAFI DIN TRANSILVANIA","author":"norbertlorincz","date":"16 July 2020","format":false,"excerpt":"Expozi\u021bia: MARI FOTOGRAFI DIN TRANSILVANIA,\u00a0Iuliu Pop \u0219i Ioni\u021b\u0103 G. Andron la Muzeul \u021a\u0103rii F\u0103g\u0103ra\u0219ului Vineri, 17 iulie 2020, la ora 18.00, la Muzeul \u021a\u0103rii F\u0103g\u0103ra\u0219ului \u201eValer Literat\u201d va avea loc vernisajul expozi\u021biei \u201eMari fotografi din Transilvania. Secolele XIX-XX\u201d (edi\u021bia a II-a) \u0219i lansarea volumului de studii \u201eMari fotografi din Transilvania.\u2026","rel":"","context":"In &quot;actualitati&quot;","block_context":{"text":"actualitati","link":"https:\/\/muzeusm.ro\/en\/category\/actualitati\/"},"img":{"alt_text":"","src":"https:\/\/i0.wp.com\/www.muzeusm.ro\/wp-content\/uploads\/2020\/07\/afis-1-212x300.jpg?resize=350%2C200","width":350,"height":200},"classes":[]},{"id":2952,"url":"https:\/\/muzeusm.ro\/en\/vernisajul-expozitiei-pictura-nord-transilvana-in-colectii-satmarene\/","url_meta":{"origin":4555,"position":5},"title":"Vernisajul expozi\u021biei \u201ePictura Nord Transilvan\u0103 \u00een colec\u0163ii s\u0103tm\u0103rene\u201d","author":"Dobrescu Adela Catalina","date":"16 January 2018","format":false,"excerpt":"Muzeul Jude\u0163ean Satu Mare, are pl\u0103cerea s\u0103 v\u0103 invite la vernisajul expozi\u0163iei: \u201ePictura Nord Transilvan\u0103 \u00een colec\u0163ii s\u0103tm\u0103rene\u201d\u00a0 Expozi\u0163ia este constituit\u0103 din peste 60 de lucr\u0103ri apar\u0163in\u00e2nd Muzeului Jude\u0163ean Satu Mare \u015fi unui grup de colec\u0163ionari s\u0103tm\u0103reni.Simezele Muzeului s\u0103tm\u0103rean vor prezenta c\u00e2teva din operele unora dintre cei mai reprezentativi arti\u015fti\u2026","rel":"","context":"In &quot;actualitati&quot;","block_context":{"text":"actualitati","link":"https:\/\/muzeusm.ro\/en\/category\/actualitati\/"},"img":{"alt_text":"","src":"https:\/\/i0.wp.com\/www.muzeusm.ro\/wp-content\/uploads\/2018\/01\/afis-214x300.jpg?resize=350%2C200","width":350,"height":200},"classes":[]}],"jetpack_sharing_enabled":true,"jetpack_shortlink":"https:\/\/wp.me\/pfvnyQ-1bt","_links":{"self":[{"href":"https:\/\/muzeusm.ro\/en\/wp-json\/wp\/v2\/posts\/4555","targetHints":{"allow":["GET"]}}],"collection":[{"href":"https:\/\/muzeusm.ro\/en\/wp-json\/wp\/v2\/posts"}],"about":[{"href":"https:\/\/muzeusm.ro\/en\/wp-json\/wp\/v2\/types\/post"}],"author":[{"embeddable":true,"href":"https:\/\/muzeusm.ro\/en\/wp-json\/wp\/v2\/users\/245723484"}],"replies":[{"embeddable":true,"href":"https:\/\/muzeusm.ro\/en\/wp-json\/wp\/v2\/comments?post=4555"}],"version-history":[{"count":0,"href":"https:\/\/muzeusm.ro\/en\/wp-json\/wp\/v2\/posts\/4555\/revisions"}],"wp:attachment":[{"href":"https:\/\/muzeusm.ro\/en\/wp-json\/wp\/v2\/media?parent=4555"}],"wp:term":[{"taxonomy":"category","embeddable":true,"href":"https:\/\/muzeusm.ro\/en\/wp-json\/wp\/v2\/categories?post=4555"},{"taxonomy":"post_tag","embeddable":true,"href":"https:\/\/muzeusm.ro\/en\/wp-json\/wp\/v2\/tags?post=4555"}],"curies":[{"name":"wp","href":"https:\/\/api.w.org\/{rel}","templated":true}]}}