{"id":3663,"date":"2018-08-27T11:31:44","date_gmt":"2018-08-27T11:31:44","guid":{"rendered":"http:\/\/www.muzeusm.ro\/?p=3663"},"modified":"2018-08-27T11:31:44","modified_gmt":"2018-08-27T11:31:44","slug":"vernisajul-expozitiei-drumul-calatorii-pe-cai-ferate-gheata-si-carari-in-siberia","status":"publish","type":"post","link":"https:\/\/muzeusm.ro\/en\/vernisajul-expozitiei-drumul-calatorii-pe-cai-ferate-gheata-si-carari-in-siberia\/","title":{"rendered":"Vernisajul expozi\u021biei \u201dDrumul &#8211; c\u0103l\u0103torii pe c\u0103i ferate, ghea\u021b\u0103 \u0219i c\u0103r\u0103ri \u00een Siberia\u201d"},"content":{"rendered":"<p><a href=\"http:\/\/www.muzeusm.ro\/wp-content\/uploads\/2018\/08\/MG_3499.jpg\"><img loading=\"lazy\" decoding=\"async\" data-attachment-id=\"3664\" data-permalink=\"https:\/\/muzeusm.ro\/en\/_mg_3499\/\" data-orig-file=\"https:\/\/muzeusm.ro\/wp-content\/uploads\/2018\/08\/MG_3499-scaled.jpg\" data-orig-size=\"2560,1707\" data-comments-opened=\"1\" data-image-meta=\"{&quot;aperture&quot;:&quot;7.1&quot;,&quot;credit&quot;:&quot;&quot;,&quot;camera&quot;:&quot;Canon EOS 500D&quot;,&quot;caption&quot;:&quot;&quot;,&quot;created_timestamp&quot;:&quot;1535121248&quot;,&quot;copyright&quot;:&quot;&quot;,&quot;focal_length&quot;:&quot;30&quot;,&quot;iso&quot;:&quot;800&quot;,&quot;shutter_speed&quot;:&quot;0.00625&quot;,&quot;title&quot;:&quot;&quot;,&quot;orientation&quot;:&quot;1&quot;}\" data-image-title=\"_MG_3499\" data-image-description=\"\" data-image-caption=\"\" data-medium-file=\"https:\/\/muzeusm.ro\/wp-content\/uploads\/2018\/08\/MG_3499-300x200.jpg\" data-large-file=\"https:\/\/muzeusm.ro\/wp-content\/uploads\/2018\/08\/MG_3499-1024x683.jpg\" class=\"size-medium wp-image-3664 alignleft\" src=\"http:\/\/www.muzeusm.ro\/wp-content\/uploads\/2018\/08\/MG_3499-300x200.jpg\" alt=\"\" width=\"300\" height=\"200\" srcset=\"https:\/\/muzeusm.ro\/wp-content\/uploads\/2018\/08\/MG_3499-300x200.jpg 300w, https:\/\/muzeusm.ro\/wp-content\/uploads\/2018\/08\/MG_3499-1024x683.jpg 1024w, https:\/\/muzeusm.ro\/wp-content\/uploads\/2018\/08\/MG_3499-768x512.jpg 768w, https:\/\/muzeusm.ro\/wp-content\/uploads\/2018\/08\/MG_3499-1536x1024.jpg 1536w, https:\/\/muzeusm.ro\/wp-content\/uploads\/2018\/08\/MG_3499-2048x1365.jpg 2048w, https:\/\/muzeusm.ro\/wp-content\/uploads\/2018\/08\/MG_3499-1568x1045.jpg 1568w\" sizes=\"auto, (max-width: 300px) 100vw, 300px\" \/><\/a> <a href=\"http:\/\/www.muzeusm.ro\/wp-content\/uploads\/2018\/08\/MG_3502.jpg\"><img loading=\"lazy\" decoding=\"async\" data-attachment-id=\"3665\" data-permalink=\"https:\/\/muzeusm.ro\/en\/_mg_3502\/\" data-orig-file=\"https:\/\/muzeusm.ro\/wp-content\/uploads\/2018\/08\/MG_3502-scaled.jpg\" data-orig-size=\"1707,2560\" data-comments-opened=\"1\" data-image-meta=\"{&quot;aperture&quot;:&quot;5&quot;,&quot;credit&quot;:&quot;&quot;,&quot;camera&quot;:&quot;Canon EOS 500D&quot;,&quot;caption&quot;:&quot;&quot;,&quot;created_timestamp&quot;:&quot;1535121298&quot;,&quot;copyright&quot;:&quot;&quot;,&quot;focal_length&quot;:&quot;30&quot;,&quot;iso&quot;:&quot;800&quot;,&quot;shutter_speed&quot;:&quot;0.016666666666667&quot;,&quot;title&quot;:&quot;&quot;,&quot;orientation&quot;:&quot;1&quot;}\" data-image-title=\"_MG_3502\" data-image-description=\"\" data-image-caption=\"\" data-medium-file=\"https:\/\/muzeusm.ro\/wp-content\/uploads\/2018\/08\/MG_3502-200x300.jpg\" data-large-file=\"https:\/\/muzeusm.ro\/wp-content\/uploads\/2018\/08\/MG_3502-683x1024.jpg\" class=\"alignright size-medium wp-image-3665\" src=\"http:\/\/www.muzeusm.ro\/wp-content\/uploads\/2018\/08\/MG_3502-200x300.jpg\" alt=\"\" width=\"200\" height=\"300\" srcset=\"https:\/\/muzeusm.ro\/wp-content\/uploads\/2018\/08\/MG_3502-200x300.jpg 200w, https:\/\/muzeusm.ro\/wp-content\/uploads\/2018\/08\/MG_3502-683x1024.jpg 683w, https:\/\/muzeusm.ro\/wp-content\/uploads\/2018\/08\/MG_3502-768x1152.jpg 768w, https:\/\/muzeusm.ro\/wp-content\/uploads\/2018\/08\/MG_3502-1024x1536.jpg 1024w, https:\/\/muzeusm.ro\/wp-content\/uploads\/2018\/08\/MG_3502-1365x2048.jpg 1365w, https:\/\/muzeusm.ro\/wp-content\/uploads\/2018\/08\/MG_3502-1568x2352.jpg 1568w, https:\/\/muzeusm.ro\/wp-content\/uploads\/2018\/08\/MG_3502-scaled.jpg 1707w\" sizes=\"auto, (max-width: 200px) 100vw, 200px\" \/><\/a> <a href=\"http:\/\/www.muzeusm.ro\/wp-content\/uploads\/2018\/08\/MG_3503.jpg\"><img loading=\"lazy\" decoding=\"async\" data-attachment-id=\"3666\" data-permalink=\"https:\/\/muzeusm.ro\/en\/_mg_3503\/\" data-orig-file=\"https:\/\/muzeusm.ro\/wp-content\/uploads\/2018\/08\/MG_3503-scaled.jpg\" data-orig-size=\"2560,1707\" data-comments-opened=\"1\" data-image-meta=\"{&quot;aperture&quot;:&quot;5&quot;,&quot;credit&quot;:&quot;&quot;,&quot;camera&quot;:&quot;Canon EOS 500D&quot;,&quot;caption&quot;:&quot;&quot;,&quot;created_timestamp&quot;:&quot;1535121313&quot;,&quot;copyright&quot;:&quot;&quot;,&quot;focal_length&quot;:&quot;28&quot;,&quot;iso&quot;:&quot;800&quot;,&quot;shutter_speed&quot;:&quot;0.016666666666667&quot;,&quot;title&quot;:&quot;&quot;,&quot;orientation&quot;:&quot;1&quot;}\" data-image-title=\"_MG_3503\" data-image-description=\"\" data-image-caption=\"\" data-medium-file=\"https:\/\/muzeusm.ro\/wp-content\/uploads\/2018\/08\/MG_3503-300x200.jpg\" data-large-file=\"https:\/\/muzeusm.ro\/wp-content\/uploads\/2018\/08\/MG_3503-1024x683.jpg\" class=\"alignright size-medium wp-image-3666\" src=\"http:\/\/www.muzeusm.ro\/wp-content\/uploads\/2018\/08\/MG_3503-300x200.jpg\" alt=\"\" width=\"300\" height=\"200\" srcset=\"https:\/\/muzeusm.ro\/wp-content\/uploads\/2018\/08\/MG_3503-300x200.jpg 300w, https:\/\/muzeusm.ro\/wp-content\/uploads\/2018\/08\/MG_3503-1024x683.jpg 1024w, https:\/\/muzeusm.ro\/wp-content\/uploads\/2018\/08\/MG_3503-768x512.jpg 768w, https:\/\/muzeusm.ro\/wp-content\/uploads\/2018\/08\/MG_3503-1536x1024.jpg 1536w, https:\/\/muzeusm.ro\/wp-content\/uploads\/2018\/08\/MG_3503-2048x1365.jpg 2048w, https:\/\/muzeusm.ro\/wp-content\/uploads\/2018\/08\/MG_3503-1568x1045.jpg 1568w\" sizes=\"auto, (max-width: 300px) 100vw, 300px\" \/><\/a> <a href=\"http:\/\/www.muzeusm.ro\/wp-content\/uploads\/2018\/08\/MG_3504.jpg\"><img loading=\"lazy\" decoding=\"async\" data-attachment-id=\"3667\" data-permalink=\"https:\/\/muzeusm.ro\/en\/_mg_3504\/\" data-orig-file=\"https:\/\/muzeusm.ro\/wp-content\/uploads\/2018\/08\/MG_3504-scaled.jpg\" data-orig-size=\"1707,2560\" data-comments-opened=\"1\" data-image-meta=\"{&quot;aperture&quot;:&quot;4&quot;,&quot;credit&quot;:&quot;&quot;,&quot;camera&quot;:&quot;Canon EOS 500D&quot;,&quot;caption&quot;:&quot;&quot;,&quot;created_timestamp&quot;:&quot;1535121348&quot;,&quot;copyright&quot;:&quot;&quot;,&quot;focal_length&quot;:&quot;28&quot;,&quot;iso&quot;:&quot;800&quot;,&quot;shutter_speed&quot;:&quot;0.025&quot;,&quot;title&quot;:&quot;&quot;,&quot;orientation&quot;:&quot;1&quot;}\" data-image-title=\"_MG_3504\" data-image-description=\"\" data-image-caption=\"\" data-medium-file=\"https:\/\/muzeusm.ro\/wp-content\/uploads\/2018\/08\/MG_3504-200x300.jpg\" data-large-file=\"https:\/\/muzeusm.ro\/wp-content\/uploads\/2018\/08\/MG_3504-683x1024.jpg\" class=\"alignright size-medium wp-image-3667\" src=\"http:\/\/www.muzeusm.ro\/wp-content\/uploads\/2018\/08\/MG_3504-200x300.jpg\" alt=\"\" width=\"200\" height=\"300\" srcset=\"https:\/\/muzeusm.ro\/wp-content\/uploads\/2018\/08\/MG_3504-200x300.jpg 200w, https:\/\/muzeusm.ro\/wp-content\/uploads\/2018\/08\/MG_3504-683x1024.jpg 683w, https:\/\/muzeusm.ro\/wp-content\/uploads\/2018\/08\/MG_3504-768x1152.jpg 768w, https:\/\/muzeusm.ro\/wp-content\/uploads\/2018\/08\/MG_3504-1024x1536.jpg 1024w, https:\/\/muzeusm.ro\/wp-content\/uploads\/2018\/08\/MG_3504-1365x2048.jpg 1365w, https:\/\/muzeusm.ro\/wp-content\/uploads\/2018\/08\/MG_3504-1568x2352.jpg 1568w, https:\/\/muzeusm.ro\/wp-content\/uploads\/2018\/08\/MG_3504-scaled.jpg 1707w\" sizes=\"auto, (max-width: 200px) 100vw, 200px\" \/><\/a> <a href=\"http:\/\/www.muzeusm.ro\/wp-content\/uploads\/2018\/08\/MG_3517.jpg\"><img loading=\"lazy\" decoding=\"async\" data-attachment-id=\"3668\" data-permalink=\"https:\/\/muzeusm.ro\/en\/_mg_3517\/\" data-orig-file=\"https:\/\/muzeusm.ro\/wp-content\/uploads\/2018\/08\/MG_3517-scaled.jpg\" data-orig-size=\"1707,2560\" data-comments-opened=\"1\" data-image-meta=\"{&quot;aperture&quot;:&quot;4&quot;,&quot;credit&quot;:&quot;&quot;,&quot;camera&quot;:&quot;Canon EOS 500D&quot;,&quot;caption&quot;:&quot;&quot;,&quot;created_timestamp&quot;:&quot;1535121870&quot;,&quot;copyright&quot;:&quot;&quot;,&quot;focal_length&quot;:&quot;28&quot;,&quot;iso&quot;:&quot;800&quot;,&quot;shutter_speed&quot;:&quot;0.016666666666667&quot;,&quot;title&quot;:&quot;&quot;,&quot;orientation&quot;:&quot;1&quot;}\" data-image-title=\"_MG_3517\" data-image-description=\"\" data-image-caption=\"\" data-medium-file=\"https:\/\/muzeusm.ro\/wp-content\/uploads\/2018\/08\/MG_3517-200x300.jpg\" data-large-file=\"https:\/\/muzeusm.ro\/wp-content\/uploads\/2018\/08\/MG_3517-683x1024.jpg\" class=\"size-medium wp-image-3668 alignleft\" src=\"http:\/\/www.muzeusm.ro\/wp-content\/uploads\/2018\/08\/MG_3517-200x300.jpg\" alt=\"\" width=\"200\" height=\"300\" srcset=\"https:\/\/muzeusm.ro\/wp-content\/uploads\/2018\/08\/MG_3517-200x300.jpg 200w, https:\/\/muzeusm.ro\/wp-content\/uploads\/2018\/08\/MG_3517-683x1024.jpg 683w, https:\/\/muzeusm.ro\/wp-content\/uploads\/2018\/08\/MG_3517-768x1152.jpg 768w, https:\/\/muzeusm.ro\/wp-content\/uploads\/2018\/08\/MG_3517-1024x1536.jpg 1024w, https:\/\/muzeusm.ro\/wp-content\/uploads\/2018\/08\/MG_3517-1365x2048.jpg 1365w, https:\/\/muzeusm.ro\/wp-content\/uploads\/2018\/08\/MG_3517-1568x2352.jpg 1568w, https:\/\/muzeusm.ro\/wp-content\/uploads\/2018\/08\/MG_3517-scaled.jpg 1707w\" sizes=\"auto, (max-width: 200px) 100vw, 200px\" \/><\/a> <a href=\"http:\/\/www.muzeusm.ro\/wp-content\/uploads\/2018\/08\/MG_3519.jpg\"><img loading=\"lazy\" decoding=\"async\" data-attachment-id=\"3669\" data-permalink=\"https:\/\/muzeusm.ro\/en\/_mg_3519\/\" data-orig-file=\"https:\/\/muzeusm.ro\/wp-content\/uploads\/2018\/08\/MG_3519-scaled.jpg\" data-orig-size=\"1707,2560\" data-comments-opened=\"1\" data-image-meta=\"{&quot;aperture&quot;:&quot;4&quot;,&quot;credit&quot;:&quot;&quot;,&quot;camera&quot;:&quot;Canon EOS 500D&quot;,&quot;caption&quot;:&quot;&quot;,&quot;created_timestamp&quot;:&quot;1535122468&quot;,&quot;copyright&quot;:&quot;&quot;,&quot;focal_length&quot;:&quot;28&quot;,&quot;iso&quot;:&quot;800&quot;,&quot;shutter_speed&quot;:&quot;0.033333333333333&quot;,&quot;title&quot;:&quot;&quot;,&quot;orientation&quot;:&quot;1&quot;}\" data-image-title=\"_MG_3519\" data-image-description=\"\" data-image-caption=\"\" data-medium-file=\"https:\/\/muzeusm.ro\/wp-content\/uploads\/2018\/08\/MG_3519-200x300.jpg\" data-large-file=\"https:\/\/muzeusm.ro\/wp-content\/uploads\/2018\/08\/MG_3519-683x1024.jpg\" class=\"size-medium wp-image-3669 alignleft\" src=\"http:\/\/www.muzeusm.ro\/wp-content\/uploads\/2018\/08\/MG_3519-200x300.jpg\" alt=\"\" width=\"200\" height=\"300\" srcset=\"https:\/\/muzeusm.ro\/wp-content\/uploads\/2018\/08\/MG_3519-200x300.jpg 200w, https:\/\/muzeusm.ro\/wp-content\/uploads\/2018\/08\/MG_3519-683x1024.jpg 683w, https:\/\/muzeusm.ro\/wp-content\/uploads\/2018\/08\/MG_3519-768x1152.jpg 768w, https:\/\/muzeusm.ro\/wp-content\/uploads\/2018\/08\/MG_3519-1024x1536.jpg 1024w, https:\/\/muzeusm.ro\/wp-content\/uploads\/2018\/08\/MG_3519-1365x2048.jpg 1365w, https:\/\/muzeusm.ro\/wp-content\/uploads\/2018\/08\/MG_3519-1568x2352.jpg 1568w, https:\/\/muzeusm.ro\/wp-content\/uploads\/2018\/08\/MG_3519-scaled.jpg 1707w\" sizes=\"auto, (max-width: 200px) 100vw, 200px\" \/><\/a> <a href=\"http:\/\/www.muzeusm.ro\/wp-content\/uploads\/2018\/08\/MG_3520.jpg\"><img loading=\"lazy\" decoding=\"async\" data-attachment-id=\"3670\" data-permalink=\"https:\/\/muzeusm.ro\/en\/_mg_3520\/\" data-orig-file=\"https:\/\/muzeusm.ro\/wp-content\/uploads\/2018\/08\/MG_3520-scaled.jpg\" data-orig-size=\"1707,2560\" data-comments-opened=\"1\" data-image-meta=\"{&quot;aperture&quot;:&quot;4&quot;,&quot;credit&quot;:&quot;&quot;,&quot;camera&quot;:&quot;Canon EOS 500D&quot;,&quot;caption&quot;:&quot;&quot;,&quot;created_timestamp&quot;:&quot;1535122472&quot;,&quot;copyright&quot;:&quot;&quot;,&quot;focal_length&quot;:&quot;28&quot;,&quot;iso&quot;:&quot;800&quot;,&quot;shutter_speed&quot;:&quot;0.033333333333333&quot;,&quot;title&quot;:&quot;&quot;,&quot;orientation&quot;:&quot;1&quot;}\" data-image-title=\"_MG_3520\" data-image-description=\"\" data-image-caption=\"\" data-medium-file=\"https:\/\/muzeusm.ro\/wp-content\/uploads\/2018\/08\/MG_3520-200x300.jpg\" data-large-file=\"https:\/\/muzeusm.ro\/wp-content\/uploads\/2018\/08\/MG_3520-683x1024.jpg\" class=\"size-medium wp-image-3670 alignleft\" src=\"http:\/\/www.muzeusm.ro\/wp-content\/uploads\/2018\/08\/MG_3520-200x300.jpg\" alt=\"\" width=\"200\" height=\"300\" srcset=\"https:\/\/muzeusm.ro\/wp-content\/uploads\/2018\/08\/MG_3520-200x300.jpg 200w, https:\/\/muzeusm.ro\/wp-content\/uploads\/2018\/08\/MG_3520-683x1024.jpg 683w, https:\/\/muzeusm.ro\/wp-content\/uploads\/2018\/08\/MG_3520-768x1152.jpg 768w, https:\/\/muzeusm.ro\/wp-content\/uploads\/2018\/08\/MG_3520-1024x1536.jpg 1024w, https:\/\/muzeusm.ro\/wp-content\/uploads\/2018\/08\/MG_3520-1365x2048.jpg 1365w, https:\/\/muzeusm.ro\/wp-content\/uploads\/2018\/08\/MG_3520-1568x2352.jpg 1568w, https:\/\/muzeusm.ro\/wp-content\/uploads\/2018\/08\/MG_3520-scaled.jpg 1707w\" sizes=\"auto, (max-width: 200px) 100vw, 200px\" \/><\/a> <a href=\"http:\/\/www.muzeusm.ro\/wp-content\/uploads\/2018\/08\/MG_3527.jpg\"><img loading=\"lazy\" decoding=\"async\" data-attachment-id=\"3671\" data-permalink=\"https:\/\/muzeusm.ro\/en\/_mg_3527\/\" data-orig-file=\"https:\/\/muzeusm.ro\/wp-content\/uploads\/2018\/08\/MG_3527-scaled.jpg\" data-orig-size=\"1707,2560\" data-comments-opened=\"1\" data-image-meta=\"{&quot;aperture&quot;:&quot;4&quot;,&quot;credit&quot;:&quot;&quot;,&quot;camera&quot;:&quot;Canon EOS 500D&quot;,&quot;caption&quot;:&quot;&quot;,&quot;created_timestamp&quot;:&quot;1535122924&quot;,&quot;copyright&quot;:&quot;&quot;,&quot;focal_length&quot;:&quot;28&quot;,&quot;iso&quot;:&quot;800&quot;,&quot;shutter_speed&quot;:&quot;0.0125&quot;,&quot;title&quot;:&quot;&quot;,&quot;orientation&quot;:&quot;1&quot;}\" data-image-title=\"_MG_3527\" data-image-description=\"\" data-image-caption=\"\" data-medium-file=\"https:\/\/muzeusm.ro\/wp-content\/uploads\/2018\/08\/MG_3527-200x300.jpg\" data-large-file=\"https:\/\/muzeusm.ro\/wp-content\/uploads\/2018\/08\/MG_3527-683x1024.jpg\" class=\"alignright size-medium wp-image-3671\" src=\"http:\/\/www.muzeusm.ro\/wp-content\/uploads\/2018\/08\/MG_3527-200x300.jpg\" alt=\"\" width=\"200\" height=\"300\" srcset=\"https:\/\/muzeusm.ro\/wp-content\/uploads\/2018\/08\/MG_3527-200x300.jpg 200w, https:\/\/muzeusm.ro\/wp-content\/uploads\/2018\/08\/MG_3527-683x1024.jpg 683w, https:\/\/muzeusm.ro\/wp-content\/uploads\/2018\/08\/MG_3527-768x1152.jpg 768w, https:\/\/muzeusm.ro\/wp-content\/uploads\/2018\/08\/MG_3527-1024x1536.jpg 1024w, https:\/\/muzeusm.ro\/wp-content\/uploads\/2018\/08\/MG_3527-1365x2048.jpg 1365w, https:\/\/muzeusm.ro\/wp-content\/uploads\/2018\/08\/MG_3527-1568x2352.jpg 1568w, https:\/\/muzeusm.ro\/wp-content\/uploads\/2018\/08\/MG_3527-scaled.jpg 1707w\" sizes=\"auto, (max-width: 200px) 100vw, 200px\" \/><\/a> <a href=\"http:\/\/www.muzeusm.ro\/wp-content\/uploads\/2018\/08\/MG_3542.jpg\"><img loading=\"lazy\" decoding=\"async\" data-attachment-id=\"3672\" data-permalink=\"https:\/\/muzeusm.ro\/en\/_mg_3542\/\" data-orig-file=\"https:\/\/muzeusm.ro\/wp-content\/uploads\/2018\/08\/MG_3542-scaled.jpg\" data-orig-size=\"2560,1707\" data-comments-opened=\"1\" data-image-meta=\"{&quot;aperture&quot;:&quot;5.6&quot;,&quot;credit&quot;:&quot;&quot;,&quot;camera&quot;:&quot;Canon EOS 500D&quot;,&quot;caption&quot;:&quot;&quot;,&quot;created_timestamp&quot;:&quot;1535123540&quot;,&quot;copyright&quot;:&quot;&quot;,&quot;focal_length&quot;:&quot;70&quot;,&quot;iso&quot;:&quot;800&quot;,&quot;shutter_speed&quot;:&quot;0.016666666666667&quot;,&quot;title&quot;:&quot;&quot;,&quot;orientation&quot;:&quot;1&quot;}\" data-image-title=\"_MG_3542\" data-image-description=\"\" data-image-caption=\"\" data-medium-file=\"https:\/\/muzeusm.ro\/wp-content\/uploads\/2018\/08\/MG_3542-300x200.jpg\" data-large-file=\"https:\/\/muzeusm.ro\/wp-content\/uploads\/2018\/08\/MG_3542-1024x683.jpg\" class=\"alignright size-medium wp-image-3672\" src=\"http:\/\/www.muzeusm.ro\/wp-content\/uploads\/2018\/08\/MG_3542-300x200.jpg\" alt=\"\" width=\"300\" height=\"200\" srcset=\"https:\/\/muzeusm.ro\/wp-content\/uploads\/2018\/08\/MG_3542-300x200.jpg 300w, https:\/\/muzeusm.ro\/wp-content\/uploads\/2018\/08\/MG_3542-1024x683.jpg 1024w, https:\/\/muzeusm.ro\/wp-content\/uploads\/2018\/08\/MG_3542-768x512.jpg 768w, https:\/\/muzeusm.ro\/wp-content\/uploads\/2018\/08\/MG_3542-1536x1024.jpg 1536w, https:\/\/muzeusm.ro\/wp-content\/uploads\/2018\/08\/MG_3542-2048x1365.jpg 2048w, https:\/\/muzeusm.ro\/wp-content\/uploads\/2018\/08\/MG_3542-1568x1045.jpg 1568w\" sizes=\"auto, (max-width: 300px) 100vw, 300px\" \/><\/a> <a href=\"http:\/\/www.muzeusm.ro\/wp-content\/uploads\/2018\/08\/MG_3545.jpg\"><img loading=\"lazy\" decoding=\"async\" data-attachment-id=\"3673\" data-permalink=\"https:\/\/muzeusm.ro\/en\/_mg_3545\/\" data-orig-file=\"https:\/\/muzeusm.ro\/wp-content\/uploads\/2018\/08\/MG_3545-scaled.jpg\" data-orig-size=\"1707,2560\" data-comments-opened=\"1\" data-image-meta=\"{&quot;aperture&quot;:&quot;4&quot;,&quot;credit&quot;:&quot;&quot;,&quot;camera&quot;:&quot;Canon EOS 500D&quot;,&quot;caption&quot;:&quot;&quot;,&quot;created_timestamp&quot;:&quot;1535123696&quot;,&quot;copyright&quot;:&quot;&quot;,&quot;focal_length&quot;:&quot;28&quot;,&quot;iso&quot;:&quot;800&quot;,&quot;shutter_speed&quot;:&quot;0.02&quot;,&quot;title&quot;:&quot;&quot;,&quot;orientation&quot;:&quot;1&quot;}\" data-image-title=\"_MG_3545\" data-image-description=\"\" data-image-caption=\"\" data-medium-file=\"https:\/\/muzeusm.ro\/wp-content\/uploads\/2018\/08\/MG_3545-200x300.jpg\" data-large-file=\"https:\/\/muzeusm.ro\/wp-content\/uploads\/2018\/08\/MG_3545-683x1024.jpg\" class=\"alignright size-medium wp-image-3673\" src=\"http:\/\/www.muzeusm.ro\/wp-content\/uploads\/2018\/08\/MG_3545-200x300.jpg\" alt=\"\" width=\"200\" height=\"300\" srcset=\"https:\/\/muzeusm.ro\/wp-content\/uploads\/2018\/08\/MG_3545-200x300.jpg 200w, https:\/\/muzeusm.ro\/wp-content\/uploads\/2018\/08\/MG_3545-683x1024.jpg 683w, https:\/\/muzeusm.ro\/wp-content\/uploads\/2018\/08\/MG_3545-768x1152.jpg 768w, https:\/\/muzeusm.ro\/wp-content\/uploads\/2018\/08\/MG_3545-1024x1536.jpg 1024w, https:\/\/muzeusm.ro\/wp-content\/uploads\/2018\/08\/MG_3545-1365x2048.jpg 1365w, https:\/\/muzeusm.ro\/wp-content\/uploads\/2018\/08\/MG_3545-1568x2352.jpg 1568w, https:\/\/muzeusm.ro\/wp-content\/uploads\/2018\/08\/MG_3545-scaled.jpg 1707w\" sizes=\"auto, (max-width: 200px) 100vw, 200px\" \/><\/a> <a href=\"http:\/\/www.muzeusm.ro\/wp-content\/uploads\/2018\/08\/MG_3548.jpg\"><img loading=\"lazy\" decoding=\"async\" data-attachment-id=\"3674\" data-permalink=\"https:\/\/muzeusm.ro\/en\/_mg_3548\/\" data-orig-file=\"https:\/\/muzeusm.ro\/wp-content\/uploads\/2018\/08\/MG_3548-scaled.jpg\" data-orig-size=\"1707,2560\" data-comments-opened=\"1\" data-image-meta=\"{&quot;aperture&quot;:&quot;4&quot;,&quot;credit&quot;:&quot;&quot;,&quot;camera&quot;:&quot;Canon EOS 500D&quot;,&quot;caption&quot;:&quot;&quot;,&quot;created_timestamp&quot;:&quot;1535124181&quot;,&quot;copyright&quot;:&quot;&quot;,&quot;focal_length&quot;:&quot;28&quot;,&quot;iso&quot;:&quot;800&quot;,&quot;shutter_speed&quot;:&quot;0.025&quot;,&quot;title&quot;:&quot;&quot;,&quot;orientation&quot;:&quot;1&quot;}\" data-image-title=\"_MG_3548\" data-image-description=\"\" data-image-caption=\"\" data-medium-file=\"https:\/\/muzeusm.ro\/wp-content\/uploads\/2018\/08\/MG_3548-200x300.jpg\" data-large-file=\"https:\/\/muzeusm.ro\/wp-content\/uploads\/2018\/08\/MG_3548-683x1024.jpg\" class=\"size-medium wp-image-3674 alignleft\" src=\"http:\/\/www.muzeusm.ro\/wp-content\/uploads\/2018\/08\/MG_3548-200x300.jpg\" alt=\"\" width=\"200\" height=\"300\" srcset=\"https:\/\/muzeusm.ro\/wp-content\/uploads\/2018\/08\/MG_3548-200x300.jpg 200w, https:\/\/muzeusm.ro\/wp-content\/uploads\/2018\/08\/MG_3548-683x1024.jpg 683w, https:\/\/muzeusm.ro\/wp-content\/uploads\/2018\/08\/MG_3548-768x1152.jpg 768w, https:\/\/muzeusm.ro\/wp-content\/uploads\/2018\/08\/MG_3548-1024x1536.jpg 1024w, https:\/\/muzeusm.ro\/wp-content\/uploads\/2018\/08\/MG_3548-1365x2048.jpg 1365w, https:\/\/muzeusm.ro\/wp-content\/uploads\/2018\/08\/MG_3548-1568x2352.jpg 1568w, https:\/\/muzeusm.ro\/wp-content\/uploads\/2018\/08\/MG_3548-scaled.jpg 1707w\" sizes=\"auto, (max-width: 200px) 100vw, 200px\" \/><\/a> <a href=\"http:\/\/www.muzeusm.ro\/wp-content\/uploads\/2018\/08\/MG_3549.jpg\"><img loading=\"lazy\" decoding=\"async\" data-attachment-id=\"3675\" data-permalink=\"https:\/\/muzeusm.ro\/en\/_mg_3549\/\" data-orig-file=\"https:\/\/muzeusm.ro\/wp-content\/uploads\/2018\/08\/MG_3549-scaled.jpg\" data-orig-size=\"1707,2560\" data-comments-opened=\"1\" data-image-meta=\"{&quot;aperture&quot;:&quot;4&quot;,&quot;credit&quot;:&quot;&quot;,&quot;camera&quot;:&quot;Canon EOS 500D&quot;,&quot;caption&quot;:&quot;&quot;,&quot;created_timestamp&quot;:&quot;1535124214&quot;,&quot;copyright&quot;:&quot;&quot;,&quot;focal_length&quot;:&quot;28&quot;,&quot;iso&quot;:&quot;800&quot;,&quot;shutter_speed&quot;:&quot;0.025&quot;,&quot;title&quot;:&quot;&quot;,&quot;orientation&quot;:&quot;1&quot;}\" data-image-title=\"_MG_3549\" data-image-description=\"\" data-image-caption=\"\" data-medium-file=\"https:\/\/muzeusm.ro\/wp-content\/uploads\/2018\/08\/MG_3549-200x300.jpg\" data-large-file=\"https:\/\/muzeusm.ro\/wp-content\/uploads\/2018\/08\/MG_3549-683x1024.jpg\" class=\"size-medium wp-image-3675 alignleft\" src=\"http:\/\/www.muzeusm.ro\/wp-content\/uploads\/2018\/08\/MG_3549-200x300.jpg\" alt=\"\" width=\"200\" height=\"300\" srcset=\"https:\/\/muzeusm.ro\/wp-content\/uploads\/2018\/08\/MG_3549-200x300.jpg 200w, https:\/\/muzeusm.ro\/wp-content\/uploads\/2018\/08\/MG_3549-683x1024.jpg 683w, https:\/\/muzeusm.ro\/wp-content\/uploads\/2018\/08\/MG_3549-768x1152.jpg 768w, https:\/\/muzeusm.ro\/wp-content\/uploads\/2018\/08\/MG_3549-1024x1536.jpg 1024w, https:\/\/muzeusm.ro\/wp-content\/uploads\/2018\/08\/MG_3549-1365x2048.jpg 1365w, https:\/\/muzeusm.ro\/wp-content\/uploads\/2018\/08\/MG_3549-1568x2352.jpg 1568w, https:\/\/muzeusm.ro\/wp-content\/uploads\/2018\/08\/MG_3549-scaled.jpg 1707w\" sizes=\"auto, (max-width: 200px) 100vw, 200px\" \/><\/a><\/p>\n","protected":false},"excerpt":{"rendered":"","protected":false},"author":245723486,"featured_media":0,"comment_status":"open","ping_status":"open","sticky":false,"template":"","format":"standard","meta":{"_coblocks_attr":"","_coblocks_dimensions":"","_coblocks_responsive_height":"","_coblocks_accordion_ie_support":"","advanced_seo_description":"","jetpack_seo_html_title":"","jetpack_seo_noindex":false,"jetpack_post_was_ever_published":false,"_jetpack_newsletter_access":"","_jetpack_dont_email_post_to_subs":false,"_jetpack_newsletter_tier_id":0,"_jetpack_memberships_contains_paywalled_content":false,"_jetpack_memberships_contains_paid_content":false,"footnotes":"","jetpack_publicize_message":"","jetpack_publicize_feature_enabled":true,"jetpack_social_post_already_shared":false,"jetpack_social_options":{"image_generator_settings":{"template":"highway","default_image_id":0,"font":"","enabled":false},"version":2}},"categories":[6498592],"tags":[],"class_list":["post-3663","post","type-post","status-publish","format-standard","hentry","category-actualitati","entry"],"translation":{"provider":"WPGlobus","version":"3.0.1","language":"en","enabled_languages":["ro","hu","en"],"languages":{"ro":{"title":true,"content":true,"excerpt":false},"hu":{"title":false,"content":false,"excerpt":false},"en":{"title":false,"content":false,"excerpt":false}}},"jetpack_publicize_connections":[],"jetpack_featured_media_url":"","jetpack_likes_enabled":true,"jetpack-related-posts":[{"id":3651,"url":"https:\/\/muzeusm.ro\/en\/drumul-calatorii-pe-cai-ferate-gheata-si-carari-in-siberia\/","url_meta":{"origin":3663,"position":0},"title":"Drumul &#8211; c\u0103l\u0103torii pe c\u0103i ferate, ghea\u021b\u0103 \u0219i c\u0103r\u0103ri \u00een Siberia","author":"Dobrescu Adela Catalina","date":"21 August 2018","format":false,"excerpt":"\u00a0 \u00a0 \u00a0 Trecerea frontierelor, aplanarea \u015fi transgresarea limitelor proprii sau ale unor realit\u0103\u0163i politico-administrative, iat\u0103 ce \u00eenseamn\u0103 mobilitatea fizic\u0103 \u015fi spiritual\u0103 a c\u0103l\u0103toriilor. C\u0103l\u0103torul spune mereu adio intimit\u0103\u0163ii micro sau macroregionale, dar \u015fi acelor idei care vegheaz\u0103 permanent \u015fi st\u0103ruitor asupra spa\u0163iului local. C\u0103l\u0103toria este pentru c\u0103l\u0103tori \u015fi un\u2026","rel":"","context":"In &quot;actualitati&quot;","block_context":{"text":"actualitati","link":"https:\/\/muzeusm.ro\/en\/category\/actualitati\/"},"img":{"alt_text":"","src":"https:\/\/i0.wp.com\/www.muzeusm.ro\/wp-content\/uploads\/2018\/08\/Meghivo_Invitatie_PMN-1-300x200.jpg?resize=350%2C200","width":350,"height":200},"classes":[]},{"id":3767,"url":"https:\/\/muzeusm.ro\/en\/vernisajul-expozitiei-drumul-sarii-drumul-tarii\/","url_meta":{"origin":3663,"position":1},"title":"Vernisajul expozi\u021biei \u201dDrumul S\u0103rii &#8211; Drumul \u021a\u0103rii\u201d","author":"Dobrescu Adela Catalina","date":"16 October 2018","format":false,"excerpt":"","rel":"","context":"In &quot;actualitati&quot;","block_context":{"text":"actualitati","link":"https:\/\/muzeusm.ro\/en\/category\/actualitati\/"},"img":{"alt_text":"","src":"https:\/\/i0.wp.com\/www.muzeusm.ro\/wp-content\/uploads\/2018\/10\/IMG_3859-300x200.jpg?resize=350%2C200","width":350,"height":200},"classes":[]},{"id":1495,"url":"https:\/\/muzeusm.ro\/en\/vernisajul-expozitiei-razboinici-avari-in-transilvania\/","url_meta":{"origin":3663,"position":2},"title":"Vernisajul expozi\u0163iei &#8220;R\u0103zboinici avari \u00een Transilvania&#8221;","author":"Dobrescu Adela Catalina","date":"15 February 2016","format":false,"excerpt":"Muzeul Jude\u0163ean Satu Mare (B-dul Vasile Lucaciu nr 21) v\u0103 invit\u0103 mar\u0163i 16 februarie 2016, ora 16.00, la vernisajul expozi\u0163iei:\u201eR\u0103zboinici avari \u00een Transilvania\u201d. Expozi\u0163ia prezint\u0103 diferite aspecte ale culturii materiale din epoca avar\u0103 legate de arme \u015fi armament, modul de via\u0163\u0103, costumul masculin \u015fi feminin, obiceiurile funerare, via\u0163a de zi\u2026","rel":"","context":"In &quot;actualitati&quot;","block_context":{"text":"actualitati","link":"https:\/\/muzeusm.ro\/en\/category\/actualitati\/"},"img":{"alt_text":"Afis Avari fin","src":"https:\/\/i0.wp.com\/www.muzeusm.ro\/wp-content\/uploads\/2016\/02\/Afis-Avari-fin-212x300.jpg?resize=350%2C200","width":350,"height":200},"classes":[]},{"id":4538,"url":"https:\/\/muzeusm.ro\/en\/expozitie-de-pictura-si-desene-calator-prin-burguri-transilvane-sever-moldovan\/","url_meta":{"origin":3663,"position":3},"title":"Expozi\u0163ie de pictur\u0103 \u015fi desen &#8220;C\u0102L\u0102TOR PRIN BURGURI TRANSILVANE &#8221; &#8211; Sever Moldovan","author":"Popdan Bradut","date":"25 April 2019","format":false,"excerpt":"Muzeul Jude\u0163ean Satu Mare-Sec\u0163ia de Art\u0103, are pl\u0103cerea s\u0103 v\u0103 invite s\u0103 participa\u0163i la vernisajul expozi\u0163iei de pictur\u0103 \u015fi desen : \u201e C\u0103l\u0103tor prin burguri transilvane \u201d, semnat\u0103 Sever Moldovan. Artistul s-a n\u0103scut la 22 ianuarie 1958, \u00een comuna Telciu, jude\u0163ul Bistri\u0163a N\u0103s\u0103ud. \u00cen perioada 1973-1977 urmeaz\u0103 cursurile Liceului de\u2026","rel":"","context":"In &quot;actualitati&quot;","block_context":{"text":"actualitati","link":"https:\/\/muzeusm.ro\/en\/category\/actualitati\/"},"img":{"alt_text":"","src":"https:\/\/i0.wp.com\/www.muzeusm.ro\/wp-content\/uploads\/2019\/04\/moldovan-sever-204x300.jpg?resize=350%2C200","width":350,"height":200},"classes":[]},{"id":2037,"url":"https:\/\/muzeusm.ro\/en\/expoziitie-un-drum-cat-o-suta-de-vieti\/","url_meta":{"origin":3663,"position":4},"title":"Expozi\u021bie &#8211; Un drum c\u00e2t o sut\u0103 de vie\u021bi","author":"Dobrescu Adela Catalina","date":"19 January 2017","format":false,"excerpt":"Avem deosebita onoare de a v\u0103 invita s\u0103 lua\u021bi parte la vernisajul expozi\u021biei Un drum c\u00e2t o sut\u0103 de vie\u021bi ce va avea loc \u00een data de 28 ianuarie 2017, ora 17, la Sec\u021bia de Art\u0103 a Muzeului Jude\u021bean Satu Mare, P-\u021ba Libert\u0103\u021bii nr. 21. Expozi\u021bia cuprinde documente \u0219i lucr\u0103ri\u2026","rel":"","context":"In &quot;actualitati&quot;","block_context":{"text":"actualitati","link":"https:\/\/muzeusm.ro\/en\/category\/actualitati\/"},"img":{"alt_text":"afis bun (2)","src":"https:\/\/i0.wp.com\/www.muzeusm.ro\/wp-content\/uploads\/2017\/01\/afis-bun-2-214x300.jpg?resize=350%2C200","width":350,"height":200},"classes":[]},{"id":3561,"url":"https:\/\/muzeusm.ro\/en\/expozitie-retrospectiva-vasile-pop-negresteanu-vedenii-insemnate-punct-linie-forma-si-culoare\/","url_meta":{"origin":3663,"position":5},"title":"Expozi\u0163ie retrospectiv\u0103 Vasile Pop &#8211; Negre\u015fteanu: &#8220;Vedenii \u00censemnate \u2013 punct, linie, form\u0103 \u015fi culoare&#8221;","author":"norbertlorincz","date":"11 July 2018","format":false,"excerpt":"Fiu al S\u0103tmarului, artistul vizual Vasile Pop - Negre\u015fteanu ofer\u0103 s\u0103tm\u0103renilor \u015fi tuturor celor ce vor trece pragul Sec\u0163iei de Art\u0103 a Muzeului Jude\u0163ean Satu Mare, o magic\u0103 \u00eent\u00e2lnire cu lumea crea\u0163iei sale, ce-\u015fi are izvorul \u00een nesecatul tezaur cultural al Oa\u015fului. De mai bine de patru decenii de activitate,\u2026","rel":"","context":"In &quot;actualitati&quot;","block_context":{"text":"actualitati","link":"https:\/\/muzeusm.ro\/en\/category\/actualitati\/"},"img":{"alt_text":"","src":"https:\/\/i0.wp.com\/www.muzeusm.ro\/wp-content\/uploads\/2018\/07\/afis-Negresteanu-214x300.jpg?resize=350%2C200","width":350,"height":200},"classes":[]}],"jetpack_sharing_enabled":true,"jetpack_shortlink":"https:\/\/wp.me\/pfvnyQ-X5","_links":{"self":[{"href":"https:\/\/muzeusm.ro\/en\/wp-json\/wp\/v2\/posts\/3663","targetHints":{"allow":["GET"]}}],"collection":[{"href":"https:\/\/muzeusm.ro\/en\/wp-json\/wp\/v2\/posts"}],"about":[{"href":"https:\/\/muzeusm.ro\/en\/wp-json\/wp\/v2\/types\/post"}],"author":[{"embeddable":true,"href":"https:\/\/muzeusm.ro\/en\/wp-json\/wp\/v2\/users\/245723486"}],"replies":[{"embeddable":true,"href":"https:\/\/muzeusm.ro\/en\/wp-json\/wp\/v2\/comments?post=3663"}],"version-history":[{"count":0,"href":"https:\/\/muzeusm.ro\/en\/wp-json\/wp\/v2\/posts\/3663\/revisions"}],"wp:attachment":[{"href":"https:\/\/muzeusm.ro\/en\/wp-json\/wp\/v2\/media?parent=3663"}],"wp:term":[{"taxonomy":"category","embeddable":true,"href":"https:\/\/muzeusm.ro\/en\/wp-json\/wp\/v2\/categories?post=3663"},{"taxonomy":"post_tag","embeddable":true,"href":"https:\/\/muzeusm.ro\/en\/wp-json\/wp\/v2\/tags?post=3663"}],"curies":[{"name":"wp","href":"https:\/\/api.w.org\/{rel}","templated":true}]}}