{"id":3446,"date":"2018-06-08T08:52:48","date_gmt":"2018-06-08T08:52:48","guid":{"rendered":"http:\/\/www.muzeusm.ro\/?p=3446"},"modified":"2018-06-08T08:52:48","modified_gmt":"2018-06-08T08:52:48","slug":"proiectul-centenarul-in-ipostaze-identitare","status":"publish","type":"post","link":"https:\/\/muzeusm.ro\/en\/proiectul-centenarul-in-ipostaze-identitare\/","title":{"rendered":"Proiectul &#8220;Centenarul \u00een ipostaze identitare&#8221;"},"content":{"rendered":"<p><a href=\"http:\/\/www.muzeusm.ro\/wp-content\/uploads\/2018\/06\/invitatie_PROGRAM.jpg\"><img loading=\"lazy\" decoding=\"async\" data-attachment-id=\"3447\" data-permalink=\"https:\/\/muzeusm.ro\/en\/invitatie_program\/\" data-orig-file=\"https:\/\/muzeusm.ro\/wp-content\/uploads\/2018\/06\/invitatie_PROGRAM-scaled.jpg\" data-orig-size=\"2560,1810\" data-comments-opened=\"1\" data-image-meta=\"{&quot;aperture&quot;:&quot;0&quot;,&quot;credit&quot;:&quot;&quot;,&quot;camera&quot;:&quot;&quot;,&quot;caption&quot;:&quot;&quot;,&quot;created_timestamp&quot;:&quot;0&quot;,&quot;copyright&quot;:&quot;&quot;,&quot;focal_length&quot;:&quot;0&quot;,&quot;iso&quot;:&quot;0&quot;,&quot;shutter_speed&quot;:&quot;0&quot;,&quot;title&quot;:&quot;&quot;,&quot;orientation&quot;:&quot;1&quot;}\" data-image-title=\"invitatie_PROGRAM\" data-image-description=\"\" data-image-caption=\"\" data-medium-file=\"https:\/\/muzeusm.ro\/wp-content\/uploads\/2018\/06\/invitatie_PROGRAM-300x212.jpg\" data-large-file=\"https:\/\/muzeusm.ro\/wp-content\/uploads\/2018\/06\/invitatie_PROGRAM-1024x724.jpg\" class=\"size-medium wp-image-3447 alignleft\" src=\"http:\/\/www.muzeusm.ro\/wp-content\/uploads\/2018\/06\/invitatie_PROGRAM-300x212.jpg\" alt=\"\" width=\"300\" height=\"212\" srcset=\"https:\/\/muzeusm.ro\/wp-content\/uploads\/2018\/06\/invitatie_PROGRAM-300x212.jpg 300w, https:\/\/muzeusm.ro\/wp-content\/uploads\/2018\/06\/invitatie_PROGRAM-1024x724.jpg 1024w, https:\/\/muzeusm.ro\/wp-content\/uploads\/2018\/06\/invitatie_PROGRAM-768x543.jpg 768w, https:\/\/muzeusm.ro\/wp-content\/uploads\/2018\/06\/invitatie_PROGRAM-1536x1086.jpg 1536w, https:\/\/muzeusm.ro\/wp-content\/uploads\/2018\/06\/invitatie_PROGRAM-2048x1448.jpg 2048w, https:\/\/muzeusm.ro\/wp-content\/uploads\/2018\/06\/invitatie_PROGRAM-1568x1109.jpg 1568w\" sizes=\"auto, (max-width: 300px) 100vw, 300px\" \/><\/a>MUZEUL JUDE\u021aEAN SATU MARE particip\u0103 la un proiect de excep\u021bie dedicat Centenarului Marii Uniri, ce va avea loc la Viena, \u00een perioada 16 \u2013 17 iunie.<!--more--><\/p>\n<p>Evenimentul din data de 16 iunie, Rom\u00e2nia salut\u0103 Viena! este organizat de Asocia\u0163ia \u201eMihai Eminescu\u201c din Viena, \u00een inima capitalei austriece, \u00eentr-un loc cu tradi\u0163ie pentru evenimentele \u00een aer liber care se adreseaz\u0103 publicului larg. Michaelerplatz \u2013 pia\u0163a public\u0103 de la por\u0163ile Hofburg (Palatul Imperial din Viena) va g\u0103zdui, \u00eentre orele 11.00-20.00, un t\u00e2rg de produse tradi\u0163ionale din Rom\u00e2nia, pe care le vor prezenta \u015fi promova expozan\u0163i \u015fi me\u015fte\u015fugari din Transilvania, Bucovina, Satu Mare \u0219i Maramure\u015f (c\u0103m\u0103\u0219i \u0219i costume populare, podoabe, \u0163es\u0103turi, produse din lemn \u015fi ceramic\u0103, ou\u0103 \u00eencondeiate etc.).<br \/>\n\u00cen intervalul 15.00 \u2013 20.00, pe scena din Michaelerplatz vor avea loc concerte, momente de dans \u015fi prezent\u0103ri ale portului popular rom\u00e2nesc din diferite regiuni istorice ale Rom\u00e2niei. Spectacolele vor avea loc cu participarea Ansamblului Ciprian Porumbescu (Suceava), a Ansamblului Folcloric Na\u0163ional Transilvania (Baia Mare) \u015fi a Ansamblului \u201dDoruri S\u0103tm\u0103rene\u201d (jud. Satu Mare).<\/p>\n<p>16 IUNIE \u2013 orele 11:00 &#8211; 20:00 &#8211; Michaelerplatz, Viena (Palatul Imperial Hofburg)<br \/>\n*** \u201dROm\u00e2nIA \u0219i EU\u201d &#8211; eveniment dedicat Zilei Universale a Iei Rom\u00e2ne\u0219ti.<br \/>\nORGANIZATOR: MUZEUL JUDE\u021aEAN SATU MARE.<br \/>\n*** Ateliere de crea\u021bie: IA \u2013 c\u0103ma\u0219a rom\u00e2neasc\u0103, broderii, podoabe, cununi de mirese, costume de s\u0103rb\u0103toare, clopurile Oa\u0219ului \u2013 demonstra\u021bii practice.<br \/>\nPartener: ASOCIA\u021aIA SOCIO &#8211; CULTURAL\u0102 \u201d\u021aARA OA\u0218ULUI\u201d, Satu Mare.<br \/>\n*** Expo Remus \u021aiplea \u2013 \u201dFrumoasa satului\u201d &#8211; miresele \u0219i culorile Oa\u0219ului.<br \/>\n*** ROm\u00e2nIA \u00een c\u00e2ntece, dan\u021buri \u0219i \u021b\u00e2purituri \u2013 spectacol \u0219i cursuri live de folclor rom\u00e2nesc. Partener: Centrul Jude\u021bean pentru Conservarea \u0219i Promovarea Culturii Tradi\u021bionale, Satu Mare.<br \/>\n*** Obicei de S\u00e2nziene \u2013 prezentat \u00een limba englez\u0103, de elevii Colegiului Na\u021bional \u201dMihai Eminescu\u201d din Satu Mare \u2013 delega\u021bia participant\u0103 la Parlamentul European al Tinerilor, elevii premia\u021bi la olimpiadele na\u021bionale \u0219i interna\u021bionale.<\/p>\n<p>17 IUNIE \u2013 ora 18:00 &#8211; INSTITUTUL CULTURAL ROM\u00c2N VIENA<\/p>\n<p>*** Vernisajul Expozi\u021biei foto &#8211; documentare: CENTENARUL \u00een ipostaze identitare. Organizator: MUZEUL JUDE\u021aEAN SATU MARE.<br \/>\n*** Lansarea Catalogului multilingv: CENTENARUL \u00een ipostaze identitare, autor: dr. Daniela B\u0103lu.<br \/>\n*** \u201dRO &#8211; SMbooks \u2013 promo\u201d: prezent\u0103ri de c\u0103r\u021bi, reviste, albume cu tematica: Primul R\u0103zboi Mondial, Personalit\u0103\u021bi s\u0103tm\u0103rene implicate \u00een realizarea Marii Uniri, revista \u201dEroii Neamului\u201d, alte publica\u021bii dedicate Centenarului, finan\u021bate de Consiliul Jude\u021bean Satu Mare \u0219i institu\u021biile de cultur\u0103 s\u0103tm\u0103rene.<br \/>\n*** Prezent\u0103ri power &#8211; point.<br \/>\n*** Concert sus\u021binut de s\u0103tm\u0103reanca Alexandra Prodaniuc (absolventa Conservatorului din Viena) \u0219i Bataclana Quintet.<\/p>\n<p>Proiectul a fost conceput \u0219i realizat de dr. Daniela B\u0103lu, director Muzeul Jude\u021bean Satu Mare, fiind organizat cu sprijinul: Consiliului Jude\u021bean Satu Mare, Ministerului Culturii \u0219i Identit\u0103\u021bii Na\u021bionale &#8211; Direc\u021bia Jude\u021bean\u0103 pentru Cultur\u0103 Satu Mare, Asocia\u021biei \u201dMihai Eminescu\u201d din Viena, Institutului Cultural Rom\u00e2n de la Viena, Ambasadei Rom\u00e2niei la Viena, Prim\u0103riei ora\u0219ului Viena, Kulturkreis Wien, Forumului Democrat German Satu Mare, Asocia\u021biei Civice \u201dTempora\u201d Satu Mare, Asocia\u021biei Fotoclub \u201dVasile Venig Laszlo\u201d, Carei.<br \/>\nSPONSORI: UNICARM SATU MARE; CRAMA R\u0102TE\u0218TI,<br \/>\njude\u021bul Satu Mare.<\/p>\n","protected":false},"excerpt":{"rendered":"<p>MUZEUL JUDE\u021aEAN SATU MARE particip\u0103 la un proiect de excep\u021bie dedicat Centenarului Marii Uniri, ce va avea loc la Viena, \u00een perioada 16 \u2013 17 iunie.<\/p>\n","protected":false},"author":245723486,"featured_media":0,"comment_status":"open","ping_status":"open","sticky":false,"template":"","format":"standard","meta":{"_coblocks_attr":"","_coblocks_dimensions":"","_coblocks_responsive_height":"","_coblocks_accordion_ie_support":"","advanced_seo_description":"","jetpack_seo_html_title":"","jetpack_seo_noindex":false,"jetpack_post_was_ever_published":false,"_jetpack_newsletter_access":"","_jetpack_dont_email_post_to_subs":false,"_jetpack_newsletter_tier_id":0,"_jetpack_memberships_contains_paywalled_content":false,"_jetpack_memberships_contains_paid_content":false,"footnotes":"","jetpack_publicize_message":"","jetpack_publicize_feature_enabled":true,"jetpack_social_post_already_shared":false,"jetpack_social_options":{"image_generator_settings":{"template":"highway","default_image_id":0,"font":"","enabled":false},"version":2}},"categories":[6498592],"tags":[],"class_list":["post-3446","post","type-post","status-publish","format-standard","hentry","category-actualitati","entry"],"translation":{"provider":"WPGlobus","version":"3.0.1","language":"en","enabled_languages":["ro","hu","en"],"languages":{"ro":{"title":true,"content":true,"excerpt":false},"hu":{"title":false,"content":false,"excerpt":false},"en":{"title":false,"content":false,"excerpt":false}}},"jetpack_publicize_connections":[],"jetpack_featured_media_url":"","jetpack_likes_enabled":true,"jetpack-related-posts":[{"id":3707,"url":"https:\/\/muzeusm.ro\/en\/centenarul-in-ipostaze-identitare-gyula-21-septembrie-2018\/","url_meta":{"origin":3446,"position":0},"title":"\u201dCentenarul \u00een ipostaze identitare\u201d- Gyula 21 Septembrie 2018","author":"norbertlorincz","date":"24 September 2018","format":false,"excerpt":"Numeroase personalit\u0103\u021bi din Ungaria au participat la expozi\u021bia \u201dCentenarul \u00een ipostaze identitare\u201d \u2013 organizat\u0103 de Muzeul Jude\u021bean Satu Mare\u00a0 Dup\u0103 experien\u021ba pozitiv\u0103 avut\u0103 la evenimentul \u201dRom\u00e2nia salut\u0103 Viena\u201d din luna iunie 2018, Muzeul Jude\u0163ean Satu Mare a prezentat\u00a0\u00een data de 21 septembrie, la sediul \u201eUniunii Culturale a Rom\u00e2nilor din Ungaria\u201d\u2026","rel":"","context":"In &quot;actualitati&quot;","block_context":{"text":"actualitati","link":"https:\/\/muzeusm.ro\/en\/category\/actualitati\/"},"img":{"alt_text":"","src":"https:\/\/i0.wp.com\/www.muzeusm.ro\/wp-content\/uploads\/2018\/09\/2-300x225.jpg?resize=350%2C200","width":350,"height":200},"classes":[]},{"id":5214,"url":"https:\/\/muzeusm.ro\/en\/comemorarea-dictatului-de-la-viena\/","url_meta":{"origin":3446,"position":1},"title":"Comemorarea Dictatului de la Viena.","author":"Andrei Mocan Mihai","date":"31 August 2019","format":false,"excerpt":"Vineri, 30 august, \u00eencep\u00e2nd cu ora 16 \u00een sala de festivit\u0103\u021bi a Muzeului Jude\u021bean Satu Mare a avut loc comemorarea Dictatului de la Viena. Evenimentul s-a desf\u0103\u0219urat dup\u0103 urm\u0103torul program: - Intonarea Imnului de Stat al Rom\u00e2niei \u2013 interpretat de corurile reunite ale asocia\u021biilor de pensionari s\u0103tm\u0103reni, dirijate de d-na.\u2026","rel":"","context":"In &quot;actualitati&quot;","block_context":{"text":"actualitati","link":"https:\/\/muzeusm.ro\/en\/category\/actualitati\/"},"img":{"alt_text":"","src":"https:\/\/i0.wp.com\/www.muzeusm.ro\/wp-content\/uploads\/2019\/08\/IMG_4211-300x200.jpg?resize=350%2C200","width":350,"height":200},"classes":[]},{"id":3483,"url":"https:\/\/muzeusm.ro\/en\/centenarul-in-imagini-identitare-icr-viena-20-iunie-2018\/","url_meta":{"origin":3446,"position":2},"title":"Centenarul \u00een imagini identitare \u2013 ICR Viena 17 Iunie 2018","author":"norbertlorincz","date":"19 June 2018","format":false,"excerpt":"","rel":"","context":"In &quot;actualitati&quot;","block_context":{"text":"actualitati","link":"https:\/\/muzeusm.ro\/en\/category\/actualitati\/"},"img":{"alt_text":"","src":"https:\/\/i0.wp.com\/www.muzeusm.ro\/wp-content\/uploads\/2018\/06\/MG_2752-300x200.jpg?resize=350%2C200","width":350,"height":200},"classes":[]},{"id":3465,"url":"https:\/\/muzeusm.ro\/en\/romania-saluta-viena-michaelerplatz-19-iunie-2018\/","url_meta":{"origin":3446,"position":3},"title":"Rom\u00e2nia salut\u0103 Viena \u2013 Michaelerplatz 16 Iunie 2018","author":"norbertlorincz","date":"19 June 2018","format":false,"excerpt":"","rel":"","context":"In &quot;actualitati&quot;","block_context":{"text":"actualitati","link":"https:\/\/muzeusm.ro\/en\/category\/actualitati\/"},"img":{"alt_text":"","src":"https:\/\/i0.wp.com\/www.muzeusm.ro\/wp-content\/uploads\/2018\/06\/MG_2511-200x300.jpg?resize=350%2C200","width":350,"height":200},"classes":[]},{"id":5198,"url":"https:\/\/muzeusm.ro\/en\/comemorarea-dictatului-de-la-viena-30-august-1940-30-august-2019\/","url_meta":{"origin":3446,"position":4},"title":"COMEMORAREA DICTATULUI DE LA VIENA, 30 AUGUST 1940 \u2013 30 AUGUST 2019.","author":"Andrei Mocan Mihai","date":"26 August 2019","format":false,"excerpt":"Evenimentul va avea loc \u00een data de 30 august 2019, ora 16:00, la Muzeul Jude\u021bean Satu Mare, B-dul Vasile Lucaciu 21. \u00a0 \u00a0 programul evenimentului.","rel":"","context":"In &quot;actualitati&quot;","block_context":{"text":"actualitati","link":"https:\/\/muzeusm.ro\/en\/category\/actualitati\/"},"img":{"alt_text":"","src":"","width":0,"height":0},"classes":[]},{"id":7595,"url":"https:\/\/muzeusm.ro\/en\/comemorare-80-de-ani-de-la-dictatul-de-la-viena\/","url_meta":{"origin":3446,"position":5},"title":"COMEMORARE \u2013 80 DE ANI DE LA DICTATUL DE LA VIENA","author":"Popdan Bradut","date":"26 August 2020","format":false,"excerpt":"La \u00eemplinirea a 80 de ani de la semnarea Dictatului de la Viena (30 august 1940), Asocia\u021bia rom\u00e2nilor\u00a0refugia\u021bi, expulza\u021bi \u0219i deporta\u021bi \u00een 1940, filiala Carei; \u00a0Asocia\u021bia Jude\u021bean\u0103 Satu Mare a Rom\u00e2nilor Refugia\u021bi, Expulza\u021bi \u0219i Deporta\u021bi \u00een urma Dictatului de la Viena din 30 august 1940, \u00een colaborare cu Muzeul Jude\u021bean\u2026","rel":"","context":"In &quot;actualitati&quot;","block_context":{"text":"actualitati","link":"https:\/\/muzeusm.ro\/en\/category\/actualitati\/"},"img":{"alt_text":"","src":"","width":0,"height":0},"classes":[]}],"jetpack_sharing_enabled":true,"jetpack_shortlink":"https:\/\/wp.me\/pfvnyQ-TA","_links":{"self":[{"href":"https:\/\/muzeusm.ro\/en\/wp-json\/wp\/v2\/posts\/3446","targetHints":{"allow":["GET"]}}],"collection":[{"href":"https:\/\/muzeusm.ro\/en\/wp-json\/wp\/v2\/posts"}],"about":[{"href":"https:\/\/muzeusm.ro\/en\/wp-json\/wp\/v2\/types\/post"}],"author":[{"embeddable":true,"href":"https:\/\/muzeusm.ro\/en\/wp-json\/wp\/v2\/users\/245723486"}],"replies":[{"embeddable":true,"href":"https:\/\/muzeusm.ro\/en\/wp-json\/wp\/v2\/comments?post=3446"}],"version-history":[{"count":0,"href":"https:\/\/muzeusm.ro\/en\/wp-json\/wp\/v2\/posts\/3446\/revisions"}],"wp:attachment":[{"href":"https:\/\/muzeusm.ro\/en\/wp-json\/wp\/v2\/media?parent=3446"}],"wp:term":[{"taxonomy":"category","embeddable":true,"href":"https:\/\/muzeusm.ro\/en\/wp-json\/wp\/v2\/categories?post=3446"},{"taxonomy":"post_tag","embeddable":true,"href":"https:\/\/muzeusm.ro\/en\/wp-json\/wp\/v2\/tags?post=3446"}],"curies":[{"name":"wp","href":"https:\/\/api.w.org\/{rel}","templated":true}]}}