{"id":2379,"date":"2017-05-29T10:39:20","date_gmt":"2017-05-29T10:39:20","guid":{"rendered":"http:\/\/www.muzeusm.ro\/?p=2379"},"modified":"2017-05-29T10:39:20","modified_gmt":"2017-05-29T10:39:20","slug":"expozitie-retrospesctive-rurale","status":"publish","type":"post","link":"https:\/\/muzeusm.ro\/en\/expozitie-retrospesctive-rurale\/","title":{"rendered":"Expozi\u021bie \u201eRetrospesctive rurale\u201d"},"content":{"rendered":"<p><strong><a href=\"http:\/\/www.muzeusm.ro\/wp-content\/uploads\/2017\/05\/AFIS.jpg\"><img loading=\"lazy\" decoding=\"async\" data-attachment-id=\"2380\" data-permalink=\"https:\/\/muzeusm.ro\/en\/afis-3\/\" data-orig-file=\"https:\/\/muzeusm.ro\/wp-content\/uploads\/2017\/05\/AFIS.jpg\" data-orig-size=\"708,945\" data-comments-opened=\"1\" data-image-meta=\"{&quot;aperture&quot;:&quot;0&quot;,&quot;credit&quot;:&quot;&quot;,&quot;camera&quot;:&quot;&quot;,&quot;caption&quot;:&quot;&quot;,&quot;created_timestamp&quot;:&quot;0&quot;,&quot;copyright&quot;:&quot;&quot;,&quot;focal_length&quot;:&quot;0&quot;,&quot;iso&quot;:&quot;0&quot;,&quot;shutter_speed&quot;:&quot;0&quot;,&quot;title&quot;:&quot;&quot;,&quot;orientation&quot;:&quot;1&quot;}\" data-image-title=\"AFIS\" data-image-description=\"\" data-image-caption=\"\" data-medium-file=\"https:\/\/muzeusm.ro\/wp-content\/uploads\/2017\/05\/AFIS-225x300.jpg\" data-large-file=\"https:\/\/muzeusm.ro\/wp-content\/uploads\/2017\/05\/AFIS.jpg\" class=\"size-medium wp-image-2380 alignleft\" src=\"http:\/\/www.muzeusm.ro\/wp-content\/uploads\/2017\/05\/AFIS-225x300.jpg\" alt=\"\" width=\"225\" height=\"300\" srcset=\"https:\/\/muzeusm.ro\/wp-content\/uploads\/2017\/05\/AFIS-225x300.jpg 225w, https:\/\/muzeusm.ro\/wp-content\/uploads\/2017\/05\/AFIS.jpg 708w\" sizes=\"auto, (max-width: 225px) 100vw, 225px\" \/><\/a>Muzeul Jude\u0163ean Satu Mare Sec\u0163ia Art\u0103<\/strong>, v\u0103 invit\u0103 s\u0103 participa\u0163i la vernisajul expozi\u0163iei de art\u0103 plastic\u0103: <strong>\u201cRetrospective rurale\u201d<\/strong>, semnat\u0103 <strong>Ciprian Cosma<\/strong>.<!--more--><\/p>\n<p>Artistul n\u0103scut \u00een comuna Cruci\u015for, jude\u0163ul Satu Mare, este absolventul Facult\u0103\u021bii de Litere din Baia Mare \u2013 Sec\u021bia Pictur\u0103, fiind recent \u015fi membru al UAPR, filiala Baia Mare. Expozi\u0163ia \u2013 prima personal\u0103 la Satu Mare- este constituit\u0103 din portrete, peisaje din zona Codru \u015fi din Maramure\u015f, naturi statice cu vaze cu flori, obiecte tradi\u0163ionale dar \u015fi reflexii \u00een geamuri ale caselor \u0163\u0103r\u0103ne\u015fti.<\/p>\n<p>Manifestarea va avea loc mar\u0163i 30 mai 2017, ora 17.00, la Muzeul Jude\u0163ean Satu Mare Sec\u0163ia Art\u0103, P-\u0163a Libert\u0103\u0163ii nr. 21.<\/p>\n<p><strong>V\u0103 a\u015ftept\u0103m !<\/strong><\/p>\n<p>&nbsp;<\/p>\n","protected":false},"excerpt":{"rendered":"<p>Muzeul Jude\u0163ean Satu Mare Sec\u0163ia Art\u0103, v\u0103 invit\u0103 s\u0103 participa\u0163i la vernisajul expozi\u0163iei de art\u0103 plastic\u0103: \u201cRetrospective rurale\u201d, semnat\u0103 Ciprian Cosma.<\/p>\n","protected":false},"author":245723486,"featured_media":0,"comment_status":"open","ping_status":"open","sticky":false,"template":"","format":"standard","meta":{"_coblocks_attr":"","_coblocks_dimensions":"","_coblocks_responsive_height":"","_coblocks_accordion_ie_support":"","advanced_seo_description":"","jetpack_seo_html_title":"","jetpack_seo_noindex":false,"jetpack_post_was_ever_published":false,"_jetpack_newsletter_access":"","_jetpack_dont_email_post_to_subs":false,"_jetpack_newsletter_tier_id":0,"_jetpack_memberships_contains_paywalled_content":false,"_jetpack_memberships_contains_paid_content":false,"footnotes":"","jetpack_publicize_message":"","jetpack_publicize_feature_enabled":true,"jetpack_social_post_already_shared":false,"jetpack_social_options":{"image_generator_settings":{"template":"highway","default_image_id":0,"font":"","enabled":false},"version":2}},"categories":[6498592],"tags":[],"class_list":["post-2379","post","type-post","status-publish","format-standard","hentry","category-actualitati","entry"],"translation":{"provider":"WPGlobus","version":"3.0.1","language":"en","enabled_languages":["ro","hu","en"],"languages":{"ro":{"title":true,"content":true,"excerpt":false},"hu":{"title":false,"content":false,"excerpt":false},"en":{"title":false,"content":false,"excerpt":false}}},"jetpack_publicize_connections":[],"jetpack_featured_media_url":"","jetpack_likes_enabled":true,"jetpack-related-posts":[{"id":3124,"url":"https:\/\/muzeusm.ro\/en\/expozitie-de-pictura-reverie-octavian-bufan\/","url_meta":{"origin":2379,"position":0},"title":"Expozi\u021bie de pictur\u0103 \u201e Reverie \u201d &#8211; Octavian Bufan","author":"Dobrescu Adela Catalina","date":"2 April 2018","format":false,"excerpt":"Muzeul Jude\u0163ean Satu Mare \u2013 Sec\u0163ia de Art\u0103, invit\u0103 publicul s\u0103tm\u0103rean la vernisajul expozi\u0163iei de pictur\u0103: \u201eReverie\u201d, semnat\u0103 Octavian Bufan. Artistul s-a n\u0103scut la 30 decembrie 1964 \u00een ora\u015ful Sighetul Marma\u0163iei.A absolvit Sec\u0163ia de Arte Plastice a Universit\u0103\u0163ii Tehnice Cluj Napoca, Centrul Universitar Nord - Baia Mare, \u00een prezent fiind\u2026","rel":"","context":"In &quot;actualitati&quot;","block_context":{"text":"actualitati","link":"https:\/\/muzeusm.ro\/en\/category\/actualitati\/"},"img":{"alt_text":"","src":"https:\/\/i0.wp.com\/www.muzeusm.ro\/wp-content\/uploads\/2018\/04\/Afis-bun-Octavian-Bufan-212x300.jpg?resize=350%2C200","width":350,"height":200},"classes":[]},{"id":3384,"url":"https:\/\/muzeusm.ro\/en\/expozitie-omagiu-mainii\/","url_meta":{"origin":2379,"position":1},"title":"Expozi\u021bie \u201dOmagiu m\u00e2inii\u201d","author":"Dobrescu Adela Catalina","date":"4 June 2018","format":false,"excerpt":"Muzeul Jude\u021bean Satu Mare- Sec\u021bia de Art\u0103, v\u0103 invit\u0103 la vernisajul expozi\u021biei de art\u0103 plastic\u0103 : \u201d Omagiu m\u00e2inii \u201d, semnat\u0103 Greti Adrienne Papiu. Artista se na\u0219te \u00een ora\u0219ul Baia Mare, jude\u021bul Maramure\u0219. Dup\u0103 terminarea studiilor liceale, urmeaz\u0103 cursurile Facult\u0103\u021bii de Arte Plastice din cadrul Universit\u0103\u021bii de Vest din Timi\u0219oara\u2026","rel":"","context":"In &quot;actualitati&quot;","block_context":{"text":"actualitati","link":"https:\/\/muzeusm.ro\/en\/category\/actualitati\/"},"img":{"alt_text":"","src":"https:\/\/i0.wp.com\/www.muzeusm.ro\/wp-content\/uploads\/2018\/06\/afis-bun-212x300.jpg?resize=350%2C200","width":350,"height":200},"classes":[]},{"id":3731,"url":"https:\/\/muzeusm.ro\/en\/vernisaj-expo-apropieri-coloristice-kovacs-emil-lajos\/","url_meta":{"origin":2379,"position":2},"title":"Vernisaj-Expo \u201eApropieri coloristice\u201d &#8211; Kovacs Emil Lajos","author":"norbertlorincz","date":"9 October 2018","format":false,"excerpt":"Muzeul Jude\u0163ean Satu Mare \u2013 Sec\u0163ia de Art\u0103, v\u0103 invit\u0103 s\u0103 participa\u0163i la vernisajul expozi\u0163iei de pictur\u0103: \u00a0\u201eApropieri coloristice\u201d - Kovacs Emil Lajos. Artistul\u00a0 este absolventul Universit\u0103\u021bii de Litere din Baia Mare \u2013 Sec\u0163ia de Art\u0103-Design, promo\u0163ia 2011. Activitatea expozi\u0163ional\u0103 o \u00eencepe la Satu Mare \u00een anul 1996. Din acest\u2026","rel":"","context":"In &quot;actualitati&quot;","block_context":{"text":"actualitati","link":"https:\/\/muzeusm.ro\/en\/category\/actualitati\/"},"img":{"alt_text":"","src":"https:\/\/i0.wp.com\/www.muzeusm.ro\/wp-content\/uploads\/2018\/10\/AFIS-BUN-212x300.jpg?resize=350%2C200","width":350,"height":200},"classes":[]},{"id":3460,"url":"https:\/\/muzeusm.ro\/en\/expozitia-intre-sacru-si-profan-interferente\/","url_meta":{"origin":2379,"position":3},"title":"Expozi\u0163ia \u201d \u00centre sacru \u0219i profan &#8211; Interferen\u021be \u201d","author":"Dobrescu Adela Catalina","date":"13 June 2018","format":false,"excerpt":"Muzeul Jude\u021bean Satu Mare-Sec\u021bia de Art\u0103, v\u0103 invit\u0103 s\u0103 participa\u021bi la vernisajul expozi\u021biei de pictur\u0103 : \u201d \u00centre sacru \u0219i profan - Interferen\u021be \u201d, semnat\u0103 Nicolae Ca\u021bavei. Artistul s-a n\u0103scut \u00een anul 1946 la F\u0103g\u0103ra\u0219, jude\u021bul Bra\u0219ov.\u00cen anul 1984 absolv\u0103 Facultatea de Electromecanic\u0103 din cadrul Universit\u0103\u021bii de Nord din Baia\u2026","rel":"","context":"In &quot;actualitati&quot;","block_context":{"text":"actualitati","link":"https:\/\/muzeusm.ro\/en\/category\/actualitati\/"},"img":{"alt_text":"","src":"https:\/\/i0.wp.com\/www.muzeusm.ro\/wp-content\/uploads\/2018\/06\/Montaj-poster-Satu-Mare-baza-definitiv-212x300.jpg?resize=350%2C200","width":350,"height":200},"classes":[]},{"id":3697,"url":"https:\/\/muzeusm.ro\/en\/expozitie-cactusi-plante-ornamentale\/","url_meta":{"origin":2379,"position":4},"title":"Expozi\u021bie &#8211; Cactu\u0219i &#038; Plante Ornamentale","author":"norbertlorincz","date":"20 September 2018","format":false,"excerpt":"Muzeul Jude\u0163ean Satu Mare \u015fi Asocia\u0163ia colec\u0163ionarilor de cactu\u015fi \"AZTEKIUM \" Satu Mare, v\u0103 invit\u0103 s\u0103 vizita\u0163i expozi\u0163ia \" Cactu\u015fi \u015fi plante ornamentale \" care se va desf\u0103\u015fura \u00een perioada 20-23 septembrie 2018, \u00een curtea Sec\u0163iei de Art\u0103 a Muzeului Jude\u0163ean Satu Mare - P-\u0163a Libert\u0103\u0163ii nr 21. Expozi\u0163ia este\u2026","rel":"","context":"In &quot;actualitati&quot;","block_context":{"text":"actualitati","link":"https:\/\/muzeusm.ro\/en\/category\/actualitati\/"},"img":{"alt_text":"","src":"https:\/\/i0.wp.com\/www.muzeusm.ro\/wp-content\/uploads\/2018\/09\/afis-cactusi-2018-arta-212x300.jpg?resize=350%2C200","width":350,"height":200},"classes":[]},{"id":3068,"url":"https:\/\/muzeusm.ro\/en\/3068-2\/","url_meta":{"origin":2379,"position":5},"title":"Atelier \u2013 2018 &#8211; Expozi\u021bia de Art\u0103 a studen\u021bilor \u0219i masteranzilor","author":"Dobrescu Adela Catalina","date":"9 March 2018","format":false,"excerpt":"Sub genericul \u201dAtelier - 2018\u201d Expozi\u021bia de Art\u0103 a studen\u021bilor \u0219i masteranzilor Centrului Universitar de Nord din Baia Mare, Arte Plastice \u2013 Pictur\u0103, reune\u0219te pe simezele Sec\u0163iei de Art\u0103 a Muzeului Jude\u0163ean Satu Mare, o selec\u021bie din\u00a0 lucr\u0103rile\u00a0 studen\u021bilor de la nivelul Licen\u021b\u0103 \u0219i Masterat realizate de c\u0103tre ace\u0219tia \u00een\u00a0\u2026","rel":"","context":"In &quot;actualitati&quot;","block_context":{"text":"actualitati","link":"https:\/\/muzeusm.ro\/en\/category\/actualitati\/"},"img":{"alt_text":"","src":"https:\/\/i0.wp.com\/www.muzeusm.ro\/wp-content\/uploads\/2018\/03\/Afis-212x300.jpg?resize=350%2C200","width":350,"height":200},"classes":[]}],"jetpack_sharing_enabled":true,"jetpack_shortlink":"https:\/\/wp.me\/pfvnyQ-Cn","_links":{"self":[{"href":"https:\/\/muzeusm.ro\/en\/wp-json\/wp\/v2\/posts\/2379","targetHints":{"allow":["GET"]}}],"collection":[{"href":"https:\/\/muzeusm.ro\/en\/wp-json\/wp\/v2\/posts"}],"about":[{"href":"https:\/\/muzeusm.ro\/en\/wp-json\/wp\/v2\/types\/post"}],"author":[{"embeddable":true,"href":"https:\/\/muzeusm.ro\/en\/wp-json\/wp\/v2\/users\/245723486"}],"replies":[{"embeddable":true,"href":"https:\/\/muzeusm.ro\/en\/wp-json\/wp\/v2\/comments?post=2379"}],"version-history":[{"count":0,"href":"https:\/\/muzeusm.ro\/en\/wp-json\/wp\/v2\/posts\/2379\/revisions"}],"wp:attachment":[{"href":"https:\/\/muzeusm.ro\/en\/wp-json\/wp\/v2\/media?parent=2379"}],"wp:term":[{"taxonomy":"category","embeddable":true,"href":"https:\/\/muzeusm.ro\/en\/wp-json\/wp\/v2\/categories?post=2379"},{"taxonomy":"post_tag","embeddable":true,"href":"https:\/\/muzeusm.ro\/en\/wp-json\/wp\/v2\/tags?post=2379"}],"curies":[{"name":"wp","href":"https:\/\/api.w.org\/{rel}","templated":true}]}}