{"id":1912,"date":"2016-10-21T04:49:07","date_gmt":"2016-10-21T04:49:07","guid":{"rendered":"http:\/\/www.muzeusm.ro\/?p=1912"},"modified":"2016-10-21T04:49:07","modified_gmt":"2016-10-21T04:49:07","slug":"expozitie-comemorativa-ferenc-puskas","status":"publish","type":"post","link":"https:\/\/muzeusm.ro\/en\/expozitie-comemorativa-ferenc-puskas\/","title":{"rendered":"Expozi\u021bie comemorativ\u0103 Ferenc Pusk\u00e1s"},"content":{"rendered":"<p><a href=\"http:\/\/www.muzeusm.ro\/wp-content\/uploads\/2016\/10\/Plakat-allitva_ingyenes_RO_A3.jpg\"><img loading=\"lazy\" decoding=\"async\" data-attachment-id=\"1915\" data-permalink=\"https:\/\/muzeusm.ro\/en\/plakat-allitva_ingyenes_ro_a3-2\/\" data-orig-file=\"https:\/\/muzeusm.ro\/wp-content\/uploads\/2016\/10\/Plakat-allitva_ingyenes_RO_A3.jpg\" data-orig-size=\"418,591\" data-comments-opened=\"1\" data-image-meta=\"{&quot;aperture&quot;:&quot;0&quot;,&quot;credit&quot;:&quot;&quot;,&quot;camera&quot;:&quot;&quot;,&quot;caption&quot;:&quot;&quot;,&quot;created_timestamp&quot;:&quot;0&quot;,&quot;copyright&quot;:&quot;&quot;,&quot;focal_length&quot;:&quot;0&quot;,&quot;iso&quot;:&quot;0&quot;,&quot;shutter_speed&quot;:&quot;0&quot;,&quot;title&quot;:&quot;&quot;,&quot;orientation&quot;:&quot;1&quot;}\" data-image-title=\"Plakat allitva_ingyenes_RO_A3\" data-image-description=\"\" data-image-caption=\"\" data-medium-file=\"https:\/\/muzeusm.ro\/wp-content\/uploads\/2016\/10\/Plakat-allitva_ingyenes_RO_A3-212x300.jpg\" data-large-file=\"https:\/\/muzeusm.ro\/wp-content\/uploads\/2016\/10\/Plakat-allitva_ingyenes_RO_A3.jpg\" class=\"size-medium wp-image-1915 alignleft\" src=\"http:\/\/www.muzeusm.ro\/wp-content\/uploads\/2016\/10\/Plakat-allitva_ingyenes_RO_A3-212x300.jpg\" alt=\"Plakat allitva_ingyenes_RO_A3\" width=\"212\" height=\"300\" srcset=\"https:\/\/muzeusm.ro\/wp-content\/uploads\/2016\/10\/Plakat-allitva_ingyenes_RO_A3-212x300.jpg 212w, https:\/\/muzeusm.ro\/wp-content\/uploads\/2016\/10\/Plakat-allitva_ingyenes_RO_A3.jpg 418w\" sizes=\"auto, (max-width: 212px) 100vw, 212px\" \/><\/a>\u00cen perioada 22 octombrie \u2013 4 noiembrie, Muzeul Jude\u021bean Satu Mare, sec\u021bia Art\u0103 va g\u0103zdui o expozi\u021bie comemorativ\u0103 dedicat\u0103 marelui fotbalist Ferenc Pusk\u00e1s.<br \/>\n<!--more--><\/p>\n<p>Remarcabilul juc\u0103tor de renume mondial a fost eroul mai multor genera\u021bii din fostul bloc sovietic. Fotbalul \u00eensemna o evadare din cotidianul regimului totalitar \u0219i, \u00een acela\u0219i timp, dorea s\u0103 simbolizeze succesul regimului. Pentru Ungaria anilor \u201850, dar \u0219i pentru statele \u00eenvecinate, Echipa de Aur devenea notorie pentru succesele \u00een fotbalul mondial. Expozi\u021bia dedicat\u0103 lui Ferenc Pusk\u00e1s, campion olimpic \u0219i vicecampion mondial prezint\u0103 obiecte personale, trofee, diplome, legitima\u021bii \u0219i alte relicve care comemoreaz\u0103 via\u021ba \u0219i succesele marelui fotbalist.<br \/>\nVernisajul va avea loc s\u00e2mb\u0103t\u0103, 22 octombrie 2016, ora 17:00, la Muzeul de Art\u0103 din Pia\u021ba Libert\u0103\u021bii, nr. 21, iar intrarea este gratuit\u0103.<br \/>\nV\u0103 a\u0219tept\u0103m!<\/p>\n","protected":false},"excerpt":{"rendered":"<p>\u00cen perioada 22 octombrie \u2013 4 noiembrie, Muzeul Jude\u021bean Satu Mare, sec\u021bia Art\u0103 va g\u0103zdui o expozi\u021bie comemorativ\u0103 dedicat\u0103 marelui fotbalist Ferenc Pusk\u00e1s.<\/p>\n","protected":false},"author":245723486,"featured_media":0,"comment_status":"open","ping_status":"open","sticky":false,"template":"","format":"standard","meta":{"_coblocks_attr":"","_coblocks_dimensions":"","_coblocks_responsive_height":"","_coblocks_accordion_ie_support":"","advanced_seo_description":"","jetpack_seo_html_title":"","jetpack_seo_noindex":false,"jetpack_post_was_ever_published":false,"_jetpack_newsletter_access":"","_jetpack_dont_email_post_to_subs":false,"_jetpack_newsletter_tier_id":0,"_jetpack_memberships_contains_paywalled_content":false,"_jetpack_memberships_contains_paid_content":false,"footnotes":"","jetpack_publicize_message":"","jetpack_publicize_feature_enabled":true,"jetpack_social_post_already_shared":false,"jetpack_social_options":{"image_generator_settings":{"template":"highway","default_image_id":0,"font":"","enabled":false},"version":2}},"categories":[6498592],"tags":[],"class_list":["post-1912","post","type-post","status-publish","format-standard","hentry","category-actualitati","entry"],"translation":{"provider":"WPGlobus","version":"3.0.1","language":"en","enabled_languages":["ro","hu","en"],"languages":{"ro":{"title":true,"content":true,"excerpt":false},"hu":{"title":false,"content":false,"excerpt":false},"en":{"title":false,"content":false,"excerpt":false}}},"jetpack_publicize_connections":[],"jetpack_featured_media_url":"","jetpack_likes_enabled":true,"jetpack-related-posts":[{"id":1921,"url":"https:\/\/muzeusm.ro\/en\/expozitie-de-arta-plastica\/","url_meta":{"origin":1912,"position":0},"title":"Expozi\u021bie de art\u0103 plastic\u0103","author":"Dobrescu Adela Catalina","date":"21 October 2016","format":false,"excerpt":"Muzeul Jude\u021bean Satu Mare, Sec\u021bia Art\u0103, \u00a0v\u0103 invit\u0103 mar\u021bi 25 octombrie 2016, ora 14:00, la vernisajul expozi\u021biei arti\u0219tilor plastici\u00a0din T\u00e2rgu Mure\u0219. Vor fi expuse lucr\u0103ri alese din mai multe tabere interna\u021bionale desf\u0103\u0219urate \u00een cursul anului 2016, \u00een jude\u021bul\u00a0\u00a0Mure\u0219. Curatori ai expozi\u021biei sunt Hitter Ferenc, Kov\u00e1cs Emil Lajos \u0219i Czirj\u00e9k Lajos.\u2026","rel":"","context":"In &quot;actualitati&quot;","block_context":{"text":"actualitati","link":"https:\/\/muzeusm.ro\/en\/category\/actualitati\/"},"img":{"alt_text":"afis Targu Mures","src":"https:\/\/i0.wp.com\/www.muzeusm.ro\/wp-content\/uploads\/2016\/10\/afis-Targu-Mures-212x300.jpg?resize=350%2C200","width":350,"height":200},"classes":[]},{"id":3824,"url":"https:\/\/muzeusm.ro\/en\/expozitia-aurel-popp-si-marele-razboi\/","url_meta":{"origin":1912,"position":1},"title":"Expozi\u021bia \u201dAurel Popp \u0219i Marele r\u0103zboi\u201d","author":"Dobrescu Adela Catalina","date":"22 November 2018","format":false,"excerpt":"\u00cen anul \u00eemplinirii a 100 de ani de la sf\u00e2r\u0219itul Primului R\u0103zboi Mondial \u0219i al Centenarului Marii Uniri, Sec\u021bia de Art\u0103 a \u00a0Muzeului Jude\u021bean Satu Mare \u0219i-a propus realizarea unei expozi\u021bii care s\u0103 prezinte publicului s\u0103tm\u0103rean lucr\u0103rile de grafic\u0103 ale artistului Aurel Popp, lucr\u0103ri care au ca subiect Primul R\u0103zboi\u2026","rel":"","context":"In &quot;actualitati&quot;","block_context":{"text":"actualitati","link":"https:\/\/muzeusm.ro\/en\/category\/actualitati\/"},"img":{"alt_text":"","src":"https:\/\/i0.wp.com\/www.muzeusm.ro\/wp-content\/uploads\/2018\/11\/Afis-A-Popp-A0-213x300.jpg?resize=350%2C200","width":350,"height":200},"classes":[]},{"id":15428,"url":"https:\/\/muzeusm.ro\/en\/armata-romana-in-campania-din-vest\/","url_meta":{"origin":1912,"position":2},"title":"Armata Rom\u00e2n\u0103 \u00een Campania de Vest","author":"Popdan Bradut","date":"21 October 2024","format":false,"excerpt":"{:ro} 80 de ani de la luptele din Transilvania, Ungaria \u0219i Cehoslovacia (1944-1945) Muzeul Militar Na\u021bional \u201eRegele Ferdinand I\u201d \u0219i Muzeul Jude\u021bean Satu Mare organizeaz\u0103 o expozi\u021bie dedicat\u0103 \u00eemplinirii a 80 de ani de la campania Armatei rom\u00e2ne din Vest \u00een timpul celui de-al Doilea R\u0103zboi Mondial (1944 \u2013 1945).\u2026","rel":"","context":"In &quot;actualitati&quot;","block_context":{"text":"actualitati","link":"https:\/\/muzeusm.ro\/en\/category\/actualitati\/"},"img":{"alt_text":"","src":"https:\/\/i0.wp.com\/muzeusm.ro\/wp-content\/uploads\/2024\/10\/AFIS-CAREI-A4-cu-vernisaj-300dpi-scaled.jpg?resize=350%2C200&ssl=1","width":350,"height":200,"srcset":"https:\/\/i0.wp.com\/muzeusm.ro\/wp-content\/uploads\/2024\/10\/AFIS-CAREI-A4-cu-vernisaj-300dpi-scaled.jpg?resize=350%2C200&ssl=1 1x, https:\/\/i0.wp.com\/muzeusm.ro\/wp-content\/uploads\/2024\/10\/AFIS-CAREI-A4-cu-vernisaj-300dpi-scaled.jpg?resize=525%2C300&ssl=1 1.5x, https:\/\/i0.wp.com\/muzeusm.ro\/wp-content\/uploads\/2024\/10\/AFIS-CAREI-A4-cu-vernisaj-300dpi-scaled.jpg?resize=700%2C400&ssl=1 2x, https:\/\/i0.wp.com\/muzeusm.ro\/wp-content\/uploads\/2024\/10\/AFIS-CAREI-A4-cu-vernisaj-300dpi-scaled.jpg?resize=1050%2C600&ssl=1 3x, https:\/\/i0.wp.com\/muzeusm.ro\/wp-content\/uploads\/2024\/10\/AFIS-CAREI-A4-cu-vernisaj-300dpi-scaled.jpg?resize=1400%2C800&ssl=1 4x"},"classes":[]},{"id":11801,"url":"https:\/\/muzeusm.ro\/en\/25-octombrie-1944-reconstituirea-memoriei\/","url_meta":{"origin":1912,"position":3},"title":"25 OCTOMBRIE 1944. RECONSTITUIREA MEMORIEI","author":"Popdan Bradut","date":"18 October 2022","format":false,"excerpt":"\u00a0 Ac\u0163iunea RECONSTITUIREA MEMORIEI, derulat\u0103 \u00een perioada 20-21 octombrie 2022, este un eveniment muzeal menit s\u0103 asigure popularizarea \u00een r\u00e2ndul tinerilor s\u0103tm\u0103rene a Zilei Armatei Romane. Expozi\u021bia \u0219i reconstituirile istorice organizate de Muzeul Jude\u0163ean Satu Mare \u00een colaborare cu Asocia\u0163ia \u201eTRANSYLVANIAN DIGGERS\u201d \u015fi cu sprijunul Batalionul 52 Geniu \u201eTisa\u201d Satu\u2026","rel":"","context":"In &quot;actualitati&quot;","block_context":{"text":"actualitati","link":"https:\/\/muzeusm.ro\/en\/category\/actualitati\/"},"img":{"alt_text":"","src":"https:\/\/i0.wp.com\/www.muzeusm.ro\/wp-content\/uploads\/2022\/10\/25-oct-243x300.jpg?resize=350%2C200","width":350,"height":200},"classes":[]},{"id":3725,"url":"https:\/\/muzeusm.ro\/en\/expo-foto-comorile-romaniei-ilie-tudorel\/","url_meta":{"origin":1912,"position":4},"title":"Expo foto, \u201eCOMORILE  ROM\u00c2NIEI\u201d- Ilie Tudorel","author":"norbertlorincz","date":"27 September 2018","format":false,"excerpt":"Expozi\u0163ia de art\u0103 fotografic\u0103 \u201eComorile Rom\u00e2niei\u201d este o expozi\u0163ie-eveniment dedicat\u0103 Centenarului Marii Uniri de la 1918 \u015fi Anului European al Patrimoniului Cultural, care \u00ee\u015fi propune s\u0103 promoveze \u00een r\u00e2ndul iubitorilor de cultur\u0103 din \u0163ar\u0103 \u015fi din str\u0103in\u0103tate cele mai importante valori ale patrimoniului cultural din Rom\u00e2nia. Turneul na\u0163ional al expozi\u0163iei\u2026","rel":"","context":"In &quot;actualitati&quot;","block_context":{"text":"actualitati","link":"https:\/\/muzeusm.ro\/en\/category\/actualitati\/"},"img":{"alt_text":"","src":"https:\/\/i0.wp.com\/www.muzeusm.ro\/wp-content\/uploads\/2018\/09\/AFIS-OK-Expozitie-Comorile-Romaniei-SATU-MARE-215x300.jpg?resize=350%2C200","width":350,"height":200},"classes":[]},{"id":11811,"url":"https:\/\/muzeusm.ro\/en\/conferinta-dr-vasile-lucaciu-un-erou-al-natiunii-romane\/","url_meta":{"origin":1912,"position":5},"title":"CONFERIN\u0162A \u201eDR. VASILE LUCACIU UN EROU AL NA\u0162IUNII ROM\u00c2NE\u201d","author":"andreeaionetecu","date":"18 November 2022","format":false,"excerpt":"Muzeul Jude\u021bean Satu Mare \u00een parteneriat cu Muzeul Jude\u0163ean de Istorie \u015fi Arheologie Maramure\u015f, v\u0103 invit\u0103 s\u0103 participa\u0163i la conferin\u0163a dedicat\u0103 \u00eemplinirii a 100 de ani de la trecerea \u00een eternitate a marelui lupt\u0103tor pentru drepturile na\u0163ionale ale rom\u00e2nilor din Transilvania, p\u0103rintele dr. Vasile Lucaciu (1852-1922). Personalitatea cea mai proeminent\u0103\u2026","rel":"","context":"In &quot;actualitati&quot;","block_context":{"text":"actualitati","link":"https:\/\/muzeusm.ro\/en\/category\/actualitati\/"},"img":{"alt_text":"","src":"https:\/\/i0.wp.com\/www.muzeusm.ro\/wp-content\/uploads\/2022\/11\/afis-A3-01-1-212x300.png?resize=350%2C200","width":350,"height":200},"classes":[]}],"jetpack_sharing_enabled":true,"jetpack_shortlink":"https:\/\/wp.me\/pfvnyQ-uQ","_links":{"self":[{"href":"https:\/\/muzeusm.ro\/en\/wp-json\/wp\/v2\/posts\/1912","targetHints":{"allow":["GET"]}}],"collection":[{"href":"https:\/\/muzeusm.ro\/en\/wp-json\/wp\/v2\/posts"}],"about":[{"href":"https:\/\/muzeusm.ro\/en\/wp-json\/wp\/v2\/types\/post"}],"author":[{"embeddable":true,"href":"https:\/\/muzeusm.ro\/en\/wp-json\/wp\/v2\/users\/245723486"}],"replies":[{"embeddable":true,"href":"https:\/\/muzeusm.ro\/en\/wp-json\/wp\/v2\/comments?post=1912"}],"version-history":[{"count":0,"href":"https:\/\/muzeusm.ro\/en\/wp-json\/wp\/v2\/posts\/1912\/revisions"}],"wp:attachment":[{"href":"https:\/\/muzeusm.ro\/en\/wp-json\/wp\/v2\/media?parent=1912"}],"wp:term":[{"taxonomy":"category","embeddable":true,"href":"https:\/\/muzeusm.ro\/en\/wp-json\/wp\/v2\/categories?post=1912"},{"taxonomy":"post_tag","embeddable":true,"href":"https:\/\/muzeusm.ro\/en\/wp-json\/wp\/v2\/tags?post=1912"}],"curies":[{"name":"wp","href":"https:\/\/api.w.org\/{rel}","templated":true}]}}