{"id":1873,"date":"2016-08-26T08:41:02","date_gmt":"2016-08-26T08:41:02","guid":{"rendered":"http:\/\/www.muzeusm.ro\/?p=1873"},"modified":"2016-08-26T08:41:02","modified_gmt":"2016-08-26T08:41:02","slug":"vernisajul-expozitiei-memoria-patrimoniului-industrial","status":"publish","type":"post","link":"https:\/\/muzeusm.ro\/en\/vernisajul-expozitiei-memoria-patrimoniului-industrial\/","title":{"rendered":"Vernisajul expozi\u021biei \u201dMemoria industriei s\u0103tm\u0103rene\u201d"},"content":{"rendered":"<p><a href=\"http:\/\/www.muzeusm.ro\/wp-content\/uploads\/2016\/08\/afis.jpg\"><img loading=\"lazy\" decoding=\"async\" data-attachment-id=\"1874\" data-permalink=\"https:\/\/muzeusm.ro\/en\/afis-2\/\" data-orig-file=\"https:\/\/muzeusm.ro\/wp-content\/uploads\/2016\/08\/afis.jpg\" data-orig-size=\"675,945\" data-comments-opened=\"1\" data-image-meta=\"{&quot;aperture&quot;:&quot;0&quot;,&quot;credit&quot;:&quot;&quot;,&quot;camera&quot;:&quot;&quot;,&quot;caption&quot;:&quot;&quot;,&quot;created_timestamp&quot;:&quot;0&quot;,&quot;copyright&quot;:&quot;&quot;,&quot;focal_length&quot;:&quot;0&quot;,&quot;iso&quot;:&quot;0&quot;,&quot;shutter_speed&quot;:&quot;0&quot;,&quot;title&quot;:&quot;&quot;,&quot;orientation&quot;:&quot;1&quot;}\" data-image-title=\"afis\" data-image-description=\"\" data-image-caption=\"\" data-medium-file=\"https:\/\/muzeusm.ro\/wp-content\/uploads\/2016\/08\/afis-214x300.jpg\" data-large-file=\"https:\/\/muzeusm.ro\/wp-content\/uploads\/2016\/08\/afis.jpg\" class=\"size-medium wp-image-1874 alignleft\" src=\"http:\/\/www.muzeusm.ro\/wp-content\/uploads\/2016\/08\/afis-214x300.jpg\" alt=\"afis\" width=\"214\" height=\"300\" srcset=\"https:\/\/muzeusm.ro\/wp-content\/uploads\/2016\/08\/afis-214x300.jpg 214w, https:\/\/muzeusm.ro\/wp-content\/uploads\/2016\/08\/afis.jpg 675w\" sizes=\"auto, (max-width: 214px) 100vw, 214px\" \/><span lang=\"RO\">Joi, 1 Septembrie 2016 ora 13, la Muzeul Jude\u0163ean Satu Mare, str. Vasile Lucaciu nr. 21, va avea loc expozi\u0163ia \u201cMemoria industriei s\u0103tm\u0103rene\u201d.<!--more--><\/span><\/a><\/p>\n<p><span lang=\"RO\">Expozi\u021bie care va prezenta imagini ale unor \u00eentreprinderi disp\u0103rute, transformate sau retehnologizate, m\u0103rturii a ceea ce a reprezentat industria s\u0103tm\u0103rean\u0103 la sf\u00e2r\u0219itul secolului al XIX-lea \u0219i \u00een secolul al XX-lea.<\/span><\/p>\n<p>&nbsp;<\/p>\n","protected":false},"excerpt":{"rendered":"<p>Joi, 1 Septembrie 2016 ora 13, la Muzeul Jude\u0163ean Satu Mare, str. Vasile Lucaciu nr. 21, va avea loc expozi\u0163ia \u201cMemoria industriei s\u0103tm\u0103rene\u201d.<\/p>\n","protected":false},"author":245723486,"featured_media":0,"comment_status":"open","ping_status":"open","sticky":false,"template":"","format":"standard","meta":{"_coblocks_attr":"","_coblocks_dimensions":"","_coblocks_responsive_height":"","_coblocks_accordion_ie_support":"","advanced_seo_description":"","jetpack_seo_html_title":"","jetpack_seo_noindex":false,"jetpack_post_was_ever_published":false,"_jetpack_newsletter_access":"","_jetpack_dont_email_post_to_subs":false,"_jetpack_newsletter_tier_id":0,"_jetpack_memberships_contains_paywalled_content":false,"_jetpack_memberships_contains_paid_content":false,"footnotes":"","jetpack_publicize_message":"","jetpack_publicize_feature_enabled":true,"jetpack_social_post_already_shared":false,"jetpack_social_options":{"image_generator_settings":{"template":"highway","default_image_id":0,"font":"","enabled":false},"version":2}},"categories":[6498592,6498593],"tags":[],"class_list":["post-1873","post","type-post","status-publish","format-standard","hentry","category-actualitati","category-uncategorized","entry"],"translation":{"provider":"WPGlobus","version":"3.0.1","language":"en","enabled_languages":["ro","hu","en"],"languages":{"ro":{"title":true,"content":true,"excerpt":false},"hu":{"title":false,"content":false,"excerpt":false},"en":{"title":false,"content":false,"excerpt":false}}},"jetpack_publicize_connections":[],"jetpack_featured_media_url":"","jetpack_likes_enabled":true,"jetpack-related-posts":[{"id":1457,"url":"https:\/\/muzeusm.ro\/en\/comunicat-de-presa\/","url_meta":{"origin":1873,"position":0},"title":"Comunicat de pres\u0103","author":"Dobrescu Adela Catalina","date":"27 January 2016","format":false,"excerpt":"S\u00e2mb\u0103t\u0103 30 ianuarie 2016 ora 14 la Muzeul Jude\u0163ean Satu Mare - B-dul Vasile Lucaciu nr.21-, cu prilejul Zilei Interna\u0163ionale a Holocaustului se va vernisa expozi\u0163ia \u201eEliahu Adler Kaba\u201d, artist evreu n\u0103scut la Satu Mare, trecut prin lagarele de exterminare fasciste. Cu acela\u015fi prilej va avea loc de la ora\u2026","rel":"","context":"In &quot;actualitati&quot;","block_context":{"text":"actualitati","link":"https:\/\/muzeusm.ro\/en\/category\/actualitati\/"},"img":{"alt_text":"","src":"","width":0,"height":0},"classes":[]},{"id":13679,"url":"https:\/\/muzeusm.ro\/en\/gospodarie-taraneasca-certeze\/","url_meta":{"origin":1873,"position":1},"title":"Gospod\u0103rie \u0163\u0103r\u0103neasc\u0103 \u2013 Certeze","author":"Gordan Csilla","date":"12 December 2013","format":false,"excerpt":"Casa muzeu din comuna Certeze este un bun exemplu \u00een p\u0103strarea tradi\u021biilor locale, fie c\u0103 vorbim de arhitectur\u0103, de industria casnic\u0103 textil\u0103 sau de organizarea spa\u021biului interior. Comuna Certeze este una dintre cele mai cunoscute comune ale jude\u021bului Satu Mare \u0219i are un mare poten\u021bial turistic. Casa muzeu este un\u2026","rel":"","context":"Similar post","block_context":{"text":"Similar post","link":""},"img":{"alt_text":"","src":"https:\/\/i0.wp.com\/www.muzeusm.ro\/wp-content\/uploads\/2013\/12\/DSC_3960-300x197.jpg?resize=350%2C200","width":350,"height":200},"classes":[]},{"id":4658,"url":"https:\/\/muzeusm.ro\/en\/expozitia-satu-mare-un-centru-al-modei-romanesti\/","url_meta":{"origin":1873,"position":2},"title":"Expozi\u021bia: \u201eSatu Mare \u2013 un centru al modei rom\u00e2ne\u0219ti\u201d","author":"norbertlorincz","date":"16 May 2019","format":false,"excerpt":"Expozi\u021bia \u201eSatu Mare \u2013 un centru al modei rom\u00e2ne\u0219ti\u201d, realizat\u0103 la sediul central din Bulevardul Vasile Lucaciu, atrage aten\u021bia asupra industriei textile din jude\u021bul Satu Mare. Este un domeniu de activitate de veche tradi\u0163ie, care prin num\u0103rul de angaja\u021bi \u0219i valoarea produc\u021biei pe care le-a angrenat de-a lungul vremurilor, poate\u2026","rel":"","context":"In &quot;actualitati&quot;","block_context":{"text":"actualitati","link":"https:\/\/muzeusm.ro\/en\/category\/actualitati\/"},"img":{"alt_text":"","src":"https:\/\/i0.wp.com\/www.muzeusm.ro\/wp-content\/uploads\/2019\/05\/muzeuA3-213x300.jpg?resize=350%2C200","width":350,"height":200},"classes":[]},{"id":14516,"url":"https:\/\/muzeusm.ro\/en\/noblesse-oblige\/","url_meta":{"origin":1873,"position":3},"title":"Noblesse oblige!","author":"Kov\u00e1cs Zsolt","date":"19 July 2024","format":false,"excerpt":"RO: Muzeul Jude\u021bean Satu Mare \u2013 Serviciul Muzee Carei-T\u0103\u0219nad are deosebita pl\u0103cere de a v\u0103 invita la vernisajul expozi\u021biei temporare \u201eNoblesse Oblige! Elegan\u021b\u0103 \u0219i rafinament la mas\u0103 \u0219i \u00een cafenele (1850-1940)\u201d, ce va avea loc s\u00e2mb\u0103t\u0103, 20 iulie 2024, \u00eencep\u00e2nd cu ora 17:00, la Castelul K\u00e1rolyi, \u00een sala Cavalerilor. Expozi\u021bia\u2026","rel":"","context":"In &quot;Evenimente&quot;","block_context":{"text":"Evenimente","link":"https:\/\/muzeusm.ro\/en\/category\/evenimente\/"},"img":{"alt_text":"","src":"","width":0,"height":0},"classes":[]},{"id":4963,"url":"https:\/\/muzeusm.ro\/en\/expozitie-industria-textila-si-moda-la-carei\/","url_meta":{"origin":1873,"position":4},"title":"Expozi\u0163ie &#8221; Industria textil\u0103 \u015fi moda la Carei &#8220;","author":"Popdan Bradut","date":"11 July 2019","format":false,"excerpt":"Realizat\u0103 la Castelul K\u00e1rolyi, expozi\u0163ia atrage aten\u021bia asupra industriei textile din jude\u021bul Satu Mare. Este un domeniu de activitate de veche tradi\u021bie, care prin num\u0103rul de angaja\u021bi \u0219i valoarea produc\u021biei pe care le-a angrenat de-a lungul vremurilor, poate fi apreciat\u0103 ca un element esen\u021bial al identit\u0103\u021bii economice a regiunii \u0219i\u2026","rel":"","context":"In &quot;actualitati&quot;","block_context":{"text":"actualitati","link":"https:\/\/muzeusm.ro\/en\/category\/actualitati\/"},"img":{"alt_text":"","src":"https:\/\/i0.wp.com\/www.muzeusm.ro\/wp-content\/uploads\/2019\/07\/muzeu-careiA3varianta-2-213x300.jpg?resize=350%2C200","width":350,"height":200},"classes":[]},{"id":5168,"url":"https:\/\/muzeusm.ro\/en\/expozitia-culturala-capitole-din-istoria-viticulturii-satmarene\/","url_meta":{"origin":1873,"position":5},"title":"Expozi\u0163ia cultural\u0103 &#8220;Capitole din istoria viticulturii s\u0103tm\u0103rene&#8221;.","author":"Andrei Mocan Mihai","date":"22 August 2019","format":false,"excerpt":"\u00a0 \u00a0 Vineri, 23 august 2019, de la ora 15, la Muzeul Jude\u0163ean Satu Mare va avea loc vernisajul expozi\u0163iei \"Capitole din istoria viticulturii s\u0103tm\u0103rene\". Expozi\u0163ia ne ofer\u0103 o privire de ansamblu \u00een trecutul podgoriilor istorice \u015fi \u00een lumea instrumentelor tradi\u0163ionale utilizate \u00een zon\u0103. Expozi\u0163ia este realizat\u0103 pe dou\u0103 teme\u2026","rel":"","context":"In &quot;actualitati&quot;","block_context":{"text":"actualitati","link":"https:\/\/muzeusm.ro\/en\/category\/actualitati\/"},"img":{"alt_text":"","src":"https:\/\/i0.wp.com\/www.muzeusm.ro\/wp-content\/uploads\/2019\/08\/Afis_Viticultura_mic-300x212.jpg?resize=350%2C200","width":350,"height":200},"classes":[]}],"jetpack_sharing_enabled":true,"jetpack_shortlink":"https:\/\/wp.me\/pfvnyQ-ud","_links":{"self":[{"href":"https:\/\/muzeusm.ro\/en\/wp-json\/wp\/v2\/posts\/1873","targetHints":{"allow":["GET"]}}],"collection":[{"href":"https:\/\/muzeusm.ro\/en\/wp-json\/wp\/v2\/posts"}],"about":[{"href":"https:\/\/muzeusm.ro\/en\/wp-json\/wp\/v2\/types\/post"}],"author":[{"embeddable":true,"href":"https:\/\/muzeusm.ro\/en\/wp-json\/wp\/v2\/users\/245723486"}],"replies":[{"embeddable":true,"href":"https:\/\/muzeusm.ro\/en\/wp-json\/wp\/v2\/comments?post=1873"}],"version-history":[{"count":0,"href":"https:\/\/muzeusm.ro\/en\/wp-json\/wp\/v2\/posts\/1873\/revisions"}],"wp:attachment":[{"href":"https:\/\/muzeusm.ro\/en\/wp-json\/wp\/v2\/media?parent=1873"}],"wp:term":[{"taxonomy":"category","embeddable":true,"href":"https:\/\/muzeusm.ro\/en\/wp-json\/wp\/v2\/categories?post=1873"},{"taxonomy":"post_tag","embeddable":true,"href":"https:\/\/muzeusm.ro\/en\/wp-json\/wp\/v2\/tags?post=1873"}],"curies":[{"name":"wp","href":"https:\/\/api.w.org\/{rel}","templated":true}]}}