{"id":1859,"date":"2016-07-18T11:46:49","date_gmt":"2016-07-18T11:46:49","guid":{"rendered":"http:\/\/www.muzeusm.ro\/?p=1859"},"modified":"2016-07-18T11:46:49","modified_gmt":"2016-07-18T11:46:49","slug":"vernisajul-expozitiei-lucruri-marunte","status":"publish","type":"post","link":"https:\/\/muzeusm.ro\/en\/vernisajul-expozitiei-lucruri-marunte\/","title":{"rendered":"Vernisajul expozi\u021biei \u201eLucruri m\u0103runte\u201d"},"content":{"rendered":"<p><a href=\"http:\/\/www.muzeusm.ro\/wp-content\/uploads\/2016\/07\/smar.jpg\"><img loading=\"lazy\" decoding=\"async\" data-attachment-id=\"1860\" data-permalink=\"https:\/\/muzeusm.ro\/en\/smar\/\" data-orig-file=\"https:\/\/muzeusm.ro\/wp-content\/uploads\/2016\/07\/smar.jpg\" data-orig-size=\"945,945\" data-comments-opened=\"1\" data-image-meta=\"{&quot;aperture&quot;:&quot;0&quot;,&quot;credit&quot;:&quot;&quot;,&quot;camera&quot;:&quot;&quot;,&quot;caption&quot;:&quot;&quot;,&quot;created_timestamp&quot;:&quot;0&quot;,&quot;copyright&quot;:&quot;&quot;,&quot;focal_length&quot;:&quot;0&quot;,&quot;iso&quot;:&quot;0&quot;,&quot;shutter_speed&quot;:&quot;0&quot;,&quot;title&quot;:&quot;&quot;,&quot;orientation&quot;:&quot;1&quot;}\" data-image-title=\"smar\" data-image-description=\"\" data-image-caption=\"\" data-medium-file=\"https:\/\/muzeusm.ro\/wp-content\/uploads\/2016\/07\/smar-300x300.jpg\" data-large-file=\"https:\/\/muzeusm.ro\/wp-content\/uploads\/2016\/07\/smar.jpg\" class=\"size-medium wp-image-1860 alignleft\" src=\"http:\/\/www.muzeusm.ro\/wp-content\/uploads\/2016\/07\/smar-300x300.jpg\" alt=\"smar\" width=\"300\" height=\"300\" srcset=\"https:\/\/muzeusm.ro\/wp-content\/uploads\/2016\/07\/smar-300x300.jpg 300w, https:\/\/muzeusm.ro\/wp-content\/uploads\/2016\/07\/smar-150x150.jpg 150w, https:\/\/muzeusm.ro\/wp-content\/uploads\/2016\/07\/smar-768x768.jpg 768w, https:\/\/muzeusm.ro\/wp-content\/uploads\/2016\/07\/smar.jpg 945w\" sizes=\"auto, (max-width: 300px) 100vw, 300px\" \/><\/a>Joi, 21 iulie 2016 ora 18, la Muzeul Jude\u0163ean Satu Mare, str. Vasile Lucaciu nr. 21, se va vernisa expozi\u0163ia \u201c<em>Lucruri m\u0103runte<\/em>\u201d a pictori\u0163ei Smaranda Milu N\u00e9methi. Originar\u0103 din Carei, absolvent\u0103 a Liceului de Arte Aurel Popp din Satu Mare, artista \u015fi-a des\u0103v\u00e2r\u015fit preg\u0103tirea la Universitatea de Arte \u015fi Design din Cluj Napoca, la sec\u0163ia de pictur\u0103. <!--more--><\/p>\n<p>Apoi a studiat la Accademia de Belle Arti e Restauro \u201eAbadir\u201c din Palermo \u015fi a f\u0103cut un masterat \u00een Publicitate la UBB Cluj. Aceasta este prima ei expozi\u0163ie personal\u0103 la Satu Mare, dar artista a avut nenum\u0103rate prezen\u0163e \u00een expozi\u0163iile de grup din ora\u015f. \u00cen prezent Smaranda Milu N\u00e9methi tr\u0103ie\u015fte \u015fi lucreaz\u0103 \u00een Bucure\u015fti.<\/p>\n<p>Expozi\u0163ia este o invita\u0163ie la o proprie c\u0103l\u0103torie \u00een timp, evoc\u00e2nd obiectele care i-au populat copil\u0103ria, amintirile unei lumi fascinante, ce aduce \u00een prezent lucruri adormite, dintr-un alt timp, spijin pentru un prezent tumultuos.<\/p>\n<p>La vernisaj este invitat\u0103, pentru a sus\u0163ine un moment muzical, forma\u0163ia careian\u0103 condus\u0103 de Bogdan Georgescu . Publicul s\u0103tm\u0103rean este a\u015fteptat cu drag la acest eveniment preg\u0103tit de muzeu.<\/p>\n","protected":false},"excerpt":{"rendered":"<p>Joi, 21 iulie 2016 ora 18, la Muzeul Jude\u0163ean Satu Mare, str. Vasile Lucaciu nr. 21, se va vernisa expozi\u0163ia \u201cLucruri m\u0103runte\u201d a pictori\u0163ei Smaranda Milu N\u00e9methi. Originar\u0103 din Carei, absolvent\u0103 a Liceului de Arte Aurel Popp din Satu Mare, artista \u015fi-a des\u0103v\u00e2r\u015fit preg\u0103tirea la Universitatea de Arte \u015fi Design din Cluj Napoca, la sec\u0163ia<a class=\"more-link\" href=\"https:\/\/muzeusm.ro\/en\/vernisajul-expozitiei-lucruri-marunte\/\">Continue reading <span class=\"screen-reader-text\">&#8220;Vernisajul expozi\u021biei \u201eLucruri m\u0103runte\u201d&#8221;<\/span><\/a><\/p>\n","protected":false},"author":245723486,"featured_media":0,"comment_status":"open","ping_status":"open","sticky":false,"template":"","format":"standard","meta":{"_coblocks_attr":"","_coblocks_dimensions":"","_coblocks_responsive_height":"","_coblocks_accordion_ie_support":"","advanced_seo_description":"","jetpack_seo_html_title":"","jetpack_seo_noindex":false,"jetpack_post_was_ever_published":false,"_jetpack_newsletter_access":"","_jetpack_dont_email_post_to_subs":false,"_jetpack_newsletter_tier_id":0,"_jetpack_memberships_contains_paywalled_content":false,"_jetpack_memberships_contains_paid_content":false,"footnotes":"","jetpack_publicize_message":"","jetpack_publicize_feature_enabled":true,"jetpack_social_post_already_shared":false,"jetpack_social_options":{"image_generator_settings":{"template":"highway","default_image_id":0,"font":"","enabled":false},"version":2}},"categories":[6498592],"tags":[],"class_list":["post-1859","post","type-post","status-publish","format-standard","hentry","category-actualitati","entry"],"translation":{"provider":"WPGlobus","version":"3.0.1","language":"en","enabled_languages":["ro","hu","en"],"languages":{"ro":{"title":true,"content":true,"excerpt":false},"hu":{"title":false,"content":false,"excerpt":false},"en":{"title":false,"content":false,"excerpt":false}}},"jetpack_publicize_connections":[],"jetpack_featured_media_url":"","jetpack_likes_enabled":true,"jetpack-related-posts":[{"id":4954,"url":"https:\/\/muzeusm.ro\/en\/smaranda-milu-nemethi-inca-un-popas-printre-lucruri-marunte\/","url_meta":{"origin":1859,"position":0},"title":"SMARANDA MILU N\u00c9METHI &#8211; &#8230; \u00eenc\u0103 un popas printre Lucruri m\u0103runte","author":"Popdan Bradut","date":"10 July 2019","format":false,"excerpt":"N\u0103scut\u0103 la Carei \u00een 16 iulie 1981, Smaranda a fost eleva Liceului de Art\u0103 Aurel Popp din Satu Mare, unde s-a situat \u00een fruntea listei celor admi\u015fi, iar mai apoi student\u0103 la Academia de Arte \u015fi Design din Cluj Napoca, sec\u0163ia de pictur\u0103. Talentul ei a fost evident \u00eenc\u0103 din\u2026","rel":"","context":"In &quot;actualitati&quot;","block_context":{"text":"actualitati","link":"https:\/\/muzeusm.ro\/en\/category\/actualitati\/"},"img":{"alt_text":"","src":"https:\/\/i0.wp.com\/www.muzeusm.ro\/wp-content\/uploads\/2019\/07\/AFIS-bun-217x300.jpg?resize=350%2C200","width":350,"height":200},"classes":[]},{"id":3384,"url":"https:\/\/muzeusm.ro\/en\/expozitie-omagiu-mainii\/","url_meta":{"origin":1859,"position":1},"title":"Expozi\u021bie \u201dOmagiu m\u00e2inii\u201d","author":"Dobrescu Adela Catalina","date":"4 June 2018","format":false,"excerpt":"Muzeul Jude\u021bean Satu Mare- Sec\u021bia de Art\u0103, v\u0103 invit\u0103 la vernisajul expozi\u021biei de art\u0103 plastic\u0103 : \u201d Omagiu m\u00e2inii \u201d, semnat\u0103 Greti Adrienne Papiu. Artista se na\u0219te \u00een ora\u0219ul Baia Mare, jude\u021bul Maramure\u0219. Dup\u0103 terminarea studiilor liceale, urmeaz\u0103 cursurile Facult\u0103\u021bii de Arte Plastice din cadrul Universit\u0103\u021bii de Vest din Timi\u0219oara\u2026","rel":"","context":"In &quot;actualitati&quot;","block_context":{"text":"actualitati","link":"https:\/\/muzeusm.ro\/en\/category\/actualitati\/"},"img":{"alt_text":"","src":"https:\/\/i0.wp.com\/www.muzeusm.ro\/wp-content\/uploads\/2018\/06\/afis-bun-212x300.jpg?resize=350%2C200","width":350,"height":200},"classes":[]},{"id":3124,"url":"https:\/\/muzeusm.ro\/en\/expozitie-de-pictura-reverie-octavian-bufan\/","url_meta":{"origin":1859,"position":2},"title":"Expozi\u021bie de pictur\u0103 \u201e Reverie \u201d &#8211; Octavian Bufan","author":"Dobrescu Adela Catalina","date":"2 April 2018","format":false,"excerpt":"Muzeul Jude\u0163ean Satu Mare \u2013 Sec\u0163ia de Art\u0103, invit\u0103 publicul s\u0103tm\u0103rean la vernisajul expozi\u0163iei de pictur\u0103: \u201eReverie\u201d, semnat\u0103 Octavian Bufan. Artistul s-a n\u0103scut la 30 decembrie 1964 \u00een ora\u015ful Sighetul Marma\u0163iei.A absolvit Sec\u0163ia de Arte Plastice a Universit\u0103\u0163ii Tehnice Cluj Napoca, Centrul Universitar Nord - Baia Mare, \u00een prezent fiind\u2026","rel":"","context":"In &quot;actualitati&quot;","block_context":{"text":"actualitati","link":"https:\/\/muzeusm.ro\/en\/category\/actualitati\/"},"img":{"alt_text":"","src":"https:\/\/i0.wp.com\/www.muzeusm.ro\/wp-content\/uploads\/2018\/04\/Afis-bun-Octavian-Bufan-212x300.jpg?resize=350%2C200","width":350,"height":200},"classes":[]},{"id":1638,"url":"https:\/\/muzeusm.ro\/en\/expozitia-jurnal-de-calatorie\/","url_meta":{"origin":1859,"position":3},"title":"Expozi\u021bia \u201eJurnal de c\u0103l\u0103torie&#8230;\u201d","author":"Dobrescu Adela Catalina","date":"23 March 2016","format":false,"excerpt":"Muzeul Jude\u021bean Satu Mare \u2013 Sec\u021bia Art\u0103, P-\u021ba Libert\u0103\u021bii, nr. 21, \u00eempreun\u0103 cu Institutul Polonez Bucure\u0219ti v\u0103 invit\u0103 miercuri 30 martie 2016, ora 17:00, la expozi\u0163ia de art\u0103 din Polonia intitulat\u0103 \u201eJurnal de c\u0103l\u0103torie...\u201d\u00a0semnat\u0103 de arti\u015ftii: Serge VASILENDIUC\u00a0\u015fi\u00a0Mariusz DROHOMIRECKI. Serge Vasilendiuc s-a n\u0103scut \u00een anul 1972 \u00een ora\u015ful B\u0103l\u0163i,Republica Moldova.\u2026","rel":"","context":"In &quot;actualitati&quot;","block_context":{"text":"actualitati","link":"https:\/\/muzeusm.ro\/en\/category\/actualitati\/"},"img":{"alt_text":"poster_A3","src":"https:\/\/i0.wp.com\/www.muzeusm.ro\/wp-content\/uploads\/2016\/03\/poster_A3-300x209.jpg?resize=350%2C200","width":350,"height":200},"classes":[]},{"id":11686,"url":"https:\/\/muzeusm.ro\/en\/expozitie-de-arta-plastica-capsula-timpului-idokapszula-lepedus-ildiko\/","url_meta":{"origin":1859,"position":4},"title":"Expozi\u021bie de art\u0103 plastic\u0103 \u201eCapsula timpului\u201d\/ \u201eId\u0151kapszula \u201d &#8211; Lepedus Ildik\u00f3","author":"Popdan Bradut","date":"9 September 2022","format":false,"excerpt":"Lepedus Ildik\u00f3 va fi prezent\u0103 pe simezele muzeului s\u0103tm\u0103rean cu expozi\u021bia personal\u0103 Capsula timpului. Artista s-a n\u0103scut la T\u00e2rgu Mure\u0219 unde a urmat cursurile Liceului de Arte, complet\u00e2ndu-\u0219i apoi preg\u0103tirea la Academia de Arte Ion Andreescu din Cluj Napoca, clasa profesorului Ioan Zb\u00e2rciu. \u00cen prezent face parte din valorosul corp\u2026","rel":"","context":"In &quot;actualitati&quot;","block_context":{"text":"actualitati","link":"https:\/\/muzeusm.ro\/en\/category\/actualitati\/"},"img":{"alt_text":"","src":"","width":0,"height":0},"classes":[]},{"id":4538,"url":"https:\/\/muzeusm.ro\/en\/expozitie-de-pictura-si-desene-calator-prin-burguri-transilvane-sever-moldovan\/","url_meta":{"origin":1859,"position":5},"title":"Expozi\u0163ie de pictur\u0103 \u015fi desen &#8220;C\u0102L\u0102TOR PRIN BURGURI TRANSILVANE &#8221; &#8211; Sever Moldovan","author":"Popdan Bradut","date":"25 April 2019","format":false,"excerpt":"Muzeul Jude\u0163ean Satu Mare-Sec\u0163ia de Art\u0103, are pl\u0103cerea s\u0103 v\u0103 invite s\u0103 participa\u0163i la vernisajul expozi\u0163iei de pictur\u0103 \u015fi desen : \u201e C\u0103l\u0103tor prin burguri transilvane \u201d, semnat\u0103 Sever Moldovan. Artistul s-a n\u0103scut la 22 ianuarie 1958, \u00een comuna Telciu, jude\u0163ul Bistri\u0163a N\u0103s\u0103ud. \u00cen perioada 1973-1977 urmeaz\u0103 cursurile Liceului de\u2026","rel":"","context":"In &quot;actualitati&quot;","block_context":{"text":"actualitati","link":"https:\/\/muzeusm.ro\/en\/category\/actualitati\/"},"img":{"alt_text":"","src":"https:\/\/i0.wp.com\/www.muzeusm.ro\/wp-content\/uploads\/2019\/04\/moldovan-sever-204x300.jpg?resize=350%2C200","width":350,"height":200},"classes":[]}],"jetpack_sharing_enabled":true,"jetpack_shortlink":"https:\/\/wp.me\/pfvnyQ-tZ","_links":{"self":[{"href":"https:\/\/muzeusm.ro\/en\/wp-json\/wp\/v2\/posts\/1859","targetHints":{"allow":["GET"]}}],"collection":[{"href":"https:\/\/muzeusm.ro\/en\/wp-json\/wp\/v2\/posts"}],"about":[{"href":"https:\/\/muzeusm.ro\/en\/wp-json\/wp\/v2\/types\/post"}],"author":[{"embeddable":true,"href":"https:\/\/muzeusm.ro\/en\/wp-json\/wp\/v2\/users\/245723486"}],"replies":[{"embeddable":true,"href":"https:\/\/muzeusm.ro\/en\/wp-json\/wp\/v2\/comments?post=1859"}],"version-history":[{"count":0,"href":"https:\/\/muzeusm.ro\/en\/wp-json\/wp\/v2\/posts\/1859\/revisions"}],"wp:attachment":[{"href":"https:\/\/muzeusm.ro\/en\/wp-json\/wp\/v2\/media?parent=1859"}],"wp:term":[{"taxonomy":"category","embeddable":true,"href":"https:\/\/muzeusm.ro\/en\/wp-json\/wp\/v2\/categories?post=1859"},{"taxonomy":"post_tag","embeddable":true,"href":"https:\/\/muzeusm.ro\/en\/wp-json\/wp\/v2\/tags?post=1859"}],"curies":[{"name":"wp","href":"https:\/\/api.w.org\/{rel}","templated":true}]}}